{"id":190,"date":"2009-02-27T16:42:31","date_gmt":"2009-02-27T13:42:31","guid":{"rendered":"http:\/\/localhost\/wordpress\/2009\/02\/27\/zaman-kekemeydi\/"},"modified":"2009-02-27T16:42:31","modified_gmt":"2009-02-27T13:42:31","slug":"zaman-kekemeydi","status":"publish","type":"post","link":"https:\/\/narteks.net\/index.php\/2009\/02\/27\/zaman-kekemeydi\/","title":{"rendered":"ZAMAN KEKEMEYD\u0130"},"content":{"rendered":"<p>\u00a0<\/p>\n<p>G\u00fcn bitti, elindeki g\u00fcller de soldu <br \/>an\u0131msanacak neler kald\u0131 bug\u00fcnden <br \/>payla\u015f\u0131lm\u0131\u015f olan nelerdi s\u0131ms\u0131cak <br \/>belki bir t\u00fcrk\u00fc s\u00f6yleriz geceye kar\u015f\u0131 <br \/>sa\u00e7lar\u0131n\u0131 tarazlayan bir \u015fafak olur <\/p>\n<p>Zaman kekemeydi ve tarihe s\u0131zan <br \/>soytar\u0131lar g\u00f6rd\u00fck gen\u00e7 \u00f6mr\u00fcm\u00fczde <br \/>\u00f6l\u00fcm pe\u015fimize d\u00fc\u015fende bir g\u00f6\u00e7ebeydik <br \/>suretimiz a\u011fard\u0131 kurulan dara\u011fa\u00e7lar\u0131na <br \/>b\u00fct\u00fcn s\u0131\u011f\u0131naklar u\u00e7urumlara a\u00e7\u0131l\u0131rd\u0131 <\/p>\n<p>R\u00fczg\u00e2r suyu so\u011futsun su terli bedenlerimizi <br \/>ve a\u015fk\u0131 d\u00fc\u015f\u00fcnelim biz, destan yaln\u0131zl\u0131klar\u0131 <br \/>konu\u015fursak ak\u015fam olur ve yine ya\u011fmur ya\u011far <br \/>gidersek g\u00fcl\u00fc\u015fler azal\u0131r buralarda <br \/>kim bulur kay\u0131p adresteki dostlar\u0131 <\/p>\n<p>Bir karanl\u0131\u011fa bak\u0131yorum bir de zamana <br \/>ay b\u00fcy\u00fcy\u00fcp bir g\u00fcl oluyor ellerinde senin <br \/>ve ancak yeni bir yorumu oluyor a\u015fk\u0131n <br \/>sa\u00e7lar\u0131ndan s\u0131zan bu karanl\u0131k ya\u011fmur <br \/>ay\u0131n \u00e7a\u011f\u0131lt\u0131s\u0131yla tutu\u015fuyor begonyalar <\/p>\n<p>Sa\u00e7lar\u0131nd\u0131 diye d\u00fc\u015f\u00fcn\u00fcyorum \u00f6mr\u00fcm\u00fcz\u00fc <br \/>\u00e7\u00f6zd\u00fck\u00e7e savrulan r\u00fczg\u00e2rd\u0131 sa\u00e7lar\u0131n <br \/>ve ikide bir akl\u0131ma d\u00fc\u015f\u00fcyor ayn\u0131 soru <br \/>-A\u015fk\u0131 bilmiyorsam nas\u0131l de\u011fi\u015ftiririm <br \/>kendimi, seni ve b\u00fct\u00fcn d\u00fcnyay\u0131..<\/p>\n<p>AHMET TELL\u0130<\/p>\n","protected":false},"excerpt":{"rendered":"<p>\u00a0 G\u00fcn bitti, elindeki g\u00fcller de soldu an\u0131msanacak neler kald\u0131 bug\u00fcnden payla\u015f\u0131lm\u0131\u015f olan nelerdi s\u0131ms\u0131cak belki bir t\u00fcrk\u00fc s\u00f6yleriz geceye kar\u015f\u0131 sa\u00e7lar\u0131n\u0131 tarazlayan bir \u015fafak olur Zaman kekemeydi ve tarihe s\u0131zan soytar\u0131lar g\u00f6rd\u00fck gen\u00e7 \u00f6mr\u00fcm\u00fczde \u00f6l\u00fcm pe\u015fimize d\u00fc\u015fende bir g\u00f6\u00e7ebeydik suretimiz a\u011fard\u0131 kurulan dara\u011fa\u00e7lar\u0131na b\u00fct\u00fcn s\u0131\u011f\u0131naklar u\u00e7urumlara a\u00e7\u0131l\u0131rd\u0131 R\u00fczg\u00e2r suyu so\u011futsun su terli bedenlerimizi ve [&hellip;]<\/p>\n","protected":false},"author":1,"featured_media":0,"comment_status":"open","ping_status":"open","sticky":false,"template":"","format":"standard","meta":{"footnotes":""},"categories":[7],"tags":[],"class_list":{"0":"post-190","1":"post","2":"type-post","3":"status-publish","4":"format-standard","6":"category-ahmet-telli"},"yoast_head":"<!-- This site is optimized with the Yoast SEO Premium plugin v24.9 (Yoast SEO v24.9) - https:\/\/yoast.com\/wordpress\/plugins\/seo\/ -->\n<title>ZAMAN KEKEMEYD\u0130 - narteks.net<\/title>\n<meta name=\"robots\" content=\"index, follow, max-snippet:-1, max-image-preview:large, max-video-preview:-1\" \/>\n<link rel=\"canonical\" href=\"https:\/\/narteks.net\/index.php\/2009\/02\/27\/zaman-kekemeydi\/\" \/>\n<meta property=\"og:locale\" content=\"tr_TR\" \/>\n<meta property=\"og:type\" content=\"article\" \/>\n<meta property=\"og:title\" content=\"ZAMAN KEKEMEYD\u0130\" \/>\n<meta property=\"og:description\" content=\"\u00a0 G\u00fcn bitti, elindeki g\u00fcller de soldu an\u0131msanacak neler kald\u0131 bug\u00fcnden payla\u015f\u0131lm\u0131\u015f olan nelerdi s\u0131ms\u0131cak belki bir t\u00fcrk\u00fc s\u00f6yleriz geceye kar\u015f\u0131 sa\u00e7lar\u0131n\u0131 tarazlayan bir \u015fafak olur Zaman kekemeydi ve tarihe s\u0131zan soytar\u0131lar g\u00f6rd\u00fck gen\u00e7 \u00f6mr\u00fcm\u00fczde \u00f6l\u00fcm pe\u015fimize d\u00fc\u015fende bir g\u00f6\u00e7ebeydik suretimiz a\u011fard\u0131 kurulan dara\u011fa\u00e7lar\u0131na b\u00fct\u00fcn s\u0131\u011f\u0131naklar u\u00e7urumlara a\u00e7\u0131l\u0131rd\u0131 R\u00fczg\u00e2r suyu so\u011futsun su terli bedenlerimizi ve [&hellip;]\" \/>\n<meta property=\"og:url\" content=\"https:\/\/narteks.net\/index.php\/2009\/02\/27\/zaman-kekemeydi\/\" \/>\n<meta property=\"og:site_name\" content=\"narteks.net\" \/>\n<meta property=\"article:published_time\" content=\"2009-02-27T13:42:31+00:00\" \/>\n<meta property=\"og:image\" content=\"https:\/\/narteks.net\/wp-content\/uploads\/narteks.png\" \/>\n\t<meta property=\"og:image:width\" content=\"300\" \/>\n\t<meta property=\"og:image:height\" content=\"90\" \/>\n\t<meta property=\"og:image:type\" content=\"image\/png\" \/>\n<meta name=\"author\" content=\"Tar\u0131k\" \/>\n<meta name=\"twitter:card\" content=\"summary_large_image\" \/>\n<meta name=\"twitter:creator\" content=\"@narteks\" \/>\n<meta name=\"twitter:site\" content=\"@narteks\" \/>\n<meta name=\"twitter:label1\" content=\"Yazan:\" \/>\n\t<meta name=\"twitter:data1\" content=\"Tar\u0131k\" \/>\n\t<meta name=\"twitter:label2\" content=\"Tahmini okuma s\u00fcresi\" \/>\n\t<meta name=\"twitter:data2\" content=\"1 dakika\" \/>\n<script type=\"application\/ld+json\" class=\"yoast-schema-graph\">{\"@context\":\"https:\/\/schema.org\",\"@graph\":[{\"@type\":\"Article\",\"@id\":\"https:\/\/narteks.net\/index.php\/2009\/02\/27\/zaman-kekemeydi\/#article\",\"isPartOf\":{\"@id\":\"https:\/\/narteks.net\/index.php\/2009\/02\/27\/zaman-kekemeydi\/\"},\"author\":{\"name\":\"Tar\u0131k\",\"@id\":\"https:\/\/narteks.net\/#\/schema\/person\/61f37d9834294b72d31d274e7ed79bca\"},\"headline\":\"ZAMAN KEKEMEYD\u0130\",\"datePublished\":\"2009-02-27T13:42:31+00:00\",\"mainEntityOfPage\":{\"@id\":\"https:\/\/narteks.net\/index.php\/2009\/02\/27\/zaman-kekemeydi\/\"},\"wordCount\":217,\"commentCount\":0,\"publisher\":{\"@id\":\"https:\/\/narteks.net\/#organization\"},\"articleSection\":[\"Ahmet TELL\u0130\"],\"inLanguage\":\"tr\",\"potentialAction\":[{\"@type\":\"CommentAction\",\"name\":\"Comment\",\"target\":[\"https:\/\/narteks.net\/index.php\/2009\/02\/27\/zaman-kekemeydi\/#respond\"]}]},{\"@type\":\"WebPage\",\"@id\":\"https:\/\/narteks.net\/index.php\/2009\/02\/27\/zaman-kekemeydi\/\",\"url\":\"https:\/\/narteks.net\/index.php\/2009\/02\/27\/zaman-kekemeydi\/\",\"name\":\"ZAMAN KEKEMEYD\u0130 - narteks.net\",\"isPartOf\":{\"@id\":\"https:\/\/narteks.net\/#website\"},\"datePublished\":\"2009-02-27T13:42:31+00:00\",\"breadcrumb\":{\"@id\":\"https:\/\/narteks.net\/index.php\/2009\/02\/27\/zaman-kekemeydi\/#breadcrumb\"},\"inLanguage\":\"tr\",\"potentialAction\":[{\"@type\":\"ReadAction\",\"target\":[\"https:\/\/narteks.net\/index.php\/2009\/02\/27\/zaman-kekemeydi\/\"]}]},{\"@type\":\"BreadcrumbList\",\"@id\":\"https:\/\/narteks.net\/index.php\/2009\/02\/27\/zaman-kekemeydi\/#breadcrumb\",\"itemListElement\":[{\"@type\":\"ListItem\",\"position\":1,\"name\":\"Anasayfa\",\"item\":\"https:\/\/narteks.net\/\"},{\"@type\":\"ListItem\",\"position\":2,\"name\":\"ZAMAN KEKEMEYD\u0130\"}]},{\"@type\":\"WebSite\",\"@id\":\"https:\/\/narteks.net\/#website\",\"url\":\"https:\/\/narteks.net\/\",\"name\":\"narteks.net\",\"description\":\"K\u00fclt\u00fcr Sanat Edebiyat Felsefe\",\"publisher\":{\"@id\":\"https:\/\/narteks.net\/#organization\"},\"alternateName\":\"K\u00fclt\u00fcr Sanat Edebiyat Felsefe\",\"potentialAction\":[{\"@type\":\"SearchAction\",\"target\":{\"@type\":\"EntryPoint\",\"urlTemplate\":\"https:\/\/narteks.net\/?s={search_term_string}\"},\"query-input\":{\"@type\":\"PropertyValueSpecification\",\"valueRequired\":true,\"valueName\":\"search_term_string\"}}],\"inLanguage\":\"tr\"},{\"@type\":\"Organization\",\"@id\":\"https:\/\/narteks.net\/#organization\",\"name\":\"narteks.net\",\"url\":\"https:\/\/narteks.net\/\",\"logo\":{\"@type\":\"ImageObject\",\"inLanguage\":\"tr\",\"@id\":\"https:\/\/narteks.net\/#\/schema\/logo\/image\/\",\"url\":\"https:\/\/narteks.net\/wp-content\/uploads\/narteks.png\",\"contentUrl\":\"https:\/\/narteks.net\/wp-content\/uploads\/narteks.png\",\"width\":300,\"height\":90,\"caption\":\"narteks.net\"},\"image\":{\"@id\":\"https:\/\/narteks.net\/#\/schema\/logo\/image\/\"},\"sameAs\":[\"https:\/\/x.com\/narteks\",\"https:\/\/instagram.com\/narteksnet\"]},{\"@type\":\"Person\",\"@id\":\"https:\/\/narteks.net\/#\/schema\/person\/61f37d9834294b72d31d274e7ed79bca\",\"name\":\"Tar\u0131k\",\"image\":{\"@type\":\"ImageObject\",\"inLanguage\":\"tr\",\"@id\":\"https:\/\/narteks.net\/#\/schema\/person\/image\/\",\"url\":\"https:\/\/secure.gravatar.com\/avatar\/50865afb55632c4ae467e0af0930f6510aa2297d8014be502a55b14f3b7550cf?s=96&d=mm&r=g\",\"contentUrl\":\"https:\/\/secure.gravatar.com\/avatar\/50865afb55632c4ae467e0af0930f6510aa2297d8014be502a55b14f3b7550cf?s=96&d=mm&r=g\",\"caption\":\"Tar\u0131k\"},\"sameAs\":[\"http:\/\/narteks.net\"],\"url\":\"https:\/\/narteks.net\/index.php\/author\/narbak\/\"}]}<\/script>\n<!-- \/ Yoast SEO Premium plugin. -->","yoast_head_json":{"title":"ZAMAN KEKEMEYD\u0130 - narteks.net","robots":{"index":"index","follow":"follow","max-snippet":"max-snippet:-1","max-image-preview":"max-image-preview:large","max-video-preview":"max-video-preview:-1"},"canonical":"https:\/\/narteks.net\/index.php\/2009\/02\/27\/zaman-kekemeydi\/","og_locale":"tr_TR","og_type":"article","og_title":"ZAMAN KEKEMEYD\u0130","og_description":"\u00a0 G\u00fcn bitti, elindeki g\u00fcller de soldu an\u0131msanacak neler kald\u0131 bug\u00fcnden payla\u015f\u0131lm\u0131\u015f olan nelerdi s\u0131ms\u0131cak belki bir t\u00fcrk\u00fc s\u00f6yleriz geceye kar\u015f\u0131 sa\u00e7lar\u0131n\u0131 tarazlayan bir \u015fafak olur Zaman kekemeydi ve tarihe s\u0131zan soytar\u0131lar g\u00f6rd\u00fck gen\u00e7 \u00f6mr\u00fcm\u00fczde \u00f6l\u00fcm pe\u015fimize d\u00fc\u015fende bir g\u00f6\u00e7ebeydik suretimiz a\u011fard\u0131 kurulan dara\u011fa\u00e7lar\u0131na b\u00fct\u00fcn s\u0131\u011f\u0131naklar u\u00e7urumlara a\u00e7\u0131l\u0131rd\u0131 R\u00fczg\u00e2r suyu so\u011futsun su terli bedenlerimizi ve [&hellip;]","og_url":"https:\/\/narteks.net\/index.php\/2009\/02\/27\/zaman-kekemeydi\/","og_site_name":"narteks.net","article_published_time":"2009-02-27T13:42:31+00:00","og_image":[{"width":300,"height":90,"url":"https:\/\/narteks.net\/wp-content\/uploads\/narteks.png","type":"image\/png"}],"author":"Tar\u0131k","twitter_card":"summary_large_image","twitter_creator":"@narteks","twitter_site":"@narteks","twitter_misc":{"Yazan:":"Tar\u0131k","Tahmini okuma s\u00fcresi":"1 dakika"},"schema":{"@context":"https:\/\/schema.org","@graph":[{"@type":"Article","@id":"https:\/\/narteks.net\/index.php\/2009\/02\/27\/zaman-kekemeydi\/#article","isPartOf":{"@id":"https:\/\/narteks.net\/index.php\/2009\/02\/27\/zaman-kekemeydi\/"},"author":{"name":"Tar\u0131k","@id":"https:\/\/narteks.net\/#\/schema\/person\/61f37d9834294b72d31d274e7ed79bca"},"headline":"ZAMAN KEKEMEYD\u0130","datePublished":"2009-02-27T13:42:31+00:00","mainEntityOfPage":{"@id":"https:\/\/narteks.net\/index.php\/2009\/02\/27\/zaman-kekemeydi\/"},"wordCount":217,"commentCount":0,"publisher":{"@id":"https:\/\/narteks.net\/#organization"},"articleSection":["Ahmet TELL\u0130"],"inLanguage":"tr","potentialAction":[{"@type":"CommentAction","name":"Comment","target":["https:\/\/narteks.net\/index.php\/2009\/02\/27\/zaman-kekemeydi\/#respond"]}]},{"@type":"WebPage","@id":"https:\/\/narteks.net\/index.php\/2009\/02\/27\/zaman-kekemeydi\/","url":"https:\/\/narteks.net\/index.php\/2009\/02\/27\/zaman-kekemeydi\/","name":"ZAMAN KEKEMEYD\u0130 - narteks.net","isPartOf":{"@id":"https:\/\/narteks.net\/#website"},"datePublished":"2009-02-27T13:42:31+00:00","breadcrumb":{"@id":"https:\/\/narteks.net\/index.php\/2009\/02\/27\/zaman-kekemeydi\/#breadcrumb"},"inLanguage":"tr","potentialAction":[{"@type":"ReadAction","target":["https:\/\/narteks.net\/index.php\/2009\/02\/27\/zaman-kekemeydi\/"]}]},{"@type":"BreadcrumbList","@id":"https:\/\/narteks.net\/index.php\/2009\/02\/27\/zaman-kekemeydi\/#breadcrumb","itemListElement":[{"@type":"ListItem","position":1,"name":"Anasayfa","item":"https:\/\/narteks.net\/"},{"@type":"ListItem","position":2,"name":"ZAMAN KEKEMEYD\u0130"}]},{"@type":"WebSite","@id":"https:\/\/narteks.net\/#website","url":"https:\/\/narteks.net\/","name":"narteks.net","description":"K\u00fclt\u00fcr Sanat Edebiyat Felsefe","publisher":{"@id":"https:\/\/narteks.net\/#organization"},"alternateName":"K\u00fclt\u00fcr Sanat Edebiyat Felsefe","potentialAction":[{"@type":"SearchAction","target":{"@type":"EntryPoint","urlTemplate":"https:\/\/narteks.net\/?s={search_term_string}"},"query-input":{"@type":"PropertyValueSpecification","valueRequired":true,"valueName":"search_term_string"}}],"inLanguage":"tr"},{"@type":"Organization","@id":"https:\/\/narteks.net\/#organization","name":"narteks.net","url":"https:\/\/narteks.net\/","logo":{"@type":"ImageObject","inLanguage":"tr","@id":"https:\/\/narteks.net\/#\/schema\/logo\/image\/","url":"https:\/\/narteks.net\/wp-content\/uploads\/narteks.png","contentUrl":"https:\/\/narteks.net\/wp-content\/uploads\/narteks.png","width":300,"height":90,"caption":"narteks.net"},"image":{"@id":"https:\/\/narteks.net\/#\/schema\/logo\/image\/"},"sameAs":["https:\/\/x.com\/narteks","https:\/\/instagram.com\/narteksnet"]},{"@type":"Person","@id":"https:\/\/narteks.net\/#\/schema\/person\/61f37d9834294b72d31d274e7ed79bca","name":"Tar\u0131k","image":{"@type":"ImageObject","inLanguage":"tr","@id":"https:\/\/narteks.net\/#\/schema\/person\/image\/","url":"https:\/\/secure.gravatar.com\/avatar\/50865afb55632c4ae467e0af0930f6510aa2297d8014be502a55b14f3b7550cf?s=96&d=mm&r=g","contentUrl":"https:\/\/secure.gravatar.com\/avatar\/50865afb55632c4ae467e0af0930f6510aa2297d8014be502a55b14f3b7550cf?s=96&d=mm&r=g","caption":"Tar\u0131k"},"sameAs":["http:\/\/narteks.net"],"url":"https:\/\/narteks.net\/index.php\/author\/narbak\/"}]}},"_links":{"self":[{"href":"https:\/\/narteks.net\/index.php\/wp-json\/wp\/v2\/posts\/190","targetHints":{"allow":["GET"]}}],"collection":[{"href":"https:\/\/narteks.net\/index.php\/wp-json\/wp\/v2\/posts"}],"about":[{"href":"https:\/\/narteks.net\/index.php\/wp-json\/wp\/v2\/types\/post"}],"author":[{"embeddable":true,"href":"https:\/\/narteks.net\/index.php\/wp-json\/wp\/v2\/users\/1"}],"replies":[{"embeddable":true,"href":"https:\/\/narteks.net\/index.php\/wp-json\/wp\/v2\/comments?post=190"}],"version-history":[{"count":0,"href":"https:\/\/narteks.net\/index.php\/wp-json\/wp\/v2\/posts\/190\/revisions"}],"wp:attachment":[{"href":"https:\/\/narteks.net\/index.php\/wp-json\/wp\/v2\/media?parent=190"}],"wp:term":[{"taxonomy":"category","embeddable":true,"href":"https:\/\/narteks.net\/index.php\/wp-json\/wp\/v2\/categories?post=190"},{"taxonomy":"post_tag","embeddable":true,"href":"https:\/\/narteks.net\/index.php\/wp-json\/wp\/v2\/tags?post=190"}],"curies":[{"name":"wp","href":"https:\/\/api.w.org\/{rel}","templated":true}]}}