{"id":1903,"date":"2009-12-04T16:46:05","date_gmt":"2009-12-04T13:46:05","guid":{"rendered":"http:\/\/localhost\/wordpress\/2009\/12\/04\/karanlikci\/"},"modified":"2009-12-04T16:46:05","modified_gmt":"2009-12-04T13:46:05","slug":"karanlikci","status":"publish","type":"post","link":"https:\/\/narteks.net\/index.php\/2009\/12\/04\/karanlikci\/","title":{"rendered":"KARANLIK\u00c7I"},"content":{"rendered":"<p>\u00a0<\/p>\n<p>I\u015f\u0131\u011fa arkan\u0131 d\u00f6nd\u00fcn <br \/>Utand\u0131n m\u0131 ne biraz <br \/>K\u0131zard\u0131n bozard\u0131n m\u0131 <br \/>Sormak ay\u0131p olmas\u0131n <br \/>\u0130leri do\u011fru mu gidi\u015f <br \/>Yoksa ard\u0131n ard\u0131n m\u0131 <\/p>\n<p>Yetim mal\u0131 koltu\u011funa <br \/>Kas\u0131larak otur karanl\u0131k\u00e7\u0131 <br \/>E\u011fri b\u00fc\u011fr\u00fc yasalara <br \/>Kald\u0131r kara parma\u011f\u0131n\u0131 <br \/>Ayd\u0131nl\u0131\u011f\u0131 zindana at <br \/>\u00d6d\u00fcllendir karanl\u0131\u011f\u0131 <br \/>Bayram etsin k\u00f6r vicdan\u0131n <\/p>\n<p>Ekme\u011fin kan kokarm\u0131\u015f koksun <br \/>\u0130rin dola\u015f\u0131rm\u0131\u015f damarlar\u0131nda <br \/>Ne dola\u015f\u0131rsa dola\u015fs\u0131n <br \/>Vurgun soygun cinayet <br \/>Ay\u0131p de\u011fil yasak de\u011fil <br \/>\u00c7\u0131kar say\u0131n \u015fapkan\u0131 <br \/>Say\u0131n katilin \u00f6n\u00fcnde <br \/>Sayg\u0131yla e\u011fil karanl\u0131k\u00e7\u0131 <\/p>\n<p>Caddelerde insan seli <br \/>Ak\u0131yor kabara k\u00f6p\u00fcre <br \/>Meydanlar dolup ta\u015f\u0131yor <br \/>Konu\u015f a\u011fz\u0131na sa\u011fl\u0131k karanl\u0131k\u00e7\u0131 <br \/>Ba\u011f\u0131r \u00e7a\u011f\u0131r korkut azarla <br \/>Konu\u015f sesine sa\u011fl\u0131k <br \/>Gerdan\u0131na g\u00f6be\u011fine <br \/>Demokrasine sa\u011fl\u0131k <\/p>\n<p>Laiklik de kim oluyormu\u015f <br \/>Kim oluyormu\u015f ba\u011f\u0131ms\u0131zl\u0131k <br \/>De\u011fil mi karanl\u0131k\u00e7\u0131 <br \/>Ulusal egemenlik neymi\u015f <br \/>Yenir mi i\u00e7ilir mi <br \/>Hangi pazarda sat\u0131l\u0131r <br \/>Ka\u00e7 dolarad\u0131r kilosu <\/p>\n<p>Ku\u015f s\u00fct\u00fcyle besledi\u011fin <br \/>Alt\u0131n di\u015fli s\u00f6m\u00fcrge k\u00f6pe\u011fi <br \/>Havlar Cumhuriyetime <br \/>Is\u0131rmak ister ba\u011f\u0131ms\u0131zl\u0131\u011f\u0131m\u0131 <br \/>G\u00f6z\u00fc a\u00e7 karn\u0131 tok <br \/>Ni\u00e7in gitmez geldi\u011fi yere <br \/>Ayaklar\u0131 m\u0131 yok <\/p>\n<p>Kim ne derse desin <br \/>Kapat kula\u011f\u0131n\u0131 duyma <br \/>S\u00f6zc\u00fckleri s\u00fcnd\u00fcre s\u00fcnd\u00fcre <br \/>Balland\u0131ra balland\u0131ra yalanlar\u0131 <br \/>Konu\u015f a\u011fz\u0131na sa\u011fl\u0131k karanl\u0131k\u00e7\u0131 <br \/>Y\u00fcreklerde ac\u0131 g\u00f6zlerde ya\u015f <br \/>D\u00f6neklik dedi\u011fin ne ki <br \/>Unutulur yava\u015f yava\u015f <\/p>\n<p>Ali Y\u00dcCE<br \/>\u00c7a\u011fda\u015f T\u00fcrk Dili Dergisi Temmuz 2001 say\u0131s\u0131<\/p>\n","protected":false},"excerpt":{"rendered":"<p>\u00a0 I\u015f\u0131\u011fa arkan\u0131 d\u00f6nd\u00fcn Utand\u0131n m\u0131 ne biraz K\u0131zard\u0131n bozard\u0131n m\u0131 Sormak ay\u0131p olmas\u0131n \u0130leri do\u011fru mu gidi\u015f Yoksa ard\u0131n ard\u0131n m\u0131 Yetim mal\u0131 koltu\u011funa Kas\u0131larak otur karanl\u0131k\u00e7\u0131 E\u011fri b\u00fc\u011fr\u00fc yasalara Kald\u0131r kara parma\u011f\u0131n\u0131 Ayd\u0131nl\u0131\u011f\u0131 zindana at \u00d6d\u00fcllendir karanl\u0131\u011f\u0131 Bayram etsin k\u00f6r vicdan\u0131n Ekme\u011fin kan kokarm\u0131\u015f koksun \u0130rin dola\u015f\u0131rm\u0131\u015f damarlar\u0131nda Ne dola\u015f\u0131rsa dola\u015fs\u0131n Vurgun soygun [&hellip;]<\/p>\n","protected":false},"author":1,"featured_media":0,"comment_status":"open","ping_status":"open","sticky":false,"template":"","format":"standard","meta":{"footnotes":""},"categories":[4],"tags":[],"class_list":{"0":"post-1903","1":"post","2":"type-post","3":"status-publish","4":"format-standard","6":"category-ali-yuce"},"yoast_head":"<!-- This site is optimized with the Yoast SEO Premium plugin v24.9 (Yoast SEO v24.9) - https:\/\/yoast.com\/wordpress\/plugins\/seo\/ -->\n<title>KARANLIK\u00c7I - narteks.net<\/title>\n<meta name=\"robots\" content=\"index, follow, max-snippet:-1, max-image-preview:large, max-video-preview:-1\" \/>\n<link rel=\"canonical\" href=\"https:\/\/narteks.net\/index.php\/2009\/12\/04\/karanlikci\/\" \/>\n<meta property=\"og:locale\" content=\"tr_TR\" \/>\n<meta property=\"og:type\" content=\"article\" \/>\n<meta property=\"og:title\" content=\"KARANLIK\u00c7I\" \/>\n<meta property=\"og:description\" content=\"\u00a0 I\u015f\u0131\u011fa arkan\u0131 d\u00f6nd\u00fcn Utand\u0131n m\u0131 ne biraz K\u0131zard\u0131n bozard\u0131n m\u0131 Sormak ay\u0131p olmas\u0131n \u0130leri do\u011fru mu gidi\u015f Yoksa ard\u0131n ard\u0131n m\u0131 Yetim mal\u0131 koltu\u011funa Kas\u0131larak otur karanl\u0131k\u00e7\u0131 E\u011fri b\u00fc\u011fr\u00fc yasalara Kald\u0131r kara parma\u011f\u0131n\u0131 Ayd\u0131nl\u0131\u011f\u0131 zindana at \u00d6d\u00fcllendir karanl\u0131\u011f\u0131 Bayram etsin k\u00f6r vicdan\u0131n Ekme\u011fin kan kokarm\u0131\u015f koksun \u0130rin dola\u015f\u0131rm\u0131\u015f damarlar\u0131nda Ne dola\u015f\u0131rsa dola\u015fs\u0131n Vurgun soygun [&hellip;]\" \/>\n<meta property=\"og:url\" content=\"https:\/\/narteks.net\/index.php\/2009\/12\/04\/karanlikci\/\" \/>\n<meta property=\"og:site_name\" content=\"narteks.net\" \/>\n<meta property=\"article:published_time\" content=\"2009-12-04T13:46:05+00:00\" \/>\n<meta property=\"og:image\" content=\"https:\/\/narteks.net\/wp-content\/uploads\/narteks.png\" \/>\n\t<meta property=\"og:image:width\" content=\"300\" \/>\n\t<meta property=\"og:image:height\" content=\"90\" \/>\n\t<meta property=\"og:image:type\" content=\"image\/png\" \/>\n<meta name=\"author\" content=\"Tar\u0131k\" \/>\n<meta name=\"twitter:card\" content=\"summary_large_image\" \/>\n<meta name=\"twitter:creator\" content=\"@narteks\" \/>\n<meta name=\"twitter:site\" content=\"@narteks\" \/>\n<meta name=\"twitter:label1\" content=\"Yazan:\" \/>\n\t<meta name=\"twitter:data1\" content=\"Tar\u0131k\" \/>\n\t<meta name=\"twitter:label2\" content=\"Tahmini okuma s\u00fcresi\" \/>\n\t<meta name=\"twitter:data2\" content=\"1 dakika\" \/>\n<script type=\"application\/ld+json\" class=\"yoast-schema-graph\">{\"@context\":\"https:\/\/schema.org\",\"@graph\":[{\"@type\":\"Article\",\"@id\":\"https:\/\/narteks.net\/index.php\/2009\/12\/04\/karanlikci\/#article\",\"isPartOf\":{\"@id\":\"https:\/\/narteks.net\/index.php\/2009\/12\/04\/karanlikci\/\"},\"author\":{\"name\":\"Tar\u0131k\",\"@id\":\"https:\/\/narteks.net\/#\/schema\/person\/61f37d9834294b72d31d274e7ed79bca\"},\"headline\":\"KARANLIK\u00c7I\",\"datePublished\":\"2009-12-04T13:46:05+00:00\",\"mainEntityOfPage\":{\"@id\":\"https:\/\/narteks.net\/index.php\/2009\/12\/04\/karanlikci\/\"},\"wordCount\":279,\"commentCount\":0,\"publisher\":{\"@id\":\"https:\/\/narteks.net\/#organization\"},\"articleSection\":[\"Ali Y\u00fcce\"],\"inLanguage\":\"tr\",\"potentialAction\":[{\"@type\":\"CommentAction\",\"name\":\"Comment\",\"target\":[\"https:\/\/narteks.net\/index.php\/2009\/12\/04\/karanlikci\/#respond\"]}]},{\"@type\":\"WebPage\",\"@id\":\"https:\/\/narteks.net\/index.php\/2009\/12\/04\/karanlikci\/\",\"url\":\"https:\/\/narteks.net\/index.php\/2009\/12\/04\/karanlikci\/\",\"name\":\"KARANLIK\u00c7I - narteks.net\",\"isPartOf\":{\"@id\":\"https:\/\/narteks.net\/#website\"},\"datePublished\":\"2009-12-04T13:46:05+00:00\",\"breadcrumb\":{\"@id\":\"https:\/\/narteks.net\/index.php\/2009\/12\/04\/karanlikci\/#breadcrumb\"},\"inLanguage\":\"tr\",\"potentialAction\":[{\"@type\":\"ReadAction\",\"target\":[\"https:\/\/narteks.net\/index.php\/2009\/12\/04\/karanlikci\/\"]}]},{\"@type\":\"BreadcrumbList\",\"@id\":\"https:\/\/narteks.net\/index.php\/2009\/12\/04\/karanlikci\/#breadcrumb\",\"itemListElement\":[{\"@type\":\"ListItem\",\"position\":1,\"name\":\"Anasayfa\",\"item\":\"https:\/\/narteks.net\/\"},{\"@type\":\"ListItem\",\"position\":2,\"name\":\"KARANLIK\u00c7I\"}]},{\"@type\":\"WebSite\",\"@id\":\"https:\/\/narteks.net\/#website\",\"url\":\"https:\/\/narteks.net\/\",\"name\":\"narteks.net\",\"description\":\"K\u00fclt\u00fcr Sanat Edebiyat Felsefe\",\"publisher\":{\"@id\":\"https:\/\/narteks.net\/#organization\"},\"alternateName\":\"K\u00fclt\u00fcr Sanat Edebiyat Felsefe\",\"potentialAction\":[{\"@type\":\"SearchAction\",\"target\":{\"@type\":\"EntryPoint\",\"urlTemplate\":\"https:\/\/narteks.net\/?s={search_term_string}\"},\"query-input\":{\"@type\":\"PropertyValueSpecification\",\"valueRequired\":true,\"valueName\":\"search_term_string\"}}],\"inLanguage\":\"tr\"},{\"@type\":\"Organization\",\"@id\":\"https:\/\/narteks.net\/#organization\",\"name\":\"narteks.net\",\"url\":\"https:\/\/narteks.net\/\",\"logo\":{\"@type\":\"ImageObject\",\"inLanguage\":\"tr\",\"@id\":\"https:\/\/narteks.net\/#\/schema\/logo\/image\/\",\"url\":\"https:\/\/narteks.net\/wp-content\/uploads\/narteks.png\",\"contentUrl\":\"https:\/\/narteks.net\/wp-content\/uploads\/narteks.png\",\"width\":300,\"height\":90,\"caption\":\"narteks.net\"},\"image\":{\"@id\":\"https:\/\/narteks.net\/#\/schema\/logo\/image\/\"},\"sameAs\":[\"https:\/\/x.com\/narteks\",\"https:\/\/instagram.com\/narteksnet\"]},{\"@type\":\"Person\",\"@id\":\"https:\/\/narteks.net\/#\/schema\/person\/61f37d9834294b72d31d274e7ed79bca\",\"name\":\"Tar\u0131k\",\"image\":{\"@type\":\"ImageObject\",\"inLanguage\":\"tr\",\"@id\":\"https:\/\/narteks.net\/#\/schema\/person\/image\/\",\"url\":\"https:\/\/secure.gravatar.com\/avatar\/50865afb55632c4ae467e0af0930f6510aa2297d8014be502a55b14f3b7550cf?s=96&d=mm&r=g\",\"contentUrl\":\"https:\/\/secure.gravatar.com\/avatar\/50865afb55632c4ae467e0af0930f6510aa2297d8014be502a55b14f3b7550cf?s=96&d=mm&r=g\",\"caption\":\"Tar\u0131k\"},\"sameAs\":[\"http:\/\/narteks.net\"],\"url\":\"https:\/\/narteks.net\/index.php\/author\/narbak\/\"}]}<\/script>\n<!-- \/ Yoast SEO Premium plugin. -->","yoast_head_json":{"title":"KARANLIK\u00c7I - narteks.net","robots":{"index":"index","follow":"follow","max-snippet":"max-snippet:-1","max-image-preview":"max-image-preview:large","max-video-preview":"max-video-preview:-1"},"canonical":"https:\/\/narteks.net\/index.php\/2009\/12\/04\/karanlikci\/","og_locale":"tr_TR","og_type":"article","og_title":"KARANLIK\u00c7I","og_description":"\u00a0 I\u015f\u0131\u011fa arkan\u0131 d\u00f6nd\u00fcn Utand\u0131n m\u0131 ne biraz K\u0131zard\u0131n bozard\u0131n m\u0131 Sormak ay\u0131p olmas\u0131n \u0130leri do\u011fru mu gidi\u015f Yoksa ard\u0131n ard\u0131n m\u0131 Yetim mal\u0131 koltu\u011funa Kas\u0131larak otur karanl\u0131k\u00e7\u0131 E\u011fri b\u00fc\u011fr\u00fc yasalara Kald\u0131r kara parma\u011f\u0131n\u0131 Ayd\u0131nl\u0131\u011f\u0131 zindana at \u00d6d\u00fcllendir karanl\u0131\u011f\u0131 Bayram etsin k\u00f6r vicdan\u0131n Ekme\u011fin kan kokarm\u0131\u015f koksun \u0130rin dola\u015f\u0131rm\u0131\u015f damarlar\u0131nda Ne dola\u015f\u0131rsa dola\u015fs\u0131n Vurgun soygun [&hellip;]","og_url":"https:\/\/narteks.net\/index.php\/2009\/12\/04\/karanlikci\/","og_site_name":"narteks.net","article_published_time":"2009-12-04T13:46:05+00:00","og_image":[{"width":300,"height":90,"url":"https:\/\/narteks.net\/wp-content\/uploads\/narteks.png","type":"image\/png"}],"author":"Tar\u0131k","twitter_card":"summary_large_image","twitter_creator":"@narteks","twitter_site":"@narteks","twitter_misc":{"Yazan:":"Tar\u0131k","Tahmini okuma s\u00fcresi":"1 dakika"},"schema":{"@context":"https:\/\/schema.org","@graph":[{"@type":"Article","@id":"https:\/\/narteks.net\/index.php\/2009\/12\/04\/karanlikci\/#article","isPartOf":{"@id":"https:\/\/narteks.net\/index.php\/2009\/12\/04\/karanlikci\/"},"author":{"name":"Tar\u0131k","@id":"https:\/\/narteks.net\/#\/schema\/person\/61f37d9834294b72d31d274e7ed79bca"},"headline":"KARANLIK\u00c7I","datePublished":"2009-12-04T13:46:05+00:00","mainEntityOfPage":{"@id":"https:\/\/narteks.net\/index.php\/2009\/12\/04\/karanlikci\/"},"wordCount":279,"commentCount":0,"publisher":{"@id":"https:\/\/narteks.net\/#organization"},"articleSection":["Ali Y\u00fcce"],"inLanguage":"tr","potentialAction":[{"@type":"CommentAction","name":"Comment","target":["https:\/\/narteks.net\/index.php\/2009\/12\/04\/karanlikci\/#respond"]}]},{"@type":"WebPage","@id":"https:\/\/narteks.net\/index.php\/2009\/12\/04\/karanlikci\/","url":"https:\/\/narteks.net\/index.php\/2009\/12\/04\/karanlikci\/","name":"KARANLIK\u00c7I - narteks.net","isPartOf":{"@id":"https:\/\/narteks.net\/#website"},"datePublished":"2009-12-04T13:46:05+00:00","breadcrumb":{"@id":"https:\/\/narteks.net\/index.php\/2009\/12\/04\/karanlikci\/#breadcrumb"},"inLanguage":"tr","potentialAction":[{"@type":"ReadAction","target":["https:\/\/narteks.net\/index.php\/2009\/12\/04\/karanlikci\/"]}]},{"@type":"BreadcrumbList","@id":"https:\/\/narteks.net\/index.php\/2009\/12\/04\/karanlikci\/#breadcrumb","itemListElement":[{"@type":"ListItem","position":1,"name":"Anasayfa","item":"https:\/\/narteks.net\/"},{"@type":"ListItem","position":2,"name":"KARANLIK\u00c7I"}]},{"@type":"WebSite","@id":"https:\/\/narteks.net\/#website","url":"https:\/\/narteks.net\/","name":"narteks.net","description":"K\u00fclt\u00fcr Sanat Edebiyat Felsefe","publisher":{"@id":"https:\/\/narteks.net\/#organization"},"alternateName":"K\u00fclt\u00fcr Sanat Edebiyat Felsefe","potentialAction":[{"@type":"SearchAction","target":{"@type":"EntryPoint","urlTemplate":"https:\/\/narteks.net\/?s={search_term_string}"},"query-input":{"@type":"PropertyValueSpecification","valueRequired":true,"valueName":"search_term_string"}}],"inLanguage":"tr"},{"@type":"Organization","@id":"https:\/\/narteks.net\/#organization","name":"narteks.net","url":"https:\/\/narteks.net\/","logo":{"@type":"ImageObject","inLanguage":"tr","@id":"https:\/\/narteks.net\/#\/schema\/logo\/image\/","url":"https:\/\/narteks.net\/wp-content\/uploads\/narteks.png","contentUrl":"https:\/\/narteks.net\/wp-content\/uploads\/narteks.png","width":300,"height":90,"caption":"narteks.net"},"image":{"@id":"https:\/\/narteks.net\/#\/schema\/logo\/image\/"},"sameAs":["https:\/\/x.com\/narteks","https:\/\/instagram.com\/narteksnet"]},{"@type":"Person","@id":"https:\/\/narteks.net\/#\/schema\/person\/61f37d9834294b72d31d274e7ed79bca","name":"Tar\u0131k","image":{"@type":"ImageObject","inLanguage":"tr","@id":"https:\/\/narteks.net\/#\/schema\/person\/image\/","url":"https:\/\/secure.gravatar.com\/avatar\/50865afb55632c4ae467e0af0930f6510aa2297d8014be502a55b14f3b7550cf?s=96&d=mm&r=g","contentUrl":"https:\/\/secure.gravatar.com\/avatar\/50865afb55632c4ae467e0af0930f6510aa2297d8014be502a55b14f3b7550cf?s=96&d=mm&r=g","caption":"Tar\u0131k"},"sameAs":["http:\/\/narteks.net"],"url":"https:\/\/narteks.net\/index.php\/author\/narbak\/"}]}},"_links":{"self":[{"href":"https:\/\/narteks.net\/index.php\/wp-json\/wp\/v2\/posts\/1903","targetHints":{"allow":["GET"]}}],"collection":[{"href":"https:\/\/narteks.net\/index.php\/wp-json\/wp\/v2\/posts"}],"about":[{"href":"https:\/\/narteks.net\/index.php\/wp-json\/wp\/v2\/types\/post"}],"author":[{"embeddable":true,"href":"https:\/\/narteks.net\/index.php\/wp-json\/wp\/v2\/users\/1"}],"replies":[{"embeddable":true,"href":"https:\/\/narteks.net\/index.php\/wp-json\/wp\/v2\/comments?post=1903"}],"version-history":[{"count":0,"href":"https:\/\/narteks.net\/index.php\/wp-json\/wp\/v2\/posts\/1903\/revisions"}],"wp:attachment":[{"href":"https:\/\/narteks.net\/index.php\/wp-json\/wp\/v2\/media?parent=1903"}],"wp:term":[{"taxonomy":"category","embeddable":true,"href":"https:\/\/narteks.net\/index.php\/wp-json\/wp\/v2\/categories?post=1903"},{"taxonomy":"post_tag","embeddable":true,"href":"https:\/\/narteks.net\/index.php\/wp-json\/wp\/v2\/tags?post=1903"}],"curies":[{"name":"wp","href":"https:\/\/api.w.org\/{rel}","templated":true}]}}