{"id":191,"date":"2009-02-27T16:43:14","date_gmt":"2009-02-27T13:43:14","guid":{"rendered":"http:\/\/localhost\/wordpress\/2009\/02\/27\/zulme-direnmektir-hayat\/"},"modified":"2009-02-27T16:43:14","modified_gmt":"2009-02-27T13:43:14","slug":"zulme-direnmektir-hayat","status":"publish","type":"post","link":"https:\/\/narteks.net\/index.php\/2009\/02\/27\/zulme-direnmektir-hayat\/","title":{"rendered":"ZULME D\u0130RENMEKT\u0130R HAYAT"},"content":{"rendered":"<p>\u00a0<\/p>\n<p>On be\u015fine bast\u0131 m\u0131 <br \/>dudaklar\u0131nda bir t\u00fcrk\u00fc <br \/>elinde bayrak <br \/>kavga sokaktaki oyuna benzer art\u0131k <br \/>\u00e7ocuklu\u011fu <br \/>benzemez <br \/>\u00e7ocuklu\u011fa <\/p>\n<p>Deniz ok\u015fayabilir mi <br \/>sar\u0131\u015f\u0131n bir da\u011f\u0131n <br \/>r\u00fczgarl\u0131 sa\u00e7lar\u0131n\u0131 <br \/>uzanarak yelesine hayat\u0131n <br \/>tutuklayabilir mi zindanlar <br \/>onun <br \/>vuru\u015fkan sevdas\u0131n\u0131 <\/p>\n<p>A\u00e7ar da ac\u0131n\u0131n r\u00fczgar\u0131na <br \/>h\u00fczn\u00fcn solgun yelkenini <br \/>ne zindan karanl\u0131\u011f\u0131 <br \/>ne zul\u00fcm <br \/>ne i\u015fkence <br \/>indiremez dudaklar\u0131ndaki g\u00fcl\u00fcmsemenin bayra\u011f\u0131n\u0131<\/p>\n<p>AHMET TELL\u0130<\/p>\n","protected":false},"excerpt":{"rendered":"<p>\u00a0 On be\u015fine bast\u0131 m\u0131 dudaklar\u0131nda bir t\u00fcrk\u00fc elinde bayrak kavga sokaktaki oyuna benzer art\u0131k \u00e7ocuklu\u011fu benzemez \u00e7ocuklu\u011fa Deniz ok\u015fayabilir mi sar\u0131\u015f\u0131n bir da\u011f\u0131n r\u00fczgarl\u0131 sa\u00e7lar\u0131n\u0131 uzanarak yelesine hayat\u0131n tutuklayabilir mi zindanlar onun vuru\u015fkan sevdas\u0131n\u0131 A\u00e7ar da ac\u0131n\u0131n r\u00fczgar\u0131na h\u00fczn\u00fcn solgun yelkenini ne zindan karanl\u0131\u011f\u0131 ne zul\u00fcm ne i\u015fkence indiremez dudaklar\u0131ndaki g\u00fcl\u00fcmsemenin bayra\u011f\u0131n\u0131 AHMET TELL\u0130<\/p>\n","protected":false},"author":1,"featured_media":0,"comment_status":"open","ping_status":"open","sticky":false,"template":"","format":"standard","meta":{"footnotes":""},"categories":[7],"tags":[],"class_list":{"0":"post-191","1":"post","2":"type-post","3":"status-publish","4":"format-standard","6":"category-ahmet-telli"},"yoast_head":"<!-- This site is optimized with the Yoast SEO Premium plugin v24.9 (Yoast SEO v24.9) - https:\/\/yoast.com\/wordpress\/plugins\/seo\/ -->\n<title>ZULME D\u0130RENMEKT\u0130R HAYAT - narteks.net<\/title>\n<meta name=\"robots\" content=\"index, follow, max-snippet:-1, max-image-preview:large, max-video-preview:-1\" \/>\n<link rel=\"canonical\" href=\"https:\/\/narteks.net\/index.php\/2009\/02\/27\/zulme-direnmektir-hayat\/\" \/>\n<meta property=\"og:locale\" content=\"tr_TR\" \/>\n<meta property=\"og:type\" content=\"article\" \/>\n<meta property=\"og:title\" content=\"ZULME D\u0130RENMEKT\u0130R HAYAT\" \/>\n<meta property=\"og:description\" content=\"\u00a0 On be\u015fine bast\u0131 m\u0131 dudaklar\u0131nda bir t\u00fcrk\u00fc elinde bayrak kavga sokaktaki oyuna benzer art\u0131k \u00e7ocuklu\u011fu benzemez \u00e7ocuklu\u011fa Deniz ok\u015fayabilir mi sar\u0131\u015f\u0131n bir da\u011f\u0131n r\u00fczgarl\u0131 sa\u00e7lar\u0131n\u0131 uzanarak yelesine hayat\u0131n tutuklayabilir mi zindanlar onun vuru\u015fkan sevdas\u0131n\u0131 A\u00e7ar da ac\u0131n\u0131n r\u00fczgar\u0131na h\u00fczn\u00fcn solgun yelkenini ne zindan karanl\u0131\u011f\u0131 ne zul\u00fcm ne i\u015fkence indiremez dudaklar\u0131ndaki g\u00fcl\u00fcmsemenin bayra\u011f\u0131n\u0131 AHMET TELL\u0130\" \/>\n<meta property=\"og:url\" content=\"https:\/\/narteks.net\/index.php\/2009\/02\/27\/zulme-direnmektir-hayat\/\" \/>\n<meta property=\"og:site_name\" content=\"narteks.net\" \/>\n<meta property=\"article:published_time\" content=\"2009-02-27T13:43:14+00:00\" \/>\n<meta property=\"og:image\" content=\"https:\/\/narteks.net\/wp-content\/uploads\/narteks.png\" \/>\n\t<meta property=\"og:image:width\" content=\"300\" \/>\n\t<meta property=\"og:image:height\" content=\"90\" \/>\n\t<meta property=\"og:image:type\" content=\"image\/png\" \/>\n<meta name=\"author\" content=\"Tar\u0131k\" \/>\n<meta name=\"twitter:card\" content=\"summary_large_image\" \/>\n<meta name=\"twitter:creator\" content=\"@narteks\" \/>\n<meta name=\"twitter:site\" content=\"@narteks\" \/>\n<meta name=\"twitter:label1\" content=\"Yazan:\" \/>\n\t<meta name=\"twitter:data1\" content=\"Tar\u0131k\" \/>\n<script type=\"application\/ld+json\" class=\"yoast-schema-graph\">{\"@context\":\"https:\/\/schema.org\",\"@graph\":[{\"@type\":\"Article\",\"@id\":\"https:\/\/narteks.net\/index.php\/2009\/02\/27\/zulme-direnmektir-hayat\/#article\",\"isPartOf\":{\"@id\":\"https:\/\/narteks.net\/index.php\/2009\/02\/27\/zulme-direnmektir-hayat\/\"},\"author\":{\"name\":\"Tar\u0131k\",\"@id\":\"https:\/\/narteks.net\/#\/schema\/person\/61f37d9834294b72d31d274e7ed79bca\"},\"headline\":\"ZULME D\u0130RENMEKT\u0130R HAYAT\",\"datePublished\":\"2009-02-27T13:43:14+00:00\",\"mainEntityOfPage\":{\"@id\":\"https:\/\/narteks.net\/index.php\/2009\/02\/27\/zulme-direnmektir-hayat\/\"},\"wordCount\":87,\"commentCount\":0,\"publisher\":{\"@id\":\"https:\/\/narteks.net\/#organization\"},\"articleSection\":[\"Ahmet TELL\u0130\"],\"inLanguage\":\"tr\",\"potentialAction\":[{\"@type\":\"CommentAction\",\"name\":\"Comment\",\"target\":[\"https:\/\/narteks.net\/index.php\/2009\/02\/27\/zulme-direnmektir-hayat\/#respond\"]}]},{\"@type\":\"WebPage\",\"@id\":\"https:\/\/narteks.net\/index.php\/2009\/02\/27\/zulme-direnmektir-hayat\/\",\"url\":\"https:\/\/narteks.net\/index.php\/2009\/02\/27\/zulme-direnmektir-hayat\/\",\"name\":\"ZULME D\u0130RENMEKT\u0130R HAYAT - narteks.net\",\"isPartOf\":{\"@id\":\"https:\/\/narteks.net\/#website\"},\"datePublished\":\"2009-02-27T13:43:14+00:00\",\"breadcrumb\":{\"@id\":\"https:\/\/narteks.net\/index.php\/2009\/02\/27\/zulme-direnmektir-hayat\/#breadcrumb\"},\"inLanguage\":\"tr\",\"potentialAction\":[{\"@type\":\"ReadAction\",\"target\":[\"https:\/\/narteks.net\/index.php\/2009\/02\/27\/zulme-direnmektir-hayat\/\"]}]},{\"@type\":\"BreadcrumbList\",\"@id\":\"https:\/\/narteks.net\/index.php\/2009\/02\/27\/zulme-direnmektir-hayat\/#breadcrumb\",\"itemListElement\":[{\"@type\":\"ListItem\",\"position\":1,\"name\":\"Anasayfa\",\"item\":\"https:\/\/narteks.net\/\"},{\"@type\":\"ListItem\",\"position\":2,\"name\":\"ZULME D\u0130RENMEKT\u0130R HAYAT\"}]},{\"@type\":\"WebSite\",\"@id\":\"https:\/\/narteks.net\/#website\",\"url\":\"https:\/\/narteks.net\/\",\"name\":\"narteks.net\",\"description\":\"K\u00fclt\u00fcr Sanat Edebiyat Felsefe\",\"publisher\":{\"@id\":\"https:\/\/narteks.net\/#organization\"},\"alternateName\":\"K\u00fclt\u00fcr Sanat Edebiyat Felsefe\",\"potentialAction\":[{\"@type\":\"SearchAction\",\"target\":{\"@type\":\"EntryPoint\",\"urlTemplate\":\"https:\/\/narteks.net\/?s={search_term_string}\"},\"query-input\":{\"@type\":\"PropertyValueSpecification\",\"valueRequired\":true,\"valueName\":\"search_term_string\"}}],\"inLanguage\":\"tr\"},{\"@type\":\"Organization\",\"@id\":\"https:\/\/narteks.net\/#organization\",\"name\":\"narteks.net\",\"url\":\"https:\/\/narteks.net\/\",\"logo\":{\"@type\":\"ImageObject\",\"inLanguage\":\"tr\",\"@id\":\"https:\/\/narteks.net\/#\/schema\/logo\/image\/\",\"url\":\"https:\/\/narteks.net\/wp-content\/uploads\/narteks.png\",\"contentUrl\":\"https:\/\/narteks.net\/wp-content\/uploads\/narteks.png\",\"width\":300,\"height\":90,\"caption\":\"narteks.net\"},\"image\":{\"@id\":\"https:\/\/narteks.net\/#\/schema\/logo\/image\/\"},\"sameAs\":[\"https:\/\/x.com\/narteks\",\"https:\/\/instagram.com\/narteksnet\"]},{\"@type\":\"Person\",\"@id\":\"https:\/\/narteks.net\/#\/schema\/person\/61f37d9834294b72d31d274e7ed79bca\",\"name\":\"Tar\u0131k\",\"image\":{\"@type\":\"ImageObject\",\"inLanguage\":\"tr\",\"@id\":\"https:\/\/narteks.net\/#\/schema\/person\/image\/\",\"url\":\"https:\/\/secure.gravatar.com\/avatar\/50865afb55632c4ae467e0af0930f6510aa2297d8014be502a55b14f3b7550cf?s=96&d=mm&r=g\",\"contentUrl\":\"https:\/\/secure.gravatar.com\/avatar\/50865afb55632c4ae467e0af0930f6510aa2297d8014be502a55b14f3b7550cf?s=96&d=mm&r=g\",\"caption\":\"Tar\u0131k\"},\"sameAs\":[\"http:\/\/narteks.net\"],\"url\":\"https:\/\/narteks.net\/index.php\/author\/narbak\/\"}]}<\/script>\n<!-- \/ Yoast SEO Premium plugin. -->","yoast_head_json":{"title":"ZULME D\u0130RENMEKT\u0130R HAYAT - narteks.net","robots":{"index":"index","follow":"follow","max-snippet":"max-snippet:-1","max-image-preview":"max-image-preview:large","max-video-preview":"max-video-preview:-1"},"canonical":"https:\/\/narteks.net\/index.php\/2009\/02\/27\/zulme-direnmektir-hayat\/","og_locale":"tr_TR","og_type":"article","og_title":"ZULME D\u0130RENMEKT\u0130R HAYAT","og_description":"\u00a0 On be\u015fine bast\u0131 m\u0131 dudaklar\u0131nda bir t\u00fcrk\u00fc elinde bayrak kavga sokaktaki oyuna benzer art\u0131k \u00e7ocuklu\u011fu benzemez \u00e7ocuklu\u011fa Deniz ok\u015fayabilir mi sar\u0131\u015f\u0131n bir da\u011f\u0131n r\u00fczgarl\u0131 sa\u00e7lar\u0131n\u0131 uzanarak yelesine hayat\u0131n tutuklayabilir mi zindanlar onun vuru\u015fkan sevdas\u0131n\u0131 A\u00e7ar da ac\u0131n\u0131n r\u00fczgar\u0131na h\u00fczn\u00fcn solgun yelkenini ne zindan karanl\u0131\u011f\u0131 ne zul\u00fcm ne i\u015fkence indiremez dudaklar\u0131ndaki g\u00fcl\u00fcmsemenin bayra\u011f\u0131n\u0131 AHMET TELL\u0130","og_url":"https:\/\/narteks.net\/index.php\/2009\/02\/27\/zulme-direnmektir-hayat\/","og_site_name":"narteks.net","article_published_time":"2009-02-27T13:43:14+00:00","og_image":[{"width":300,"height":90,"url":"https:\/\/narteks.net\/wp-content\/uploads\/narteks.png","type":"image\/png"}],"author":"Tar\u0131k","twitter_card":"summary_large_image","twitter_creator":"@narteks","twitter_site":"@narteks","twitter_misc":{"Yazan:":"Tar\u0131k"},"schema":{"@context":"https:\/\/schema.org","@graph":[{"@type":"Article","@id":"https:\/\/narteks.net\/index.php\/2009\/02\/27\/zulme-direnmektir-hayat\/#article","isPartOf":{"@id":"https:\/\/narteks.net\/index.php\/2009\/02\/27\/zulme-direnmektir-hayat\/"},"author":{"name":"Tar\u0131k","@id":"https:\/\/narteks.net\/#\/schema\/person\/61f37d9834294b72d31d274e7ed79bca"},"headline":"ZULME D\u0130RENMEKT\u0130R HAYAT","datePublished":"2009-02-27T13:43:14+00:00","mainEntityOfPage":{"@id":"https:\/\/narteks.net\/index.php\/2009\/02\/27\/zulme-direnmektir-hayat\/"},"wordCount":87,"commentCount":0,"publisher":{"@id":"https:\/\/narteks.net\/#organization"},"articleSection":["Ahmet TELL\u0130"],"inLanguage":"tr","potentialAction":[{"@type":"CommentAction","name":"Comment","target":["https:\/\/narteks.net\/index.php\/2009\/02\/27\/zulme-direnmektir-hayat\/#respond"]}]},{"@type":"WebPage","@id":"https:\/\/narteks.net\/index.php\/2009\/02\/27\/zulme-direnmektir-hayat\/","url":"https:\/\/narteks.net\/index.php\/2009\/02\/27\/zulme-direnmektir-hayat\/","name":"ZULME D\u0130RENMEKT\u0130R HAYAT - narteks.net","isPartOf":{"@id":"https:\/\/narteks.net\/#website"},"datePublished":"2009-02-27T13:43:14+00:00","breadcrumb":{"@id":"https:\/\/narteks.net\/index.php\/2009\/02\/27\/zulme-direnmektir-hayat\/#breadcrumb"},"inLanguage":"tr","potentialAction":[{"@type":"ReadAction","target":["https:\/\/narteks.net\/index.php\/2009\/02\/27\/zulme-direnmektir-hayat\/"]}]},{"@type":"BreadcrumbList","@id":"https:\/\/narteks.net\/index.php\/2009\/02\/27\/zulme-direnmektir-hayat\/#breadcrumb","itemListElement":[{"@type":"ListItem","position":1,"name":"Anasayfa","item":"https:\/\/narteks.net\/"},{"@type":"ListItem","position":2,"name":"ZULME D\u0130RENMEKT\u0130R HAYAT"}]},{"@type":"WebSite","@id":"https:\/\/narteks.net\/#website","url":"https:\/\/narteks.net\/","name":"narteks.net","description":"K\u00fclt\u00fcr Sanat Edebiyat Felsefe","publisher":{"@id":"https:\/\/narteks.net\/#organization"},"alternateName":"K\u00fclt\u00fcr Sanat Edebiyat Felsefe","potentialAction":[{"@type":"SearchAction","target":{"@type":"EntryPoint","urlTemplate":"https:\/\/narteks.net\/?s={search_term_string}"},"query-input":{"@type":"PropertyValueSpecification","valueRequired":true,"valueName":"search_term_string"}}],"inLanguage":"tr"},{"@type":"Organization","@id":"https:\/\/narteks.net\/#organization","name":"narteks.net","url":"https:\/\/narteks.net\/","logo":{"@type":"ImageObject","inLanguage":"tr","@id":"https:\/\/narteks.net\/#\/schema\/logo\/image\/","url":"https:\/\/narteks.net\/wp-content\/uploads\/narteks.png","contentUrl":"https:\/\/narteks.net\/wp-content\/uploads\/narteks.png","width":300,"height":90,"caption":"narteks.net"},"image":{"@id":"https:\/\/narteks.net\/#\/schema\/logo\/image\/"},"sameAs":["https:\/\/x.com\/narteks","https:\/\/instagram.com\/narteksnet"]},{"@type":"Person","@id":"https:\/\/narteks.net\/#\/schema\/person\/61f37d9834294b72d31d274e7ed79bca","name":"Tar\u0131k","image":{"@type":"ImageObject","inLanguage":"tr","@id":"https:\/\/narteks.net\/#\/schema\/person\/image\/","url":"https:\/\/secure.gravatar.com\/avatar\/50865afb55632c4ae467e0af0930f6510aa2297d8014be502a55b14f3b7550cf?s=96&d=mm&r=g","contentUrl":"https:\/\/secure.gravatar.com\/avatar\/50865afb55632c4ae467e0af0930f6510aa2297d8014be502a55b14f3b7550cf?s=96&d=mm&r=g","caption":"Tar\u0131k"},"sameAs":["http:\/\/narteks.net"],"url":"https:\/\/narteks.net\/index.php\/author\/narbak\/"}]}},"_links":{"self":[{"href":"https:\/\/narteks.net\/index.php\/wp-json\/wp\/v2\/posts\/191","targetHints":{"allow":["GET"]}}],"collection":[{"href":"https:\/\/narteks.net\/index.php\/wp-json\/wp\/v2\/posts"}],"about":[{"href":"https:\/\/narteks.net\/index.php\/wp-json\/wp\/v2\/types\/post"}],"author":[{"embeddable":true,"href":"https:\/\/narteks.net\/index.php\/wp-json\/wp\/v2\/users\/1"}],"replies":[{"embeddable":true,"href":"https:\/\/narteks.net\/index.php\/wp-json\/wp\/v2\/comments?post=191"}],"version-history":[{"count":0,"href":"https:\/\/narteks.net\/index.php\/wp-json\/wp\/v2\/posts\/191\/revisions"}],"wp:attachment":[{"href":"https:\/\/narteks.net\/index.php\/wp-json\/wp\/v2\/media?parent=191"}],"wp:term":[{"taxonomy":"category","embeddable":true,"href":"https:\/\/narteks.net\/index.php\/wp-json\/wp\/v2\/categories?post=191"},{"taxonomy":"post_tag","embeddable":true,"href":"https:\/\/narteks.net\/index.php\/wp-json\/wp\/v2\/tags?post=191"}],"curies":[{"name":"wp","href":"https:\/\/api.w.org\/{rel}","templated":true}]}}