{"id":1912,"date":"2009-12-04T16:58:35","date_gmt":"2009-12-04T13:58:35","guid":{"rendered":"http:\/\/localhost\/wordpress\/2009\/12\/04\/sozcukler-dil-ciceklerim\/"},"modified":"2009-12-04T16:58:35","modified_gmt":"2009-12-04T13:58:35","slug":"sozcukler-dil-ciceklerim","status":"publish","type":"post","link":"https:\/\/narteks.net\/index.php\/2009\/12\/04\/sozcukler-dil-ciceklerim\/","title":{"rendered":"SOZCUKLER DIL CICEKLERIM"},"content":{"rendered":"<p>\u00a0<\/p>\n<p>Uyuyan s\u00f6zc\u00fckleri<br \/> \u00d6pe \u00f6pe uyand\u0131rd\u0131m<br \/> Ok\u015fad\u0131m yanaklar\u0131n\u0131<br \/> Sevda \u015fiirleri i\u00e7irdim<br \/> D\u00fc\u015f g\u00fclleri koklatt\u0131m onlara<br \/> K\u0131z kand\u0131r\u0131r gibi kand\u0131rd\u0131m<\/p>\n<p>Soydum s\u00f6zc\u00fcklerin kabu\u011funu<br \/> Y\u0131kad\u0131m duygu suyuyla<br \/>\u0130mgesel sa\u00e7lar\u0131n\u0131<br \/> D\u00fc\u015f tara\u011f\u0131yla tarad\u0131m<br \/> Giydirdim ku\u015fatt\u0131m onlar\u0131<br \/> Ger\u00e7eklerle ni\u015fanlay\u0131p<br \/> Bayram yerine yollad\u0131m<\/p>\n<p>Bu \u015fiiri yazarken<br \/> Ben de gittim bayram yerine<br \/> Sal\u0131nca\u011fa bindirdim s\u00f6zc\u00fckleri<br \/> D\u00f6nme dolaplara bindirdim<br \/> \u015eiirime bindirdim onlar\u0131<br \/> \u015eair nikah\u0131yla evlendirdim<br \/> A\u00e7\u0131ld\u0131 ses tomurcuklar\u0131m<\/p>\n<p>Selam size dil \u00e7i\u00e7eklerim<br \/> Rengarenk giyinmi\u015f<br \/> Telli duvakl\u0131 gelinler<br \/> \u0130nce belli k\u0131zlar gibi<br \/> \u015eiirimin i\u00e7inde<br \/> Halay \u00e7eken s\u00f6zc\u00fckler<br \/> Bayram\u0131n\u0131z kutlu olsun<\/p>\n<p>Ali Y\u00dcCE<\/p>\n<p>&#8220;\u015eiirin Dili, Yap\u0131s\u0131, \u0130\u015flevi&#8221;,Doruk , Ankara, Subat 1997<\/p>\n","protected":false},"excerpt":{"rendered":"<p>\u00a0 Uyuyan s\u00f6zc\u00fckleri \u00d6pe \u00f6pe uyand\u0131rd\u0131m Ok\u015fad\u0131m yanaklar\u0131n\u0131 Sevda \u015fiirleri i\u00e7irdim D\u00fc\u015f g\u00fclleri koklatt\u0131m onlara K\u0131z kand\u0131r\u0131r gibi kand\u0131rd\u0131m Soydum s\u00f6zc\u00fcklerin kabu\u011funu Y\u0131kad\u0131m duygu suyuyla\u0130mgesel sa\u00e7lar\u0131n\u0131 D\u00fc\u015f tara\u011f\u0131yla tarad\u0131m Giydirdim ku\u015fatt\u0131m onlar\u0131 Ger\u00e7eklerle ni\u015fanlay\u0131p Bayram yerine yollad\u0131m Bu \u015fiiri yazarken Ben de gittim bayram yerine Sal\u0131nca\u011fa bindirdim s\u00f6zc\u00fckleri D\u00f6nme dolaplara bindirdim \u015eiirime bindirdim onlar\u0131 \u015eair [&hellip;]<\/p>\n","protected":false},"author":1,"featured_media":0,"comment_status":"open","ping_status":"open","sticky":false,"template":"","format":"standard","meta":{"footnotes":""},"categories":[4],"tags":[],"class_list":{"0":"post-1912","1":"post","2":"type-post","3":"status-publish","4":"format-standard","6":"category-ali-yuce"},"yoast_head":"<!-- This site is optimized with the Yoast SEO Premium plugin v24.9 (Yoast SEO v24.9) - https:\/\/yoast.com\/wordpress\/plugins\/seo\/ -->\n<title>SOZCUKLER DIL CICEKLERIM - narteks.net<\/title>\n<meta name=\"robots\" content=\"index, follow, max-snippet:-1, max-image-preview:large, max-video-preview:-1\" \/>\n<link rel=\"canonical\" href=\"https:\/\/narteks.net\/index.php\/2009\/12\/04\/sozcukler-dil-ciceklerim\/\" \/>\n<meta property=\"og:locale\" content=\"tr_TR\" \/>\n<meta property=\"og:type\" content=\"article\" \/>\n<meta property=\"og:title\" content=\"SOZCUKLER DIL CICEKLERIM\" \/>\n<meta property=\"og:description\" content=\"\u00a0 Uyuyan s\u00f6zc\u00fckleri \u00d6pe \u00f6pe uyand\u0131rd\u0131m Ok\u015fad\u0131m yanaklar\u0131n\u0131 Sevda \u015fiirleri i\u00e7irdim D\u00fc\u015f g\u00fclleri koklatt\u0131m onlara K\u0131z kand\u0131r\u0131r gibi kand\u0131rd\u0131m Soydum s\u00f6zc\u00fcklerin kabu\u011funu Y\u0131kad\u0131m duygu suyuyla\u0130mgesel sa\u00e7lar\u0131n\u0131 D\u00fc\u015f tara\u011f\u0131yla tarad\u0131m Giydirdim ku\u015fatt\u0131m onlar\u0131 Ger\u00e7eklerle ni\u015fanlay\u0131p Bayram yerine yollad\u0131m Bu \u015fiiri yazarken Ben de gittim bayram yerine Sal\u0131nca\u011fa bindirdim s\u00f6zc\u00fckleri D\u00f6nme dolaplara bindirdim \u015eiirime bindirdim onlar\u0131 \u015eair [&hellip;]\" \/>\n<meta property=\"og:url\" content=\"https:\/\/narteks.net\/index.php\/2009\/12\/04\/sozcukler-dil-ciceklerim\/\" \/>\n<meta property=\"og:site_name\" content=\"narteks.net\" \/>\n<meta property=\"article:published_time\" content=\"2009-12-04T13:58:35+00:00\" \/>\n<meta property=\"og:image\" content=\"https:\/\/narteks.net\/wp-content\/uploads\/narteks.png\" \/>\n\t<meta property=\"og:image:width\" content=\"300\" \/>\n\t<meta property=\"og:image:height\" content=\"90\" \/>\n\t<meta property=\"og:image:type\" content=\"image\/png\" \/>\n<meta name=\"author\" content=\"Tar\u0131k\" \/>\n<meta name=\"twitter:card\" content=\"summary_large_image\" \/>\n<meta name=\"twitter:creator\" content=\"@narteks\" \/>\n<meta name=\"twitter:site\" content=\"@narteks\" \/>\n<meta name=\"twitter:label1\" content=\"Yazan:\" \/>\n\t<meta name=\"twitter:data1\" content=\"Tar\u0131k\" \/>\n\t<meta name=\"twitter:label2\" content=\"Tahmini okuma s\u00fcresi\" \/>\n\t<meta name=\"twitter:data2\" content=\"1 dakika\" \/>\n<script type=\"application\/ld+json\" class=\"yoast-schema-graph\">{\"@context\":\"https:\/\/schema.org\",\"@graph\":[{\"@type\":\"Article\",\"@id\":\"https:\/\/narteks.net\/index.php\/2009\/12\/04\/sozcukler-dil-ciceklerim\/#article\",\"isPartOf\":{\"@id\":\"https:\/\/narteks.net\/index.php\/2009\/12\/04\/sozcukler-dil-ciceklerim\/\"},\"author\":{\"name\":\"Tar\u0131k\",\"@id\":\"https:\/\/narteks.net\/#\/schema\/person\/61f37d9834294b72d31d274e7ed79bca\"},\"headline\":\"SOZCUKLER DIL CICEKLERIM\",\"datePublished\":\"2009-12-04T13:58:35+00:00\",\"mainEntityOfPage\":{\"@id\":\"https:\/\/narteks.net\/index.php\/2009\/12\/04\/sozcukler-dil-ciceklerim\/\"},\"wordCount\":140,\"commentCount\":0,\"publisher\":{\"@id\":\"https:\/\/narteks.net\/#organization\"},\"articleSection\":[\"Ali Y\u00fcce\"],\"inLanguage\":\"tr\",\"potentialAction\":[{\"@type\":\"CommentAction\",\"name\":\"Comment\",\"target\":[\"https:\/\/narteks.net\/index.php\/2009\/12\/04\/sozcukler-dil-ciceklerim\/#respond\"]}]},{\"@type\":\"WebPage\",\"@id\":\"https:\/\/narteks.net\/index.php\/2009\/12\/04\/sozcukler-dil-ciceklerim\/\",\"url\":\"https:\/\/narteks.net\/index.php\/2009\/12\/04\/sozcukler-dil-ciceklerim\/\",\"name\":\"SOZCUKLER DIL CICEKLERIM - narteks.net\",\"isPartOf\":{\"@id\":\"https:\/\/narteks.net\/#website\"},\"datePublished\":\"2009-12-04T13:58:35+00:00\",\"breadcrumb\":{\"@id\":\"https:\/\/narteks.net\/index.php\/2009\/12\/04\/sozcukler-dil-ciceklerim\/#breadcrumb\"},\"inLanguage\":\"tr\",\"potentialAction\":[{\"@type\":\"ReadAction\",\"target\":[\"https:\/\/narteks.net\/index.php\/2009\/12\/04\/sozcukler-dil-ciceklerim\/\"]}]},{\"@type\":\"BreadcrumbList\",\"@id\":\"https:\/\/narteks.net\/index.php\/2009\/12\/04\/sozcukler-dil-ciceklerim\/#breadcrumb\",\"itemListElement\":[{\"@type\":\"ListItem\",\"position\":1,\"name\":\"Anasayfa\",\"item\":\"https:\/\/narteks.net\/\"},{\"@type\":\"ListItem\",\"position\":2,\"name\":\"SOZCUKLER DIL CICEKLERIM\"}]},{\"@type\":\"WebSite\",\"@id\":\"https:\/\/narteks.net\/#website\",\"url\":\"https:\/\/narteks.net\/\",\"name\":\"narteks.net\",\"description\":\"K\u00fclt\u00fcr Sanat Edebiyat Felsefe\",\"publisher\":{\"@id\":\"https:\/\/narteks.net\/#organization\"},\"alternateName\":\"K\u00fclt\u00fcr Sanat Edebiyat Felsefe\",\"potentialAction\":[{\"@type\":\"SearchAction\",\"target\":{\"@type\":\"EntryPoint\",\"urlTemplate\":\"https:\/\/narteks.net\/?s={search_term_string}\"},\"query-input\":{\"@type\":\"PropertyValueSpecification\",\"valueRequired\":true,\"valueName\":\"search_term_string\"}}],\"inLanguage\":\"tr\"},{\"@type\":\"Organization\",\"@id\":\"https:\/\/narteks.net\/#organization\",\"name\":\"narteks.net\",\"url\":\"https:\/\/narteks.net\/\",\"logo\":{\"@type\":\"ImageObject\",\"inLanguage\":\"tr\",\"@id\":\"https:\/\/narteks.net\/#\/schema\/logo\/image\/\",\"url\":\"https:\/\/narteks.net\/wp-content\/uploads\/narteks.png\",\"contentUrl\":\"https:\/\/narteks.net\/wp-content\/uploads\/narteks.png\",\"width\":300,\"height\":90,\"caption\":\"narteks.net\"},\"image\":{\"@id\":\"https:\/\/narteks.net\/#\/schema\/logo\/image\/\"},\"sameAs\":[\"https:\/\/x.com\/narteks\",\"https:\/\/instagram.com\/narteksnet\"]},{\"@type\":\"Person\",\"@id\":\"https:\/\/narteks.net\/#\/schema\/person\/61f37d9834294b72d31d274e7ed79bca\",\"name\":\"Tar\u0131k\",\"image\":{\"@type\":\"ImageObject\",\"inLanguage\":\"tr\",\"@id\":\"https:\/\/narteks.net\/#\/schema\/person\/image\/\",\"url\":\"https:\/\/secure.gravatar.com\/avatar\/50865afb55632c4ae467e0af0930f6510aa2297d8014be502a55b14f3b7550cf?s=96&d=mm&r=g\",\"contentUrl\":\"https:\/\/secure.gravatar.com\/avatar\/50865afb55632c4ae467e0af0930f6510aa2297d8014be502a55b14f3b7550cf?s=96&d=mm&r=g\",\"caption\":\"Tar\u0131k\"},\"sameAs\":[\"http:\/\/narteks.net\"],\"url\":\"https:\/\/narteks.net\/index.php\/author\/narbak\/\"}]}<\/script>\n<!-- \/ Yoast SEO Premium plugin. -->","yoast_head_json":{"title":"SOZCUKLER DIL CICEKLERIM - narteks.net","robots":{"index":"index","follow":"follow","max-snippet":"max-snippet:-1","max-image-preview":"max-image-preview:large","max-video-preview":"max-video-preview:-1"},"canonical":"https:\/\/narteks.net\/index.php\/2009\/12\/04\/sozcukler-dil-ciceklerim\/","og_locale":"tr_TR","og_type":"article","og_title":"SOZCUKLER DIL CICEKLERIM","og_description":"\u00a0 Uyuyan s\u00f6zc\u00fckleri \u00d6pe \u00f6pe uyand\u0131rd\u0131m Ok\u015fad\u0131m yanaklar\u0131n\u0131 Sevda \u015fiirleri i\u00e7irdim D\u00fc\u015f g\u00fclleri koklatt\u0131m onlara K\u0131z kand\u0131r\u0131r gibi kand\u0131rd\u0131m Soydum s\u00f6zc\u00fcklerin kabu\u011funu Y\u0131kad\u0131m duygu suyuyla\u0130mgesel sa\u00e7lar\u0131n\u0131 D\u00fc\u015f tara\u011f\u0131yla tarad\u0131m Giydirdim ku\u015fatt\u0131m onlar\u0131 Ger\u00e7eklerle ni\u015fanlay\u0131p Bayram yerine yollad\u0131m Bu \u015fiiri yazarken Ben de gittim bayram yerine Sal\u0131nca\u011fa bindirdim s\u00f6zc\u00fckleri D\u00f6nme dolaplara bindirdim \u015eiirime bindirdim onlar\u0131 \u015eair [&hellip;]","og_url":"https:\/\/narteks.net\/index.php\/2009\/12\/04\/sozcukler-dil-ciceklerim\/","og_site_name":"narteks.net","article_published_time":"2009-12-04T13:58:35+00:00","og_image":[{"width":300,"height":90,"url":"https:\/\/narteks.net\/wp-content\/uploads\/narteks.png","type":"image\/png"}],"author":"Tar\u0131k","twitter_card":"summary_large_image","twitter_creator":"@narteks","twitter_site":"@narteks","twitter_misc":{"Yazan:":"Tar\u0131k","Tahmini okuma s\u00fcresi":"1 dakika"},"schema":{"@context":"https:\/\/schema.org","@graph":[{"@type":"Article","@id":"https:\/\/narteks.net\/index.php\/2009\/12\/04\/sozcukler-dil-ciceklerim\/#article","isPartOf":{"@id":"https:\/\/narteks.net\/index.php\/2009\/12\/04\/sozcukler-dil-ciceklerim\/"},"author":{"name":"Tar\u0131k","@id":"https:\/\/narteks.net\/#\/schema\/person\/61f37d9834294b72d31d274e7ed79bca"},"headline":"SOZCUKLER DIL CICEKLERIM","datePublished":"2009-12-04T13:58:35+00:00","mainEntityOfPage":{"@id":"https:\/\/narteks.net\/index.php\/2009\/12\/04\/sozcukler-dil-ciceklerim\/"},"wordCount":140,"commentCount":0,"publisher":{"@id":"https:\/\/narteks.net\/#organization"},"articleSection":["Ali Y\u00fcce"],"inLanguage":"tr","potentialAction":[{"@type":"CommentAction","name":"Comment","target":["https:\/\/narteks.net\/index.php\/2009\/12\/04\/sozcukler-dil-ciceklerim\/#respond"]}]},{"@type":"WebPage","@id":"https:\/\/narteks.net\/index.php\/2009\/12\/04\/sozcukler-dil-ciceklerim\/","url":"https:\/\/narteks.net\/index.php\/2009\/12\/04\/sozcukler-dil-ciceklerim\/","name":"SOZCUKLER DIL CICEKLERIM - narteks.net","isPartOf":{"@id":"https:\/\/narteks.net\/#website"},"datePublished":"2009-12-04T13:58:35+00:00","breadcrumb":{"@id":"https:\/\/narteks.net\/index.php\/2009\/12\/04\/sozcukler-dil-ciceklerim\/#breadcrumb"},"inLanguage":"tr","potentialAction":[{"@type":"ReadAction","target":["https:\/\/narteks.net\/index.php\/2009\/12\/04\/sozcukler-dil-ciceklerim\/"]}]},{"@type":"BreadcrumbList","@id":"https:\/\/narteks.net\/index.php\/2009\/12\/04\/sozcukler-dil-ciceklerim\/#breadcrumb","itemListElement":[{"@type":"ListItem","position":1,"name":"Anasayfa","item":"https:\/\/narteks.net\/"},{"@type":"ListItem","position":2,"name":"SOZCUKLER DIL CICEKLERIM"}]},{"@type":"WebSite","@id":"https:\/\/narteks.net\/#website","url":"https:\/\/narteks.net\/","name":"narteks.net","description":"K\u00fclt\u00fcr Sanat Edebiyat Felsefe","publisher":{"@id":"https:\/\/narteks.net\/#organization"},"alternateName":"K\u00fclt\u00fcr Sanat Edebiyat Felsefe","potentialAction":[{"@type":"SearchAction","target":{"@type":"EntryPoint","urlTemplate":"https:\/\/narteks.net\/?s={search_term_string}"},"query-input":{"@type":"PropertyValueSpecification","valueRequired":true,"valueName":"search_term_string"}}],"inLanguage":"tr"},{"@type":"Organization","@id":"https:\/\/narteks.net\/#organization","name":"narteks.net","url":"https:\/\/narteks.net\/","logo":{"@type":"ImageObject","inLanguage":"tr","@id":"https:\/\/narteks.net\/#\/schema\/logo\/image\/","url":"https:\/\/narteks.net\/wp-content\/uploads\/narteks.png","contentUrl":"https:\/\/narteks.net\/wp-content\/uploads\/narteks.png","width":300,"height":90,"caption":"narteks.net"},"image":{"@id":"https:\/\/narteks.net\/#\/schema\/logo\/image\/"},"sameAs":["https:\/\/x.com\/narteks","https:\/\/instagram.com\/narteksnet"]},{"@type":"Person","@id":"https:\/\/narteks.net\/#\/schema\/person\/61f37d9834294b72d31d274e7ed79bca","name":"Tar\u0131k","image":{"@type":"ImageObject","inLanguage":"tr","@id":"https:\/\/narteks.net\/#\/schema\/person\/image\/","url":"https:\/\/secure.gravatar.com\/avatar\/50865afb55632c4ae467e0af0930f6510aa2297d8014be502a55b14f3b7550cf?s=96&d=mm&r=g","contentUrl":"https:\/\/secure.gravatar.com\/avatar\/50865afb55632c4ae467e0af0930f6510aa2297d8014be502a55b14f3b7550cf?s=96&d=mm&r=g","caption":"Tar\u0131k"},"sameAs":["http:\/\/narteks.net"],"url":"https:\/\/narteks.net\/index.php\/author\/narbak\/"}]}},"_links":{"self":[{"href":"https:\/\/narteks.net\/index.php\/wp-json\/wp\/v2\/posts\/1912","targetHints":{"allow":["GET"]}}],"collection":[{"href":"https:\/\/narteks.net\/index.php\/wp-json\/wp\/v2\/posts"}],"about":[{"href":"https:\/\/narteks.net\/index.php\/wp-json\/wp\/v2\/types\/post"}],"author":[{"embeddable":true,"href":"https:\/\/narteks.net\/index.php\/wp-json\/wp\/v2\/users\/1"}],"replies":[{"embeddable":true,"href":"https:\/\/narteks.net\/index.php\/wp-json\/wp\/v2\/comments?post=1912"}],"version-history":[{"count":0,"href":"https:\/\/narteks.net\/index.php\/wp-json\/wp\/v2\/posts\/1912\/revisions"}],"wp:attachment":[{"href":"https:\/\/narteks.net\/index.php\/wp-json\/wp\/v2\/media?parent=1912"}],"wp:term":[{"taxonomy":"category","embeddable":true,"href":"https:\/\/narteks.net\/index.php\/wp-json\/wp\/v2\/categories?post=1912"},{"taxonomy":"post_tag","embeddable":true,"href":"https:\/\/narteks.net\/index.php\/wp-json\/wp\/v2\/tags?post=1912"}],"curies":[{"name":"wp","href":"https:\/\/api.w.org\/{rel}","templated":true}]}}