{"id":1915,"date":"2009-12-04T17:03:37","date_gmt":"2009-12-04T14:03:37","guid":{"rendered":"http:\/\/localhost\/wordpress\/2009\/12\/04\/yaz-3\/"},"modified":"2009-12-04T17:03:37","modified_gmt":"2009-12-04T14:03:37","slug":"yaz-3","status":"publish","type":"post","link":"https:\/\/narteks.net\/index.php\/2009\/12\/04\/yaz-3\/","title":{"rendered":"YAZ"},"content":{"rendered":"<p>\u00a0<\/p>\n<p>Seni seviyorum ve bir \u015fey s\u00f6ylemi\u015f olmuyorum bunu s\u00f6ylemekle <br \/> Ben bu yaz kokusunu bir ba\u015fka zamandan an\u0131ms\u0131yorum <br \/> ben bu yaz tad\u0131n\u0131 biliyorum, terleyen a\u015fk\u0131 <br \/> terleyen kas\u0131klar\u0131 ve \u015fakalar\u0131 biliyorum <\/p>\n<p> kendimi yokluyorum, burnumu \u00e7ekiyorum, yaz ge\u00e7iyor <br \/> Yaz ge\u00e7meyecekmi\u015f gibi, havada as\u0131l\u0131 duran sesler <br \/> Tembelce ula\u015f\u0131yorlar hedeflerine <br \/> Yaz\u0131n derin uykusu, uyu\u015fuklu\u011fun yaz\u0131 <br \/> Ka\u015f\u0131nman\u0131n, uzak iklimlere do\u011fru <\/p>\n<p> Yaz b\u00fcy\u00fck ve ay\u0131p bir \u00e7i\u00e7e\u011fe benziyor <br \/> (Ben bu benzetmeyi an\u0131ms\u0131yorum) <br \/> Dolunay \u00e7\u0131r\u0131l\u00e7\u0131plak <br \/> (Bu benzetmeyi de) <br \/> Yaz, mezar ta\u015flar\u0131 \u0131s\u0131n\u0131yor <br \/> Ve kertenkelelerin kan\u0131 <\/p>\n<p> Sa\u00e7lar\u0131mdan otlar ve kertenkeleler f\u0131\u015fk\u0131r\u0131yor <br \/> Yaz, bak\u0131ms\u0131z bah\u00e7ler <br \/> Bak\u0131ms\u0131z havuzlar <br \/> Yaz g\u00fcnleri dilimde t\u00fcy bitiyor <br \/> Ve a\u015fk\u0131n \u0131s\u0131rgan otu <\/p>\n<p> \u0130pekten s\u00f6zler \u00fcretiyorum, geleceksen gel <br \/> S\u00f6zler yorgun d\u00fc\u015f\u00fcp kal\u0131yor yar\u0131 yolda <br \/> A\u015fk, ve gecenin kadifesine yaz\u0131lan s\u00f6zc\u00fckler <\/p>\n<p> Yaz beni derin yata\u011f\u0131na \u00e7ekiyor <br \/> A\u011fl\u0131yorum ve diriliyorum yeniden <br \/> Yaz bir \u00f6l\u00fcm uykusu ve bir gece d\u00fcrt\u00fcs\u00fcd\u00fcr <br \/> Serin y\u0131ld\u0131zlar ku\u015fand\u0131\u011f\u0131m\u0131z <\/p>\n<p> S\u00f6zc\u00fckler derin sulara bat\u0131p \u00e7\u0131k\u0131yor <br \/> Yaz budur ve roman budur <\/p>\n<p> Yaz beni yaral\u0131yor<\/p>\n<p>Ataol BEHRAMO\u011eLU<\/p>\n","protected":false},"excerpt":{"rendered":"<p>\u00a0 Seni seviyorum ve bir \u015fey s\u00f6ylemi\u015f olmuyorum bunu s\u00f6ylemekle Ben bu yaz kokusunu bir ba\u015fka zamandan an\u0131ms\u0131yorum ben bu yaz tad\u0131n\u0131 biliyorum, terleyen a\u015fk\u0131 terleyen kas\u0131klar\u0131 ve \u015fakalar\u0131 biliyorum kendimi yokluyorum, burnumu \u00e7ekiyorum, yaz ge\u00e7iyor Yaz ge\u00e7meyecekmi\u015f gibi, havada as\u0131l\u0131 duran sesler Tembelce ula\u015f\u0131yorlar hedeflerine Yaz\u0131n derin uykusu, uyu\u015fuklu\u011fun yaz\u0131 Ka\u015f\u0131nman\u0131n, uzak iklimlere do\u011fru [&hellip;]<\/p>\n","protected":false},"author":1,"featured_media":0,"comment_status":"open","ping_status":"open","sticky":false,"template":"","format":"standard","meta":{"footnotes":""},"categories":[10],"tags":[],"class_list":{"0":"post-1915","1":"post","2":"type-post","3":"status-publish","4":"format-standard","6":"category-ataol-behramoglu"},"yoast_head":"<!-- This site is optimized with the Yoast SEO Premium plugin v24.9 (Yoast SEO v24.9) - https:\/\/yoast.com\/wordpress\/plugins\/seo\/ -->\n<title>YAZ - narteks.net<\/title>\n<meta name=\"robots\" content=\"index, follow, max-snippet:-1, max-image-preview:large, max-video-preview:-1\" \/>\n<link rel=\"canonical\" href=\"https:\/\/narteks.net\/index.php\/2009\/12\/04\/yaz-3\/\" \/>\n<meta property=\"og:locale\" content=\"tr_TR\" \/>\n<meta property=\"og:type\" content=\"article\" \/>\n<meta property=\"og:title\" content=\"YAZ\" \/>\n<meta property=\"og:description\" content=\"\u00a0 Seni seviyorum ve bir \u015fey s\u00f6ylemi\u015f olmuyorum bunu s\u00f6ylemekle Ben bu yaz kokusunu bir ba\u015fka zamandan an\u0131ms\u0131yorum ben bu yaz tad\u0131n\u0131 biliyorum, terleyen a\u015fk\u0131 terleyen kas\u0131klar\u0131 ve \u015fakalar\u0131 biliyorum kendimi yokluyorum, burnumu \u00e7ekiyorum, yaz ge\u00e7iyor Yaz ge\u00e7meyecekmi\u015f gibi, havada as\u0131l\u0131 duran sesler Tembelce ula\u015f\u0131yorlar hedeflerine Yaz\u0131n derin uykusu, uyu\u015fuklu\u011fun yaz\u0131 Ka\u015f\u0131nman\u0131n, uzak iklimlere do\u011fru [&hellip;]\" \/>\n<meta property=\"og:url\" content=\"https:\/\/narteks.net\/index.php\/2009\/12\/04\/yaz-3\/\" \/>\n<meta property=\"og:site_name\" content=\"narteks.net\" \/>\n<meta property=\"article:published_time\" content=\"2009-12-04T14:03:37+00:00\" \/>\n<meta property=\"og:image\" content=\"https:\/\/narteks.net\/wp-content\/uploads\/narteks.png\" \/>\n\t<meta property=\"og:image:width\" content=\"300\" \/>\n\t<meta property=\"og:image:height\" content=\"90\" \/>\n\t<meta property=\"og:image:type\" content=\"image\/png\" \/>\n<meta name=\"author\" content=\"Tar\u0131k\" \/>\n<meta name=\"twitter:card\" content=\"summary_large_image\" \/>\n<meta name=\"twitter:creator\" content=\"@narteks\" \/>\n<meta name=\"twitter:site\" content=\"@narteks\" \/>\n<meta name=\"twitter:label1\" content=\"Yazan:\" \/>\n\t<meta name=\"twitter:data1\" content=\"Tar\u0131k\" \/>\n\t<meta name=\"twitter:label2\" content=\"Tahmini okuma s\u00fcresi\" \/>\n\t<meta name=\"twitter:data2\" content=\"1 dakika\" \/>\n<script type=\"application\/ld+json\" class=\"yoast-schema-graph\">{\"@context\":\"https:\/\/schema.org\",\"@graph\":[{\"@type\":\"Article\",\"@id\":\"https:\/\/narteks.net\/index.php\/2009\/12\/04\/yaz-3\/#article\",\"isPartOf\":{\"@id\":\"https:\/\/narteks.net\/index.php\/2009\/12\/04\/yaz-3\/\"},\"author\":{\"name\":\"Tar\u0131k\",\"@id\":\"https:\/\/narteks.net\/#\/schema\/person\/61f37d9834294b72d31d274e7ed79bca\"},\"headline\":\"YAZ\",\"datePublished\":\"2009-12-04T14:03:37+00:00\",\"mainEntityOfPage\":{\"@id\":\"https:\/\/narteks.net\/index.php\/2009\/12\/04\/yaz-3\/\"},\"wordCount\":221,\"commentCount\":0,\"publisher\":{\"@id\":\"https:\/\/narteks.net\/#organization\"},\"articleSection\":[\"Ataol BEHRAMOGLU\"],\"inLanguage\":\"tr\",\"potentialAction\":[{\"@type\":\"CommentAction\",\"name\":\"Comment\",\"target\":[\"https:\/\/narteks.net\/index.php\/2009\/12\/04\/yaz-3\/#respond\"]}]},{\"@type\":\"WebPage\",\"@id\":\"https:\/\/narteks.net\/index.php\/2009\/12\/04\/yaz-3\/\",\"url\":\"https:\/\/narteks.net\/index.php\/2009\/12\/04\/yaz-3\/\",\"name\":\"YAZ - narteks.net\",\"isPartOf\":{\"@id\":\"https:\/\/narteks.net\/#website\"},\"datePublished\":\"2009-12-04T14:03:37+00:00\",\"breadcrumb\":{\"@id\":\"https:\/\/narteks.net\/index.php\/2009\/12\/04\/yaz-3\/#breadcrumb\"},\"inLanguage\":\"tr\",\"potentialAction\":[{\"@type\":\"ReadAction\",\"target\":[\"https:\/\/narteks.net\/index.php\/2009\/12\/04\/yaz-3\/\"]}]},{\"@type\":\"BreadcrumbList\",\"@id\":\"https:\/\/narteks.net\/index.php\/2009\/12\/04\/yaz-3\/#breadcrumb\",\"itemListElement\":[{\"@type\":\"ListItem\",\"position\":1,\"name\":\"Anasayfa\",\"item\":\"https:\/\/narteks.net\/\"},{\"@type\":\"ListItem\",\"position\":2,\"name\":\"YAZ\"}]},{\"@type\":\"WebSite\",\"@id\":\"https:\/\/narteks.net\/#website\",\"url\":\"https:\/\/narteks.net\/\",\"name\":\"narteks.net\",\"description\":\"K\u00fclt\u00fcr Sanat Edebiyat Felsefe\",\"publisher\":{\"@id\":\"https:\/\/narteks.net\/#organization\"},\"alternateName\":\"K\u00fclt\u00fcr Sanat Edebiyat Felsefe\",\"potentialAction\":[{\"@type\":\"SearchAction\",\"target\":{\"@type\":\"EntryPoint\",\"urlTemplate\":\"https:\/\/narteks.net\/?s={search_term_string}\"},\"query-input\":{\"@type\":\"PropertyValueSpecification\",\"valueRequired\":true,\"valueName\":\"search_term_string\"}}],\"inLanguage\":\"tr\"},{\"@type\":\"Organization\",\"@id\":\"https:\/\/narteks.net\/#organization\",\"name\":\"narteks.net\",\"url\":\"https:\/\/narteks.net\/\",\"logo\":{\"@type\":\"ImageObject\",\"inLanguage\":\"tr\",\"@id\":\"https:\/\/narteks.net\/#\/schema\/logo\/image\/\",\"url\":\"https:\/\/narteks.net\/wp-content\/uploads\/narteks.png\",\"contentUrl\":\"https:\/\/narteks.net\/wp-content\/uploads\/narteks.png\",\"width\":300,\"height\":90,\"caption\":\"narteks.net\"},\"image\":{\"@id\":\"https:\/\/narteks.net\/#\/schema\/logo\/image\/\"},\"sameAs\":[\"https:\/\/x.com\/narteks\",\"https:\/\/instagram.com\/narteksnet\"]},{\"@type\":\"Person\",\"@id\":\"https:\/\/narteks.net\/#\/schema\/person\/61f37d9834294b72d31d274e7ed79bca\",\"name\":\"Tar\u0131k\",\"image\":{\"@type\":\"ImageObject\",\"inLanguage\":\"tr\",\"@id\":\"https:\/\/narteks.net\/#\/schema\/person\/image\/\",\"url\":\"https:\/\/secure.gravatar.com\/avatar\/50865afb55632c4ae467e0af0930f6510aa2297d8014be502a55b14f3b7550cf?s=96&d=mm&r=g\",\"contentUrl\":\"https:\/\/secure.gravatar.com\/avatar\/50865afb55632c4ae467e0af0930f6510aa2297d8014be502a55b14f3b7550cf?s=96&d=mm&r=g\",\"caption\":\"Tar\u0131k\"},\"sameAs\":[\"http:\/\/narteks.net\"],\"url\":\"https:\/\/narteks.net\/index.php\/author\/narbak\/\"}]}<\/script>\n<!-- \/ Yoast SEO Premium plugin. -->","yoast_head_json":{"title":"YAZ - narteks.net","robots":{"index":"index","follow":"follow","max-snippet":"max-snippet:-1","max-image-preview":"max-image-preview:large","max-video-preview":"max-video-preview:-1"},"canonical":"https:\/\/narteks.net\/index.php\/2009\/12\/04\/yaz-3\/","og_locale":"tr_TR","og_type":"article","og_title":"YAZ","og_description":"\u00a0 Seni seviyorum ve bir \u015fey s\u00f6ylemi\u015f olmuyorum bunu s\u00f6ylemekle Ben bu yaz kokusunu bir ba\u015fka zamandan an\u0131ms\u0131yorum ben bu yaz tad\u0131n\u0131 biliyorum, terleyen a\u015fk\u0131 terleyen kas\u0131klar\u0131 ve \u015fakalar\u0131 biliyorum kendimi yokluyorum, burnumu \u00e7ekiyorum, yaz ge\u00e7iyor Yaz ge\u00e7meyecekmi\u015f gibi, havada as\u0131l\u0131 duran sesler Tembelce ula\u015f\u0131yorlar hedeflerine Yaz\u0131n derin uykusu, uyu\u015fuklu\u011fun yaz\u0131 Ka\u015f\u0131nman\u0131n, uzak iklimlere do\u011fru [&hellip;]","og_url":"https:\/\/narteks.net\/index.php\/2009\/12\/04\/yaz-3\/","og_site_name":"narteks.net","article_published_time":"2009-12-04T14:03:37+00:00","og_image":[{"width":300,"height":90,"url":"https:\/\/narteks.net\/wp-content\/uploads\/narteks.png","type":"image\/png"}],"author":"Tar\u0131k","twitter_card":"summary_large_image","twitter_creator":"@narteks","twitter_site":"@narteks","twitter_misc":{"Yazan:":"Tar\u0131k","Tahmini okuma s\u00fcresi":"1 dakika"},"schema":{"@context":"https:\/\/schema.org","@graph":[{"@type":"Article","@id":"https:\/\/narteks.net\/index.php\/2009\/12\/04\/yaz-3\/#article","isPartOf":{"@id":"https:\/\/narteks.net\/index.php\/2009\/12\/04\/yaz-3\/"},"author":{"name":"Tar\u0131k","@id":"https:\/\/narteks.net\/#\/schema\/person\/61f37d9834294b72d31d274e7ed79bca"},"headline":"YAZ","datePublished":"2009-12-04T14:03:37+00:00","mainEntityOfPage":{"@id":"https:\/\/narteks.net\/index.php\/2009\/12\/04\/yaz-3\/"},"wordCount":221,"commentCount":0,"publisher":{"@id":"https:\/\/narteks.net\/#organization"},"articleSection":["Ataol BEHRAMOGLU"],"inLanguage":"tr","potentialAction":[{"@type":"CommentAction","name":"Comment","target":["https:\/\/narteks.net\/index.php\/2009\/12\/04\/yaz-3\/#respond"]}]},{"@type":"WebPage","@id":"https:\/\/narteks.net\/index.php\/2009\/12\/04\/yaz-3\/","url":"https:\/\/narteks.net\/index.php\/2009\/12\/04\/yaz-3\/","name":"YAZ - narteks.net","isPartOf":{"@id":"https:\/\/narteks.net\/#website"},"datePublished":"2009-12-04T14:03:37+00:00","breadcrumb":{"@id":"https:\/\/narteks.net\/index.php\/2009\/12\/04\/yaz-3\/#breadcrumb"},"inLanguage":"tr","potentialAction":[{"@type":"ReadAction","target":["https:\/\/narteks.net\/index.php\/2009\/12\/04\/yaz-3\/"]}]},{"@type":"BreadcrumbList","@id":"https:\/\/narteks.net\/index.php\/2009\/12\/04\/yaz-3\/#breadcrumb","itemListElement":[{"@type":"ListItem","position":1,"name":"Anasayfa","item":"https:\/\/narteks.net\/"},{"@type":"ListItem","position":2,"name":"YAZ"}]},{"@type":"WebSite","@id":"https:\/\/narteks.net\/#website","url":"https:\/\/narteks.net\/","name":"narteks.net","description":"K\u00fclt\u00fcr Sanat Edebiyat Felsefe","publisher":{"@id":"https:\/\/narteks.net\/#organization"},"alternateName":"K\u00fclt\u00fcr Sanat Edebiyat Felsefe","potentialAction":[{"@type":"SearchAction","target":{"@type":"EntryPoint","urlTemplate":"https:\/\/narteks.net\/?s={search_term_string}"},"query-input":{"@type":"PropertyValueSpecification","valueRequired":true,"valueName":"search_term_string"}}],"inLanguage":"tr"},{"@type":"Organization","@id":"https:\/\/narteks.net\/#organization","name":"narteks.net","url":"https:\/\/narteks.net\/","logo":{"@type":"ImageObject","inLanguage":"tr","@id":"https:\/\/narteks.net\/#\/schema\/logo\/image\/","url":"https:\/\/narteks.net\/wp-content\/uploads\/narteks.png","contentUrl":"https:\/\/narteks.net\/wp-content\/uploads\/narteks.png","width":300,"height":90,"caption":"narteks.net"},"image":{"@id":"https:\/\/narteks.net\/#\/schema\/logo\/image\/"},"sameAs":["https:\/\/x.com\/narteks","https:\/\/instagram.com\/narteksnet"]},{"@type":"Person","@id":"https:\/\/narteks.net\/#\/schema\/person\/61f37d9834294b72d31d274e7ed79bca","name":"Tar\u0131k","image":{"@type":"ImageObject","inLanguage":"tr","@id":"https:\/\/narteks.net\/#\/schema\/person\/image\/","url":"https:\/\/secure.gravatar.com\/avatar\/50865afb55632c4ae467e0af0930f6510aa2297d8014be502a55b14f3b7550cf?s=96&d=mm&r=g","contentUrl":"https:\/\/secure.gravatar.com\/avatar\/50865afb55632c4ae467e0af0930f6510aa2297d8014be502a55b14f3b7550cf?s=96&d=mm&r=g","caption":"Tar\u0131k"},"sameAs":["http:\/\/narteks.net"],"url":"https:\/\/narteks.net\/index.php\/author\/narbak\/"}]}},"_links":{"self":[{"href":"https:\/\/narteks.net\/index.php\/wp-json\/wp\/v2\/posts\/1915","targetHints":{"allow":["GET"]}}],"collection":[{"href":"https:\/\/narteks.net\/index.php\/wp-json\/wp\/v2\/posts"}],"about":[{"href":"https:\/\/narteks.net\/index.php\/wp-json\/wp\/v2\/types\/post"}],"author":[{"embeddable":true,"href":"https:\/\/narteks.net\/index.php\/wp-json\/wp\/v2\/users\/1"}],"replies":[{"embeddable":true,"href":"https:\/\/narteks.net\/index.php\/wp-json\/wp\/v2\/comments?post=1915"}],"version-history":[{"count":0,"href":"https:\/\/narteks.net\/index.php\/wp-json\/wp\/v2\/posts\/1915\/revisions"}],"wp:attachment":[{"href":"https:\/\/narteks.net\/index.php\/wp-json\/wp\/v2\/media?parent=1915"}],"wp:term":[{"taxonomy":"category","embeddable":true,"href":"https:\/\/narteks.net\/index.php\/wp-json\/wp\/v2\/categories?post=1915"},{"taxonomy":"post_tag","embeddable":true,"href":"https:\/\/narteks.net\/index.php\/wp-json\/wp\/v2\/tags?post=1915"}],"curies":[{"name":"wp","href":"https:\/\/api.w.org\/{rel}","templated":true}]}}