{"id":1917,"date":"2009-12-04T17:05:27","date_gmt":"2009-12-04T14:05:27","guid":{"rendered":"http:\/\/localhost\/wordpress\/2009\/12\/04\/turkiye-uzgun-yurdum-guzel-yurdum\/"},"modified":"2009-12-04T17:05:27","modified_gmt":"2009-12-04T14:05:27","slug":"turkiye-uzgun-yurdum-guzel-yurdum","status":"publish","type":"post","link":"https:\/\/narteks.net\/index.php\/2009\/12\/04\/turkiye-uzgun-yurdum-guzel-yurdum\/","title":{"rendered":"T\u00dcRK\u0130YE; \u00dcZG\u00dcN YURDUM, G\u00dcZEL YURDUM"},"content":{"rendered":"<p>\u00a0<\/p>\n<p>T\u00fcrkiye, \u00fczg\u00fcn yurdum, g\u00fczel yurdum<br \/> Boynu b\u00fck\u00fck ay \u00e7i\u00e7e\u011fi<br \/> \u015eiirin ve a\u015fk\u0131n gelece\u011fi<\/p>\n<p> T\u00fcrkiye, \u00fczg\u00fcn yurdum, g\u00fczel yurdum<br \/> Da\u011f r\u00fczgar\u0131, portakal bal\u0131<br \/> Al\u00e7ak g\u00f6n\u00fcll\u00fc, h\u00fcnerli, sevdal\u0131<\/p>\n<p> T\u00fcrkiye, \u00fczg\u00fcn yurdum, g\u00fczel yurdum<br \/> Yazg\u0131s\u0131 kara yaz\u0131lm\u0131\u015f gelin<br \/> Kurumu\u015f s\u00fct\u00fc memelerinin<\/p>\n<p> T\u00fcrkiye, \u00fczg\u00fcn yurdum, g\u00fczel yurdum<br \/> Harl\u0131 bir ate\u015f gibi derinde yanan<br \/> Haramilerin elinde bulunan<\/p>\n<p> T\u00fcrkiye, \u00fczg\u00fcn yurdum, g\u00fczel yurdum<br \/> G\u00fcng\u00f6rm\u00fc\u015f, bilge topra\u011f\u0131m<br \/> Yunus, Pir Sultan ve Naz\u0131m<\/p>\n<p> T\u00fcrkiye, \u00fczg\u00fcn yurdum, g\u00fczel yurdum<br \/> Bozlat, a\u011f\u0131t, halay ve zeybek<br \/> Duman\u0131 \u00fcst\u00fcnde ekmek<\/p>\n<p> T\u00fcrkiye, \u00fczg\u00fcn yurdum, g\u00fczel yurdum<br \/> Y\u00fcz\u00fc k\u0131r\u0131\u015f k\u0131r\u0131\u015f anam<br \/> A\u011flayan nar\u0131m, g\u00fclen ayvam<\/p>\n<p> T\u00fcrkiye, \u00fczg\u00fcn yurdum, g\u00fczel yurdum<br \/> Asmalar\u0131n \u00fcst\u00fcnde g\u00fcn \u0131\u015f\u0131\u011f\u0131<br \/> En g\u00fczel gelece\u011fin yak\u0131\u015f\u0131\u011f\u0131<\/p>\n<p> T\u00fcrkiye, \u00fczg\u00fcn yurdum, g\u00fczel yurdum<br \/> Zinciri alt\u0131nda k\u0131m\u0131ldayan<br \/> Bitecek san\u0131ld\u0131\u011f\u0131 yerde ba\u015flayan<\/p>\n<p>Ataol BEHRAMO\u011eLU<\/p>\n","protected":false},"excerpt":{"rendered":"<p>\u00a0 T\u00fcrkiye, \u00fczg\u00fcn yurdum, g\u00fczel yurdum Boynu b\u00fck\u00fck ay \u00e7i\u00e7e\u011fi \u015eiirin ve a\u015fk\u0131n gelece\u011fi T\u00fcrkiye, \u00fczg\u00fcn yurdum, g\u00fczel yurdum Da\u011f r\u00fczgar\u0131, portakal bal\u0131 Al\u00e7ak g\u00f6n\u00fcll\u00fc, h\u00fcnerli, sevdal\u0131 T\u00fcrkiye, \u00fczg\u00fcn yurdum, g\u00fczel yurdum Yazg\u0131s\u0131 kara yaz\u0131lm\u0131\u015f gelin Kurumu\u015f s\u00fct\u00fc memelerinin T\u00fcrkiye, \u00fczg\u00fcn yurdum, g\u00fczel yurdum Harl\u0131 bir ate\u015f gibi derinde yanan Haramilerin elinde bulunan T\u00fcrkiye, \u00fczg\u00fcn [&hellip;]<\/p>\n","protected":false},"author":1,"featured_media":0,"comment_status":"open","ping_status":"open","sticky":false,"template":"","format":"standard","meta":{"footnotes":""},"categories":[10],"tags":[],"class_list":{"0":"post-1917","1":"post","2":"type-post","3":"status-publish","4":"format-standard","6":"category-ataol-behramoglu"},"yoast_head":"<!-- This site is optimized with the Yoast SEO Premium plugin v24.9 (Yoast SEO v24.9) - https:\/\/yoast.com\/wordpress\/plugins\/seo\/ -->\n<title>T\u00dcRK\u0130YE; \u00dcZG\u00dcN YURDUM, G\u00dcZEL YURDUM - narteks.net<\/title>\n<meta name=\"robots\" content=\"index, follow, max-snippet:-1, max-image-preview:large, max-video-preview:-1\" \/>\n<link rel=\"canonical\" href=\"https:\/\/narteks.net\/index.php\/2009\/12\/04\/turkiye-uzgun-yurdum-guzel-yurdum\/\" \/>\n<meta property=\"og:locale\" content=\"tr_TR\" \/>\n<meta property=\"og:type\" content=\"article\" \/>\n<meta property=\"og:title\" content=\"T\u00dcRK\u0130YE; \u00dcZG\u00dcN YURDUM, G\u00dcZEL YURDUM\" \/>\n<meta property=\"og:description\" content=\"\u00a0 T\u00fcrkiye, \u00fczg\u00fcn yurdum, g\u00fczel yurdum Boynu b\u00fck\u00fck ay \u00e7i\u00e7e\u011fi \u015eiirin ve a\u015fk\u0131n gelece\u011fi T\u00fcrkiye, \u00fczg\u00fcn yurdum, g\u00fczel yurdum Da\u011f r\u00fczgar\u0131, portakal bal\u0131 Al\u00e7ak g\u00f6n\u00fcll\u00fc, h\u00fcnerli, sevdal\u0131 T\u00fcrkiye, \u00fczg\u00fcn yurdum, g\u00fczel yurdum Yazg\u0131s\u0131 kara yaz\u0131lm\u0131\u015f gelin Kurumu\u015f s\u00fct\u00fc memelerinin T\u00fcrkiye, \u00fczg\u00fcn yurdum, g\u00fczel yurdum Harl\u0131 bir ate\u015f gibi derinde yanan Haramilerin elinde bulunan T\u00fcrkiye, \u00fczg\u00fcn [&hellip;]\" \/>\n<meta property=\"og:url\" content=\"https:\/\/narteks.net\/index.php\/2009\/12\/04\/turkiye-uzgun-yurdum-guzel-yurdum\/\" \/>\n<meta property=\"og:site_name\" content=\"narteks.net\" \/>\n<meta property=\"article:published_time\" content=\"2009-12-04T14:05:27+00:00\" \/>\n<meta property=\"og:image\" content=\"https:\/\/narteks.net\/wp-content\/uploads\/narteks.png\" \/>\n\t<meta property=\"og:image:width\" content=\"300\" \/>\n\t<meta property=\"og:image:height\" content=\"90\" \/>\n\t<meta property=\"og:image:type\" content=\"image\/png\" \/>\n<meta name=\"author\" content=\"Tar\u0131k\" \/>\n<meta name=\"twitter:card\" content=\"summary_large_image\" \/>\n<meta name=\"twitter:creator\" content=\"@narteks\" \/>\n<meta name=\"twitter:site\" content=\"@narteks\" \/>\n<meta name=\"twitter:label1\" content=\"Yazan:\" \/>\n\t<meta name=\"twitter:data1\" content=\"Tar\u0131k\" \/>\n\t<meta name=\"twitter:label2\" content=\"Tahmini okuma s\u00fcresi\" \/>\n\t<meta name=\"twitter:data2\" content=\"1 dakika\" \/>\n<script type=\"application\/ld+json\" class=\"yoast-schema-graph\">{\"@context\":\"https:\/\/schema.org\",\"@graph\":[{\"@type\":\"Article\",\"@id\":\"https:\/\/narteks.net\/index.php\/2009\/12\/04\/turkiye-uzgun-yurdum-guzel-yurdum\/#article\",\"isPartOf\":{\"@id\":\"https:\/\/narteks.net\/index.php\/2009\/12\/04\/turkiye-uzgun-yurdum-guzel-yurdum\/\"},\"author\":{\"name\":\"Tar\u0131k\",\"@id\":\"https:\/\/narteks.net\/#\/schema\/person\/61f37d9834294b72d31d274e7ed79bca\"},\"headline\":\"T\u00dcRK\u0130YE; \u00dcZG\u00dcN YURDUM, G\u00dcZEL YURDUM\",\"datePublished\":\"2009-12-04T14:05:27+00:00\",\"mainEntityOfPage\":{\"@id\":\"https:\/\/narteks.net\/index.php\/2009\/12\/04\/turkiye-uzgun-yurdum-guzel-yurdum\/\"},\"wordCount\":191,\"commentCount\":0,\"publisher\":{\"@id\":\"https:\/\/narteks.net\/#organization\"},\"articleSection\":[\"Ataol BEHRAMOGLU\"],\"inLanguage\":\"tr\",\"potentialAction\":[{\"@type\":\"CommentAction\",\"name\":\"Comment\",\"target\":[\"https:\/\/narteks.net\/index.php\/2009\/12\/04\/turkiye-uzgun-yurdum-guzel-yurdum\/#respond\"]}]},{\"@type\":\"WebPage\",\"@id\":\"https:\/\/narteks.net\/index.php\/2009\/12\/04\/turkiye-uzgun-yurdum-guzel-yurdum\/\",\"url\":\"https:\/\/narteks.net\/index.php\/2009\/12\/04\/turkiye-uzgun-yurdum-guzel-yurdum\/\",\"name\":\"T\u00dcRK\u0130YE; \u00dcZG\u00dcN YURDUM, G\u00dcZEL YURDUM - narteks.net\",\"isPartOf\":{\"@id\":\"https:\/\/narteks.net\/#website\"},\"datePublished\":\"2009-12-04T14:05:27+00:00\",\"breadcrumb\":{\"@id\":\"https:\/\/narteks.net\/index.php\/2009\/12\/04\/turkiye-uzgun-yurdum-guzel-yurdum\/#breadcrumb\"},\"inLanguage\":\"tr\",\"potentialAction\":[{\"@type\":\"ReadAction\",\"target\":[\"https:\/\/narteks.net\/index.php\/2009\/12\/04\/turkiye-uzgun-yurdum-guzel-yurdum\/\"]}]},{\"@type\":\"BreadcrumbList\",\"@id\":\"https:\/\/narteks.net\/index.php\/2009\/12\/04\/turkiye-uzgun-yurdum-guzel-yurdum\/#breadcrumb\",\"itemListElement\":[{\"@type\":\"ListItem\",\"position\":1,\"name\":\"Anasayfa\",\"item\":\"https:\/\/narteks.net\/\"},{\"@type\":\"ListItem\",\"position\":2,\"name\":\"T\u00dcRK\u0130YE; \u00dcZG\u00dcN YURDUM, G\u00dcZEL YURDUM\"}]},{\"@type\":\"WebSite\",\"@id\":\"https:\/\/narteks.net\/#website\",\"url\":\"https:\/\/narteks.net\/\",\"name\":\"narteks.net\",\"description\":\"K\u00fclt\u00fcr Sanat Edebiyat Felsefe\",\"publisher\":{\"@id\":\"https:\/\/narteks.net\/#organization\"},\"alternateName\":\"K\u00fclt\u00fcr Sanat Edebiyat Felsefe\",\"potentialAction\":[{\"@type\":\"SearchAction\",\"target\":{\"@type\":\"EntryPoint\",\"urlTemplate\":\"https:\/\/narteks.net\/?s={search_term_string}\"},\"query-input\":{\"@type\":\"PropertyValueSpecification\",\"valueRequired\":true,\"valueName\":\"search_term_string\"}}],\"inLanguage\":\"tr\"},{\"@type\":\"Organization\",\"@id\":\"https:\/\/narteks.net\/#organization\",\"name\":\"narteks.net\",\"url\":\"https:\/\/narteks.net\/\",\"logo\":{\"@type\":\"ImageObject\",\"inLanguage\":\"tr\",\"@id\":\"https:\/\/narteks.net\/#\/schema\/logo\/image\/\",\"url\":\"https:\/\/narteks.net\/wp-content\/uploads\/narteks.png\",\"contentUrl\":\"https:\/\/narteks.net\/wp-content\/uploads\/narteks.png\",\"width\":300,\"height\":90,\"caption\":\"narteks.net\"},\"image\":{\"@id\":\"https:\/\/narteks.net\/#\/schema\/logo\/image\/\"},\"sameAs\":[\"https:\/\/x.com\/narteks\",\"https:\/\/instagram.com\/narteksnet\"]},{\"@type\":\"Person\",\"@id\":\"https:\/\/narteks.net\/#\/schema\/person\/61f37d9834294b72d31d274e7ed79bca\",\"name\":\"Tar\u0131k\",\"image\":{\"@type\":\"ImageObject\",\"inLanguage\":\"tr\",\"@id\":\"https:\/\/narteks.net\/#\/schema\/person\/image\/\",\"url\":\"https:\/\/secure.gravatar.com\/avatar\/50865afb55632c4ae467e0af0930f6510aa2297d8014be502a55b14f3b7550cf?s=96&d=mm&r=g\",\"contentUrl\":\"https:\/\/secure.gravatar.com\/avatar\/50865afb55632c4ae467e0af0930f6510aa2297d8014be502a55b14f3b7550cf?s=96&d=mm&r=g\",\"caption\":\"Tar\u0131k\"},\"sameAs\":[\"http:\/\/narteks.net\"],\"url\":\"https:\/\/narteks.net\/index.php\/author\/narbak\/\"}]}<\/script>\n<!-- \/ Yoast SEO Premium plugin. -->","yoast_head_json":{"title":"T\u00dcRK\u0130YE; \u00dcZG\u00dcN YURDUM, G\u00dcZEL YURDUM - narteks.net","robots":{"index":"index","follow":"follow","max-snippet":"max-snippet:-1","max-image-preview":"max-image-preview:large","max-video-preview":"max-video-preview:-1"},"canonical":"https:\/\/narteks.net\/index.php\/2009\/12\/04\/turkiye-uzgun-yurdum-guzel-yurdum\/","og_locale":"tr_TR","og_type":"article","og_title":"T\u00dcRK\u0130YE; \u00dcZG\u00dcN YURDUM, G\u00dcZEL YURDUM","og_description":"\u00a0 T\u00fcrkiye, \u00fczg\u00fcn yurdum, g\u00fczel yurdum Boynu b\u00fck\u00fck ay \u00e7i\u00e7e\u011fi \u015eiirin ve a\u015fk\u0131n gelece\u011fi T\u00fcrkiye, \u00fczg\u00fcn yurdum, g\u00fczel yurdum Da\u011f r\u00fczgar\u0131, portakal bal\u0131 Al\u00e7ak g\u00f6n\u00fcll\u00fc, h\u00fcnerli, sevdal\u0131 T\u00fcrkiye, \u00fczg\u00fcn yurdum, g\u00fczel yurdum Yazg\u0131s\u0131 kara yaz\u0131lm\u0131\u015f gelin Kurumu\u015f s\u00fct\u00fc memelerinin T\u00fcrkiye, \u00fczg\u00fcn yurdum, g\u00fczel yurdum Harl\u0131 bir ate\u015f gibi derinde yanan Haramilerin elinde bulunan T\u00fcrkiye, \u00fczg\u00fcn [&hellip;]","og_url":"https:\/\/narteks.net\/index.php\/2009\/12\/04\/turkiye-uzgun-yurdum-guzel-yurdum\/","og_site_name":"narteks.net","article_published_time":"2009-12-04T14:05:27+00:00","og_image":[{"width":300,"height":90,"url":"https:\/\/narteks.net\/wp-content\/uploads\/narteks.png","type":"image\/png"}],"author":"Tar\u0131k","twitter_card":"summary_large_image","twitter_creator":"@narteks","twitter_site":"@narteks","twitter_misc":{"Yazan:":"Tar\u0131k","Tahmini okuma s\u00fcresi":"1 dakika"},"schema":{"@context":"https:\/\/schema.org","@graph":[{"@type":"Article","@id":"https:\/\/narteks.net\/index.php\/2009\/12\/04\/turkiye-uzgun-yurdum-guzel-yurdum\/#article","isPartOf":{"@id":"https:\/\/narteks.net\/index.php\/2009\/12\/04\/turkiye-uzgun-yurdum-guzel-yurdum\/"},"author":{"name":"Tar\u0131k","@id":"https:\/\/narteks.net\/#\/schema\/person\/61f37d9834294b72d31d274e7ed79bca"},"headline":"T\u00dcRK\u0130YE; \u00dcZG\u00dcN YURDUM, G\u00dcZEL YURDUM","datePublished":"2009-12-04T14:05:27+00:00","mainEntityOfPage":{"@id":"https:\/\/narteks.net\/index.php\/2009\/12\/04\/turkiye-uzgun-yurdum-guzel-yurdum\/"},"wordCount":191,"commentCount":0,"publisher":{"@id":"https:\/\/narteks.net\/#organization"},"articleSection":["Ataol BEHRAMOGLU"],"inLanguage":"tr","potentialAction":[{"@type":"CommentAction","name":"Comment","target":["https:\/\/narteks.net\/index.php\/2009\/12\/04\/turkiye-uzgun-yurdum-guzel-yurdum\/#respond"]}]},{"@type":"WebPage","@id":"https:\/\/narteks.net\/index.php\/2009\/12\/04\/turkiye-uzgun-yurdum-guzel-yurdum\/","url":"https:\/\/narteks.net\/index.php\/2009\/12\/04\/turkiye-uzgun-yurdum-guzel-yurdum\/","name":"T\u00dcRK\u0130YE; \u00dcZG\u00dcN YURDUM, G\u00dcZEL YURDUM - narteks.net","isPartOf":{"@id":"https:\/\/narteks.net\/#website"},"datePublished":"2009-12-04T14:05:27+00:00","breadcrumb":{"@id":"https:\/\/narteks.net\/index.php\/2009\/12\/04\/turkiye-uzgun-yurdum-guzel-yurdum\/#breadcrumb"},"inLanguage":"tr","potentialAction":[{"@type":"ReadAction","target":["https:\/\/narteks.net\/index.php\/2009\/12\/04\/turkiye-uzgun-yurdum-guzel-yurdum\/"]}]},{"@type":"BreadcrumbList","@id":"https:\/\/narteks.net\/index.php\/2009\/12\/04\/turkiye-uzgun-yurdum-guzel-yurdum\/#breadcrumb","itemListElement":[{"@type":"ListItem","position":1,"name":"Anasayfa","item":"https:\/\/narteks.net\/"},{"@type":"ListItem","position":2,"name":"T\u00dcRK\u0130YE; \u00dcZG\u00dcN YURDUM, G\u00dcZEL YURDUM"}]},{"@type":"WebSite","@id":"https:\/\/narteks.net\/#website","url":"https:\/\/narteks.net\/","name":"narteks.net","description":"K\u00fclt\u00fcr Sanat Edebiyat Felsefe","publisher":{"@id":"https:\/\/narteks.net\/#organization"},"alternateName":"K\u00fclt\u00fcr Sanat Edebiyat Felsefe","potentialAction":[{"@type":"SearchAction","target":{"@type":"EntryPoint","urlTemplate":"https:\/\/narteks.net\/?s={search_term_string}"},"query-input":{"@type":"PropertyValueSpecification","valueRequired":true,"valueName":"search_term_string"}}],"inLanguage":"tr"},{"@type":"Organization","@id":"https:\/\/narteks.net\/#organization","name":"narteks.net","url":"https:\/\/narteks.net\/","logo":{"@type":"ImageObject","inLanguage":"tr","@id":"https:\/\/narteks.net\/#\/schema\/logo\/image\/","url":"https:\/\/narteks.net\/wp-content\/uploads\/narteks.png","contentUrl":"https:\/\/narteks.net\/wp-content\/uploads\/narteks.png","width":300,"height":90,"caption":"narteks.net"},"image":{"@id":"https:\/\/narteks.net\/#\/schema\/logo\/image\/"},"sameAs":["https:\/\/x.com\/narteks","https:\/\/instagram.com\/narteksnet"]},{"@type":"Person","@id":"https:\/\/narteks.net\/#\/schema\/person\/61f37d9834294b72d31d274e7ed79bca","name":"Tar\u0131k","image":{"@type":"ImageObject","inLanguage":"tr","@id":"https:\/\/narteks.net\/#\/schema\/person\/image\/","url":"https:\/\/secure.gravatar.com\/avatar\/50865afb55632c4ae467e0af0930f6510aa2297d8014be502a55b14f3b7550cf?s=96&d=mm&r=g","contentUrl":"https:\/\/secure.gravatar.com\/avatar\/50865afb55632c4ae467e0af0930f6510aa2297d8014be502a55b14f3b7550cf?s=96&d=mm&r=g","caption":"Tar\u0131k"},"sameAs":["http:\/\/narteks.net"],"url":"https:\/\/narteks.net\/index.php\/author\/narbak\/"}]}},"_links":{"self":[{"href":"https:\/\/narteks.net\/index.php\/wp-json\/wp\/v2\/posts\/1917","targetHints":{"allow":["GET"]}}],"collection":[{"href":"https:\/\/narteks.net\/index.php\/wp-json\/wp\/v2\/posts"}],"about":[{"href":"https:\/\/narteks.net\/index.php\/wp-json\/wp\/v2\/types\/post"}],"author":[{"embeddable":true,"href":"https:\/\/narteks.net\/index.php\/wp-json\/wp\/v2\/users\/1"}],"replies":[{"embeddable":true,"href":"https:\/\/narteks.net\/index.php\/wp-json\/wp\/v2\/comments?post=1917"}],"version-history":[{"count":0,"href":"https:\/\/narteks.net\/index.php\/wp-json\/wp\/v2\/posts\/1917\/revisions"}],"wp:attachment":[{"href":"https:\/\/narteks.net\/index.php\/wp-json\/wp\/v2\/media?parent=1917"}],"wp:term":[{"taxonomy":"category","embeddable":true,"href":"https:\/\/narteks.net\/index.php\/wp-json\/wp\/v2\/categories?post=1917"},{"taxonomy":"post_tag","embeddable":true,"href":"https:\/\/narteks.net\/index.php\/wp-json\/wp\/v2\/tags?post=1917"}],"curies":[{"name":"wp","href":"https:\/\/api.w.org\/{rel}","templated":true}]}}