{"id":192,"date":"2009-02-27T16:46:13","date_gmt":"2009-02-27T13:46:13","guid":{"rendered":"http:\/\/localhost\/wordpress\/2009\/02\/27\/ali-yuce-biyografisi\/"},"modified":"2009-02-27T16:46:13","modified_gmt":"2009-02-27T13:46:13","slug":"ali-yuce-biyografisi","status":"publish","type":"post","link":"https:\/\/narteks.net\/index.php\/2009\/02\/27\/ali-yuce-biyografisi\/","title":{"rendered":"Ali Y\u00dcCE Biyografisi"},"content":{"rendered":"<p><img decoding=\"async\" src=\"http:\/\/i41.tinypic.com\/o761kk.jpg\" border=\"0\" \/><\/p>\n<p>AL\u0130 Y\u00dcCE<\/p>\n<p style=\"text-align: justify;\">1928 yilinda Hatay\u2019in Yayladag il\u00e7esi Hisarcik k\u00f6y\u00fcnde dogdu. D\u00fczi\u00e7i K\u00f6y Enstit\u00fcs\u00fc\u2019n\u00fc bitirdikten sonra Anadolu\u2019nun \u00e7e\u015fitli k\u00f6ylerinde ilkokul \u00f6gretmenligi yapti. Gazi Egitim Enstit\u00fcs\u00fc Ingilizce B\u00f6l\u00fcm\u00fc\u2019n\u00fc yeterlik sinavlarini di\u015fardan vererek diploma aldi. \u00c7e\u015fitli liselerde Ingilizce \u00f6gretmenligiyle egitim alanindaki hizmetini s\u00fcrd\u00fcrd\u00fc. Ilk \u015fiiri 1956\u2019da Y\u00fccel dergisinde yayimlandi. Daha sonraki \u015fiirleri Yeditepe, T\u00fcrk Dili, Soyut, Sanat Rehberi dergilerinde \u00e7ikti. Ya\u015fadigi \u00e7evreyi, toplumsal sorunlari yer yer ta\u015flamaya y\u00f6nelerek yergi ve ele\u015ftirinin agir bastigi toplumcu \u015fiirleriyle tanindi.<\/p>\n<p style=\"text-align: justify;\">\u00a0<\/p>\n<p style=\"text-align: justify;\"><strong>Ali Y\u00dcCE \u015fiirlerini sitemizde bulabilirsiniz<\/strong><\/p>\n","protected":false},"excerpt":{"rendered":"<p>AL\u0130 Y\u00dcCE 1928 yilinda Hatay\u2019in Yayladag il\u00e7esi Hisarcik k\u00f6y\u00fcnde dogdu. D\u00fczi\u00e7i K\u00f6y Enstit\u00fcs\u00fc\u2019n\u00fc bitirdikten sonra Anadolu\u2019nun \u00e7e\u015fitli k\u00f6ylerinde ilkokul \u00f6gretmenligi yapti. Gazi Egitim Enstit\u00fcs\u00fc Ingilizce B\u00f6l\u00fcm\u00fc\u2019n\u00fc yeterlik sinavlarini di\u015fardan vererek diploma aldi. \u00c7e\u015fitli liselerde Ingilizce \u00f6gretmenligiyle egitim alanindaki hizmetini s\u00fcrd\u00fcrd\u00fc. Ilk \u015fiiri 1956\u2019da Y\u00fccel dergisinde yayimlandi. Daha sonraki \u015fiirleri Yeditepe, T\u00fcrk Dili, Soyut, Sanat Rehberi [&hellip;]<\/p>\n","protected":false},"author":1,"featured_media":0,"comment_status":"open","ping_status":"open","sticky":false,"template":"","format":"standard","meta":{"footnotes":""},"categories":[4],"tags":[],"class_list":{"0":"post-192","1":"post","2":"type-post","3":"status-publish","4":"format-standard","6":"category-ali-yuce"},"yoast_head":"<!-- This site is optimized with the Yoast SEO Premium plugin v24.9 (Yoast SEO v24.9) - https:\/\/yoast.com\/wordpress\/plugins\/seo\/ -->\n<title>Ali Y\u00dcCE Biyografisi - narteks.net<\/title>\n<meta name=\"robots\" content=\"index, follow, max-snippet:-1, max-image-preview:large, max-video-preview:-1\" \/>\n<link rel=\"canonical\" href=\"https:\/\/narteks.net\/index.php\/2009\/02\/27\/ali-yuce-biyografisi\/\" \/>\n<meta property=\"og:locale\" content=\"tr_TR\" \/>\n<meta property=\"og:type\" content=\"article\" \/>\n<meta property=\"og:title\" content=\"Ali Y\u00dcCE Biyografisi\" \/>\n<meta property=\"og:description\" content=\"AL\u0130 Y\u00dcCE 1928 yilinda Hatay\u2019in Yayladag il\u00e7esi Hisarcik k\u00f6y\u00fcnde dogdu. D\u00fczi\u00e7i K\u00f6y Enstit\u00fcs\u00fc\u2019n\u00fc bitirdikten sonra Anadolu\u2019nun \u00e7e\u015fitli k\u00f6ylerinde ilkokul \u00f6gretmenligi yapti. Gazi Egitim Enstit\u00fcs\u00fc Ingilizce B\u00f6l\u00fcm\u00fc\u2019n\u00fc yeterlik sinavlarini di\u015fardan vererek diploma aldi. \u00c7e\u015fitli liselerde Ingilizce \u00f6gretmenligiyle egitim alanindaki hizmetini s\u00fcrd\u00fcrd\u00fc. Ilk \u015fiiri 1956\u2019da Y\u00fccel dergisinde yayimlandi. Daha sonraki \u015fiirleri Yeditepe, T\u00fcrk Dili, Soyut, Sanat Rehberi [&hellip;]\" \/>\n<meta property=\"og:url\" content=\"https:\/\/narteks.net\/index.php\/2009\/02\/27\/ali-yuce-biyografisi\/\" \/>\n<meta property=\"og:site_name\" content=\"narteks.net\" \/>\n<meta property=\"article:published_time\" content=\"2009-02-27T13:46:13+00:00\" \/>\n<meta property=\"og:image\" content=\"http:\/\/i41.tinypic.com\/o761kk.jpg\" \/>\n<meta name=\"author\" content=\"Tar\u0131k\" \/>\n<meta name=\"twitter:card\" content=\"summary_large_image\" \/>\n<meta name=\"twitter:creator\" content=\"@narteks\" \/>\n<meta name=\"twitter:site\" content=\"@narteks\" \/>\n<meta name=\"twitter:label1\" content=\"Yazan:\" \/>\n\t<meta name=\"twitter:data1\" content=\"Tar\u0131k\" \/>\n\t<meta name=\"twitter:label2\" content=\"Tahmini okuma s\u00fcresi\" \/>\n\t<meta name=\"twitter:data2\" content=\"1 dakika\" \/>\n<script type=\"application\/ld+json\" class=\"yoast-schema-graph\">{\"@context\":\"https:\/\/schema.org\",\"@graph\":[{\"@type\":\"Article\",\"@id\":\"https:\/\/narteks.net\/index.php\/2009\/02\/27\/ali-yuce-biyografisi\/#article\",\"isPartOf\":{\"@id\":\"https:\/\/narteks.net\/index.php\/2009\/02\/27\/ali-yuce-biyografisi\/\"},\"author\":{\"name\":\"Tar\u0131k\",\"@id\":\"https:\/\/narteks.net\/#\/schema\/person\/61f37d9834294b72d31d274e7ed79bca\"},\"headline\":\"Ali Y\u00dcCE Biyografisi\",\"datePublished\":\"2009-02-27T13:46:13+00:00\",\"mainEntityOfPage\":{\"@id\":\"https:\/\/narteks.net\/index.php\/2009\/02\/27\/ali-yuce-biyografisi\/\"},\"wordCount\":109,\"commentCount\":0,\"publisher\":{\"@id\":\"https:\/\/narteks.net\/#organization\"},\"image\":{\"@id\":\"https:\/\/narteks.net\/index.php\/2009\/02\/27\/ali-yuce-biyografisi\/#primaryimage\"},\"thumbnailUrl\":\"http:\/\/i41.tinypic.com\/o761kk.jpg\",\"articleSection\":[\"Ali Y\u00fcce\"],\"inLanguage\":\"tr\",\"potentialAction\":[{\"@type\":\"CommentAction\",\"name\":\"Comment\",\"target\":[\"https:\/\/narteks.net\/index.php\/2009\/02\/27\/ali-yuce-biyografisi\/#respond\"]}]},{\"@type\":\"WebPage\",\"@id\":\"https:\/\/narteks.net\/index.php\/2009\/02\/27\/ali-yuce-biyografisi\/\",\"url\":\"https:\/\/narteks.net\/index.php\/2009\/02\/27\/ali-yuce-biyografisi\/\",\"name\":\"Ali Y\u00dcCE Biyografisi - narteks.net\",\"isPartOf\":{\"@id\":\"https:\/\/narteks.net\/#website\"},\"primaryImageOfPage\":{\"@id\":\"https:\/\/narteks.net\/index.php\/2009\/02\/27\/ali-yuce-biyografisi\/#primaryimage\"},\"image\":{\"@id\":\"https:\/\/narteks.net\/index.php\/2009\/02\/27\/ali-yuce-biyografisi\/#primaryimage\"},\"thumbnailUrl\":\"http:\/\/i41.tinypic.com\/o761kk.jpg\",\"datePublished\":\"2009-02-27T13:46:13+00:00\",\"breadcrumb\":{\"@id\":\"https:\/\/narteks.net\/index.php\/2009\/02\/27\/ali-yuce-biyografisi\/#breadcrumb\"},\"inLanguage\":\"tr\",\"potentialAction\":[{\"@type\":\"ReadAction\",\"target\":[\"https:\/\/narteks.net\/index.php\/2009\/02\/27\/ali-yuce-biyografisi\/\"]}]},{\"@type\":\"ImageObject\",\"inLanguage\":\"tr\",\"@id\":\"https:\/\/narteks.net\/index.php\/2009\/02\/27\/ali-yuce-biyografisi\/#primaryimage\",\"url\":\"http:\/\/i41.tinypic.com\/o761kk.jpg\",\"contentUrl\":\"http:\/\/i41.tinypic.com\/o761kk.jpg\"},{\"@type\":\"BreadcrumbList\",\"@id\":\"https:\/\/narteks.net\/index.php\/2009\/02\/27\/ali-yuce-biyografisi\/#breadcrumb\",\"itemListElement\":[{\"@type\":\"ListItem\",\"position\":1,\"name\":\"Anasayfa\",\"item\":\"https:\/\/narteks.net\/\"},{\"@type\":\"ListItem\",\"position\":2,\"name\":\"Ali Y\u00dcCE Biyografisi\"}]},{\"@type\":\"WebSite\",\"@id\":\"https:\/\/narteks.net\/#website\",\"url\":\"https:\/\/narteks.net\/\",\"name\":\"narteks.net\",\"description\":\"K\u00fclt\u00fcr Sanat Edebiyat Felsefe\",\"publisher\":{\"@id\":\"https:\/\/narteks.net\/#organization\"},\"alternateName\":\"K\u00fclt\u00fcr Sanat Edebiyat Felsefe\",\"potentialAction\":[{\"@type\":\"SearchAction\",\"target\":{\"@type\":\"EntryPoint\",\"urlTemplate\":\"https:\/\/narteks.net\/?s={search_term_string}\"},\"query-input\":{\"@type\":\"PropertyValueSpecification\",\"valueRequired\":true,\"valueName\":\"search_term_string\"}}],\"inLanguage\":\"tr\"},{\"@type\":\"Organization\",\"@id\":\"https:\/\/narteks.net\/#organization\",\"name\":\"narteks.net\",\"url\":\"https:\/\/narteks.net\/\",\"logo\":{\"@type\":\"ImageObject\",\"inLanguage\":\"tr\",\"@id\":\"https:\/\/narteks.net\/#\/schema\/logo\/image\/\",\"url\":\"https:\/\/narteks.net\/wp-content\/uploads\/narteks.png\",\"contentUrl\":\"https:\/\/narteks.net\/wp-content\/uploads\/narteks.png\",\"width\":300,\"height\":90,\"caption\":\"narteks.net\"},\"image\":{\"@id\":\"https:\/\/narteks.net\/#\/schema\/logo\/image\/\"},\"sameAs\":[\"https:\/\/x.com\/narteks\",\"https:\/\/instagram.com\/narteksnet\"]},{\"@type\":\"Person\",\"@id\":\"https:\/\/narteks.net\/#\/schema\/person\/61f37d9834294b72d31d274e7ed79bca\",\"name\":\"Tar\u0131k\",\"image\":{\"@type\":\"ImageObject\",\"inLanguage\":\"tr\",\"@id\":\"https:\/\/narteks.net\/#\/schema\/person\/image\/\",\"url\":\"https:\/\/secure.gravatar.com\/avatar\/50865afb55632c4ae467e0af0930f6510aa2297d8014be502a55b14f3b7550cf?s=96&d=mm&r=g\",\"contentUrl\":\"https:\/\/secure.gravatar.com\/avatar\/50865afb55632c4ae467e0af0930f6510aa2297d8014be502a55b14f3b7550cf?s=96&d=mm&r=g\",\"caption\":\"Tar\u0131k\"},\"sameAs\":[\"http:\/\/narteks.net\"],\"url\":\"https:\/\/narteks.net\/index.php\/author\/narbak\/\"}]}<\/script>\n<!-- \/ Yoast SEO Premium plugin. -->","yoast_head_json":{"title":"Ali Y\u00dcCE Biyografisi - narteks.net","robots":{"index":"index","follow":"follow","max-snippet":"max-snippet:-1","max-image-preview":"max-image-preview:large","max-video-preview":"max-video-preview:-1"},"canonical":"https:\/\/narteks.net\/index.php\/2009\/02\/27\/ali-yuce-biyografisi\/","og_locale":"tr_TR","og_type":"article","og_title":"Ali Y\u00dcCE Biyografisi","og_description":"AL\u0130 Y\u00dcCE 1928 yilinda Hatay\u2019in Yayladag il\u00e7esi Hisarcik k\u00f6y\u00fcnde dogdu. D\u00fczi\u00e7i K\u00f6y Enstit\u00fcs\u00fc\u2019n\u00fc bitirdikten sonra Anadolu\u2019nun \u00e7e\u015fitli k\u00f6ylerinde ilkokul \u00f6gretmenligi yapti. Gazi Egitim Enstit\u00fcs\u00fc Ingilizce B\u00f6l\u00fcm\u00fc\u2019n\u00fc yeterlik sinavlarini di\u015fardan vererek diploma aldi. \u00c7e\u015fitli liselerde Ingilizce \u00f6gretmenligiyle egitim alanindaki hizmetini s\u00fcrd\u00fcrd\u00fc. Ilk \u015fiiri 1956\u2019da Y\u00fccel dergisinde yayimlandi. Daha sonraki \u015fiirleri Yeditepe, T\u00fcrk Dili, Soyut, Sanat Rehberi [&hellip;]","og_url":"https:\/\/narteks.net\/index.php\/2009\/02\/27\/ali-yuce-biyografisi\/","og_site_name":"narteks.net","article_published_time":"2009-02-27T13:46:13+00:00","og_image":[{"url":"http:\/\/i41.tinypic.com\/o761kk.jpg","type":"","width":"","height":""}],"author":"Tar\u0131k","twitter_card":"summary_large_image","twitter_creator":"@narteks","twitter_site":"@narteks","twitter_misc":{"Yazan:":"Tar\u0131k","Tahmini okuma s\u00fcresi":"1 dakika"},"schema":{"@context":"https:\/\/schema.org","@graph":[{"@type":"Article","@id":"https:\/\/narteks.net\/index.php\/2009\/02\/27\/ali-yuce-biyografisi\/#article","isPartOf":{"@id":"https:\/\/narteks.net\/index.php\/2009\/02\/27\/ali-yuce-biyografisi\/"},"author":{"name":"Tar\u0131k","@id":"https:\/\/narteks.net\/#\/schema\/person\/61f37d9834294b72d31d274e7ed79bca"},"headline":"Ali Y\u00dcCE Biyografisi","datePublished":"2009-02-27T13:46:13+00:00","mainEntityOfPage":{"@id":"https:\/\/narteks.net\/index.php\/2009\/02\/27\/ali-yuce-biyografisi\/"},"wordCount":109,"commentCount":0,"publisher":{"@id":"https:\/\/narteks.net\/#organization"},"image":{"@id":"https:\/\/narteks.net\/index.php\/2009\/02\/27\/ali-yuce-biyografisi\/#primaryimage"},"thumbnailUrl":"http:\/\/i41.tinypic.com\/o761kk.jpg","articleSection":["Ali Y\u00fcce"],"inLanguage":"tr","potentialAction":[{"@type":"CommentAction","name":"Comment","target":["https:\/\/narteks.net\/index.php\/2009\/02\/27\/ali-yuce-biyografisi\/#respond"]}]},{"@type":"WebPage","@id":"https:\/\/narteks.net\/index.php\/2009\/02\/27\/ali-yuce-biyografisi\/","url":"https:\/\/narteks.net\/index.php\/2009\/02\/27\/ali-yuce-biyografisi\/","name":"Ali Y\u00dcCE Biyografisi - narteks.net","isPartOf":{"@id":"https:\/\/narteks.net\/#website"},"primaryImageOfPage":{"@id":"https:\/\/narteks.net\/index.php\/2009\/02\/27\/ali-yuce-biyografisi\/#primaryimage"},"image":{"@id":"https:\/\/narteks.net\/index.php\/2009\/02\/27\/ali-yuce-biyografisi\/#primaryimage"},"thumbnailUrl":"http:\/\/i41.tinypic.com\/o761kk.jpg","datePublished":"2009-02-27T13:46:13+00:00","breadcrumb":{"@id":"https:\/\/narteks.net\/index.php\/2009\/02\/27\/ali-yuce-biyografisi\/#breadcrumb"},"inLanguage":"tr","potentialAction":[{"@type":"ReadAction","target":["https:\/\/narteks.net\/index.php\/2009\/02\/27\/ali-yuce-biyografisi\/"]}]},{"@type":"ImageObject","inLanguage":"tr","@id":"https:\/\/narteks.net\/index.php\/2009\/02\/27\/ali-yuce-biyografisi\/#primaryimage","url":"http:\/\/i41.tinypic.com\/o761kk.jpg","contentUrl":"http:\/\/i41.tinypic.com\/o761kk.jpg"},{"@type":"BreadcrumbList","@id":"https:\/\/narteks.net\/index.php\/2009\/02\/27\/ali-yuce-biyografisi\/#breadcrumb","itemListElement":[{"@type":"ListItem","position":1,"name":"Anasayfa","item":"https:\/\/narteks.net\/"},{"@type":"ListItem","position":2,"name":"Ali Y\u00dcCE Biyografisi"}]},{"@type":"WebSite","@id":"https:\/\/narteks.net\/#website","url":"https:\/\/narteks.net\/","name":"narteks.net","description":"K\u00fclt\u00fcr Sanat Edebiyat Felsefe","publisher":{"@id":"https:\/\/narteks.net\/#organization"},"alternateName":"K\u00fclt\u00fcr Sanat Edebiyat Felsefe","potentialAction":[{"@type":"SearchAction","target":{"@type":"EntryPoint","urlTemplate":"https:\/\/narteks.net\/?s={search_term_string}"},"query-input":{"@type":"PropertyValueSpecification","valueRequired":true,"valueName":"search_term_string"}}],"inLanguage":"tr"},{"@type":"Organization","@id":"https:\/\/narteks.net\/#organization","name":"narteks.net","url":"https:\/\/narteks.net\/","logo":{"@type":"ImageObject","inLanguage":"tr","@id":"https:\/\/narteks.net\/#\/schema\/logo\/image\/","url":"https:\/\/narteks.net\/wp-content\/uploads\/narteks.png","contentUrl":"https:\/\/narteks.net\/wp-content\/uploads\/narteks.png","width":300,"height":90,"caption":"narteks.net"},"image":{"@id":"https:\/\/narteks.net\/#\/schema\/logo\/image\/"},"sameAs":["https:\/\/x.com\/narteks","https:\/\/instagram.com\/narteksnet"]},{"@type":"Person","@id":"https:\/\/narteks.net\/#\/schema\/person\/61f37d9834294b72d31d274e7ed79bca","name":"Tar\u0131k","image":{"@type":"ImageObject","inLanguage":"tr","@id":"https:\/\/narteks.net\/#\/schema\/person\/image\/","url":"https:\/\/secure.gravatar.com\/avatar\/50865afb55632c4ae467e0af0930f6510aa2297d8014be502a55b14f3b7550cf?s=96&d=mm&r=g","contentUrl":"https:\/\/secure.gravatar.com\/avatar\/50865afb55632c4ae467e0af0930f6510aa2297d8014be502a55b14f3b7550cf?s=96&d=mm&r=g","caption":"Tar\u0131k"},"sameAs":["http:\/\/narteks.net"],"url":"https:\/\/narteks.net\/index.php\/author\/narbak\/"}]}},"_links":{"self":[{"href":"https:\/\/narteks.net\/index.php\/wp-json\/wp\/v2\/posts\/192","targetHints":{"allow":["GET"]}}],"collection":[{"href":"https:\/\/narteks.net\/index.php\/wp-json\/wp\/v2\/posts"}],"about":[{"href":"https:\/\/narteks.net\/index.php\/wp-json\/wp\/v2\/types\/post"}],"author":[{"embeddable":true,"href":"https:\/\/narteks.net\/index.php\/wp-json\/wp\/v2\/users\/1"}],"replies":[{"embeddable":true,"href":"https:\/\/narteks.net\/index.php\/wp-json\/wp\/v2\/comments?post=192"}],"version-history":[{"count":0,"href":"https:\/\/narteks.net\/index.php\/wp-json\/wp\/v2\/posts\/192\/revisions"}],"wp:attachment":[{"href":"https:\/\/narteks.net\/index.php\/wp-json\/wp\/v2\/media?parent=192"}],"wp:term":[{"taxonomy":"category","embeddable":true,"href":"https:\/\/narteks.net\/index.php\/wp-json\/wp\/v2\/categories?post=192"},{"taxonomy":"post_tag","embeddable":true,"href":"https:\/\/narteks.net\/index.php\/wp-json\/wp\/v2\/tags?post=192"}],"curies":[{"name":"wp","href":"https:\/\/api.w.org\/{rel}","templated":true}]}}