{"id":1924,"date":"2009-12-04T17:14:17","date_gmt":"2009-12-04T14:14:17","guid":{"rendered":"http:\/\/localhost\/wordpress\/2009\/12\/04\/limanda-ikinci-uykusuz-adam\/"},"modified":"2009-12-04T17:14:17","modified_gmt":"2009-12-04T14:14:17","slug":"limanda-ikinci-uykusuz-adam","status":"publish","type":"post","link":"https:\/\/narteks.net\/index.php\/2009\/12\/04\/limanda-ikinci-uykusuz-adam\/","title":{"rendered":"L\u0130MANDA \u0130K\u0130NC\u0130 UYKUSUZ ADAM"},"content":{"rendered":"<p>\u00a0<\/p>\n<p>\u00d6rne\u011fin bir tohum ye\u015ferdi ans\u0131z\u0131n <br \/> B\u00fcy\u00fcd\u00fc erkin ortamlarda bir fidan <br \/> Sonra bir r\u00fczgar esti, aman\u0131n <br \/> Silindi tomurcuk ya\u015famdan <\/p>\n<p> \u00d6l\u00fcms\u00fcz ne var kahrolas\u0131 evrende <br \/> Limanda ikinci uykusuz adam elleri gemili <br \/> Korsan \u015fark\u0131lar\u0131 kad\u0131nl\u0131 b\u0131\u00e7akl\u0131 gecede <br \/> Bir duvar \u00f6rd\u00fc a\u011flamadan <\/p>\n<p> Oysa seviler vard\u0131 g\u00f6rkemli, tutkular vard\u0131 <br \/> B\u00fcy\u00fcd\u00fc nedenli bak\u0131\u015flar g\u00f6ksel karanl\u0131\u011fa <br \/> D\u00fc\u015f\u00fcnceler kopuk parmaklar gibiydi <br \/> An\u0131lar \u00e7\u0131\u011fl\u0131k \u00e7\u0131\u011fl\u0131\u011fa <\/p>\n<p> Filmler yar\u0131m, \u00f6yk\u00fcler yar\u0131m, bitse de <br \/> Limanda ikinci uykusuz adam elleri gemili <br \/> Korsan \u015fark\u0131lar\u0131 kad\u0131nl\u0131 b\u0131\u00e7akl\u0131 gecede <br \/> Demir att\u0131 \u015farapl\u0131 yaln\u0131zl\u0131\u011fa <\/p>\n<p> Demek bu g\u00f6\u011f\u00fc, do\u011fay\u0131, y\u0131ld\u0131zlar\u0131 <br \/> Ki\u015finin al\u0131nyaz\u0131s\u0131n\u0131 o yaratt\u0131 <br \/> Peki \u0130sa y\u0131 \u00e7arm\u0131ha geren kim <br \/> Yusuf&#8217;u kuyuya kim att\u0131 <\/p>\n<p> Ve peki neden b\u00fct\u00fcn su\u00e7 Kabil de <br \/> Limanda ikinci uykusuz adam elleri gemili <br \/> Korsan \u015fark\u0131lar\u0131 kad\u0131nl\u0131 b\u0131\u00e7akl\u0131 gecede <br \/> Kalbini kopar\u0131p denize f\u0131rlatt\u0131.<\/p>\n<p>Ataol BEHRAMO\u011eLU<\/p>\n","protected":false},"excerpt":{"rendered":"<p>\u00a0 \u00d6rne\u011fin bir tohum ye\u015ferdi ans\u0131z\u0131n B\u00fcy\u00fcd\u00fc erkin ortamlarda bir fidan Sonra bir r\u00fczgar esti, aman\u0131n Silindi tomurcuk ya\u015famdan \u00d6l\u00fcms\u00fcz ne var kahrolas\u0131 evrende Limanda ikinci uykusuz adam elleri gemili Korsan \u015fark\u0131lar\u0131 kad\u0131nl\u0131 b\u0131\u00e7akl\u0131 gecede Bir duvar \u00f6rd\u00fc a\u011flamadan Oysa seviler vard\u0131 g\u00f6rkemli, tutkular vard\u0131 B\u00fcy\u00fcd\u00fc nedenli bak\u0131\u015flar g\u00f6ksel karanl\u0131\u011fa D\u00fc\u015f\u00fcnceler kopuk parmaklar gibiydi An\u0131lar [&hellip;]<\/p>\n","protected":false},"author":1,"featured_media":0,"comment_status":"open","ping_status":"open","sticky":false,"template":"","format":"standard","meta":{"footnotes":""},"categories":[10],"tags":[],"class_list":{"0":"post-1924","1":"post","2":"type-post","3":"status-publish","4":"format-standard","6":"category-ataol-behramoglu"},"yoast_head":"<!-- This site is optimized with the Yoast SEO Premium plugin v24.9 (Yoast SEO v24.9) - https:\/\/yoast.com\/wordpress\/plugins\/seo\/ -->\n<title>L\u0130MANDA \u0130K\u0130NC\u0130 UYKUSUZ ADAM - narteks.net<\/title>\n<meta name=\"robots\" content=\"index, follow, max-snippet:-1, max-image-preview:large, max-video-preview:-1\" \/>\n<link rel=\"canonical\" href=\"https:\/\/narteks.net\/index.php\/2009\/12\/04\/limanda-ikinci-uykusuz-adam\/\" \/>\n<meta property=\"og:locale\" content=\"tr_TR\" \/>\n<meta property=\"og:type\" content=\"article\" \/>\n<meta property=\"og:title\" content=\"L\u0130MANDA \u0130K\u0130NC\u0130 UYKUSUZ ADAM\" \/>\n<meta property=\"og:description\" content=\"\u00a0 \u00d6rne\u011fin bir tohum ye\u015ferdi ans\u0131z\u0131n B\u00fcy\u00fcd\u00fc erkin ortamlarda bir fidan Sonra bir r\u00fczgar esti, aman\u0131n Silindi tomurcuk ya\u015famdan \u00d6l\u00fcms\u00fcz ne var kahrolas\u0131 evrende Limanda ikinci uykusuz adam elleri gemili Korsan \u015fark\u0131lar\u0131 kad\u0131nl\u0131 b\u0131\u00e7akl\u0131 gecede Bir duvar \u00f6rd\u00fc a\u011flamadan Oysa seviler vard\u0131 g\u00f6rkemli, tutkular vard\u0131 B\u00fcy\u00fcd\u00fc nedenli bak\u0131\u015flar g\u00f6ksel karanl\u0131\u011fa D\u00fc\u015f\u00fcnceler kopuk parmaklar gibiydi An\u0131lar [&hellip;]\" \/>\n<meta property=\"og:url\" content=\"https:\/\/narteks.net\/index.php\/2009\/12\/04\/limanda-ikinci-uykusuz-adam\/\" \/>\n<meta property=\"og:site_name\" content=\"narteks.net\" \/>\n<meta property=\"article:published_time\" content=\"2009-12-04T14:14:17+00:00\" \/>\n<meta property=\"og:image\" content=\"https:\/\/narteks.net\/wp-content\/uploads\/narteks.png\" \/>\n\t<meta property=\"og:image:width\" content=\"300\" \/>\n\t<meta property=\"og:image:height\" content=\"90\" \/>\n\t<meta property=\"og:image:type\" content=\"image\/png\" \/>\n<meta name=\"author\" content=\"Tar\u0131k\" \/>\n<meta name=\"twitter:card\" content=\"summary_large_image\" \/>\n<meta name=\"twitter:creator\" content=\"@narteks\" \/>\n<meta name=\"twitter:site\" content=\"@narteks\" \/>\n<meta name=\"twitter:label1\" content=\"Yazan:\" \/>\n\t<meta name=\"twitter:data1\" content=\"Tar\u0131k\" \/>\n\t<meta name=\"twitter:label2\" content=\"Tahmini okuma s\u00fcresi\" \/>\n\t<meta name=\"twitter:data2\" content=\"1 dakika\" \/>\n<script type=\"application\/ld+json\" class=\"yoast-schema-graph\">{\"@context\":\"https:\/\/schema.org\",\"@graph\":[{\"@type\":\"Article\",\"@id\":\"https:\/\/narteks.net\/index.php\/2009\/12\/04\/limanda-ikinci-uykusuz-adam\/#article\",\"isPartOf\":{\"@id\":\"https:\/\/narteks.net\/index.php\/2009\/12\/04\/limanda-ikinci-uykusuz-adam\/\"},\"author\":{\"name\":\"Tar\u0131k\",\"@id\":\"https:\/\/narteks.net\/#\/schema\/person\/61f37d9834294b72d31d274e7ed79bca\"},\"headline\":\"L\u0130MANDA \u0130K\u0130NC\u0130 UYKUSUZ ADAM\",\"datePublished\":\"2009-12-04T14:14:17+00:00\",\"mainEntityOfPage\":{\"@id\":\"https:\/\/narteks.net\/index.php\/2009\/12\/04\/limanda-ikinci-uykusuz-adam\/\"},\"wordCount\":175,\"commentCount\":0,\"publisher\":{\"@id\":\"https:\/\/narteks.net\/#organization\"},\"articleSection\":[\"Ataol BEHRAMOGLU\"],\"inLanguage\":\"tr\",\"potentialAction\":[{\"@type\":\"CommentAction\",\"name\":\"Comment\",\"target\":[\"https:\/\/narteks.net\/index.php\/2009\/12\/04\/limanda-ikinci-uykusuz-adam\/#respond\"]}]},{\"@type\":\"WebPage\",\"@id\":\"https:\/\/narteks.net\/index.php\/2009\/12\/04\/limanda-ikinci-uykusuz-adam\/\",\"url\":\"https:\/\/narteks.net\/index.php\/2009\/12\/04\/limanda-ikinci-uykusuz-adam\/\",\"name\":\"L\u0130MANDA \u0130K\u0130NC\u0130 UYKUSUZ ADAM - narteks.net\",\"isPartOf\":{\"@id\":\"https:\/\/narteks.net\/#website\"},\"datePublished\":\"2009-12-04T14:14:17+00:00\",\"breadcrumb\":{\"@id\":\"https:\/\/narteks.net\/index.php\/2009\/12\/04\/limanda-ikinci-uykusuz-adam\/#breadcrumb\"},\"inLanguage\":\"tr\",\"potentialAction\":[{\"@type\":\"ReadAction\",\"target\":[\"https:\/\/narteks.net\/index.php\/2009\/12\/04\/limanda-ikinci-uykusuz-adam\/\"]}]},{\"@type\":\"BreadcrumbList\",\"@id\":\"https:\/\/narteks.net\/index.php\/2009\/12\/04\/limanda-ikinci-uykusuz-adam\/#breadcrumb\",\"itemListElement\":[{\"@type\":\"ListItem\",\"position\":1,\"name\":\"Anasayfa\",\"item\":\"https:\/\/narteks.net\/\"},{\"@type\":\"ListItem\",\"position\":2,\"name\":\"L\u0130MANDA \u0130K\u0130NC\u0130 UYKUSUZ ADAM\"}]},{\"@type\":\"WebSite\",\"@id\":\"https:\/\/narteks.net\/#website\",\"url\":\"https:\/\/narteks.net\/\",\"name\":\"narteks.net\",\"description\":\"K\u00fclt\u00fcr Sanat Edebiyat Felsefe\",\"publisher\":{\"@id\":\"https:\/\/narteks.net\/#organization\"},\"alternateName\":\"K\u00fclt\u00fcr Sanat Edebiyat Felsefe\",\"potentialAction\":[{\"@type\":\"SearchAction\",\"target\":{\"@type\":\"EntryPoint\",\"urlTemplate\":\"https:\/\/narteks.net\/?s={search_term_string}\"},\"query-input\":{\"@type\":\"PropertyValueSpecification\",\"valueRequired\":true,\"valueName\":\"search_term_string\"}}],\"inLanguage\":\"tr\"},{\"@type\":\"Organization\",\"@id\":\"https:\/\/narteks.net\/#organization\",\"name\":\"narteks.net\",\"url\":\"https:\/\/narteks.net\/\",\"logo\":{\"@type\":\"ImageObject\",\"inLanguage\":\"tr\",\"@id\":\"https:\/\/narteks.net\/#\/schema\/logo\/image\/\",\"url\":\"https:\/\/narteks.net\/wp-content\/uploads\/narteks.png\",\"contentUrl\":\"https:\/\/narteks.net\/wp-content\/uploads\/narteks.png\",\"width\":300,\"height\":90,\"caption\":\"narteks.net\"},\"image\":{\"@id\":\"https:\/\/narteks.net\/#\/schema\/logo\/image\/\"},\"sameAs\":[\"https:\/\/x.com\/narteks\",\"https:\/\/instagram.com\/narteksnet\"]},{\"@type\":\"Person\",\"@id\":\"https:\/\/narteks.net\/#\/schema\/person\/61f37d9834294b72d31d274e7ed79bca\",\"name\":\"Tar\u0131k\",\"image\":{\"@type\":\"ImageObject\",\"inLanguage\":\"tr\",\"@id\":\"https:\/\/narteks.net\/#\/schema\/person\/image\/\",\"url\":\"https:\/\/secure.gravatar.com\/avatar\/50865afb55632c4ae467e0af0930f6510aa2297d8014be502a55b14f3b7550cf?s=96&d=mm&r=g\",\"contentUrl\":\"https:\/\/secure.gravatar.com\/avatar\/50865afb55632c4ae467e0af0930f6510aa2297d8014be502a55b14f3b7550cf?s=96&d=mm&r=g\",\"caption\":\"Tar\u0131k\"},\"sameAs\":[\"http:\/\/narteks.net\"],\"url\":\"https:\/\/narteks.net\/index.php\/author\/narbak\/\"}]}<\/script>\n<!-- \/ Yoast SEO Premium plugin. -->","yoast_head_json":{"title":"L\u0130MANDA \u0130K\u0130NC\u0130 UYKUSUZ ADAM - narteks.net","robots":{"index":"index","follow":"follow","max-snippet":"max-snippet:-1","max-image-preview":"max-image-preview:large","max-video-preview":"max-video-preview:-1"},"canonical":"https:\/\/narteks.net\/index.php\/2009\/12\/04\/limanda-ikinci-uykusuz-adam\/","og_locale":"tr_TR","og_type":"article","og_title":"L\u0130MANDA \u0130K\u0130NC\u0130 UYKUSUZ ADAM","og_description":"\u00a0 \u00d6rne\u011fin bir tohum ye\u015ferdi ans\u0131z\u0131n B\u00fcy\u00fcd\u00fc erkin ortamlarda bir fidan Sonra bir r\u00fczgar esti, aman\u0131n Silindi tomurcuk ya\u015famdan \u00d6l\u00fcms\u00fcz ne var kahrolas\u0131 evrende Limanda ikinci uykusuz adam elleri gemili Korsan \u015fark\u0131lar\u0131 kad\u0131nl\u0131 b\u0131\u00e7akl\u0131 gecede Bir duvar \u00f6rd\u00fc a\u011flamadan Oysa seviler vard\u0131 g\u00f6rkemli, tutkular vard\u0131 B\u00fcy\u00fcd\u00fc nedenli bak\u0131\u015flar g\u00f6ksel karanl\u0131\u011fa D\u00fc\u015f\u00fcnceler kopuk parmaklar gibiydi An\u0131lar [&hellip;]","og_url":"https:\/\/narteks.net\/index.php\/2009\/12\/04\/limanda-ikinci-uykusuz-adam\/","og_site_name":"narteks.net","article_published_time":"2009-12-04T14:14:17+00:00","og_image":[{"width":300,"height":90,"url":"https:\/\/narteks.net\/wp-content\/uploads\/narteks.png","type":"image\/png"}],"author":"Tar\u0131k","twitter_card":"summary_large_image","twitter_creator":"@narteks","twitter_site":"@narteks","twitter_misc":{"Yazan:":"Tar\u0131k","Tahmini okuma s\u00fcresi":"1 dakika"},"schema":{"@context":"https:\/\/schema.org","@graph":[{"@type":"Article","@id":"https:\/\/narteks.net\/index.php\/2009\/12\/04\/limanda-ikinci-uykusuz-adam\/#article","isPartOf":{"@id":"https:\/\/narteks.net\/index.php\/2009\/12\/04\/limanda-ikinci-uykusuz-adam\/"},"author":{"name":"Tar\u0131k","@id":"https:\/\/narteks.net\/#\/schema\/person\/61f37d9834294b72d31d274e7ed79bca"},"headline":"L\u0130MANDA \u0130K\u0130NC\u0130 UYKUSUZ ADAM","datePublished":"2009-12-04T14:14:17+00:00","mainEntityOfPage":{"@id":"https:\/\/narteks.net\/index.php\/2009\/12\/04\/limanda-ikinci-uykusuz-adam\/"},"wordCount":175,"commentCount":0,"publisher":{"@id":"https:\/\/narteks.net\/#organization"},"articleSection":["Ataol BEHRAMOGLU"],"inLanguage":"tr","potentialAction":[{"@type":"CommentAction","name":"Comment","target":["https:\/\/narteks.net\/index.php\/2009\/12\/04\/limanda-ikinci-uykusuz-adam\/#respond"]}]},{"@type":"WebPage","@id":"https:\/\/narteks.net\/index.php\/2009\/12\/04\/limanda-ikinci-uykusuz-adam\/","url":"https:\/\/narteks.net\/index.php\/2009\/12\/04\/limanda-ikinci-uykusuz-adam\/","name":"L\u0130MANDA \u0130K\u0130NC\u0130 UYKUSUZ ADAM - narteks.net","isPartOf":{"@id":"https:\/\/narteks.net\/#website"},"datePublished":"2009-12-04T14:14:17+00:00","breadcrumb":{"@id":"https:\/\/narteks.net\/index.php\/2009\/12\/04\/limanda-ikinci-uykusuz-adam\/#breadcrumb"},"inLanguage":"tr","potentialAction":[{"@type":"ReadAction","target":["https:\/\/narteks.net\/index.php\/2009\/12\/04\/limanda-ikinci-uykusuz-adam\/"]}]},{"@type":"BreadcrumbList","@id":"https:\/\/narteks.net\/index.php\/2009\/12\/04\/limanda-ikinci-uykusuz-adam\/#breadcrumb","itemListElement":[{"@type":"ListItem","position":1,"name":"Anasayfa","item":"https:\/\/narteks.net\/"},{"@type":"ListItem","position":2,"name":"L\u0130MANDA \u0130K\u0130NC\u0130 UYKUSUZ ADAM"}]},{"@type":"WebSite","@id":"https:\/\/narteks.net\/#website","url":"https:\/\/narteks.net\/","name":"narteks.net","description":"K\u00fclt\u00fcr Sanat Edebiyat Felsefe","publisher":{"@id":"https:\/\/narteks.net\/#organization"},"alternateName":"K\u00fclt\u00fcr Sanat Edebiyat Felsefe","potentialAction":[{"@type":"SearchAction","target":{"@type":"EntryPoint","urlTemplate":"https:\/\/narteks.net\/?s={search_term_string}"},"query-input":{"@type":"PropertyValueSpecification","valueRequired":true,"valueName":"search_term_string"}}],"inLanguage":"tr"},{"@type":"Organization","@id":"https:\/\/narteks.net\/#organization","name":"narteks.net","url":"https:\/\/narteks.net\/","logo":{"@type":"ImageObject","inLanguage":"tr","@id":"https:\/\/narteks.net\/#\/schema\/logo\/image\/","url":"https:\/\/narteks.net\/wp-content\/uploads\/narteks.png","contentUrl":"https:\/\/narteks.net\/wp-content\/uploads\/narteks.png","width":300,"height":90,"caption":"narteks.net"},"image":{"@id":"https:\/\/narteks.net\/#\/schema\/logo\/image\/"},"sameAs":["https:\/\/x.com\/narteks","https:\/\/instagram.com\/narteksnet"]},{"@type":"Person","@id":"https:\/\/narteks.net\/#\/schema\/person\/61f37d9834294b72d31d274e7ed79bca","name":"Tar\u0131k","image":{"@type":"ImageObject","inLanguage":"tr","@id":"https:\/\/narteks.net\/#\/schema\/person\/image\/","url":"https:\/\/secure.gravatar.com\/avatar\/50865afb55632c4ae467e0af0930f6510aa2297d8014be502a55b14f3b7550cf?s=96&d=mm&r=g","contentUrl":"https:\/\/secure.gravatar.com\/avatar\/50865afb55632c4ae467e0af0930f6510aa2297d8014be502a55b14f3b7550cf?s=96&d=mm&r=g","caption":"Tar\u0131k"},"sameAs":["http:\/\/narteks.net"],"url":"https:\/\/narteks.net\/index.php\/author\/narbak\/"}]}},"_links":{"self":[{"href":"https:\/\/narteks.net\/index.php\/wp-json\/wp\/v2\/posts\/1924","targetHints":{"allow":["GET"]}}],"collection":[{"href":"https:\/\/narteks.net\/index.php\/wp-json\/wp\/v2\/posts"}],"about":[{"href":"https:\/\/narteks.net\/index.php\/wp-json\/wp\/v2\/types\/post"}],"author":[{"embeddable":true,"href":"https:\/\/narteks.net\/index.php\/wp-json\/wp\/v2\/users\/1"}],"replies":[{"embeddable":true,"href":"https:\/\/narteks.net\/index.php\/wp-json\/wp\/v2\/comments?post=1924"}],"version-history":[{"count":0,"href":"https:\/\/narteks.net\/index.php\/wp-json\/wp\/v2\/posts\/1924\/revisions"}],"wp:attachment":[{"href":"https:\/\/narteks.net\/index.php\/wp-json\/wp\/v2\/media?parent=1924"}],"wp:term":[{"taxonomy":"category","embeddable":true,"href":"https:\/\/narteks.net\/index.php\/wp-json\/wp\/v2\/categories?post=1924"},{"taxonomy":"post_tag","embeddable":true,"href":"https:\/\/narteks.net\/index.php\/wp-json\/wp\/v2\/tags?post=1924"}],"curies":[{"name":"wp","href":"https:\/\/api.w.org\/{rel}","templated":true}]}}