{"id":193,"date":"2009-02-27T16:48:50","date_gmt":"2009-02-27T13:48:50","guid":{"rendered":"http:\/\/localhost\/wordpress\/2009\/02\/27\/ac-agzini-karanlik\/"},"modified":"2009-02-27T16:48:50","modified_gmt":"2009-02-27T13:48:50","slug":"ac-agzini-karanlik","status":"publish","type":"post","link":"https:\/\/narteks.net\/index.php\/2009\/02\/27\/ac-agzini-karanlik\/","title":{"rendered":"A\u00c7 A\u011eZINI KARANLIK"},"content":{"rendered":"<p>\u00a0<\/p>\n<p>\u0130\u015fim g\u00fcc\u00fcm bu benim<br \/>Sorguya \u00e7ekmek ger\u00e7e\u011fi<br \/>Sevginin r\u00fczgar\u0131 ak da<br \/>Sava\u015f\u0131n bayra\u011f\u0131 ni\u00e7in kara<br \/>B\u00fct\u00fcn su\u00e7um bu benim<br \/>Evreni kucaklamak<br \/>\u00c7\u00f6zmek k\u00f6r d\u00fc\u011f\u00fcmleri<\/p>\n<p>Sonra bildi\u011finiz gibi<br \/>Gecenin i\u00e7ine att\u0131lar beni<br \/>Kirden pasaktan gecenin<br \/>Ta dibine yuvarland\u0131m<br \/>Sevindiler gerisin geri<br \/>Ac\u0131ya \u00f6fkeye buland\u0131m<br \/>A\u00e7 a\u011fz\u0131n\u0131 karanl\u0131k<br \/>Di\u015flerini sayaca\u011f\u0131m<\/p>\n<p>E\u011filip ald\u0131 beni yerden<br \/>Halk anam g\u00fczel anam<br \/>Y\u0131kad\u0131 kirimi pas\u0131m\u0131<br \/>A\u011fr\u0131m\u0131 ac\u0131m\u0131 silkeledi<br \/>Toz al\u0131r gibi ald\u0131 \u00f6fkemi<br \/>S\u0131cac\u0131k et koynunda<br \/>Y\u0131llarca \u0131s\u0131tt\u0131ktan sonra<br \/>Yeniden do\u011fur beni<\/p>\n<p>Giydim yeni giysilerimi<br \/>\u00c7\u0131kt\u0131m yeni bir yola<br \/>Yeni ayaklar\u0131mla y\u00fcr\u00fcd\u00fcm<br \/>Yeni g\u00f6zlerimle bakt\u0131m d\u00fcnyaya<br \/>G\u00fcnayd\u0131n dedim yeni sesimle<br \/>Ba\u015f\u0131 sevda dolu bir de\u011fa<\/p>\n<p>\u0130\u015fim g\u00fcc\u00fcm bu benim<\/p>\n<p>Sorguya \u00e7ekmek \u00e7irkinleri<br \/>Eme\u011fin suyu ak da<br \/>S\u00f6m\u00fcr\u00fcn\u00fcn de\u011firmeni ni\u00e7in kara<br \/>B\u00fct\u00fcn su\u00e7um bu benim<br \/>Tahta \u00e7\u0131karmak g\u00fczeli<br \/>Uygarl\u0131\u011f\u0131 halklamak<\/p>\n<p>\u0130\u015fte sabah oldu<\/p>\n<p>Yum g\u00f6zlerini karanl\u0131k<br \/>Eski bir ormanda ben<br \/>Yeni bir a\u011fa\u00e7m\u0131\u015f gibiyim<br \/>A\u00e7 g\u00f6zlerin karanl\u0131k<br \/>Tepeden t\u0131rna\u011fa ben<br \/>\u00c7i\u00e7ek a\u00e7m\u0131\u015f gibiyim<\/p>\n<p>AL\u0130 Y\u00dcCE<\/p>\n","protected":false},"excerpt":{"rendered":"<p>\u00a0 \u0130\u015fim g\u00fcc\u00fcm bu benimSorguya \u00e7ekmek ger\u00e7e\u011fiSevginin r\u00fczgar\u0131 ak daSava\u015f\u0131n bayra\u011f\u0131 ni\u00e7in karaB\u00fct\u00fcn su\u00e7um bu benimEvreni kucaklamak\u00c7\u00f6zmek k\u00f6r d\u00fc\u011f\u00fcmleri Sonra bildi\u011finiz gibiGecenin i\u00e7ine att\u0131lar beniKirden pasaktan geceninTa dibine yuvarland\u0131mSevindiler gerisin geriAc\u0131ya \u00f6fkeye buland\u0131mA\u00e7 a\u011fz\u0131n\u0131 karanl\u0131kDi\u015flerini sayaca\u011f\u0131m E\u011filip ald\u0131 beni yerdenHalk anam g\u00fczel anamY\u0131kad\u0131 kirimi pas\u0131m\u0131A\u011fr\u0131m\u0131 ac\u0131m\u0131 silkelediToz al\u0131r gibi ald\u0131 \u00f6fkemiS\u0131cac\u0131k et koynundaY\u0131llarca \u0131s\u0131tt\u0131ktan sonraYeniden [&hellip;]<\/p>\n","protected":false},"author":1,"featured_media":0,"comment_status":"open","ping_status":"open","sticky":false,"template":"","format":"standard","meta":{"footnotes":""},"categories":[4],"tags":[],"class_list":{"0":"post-193","1":"post","2":"type-post","3":"status-publish","4":"format-standard","6":"category-ali-yuce"},"yoast_head":"<!-- This site is optimized with the Yoast SEO Premium plugin v24.9 (Yoast SEO v24.9) - https:\/\/yoast.com\/wordpress\/plugins\/seo\/ -->\n<title>A\u00c7 A\u011eZINI KARANLIK - narteks.net<\/title>\n<meta name=\"robots\" content=\"index, follow, max-snippet:-1, max-image-preview:large, max-video-preview:-1\" \/>\n<link rel=\"canonical\" href=\"https:\/\/narteks.net\/index.php\/2009\/02\/27\/ac-agzini-karanlik\/\" \/>\n<meta property=\"og:locale\" content=\"tr_TR\" \/>\n<meta property=\"og:type\" content=\"article\" \/>\n<meta property=\"og:title\" content=\"A\u00c7 A\u011eZINI KARANLIK\" \/>\n<meta property=\"og:description\" content=\"\u00a0 \u0130\u015fim g\u00fcc\u00fcm bu benimSorguya \u00e7ekmek ger\u00e7e\u011fiSevginin r\u00fczgar\u0131 ak daSava\u015f\u0131n bayra\u011f\u0131 ni\u00e7in karaB\u00fct\u00fcn su\u00e7um bu benimEvreni kucaklamak\u00c7\u00f6zmek k\u00f6r d\u00fc\u011f\u00fcmleri Sonra bildi\u011finiz gibiGecenin i\u00e7ine att\u0131lar beniKirden pasaktan geceninTa dibine yuvarland\u0131mSevindiler gerisin geriAc\u0131ya \u00f6fkeye buland\u0131mA\u00e7 a\u011fz\u0131n\u0131 karanl\u0131kDi\u015flerini sayaca\u011f\u0131m E\u011filip ald\u0131 beni yerdenHalk anam g\u00fczel anamY\u0131kad\u0131 kirimi pas\u0131m\u0131A\u011fr\u0131m\u0131 ac\u0131m\u0131 silkelediToz al\u0131r gibi ald\u0131 \u00f6fkemiS\u0131cac\u0131k et koynundaY\u0131llarca \u0131s\u0131tt\u0131ktan sonraYeniden [&hellip;]\" \/>\n<meta property=\"og:url\" content=\"https:\/\/narteks.net\/index.php\/2009\/02\/27\/ac-agzini-karanlik\/\" \/>\n<meta property=\"og:site_name\" content=\"narteks.net\" \/>\n<meta property=\"article:published_time\" content=\"2009-02-27T13:48:50+00:00\" \/>\n<meta property=\"og:image\" content=\"https:\/\/narteks.net\/wp-content\/uploads\/narteks.png\" \/>\n\t<meta property=\"og:image:width\" content=\"300\" \/>\n\t<meta property=\"og:image:height\" content=\"90\" \/>\n\t<meta property=\"og:image:type\" content=\"image\/png\" \/>\n<meta name=\"author\" content=\"Tar\u0131k\" \/>\n<meta name=\"twitter:card\" content=\"summary_large_image\" \/>\n<meta name=\"twitter:creator\" content=\"@narteks\" \/>\n<meta name=\"twitter:site\" content=\"@narteks\" \/>\n<meta name=\"twitter:label1\" content=\"Yazan:\" \/>\n\t<meta name=\"twitter:data1\" content=\"Tar\u0131k\" \/>\n\t<meta name=\"twitter:label2\" content=\"Tahmini okuma s\u00fcresi\" \/>\n\t<meta name=\"twitter:data2\" content=\"1 dakika\" \/>\n<script type=\"application\/ld+json\" class=\"yoast-schema-graph\">{\"@context\":\"https:\/\/schema.org\",\"@graph\":[{\"@type\":\"Article\",\"@id\":\"https:\/\/narteks.net\/index.php\/2009\/02\/27\/ac-agzini-karanlik\/#article\",\"isPartOf\":{\"@id\":\"https:\/\/narteks.net\/index.php\/2009\/02\/27\/ac-agzini-karanlik\/\"},\"author\":{\"name\":\"Tar\u0131k\",\"@id\":\"https:\/\/narteks.net\/#\/schema\/person\/61f37d9834294b72d31d274e7ed79bca\"},\"headline\":\"A\u00c7 A\u011eZINI KARANLIK\",\"datePublished\":\"2009-02-27T13:48:50+00:00\",\"mainEntityOfPage\":{\"@id\":\"https:\/\/narteks.net\/index.php\/2009\/02\/27\/ac-agzini-karanlik\/\"},\"wordCount\":193,\"commentCount\":0,\"publisher\":{\"@id\":\"https:\/\/narteks.net\/#organization\"},\"articleSection\":[\"Ali Y\u00fcce\"],\"inLanguage\":\"tr\",\"potentialAction\":[{\"@type\":\"CommentAction\",\"name\":\"Comment\",\"target\":[\"https:\/\/narteks.net\/index.php\/2009\/02\/27\/ac-agzini-karanlik\/#respond\"]}]},{\"@type\":\"WebPage\",\"@id\":\"https:\/\/narteks.net\/index.php\/2009\/02\/27\/ac-agzini-karanlik\/\",\"url\":\"https:\/\/narteks.net\/index.php\/2009\/02\/27\/ac-agzini-karanlik\/\",\"name\":\"A\u00c7 A\u011eZINI KARANLIK - narteks.net\",\"isPartOf\":{\"@id\":\"https:\/\/narteks.net\/#website\"},\"datePublished\":\"2009-02-27T13:48:50+00:00\",\"breadcrumb\":{\"@id\":\"https:\/\/narteks.net\/index.php\/2009\/02\/27\/ac-agzini-karanlik\/#breadcrumb\"},\"inLanguage\":\"tr\",\"potentialAction\":[{\"@type\":\"ReadAction\",\"target\":[\"https:\/\/narteks.net\/index.php\/2009\/02\/27\/ac-agzini-karanlik\/\"]}]},{\"@type\":\"BreadcrumbList\",\"@id\":\"https:\/\/narteks.net\/index.php\/2009\/02\/27\/ac-agzini-karanlik\/#breadcrumb\",\"itemListElement\":[{\"@type\":\"ListItem\",\"position\":1,\"name\":\"Anasayfa\",\"item\":\"https:\/\/narteks.net\/\"},{\"@type\":\"ListItem\",\"position\":2,\"name\":\"A\u00c7 A\u011eZINI KARANLIK\"}]},{\"@type\":\"WebSite\",\"@id\":\"https:\/\/narteks.net\/#website\",\"url\":\"https:\/\/narteks.net\/\",\"name\":\"narteks.net\",\"description\":\"K\u00fclt\u00fcr Sanat Edebiyat Felsefe\",\"publisher\":{\"@id\":\"https:\/\/narteks.net\/#organization\"},\"alternateName\":\"K\u00fclt\u00fcr Sanat Edebiyat Felsefe\",\"potentialAction\":[{\"@type\":\"SearchAction\",\"target\":{\"@type\":\"EntryPoint\",\"urlTemplate\":\"https:\/\/narteks.net\/?s={search_term_string}\"},\"query-input\":{\"@type\":\"PropertyValueSpecification\",\"valueRequired\":true,\"valueName\":\"search_term_string\"}}],\"inLanguage\":\"tr\"},{\"@type\":\"Organization\",\"@id\":\"https:\/\/narteks.net\/#organization\",\"name\":\"narteks.net\",\"url\":\"https:\/\/narteks.net\/\",\"logo\":{\"@type\":\"ImageObject\",\"inLanguage\":\"tr\",\"@id\":\"https:\/\/narteks.net\/#\/schema\/logo\/image\/\",\"url\":\"https:\/\/narteks.net\/wp-content\/uploads\/narteks.png\",\"contentUrl\":\"https:\/\/narteks.net\/wp-content\/uploads\/narteks.png\",\"width\":300,\"height\":90,\"caption\":\"narteks.net\"},\"image\":{\"@id\":\"https:\/\/narteks.net\/#\/schema\/logo\/image\/\"},\"sameAs\":[\"https:\/\/x.com\/narteks\",\"https:\/\/instagram.com\/narteksnet\"]},{\"@type\":\"Person\",\"@id\":\"https:\/\/narteks.net\/#\/schema\/person\/61f37d9834294b72d31d274e7ed79bca\",\"name\":\"Tar\u0131k\",\"image\":{\"@type\":\"ImageObject\",\"inLanguage\":\"tr\",\"@id\":\"https:\/\/narteks.net\/#\/schema\/person\/image\/\",\"url\":\"https:\/\/secure.gravatar.com\/avatar\/50865afb55632c4ae467e0af0930f6510aa2297d8014be502a55b14f3b7550cf?s=96&d=mm&r=g\",\"contentUrl\":\"https:\/\/secure.gravatar.com\/avatar\/50865afb55632c4ae467e0af0930f6510aa2297d8014be502a55b14f3b7550cf?s=96&d=mm&r=g\",\"caption\":\"Tar\u0131k\"},\"sameAs\":[\"http:\/\/narteks.net\"],\"url\":\"https:\/\/narteks.net\/index.php\/author\/narbak\/\"}]}<\/script>\n<!-- \/ Yoast SEO Premium plugin. -->","yoast_head_json":{"title":"A\u00c7 A\u011eZINI KARANLIK - narteks.net","robots":{"index":"index","follow":"follow","max-snippet":"max-snippet:-1","max-image-preview":"max-image-preview:large","max-video-preview":"max-video-preview:-1"},"canonical":"https:\/\/narteks.net\/index.php\/2009\/02\/27\/ac-agzini-karanlik\/","og_locale":"tr_TR","og_type":"article","og_title":"A\u00c7 A\u011eZINI KARANLIK","og_description":"\u00a0 \u0130\u015fim g\u00fcc\u00fcm bu benimSorguya \u00e7ekmek ger\u00e7e\u011fiSevginin r\u00fczgar\u0131 ak daSava\u015f\u0131n bayra\u011f\u0131 ni\u00e7in karaB\u00fct\u00fcn su\u00e7um bu benimEvreni kucaklamak\u00c7\u00f6zmek k\u00f6r d\u00fc\u011f\u00fcmleri Sonra bildi\u011finiz gibiGecenin i\u00e7ine att\u0131lar beniKirden pasaktan geceninTa dibine yuvarland\u0131mSevindiler gerisin geriAc\u0131ya \u00f6fkeye buland\u0131mA\u00e7 a\u011fz\u0131n\u0131 karanl\u0131kDi\u015flerini sayaca\u011f\u0131m E\u011filip ald\u0131 beni yerdenHalk anam g\u00fczel anamY\u0131kad\u0131 kirimi pas\u0131m\u0131A\u011fr\u0131m\u0131 ac\u0131m\u0131 silkelediToz al\u0131r gibi ald\u0131 \u00f6fkemiS\u0131cac\u0131k et koynundaY\u0131llarca \u0131s\u0131tt\u0131ktan sonraYeniden [&hellip;]","og_url":"https:\/\/narteks.net\/index.php\/2009\/02\/27\/ac-agzini-karanlik\/","og_site_name":"narteks.net","article_published_time":"2009-02-27T13:48:50+00:00","og_image":[{"width":300,"height":90,"url":"https:\/\/narteks.net\/wp-content\/uploads\/narteks.png","type":"image\/png"}],"author":"Tar\u0131k","twitter_card":"summary_large_image","twitter_creator":"@narteks","twitter_site":"@narteks","twitter_misc":{"Yazan:":"Tar\u0131k","Tahmini okuma s\u00fcresi":"1 dakika"},"schema":{"@context":"https:\/\/schema.org","@graph":[{"@type":"Article","@id":"https:\/\/narteks.net\/index.php\/2009\/02\/27\/ac-agzini-karanlik\/#article","isPartOf":{"@id":"https:\/\/narteks.net\/index.php\/2009\/02\/27\/ac-agzini-karanlik\/"},"author":{"name":"Tar\u0131k","@id":"https:\/\/narteks.net\/#\/schema\/person\/61f37d9834294b72d31d274e7ed79bca"},"headline":"A\u00c7 A\u011eZINI KARANLIK","datePublished":"2009-02-27T13:48:50+00:00","mainEntityOfPage":{"@id":"https:\/\/narteks.net\/index.php\/2009\/02\/27\/ac-agzini-karanlik\/"},"wordCount":193,"commentCount":0,"publisher":{"@id":"https:\/\/narteks.net\/#organization"},"articleSection":["Ali Y\u00fcce"],"inLanguage":"tr","potentialAction":[{"@type":"CommentAction","name":"Comment","target":["https:\/\/narteks.net\/index.php\/2009\/02\/27\/ac-agzini-karanlik\/#respond"]}]},{"@type":"WebPage","@id":"https:\/\/narteks.net\/index.php\/2009\/02\/27\/ac-agzini-karanlik\/","url":"https:\/\/narteks.net\/index.php\/2009\/02\/27\/ac-agzini-karanlik\/","name":"A\u00c7 A\u011eZINI KARANLIK - narteks.net","isPartOf":{"@id":"https:\/\/narteks.net\/#website"},"datePublished":"2009-02-27T13:48:50+00:00","breadcrumb":{"@id":"https:\/\/narteks.net\/index.php\/2009\/02\/27\/ac-agzini-karanlik\/#breadcrumb"},"inLanguage":"tr","potentialAction":[{"@type":"ReadAction","target":["https:\/\/narteks.net\/index.php\/2009\/02\/27\/ac-agzini-karanlik\/"]}]},{"@type":"BreadcrumbList","@id":"https:\/\/narteks.net\/index.php\/2009\/02\/27\/ac-agzini-karanlik\/#breadcrumb","itemListElement":[{"@type":"ListItem","position":1,"name":"Anasayfa","item":"https:\/\/narteks.net\/"},{"@type":"ListItem","position":2,"name":"A\u00c7 A\u011eZINI KARANLIK"}]},{"@type":"WebSite","@id":"https:\/\/narteks.net\/#website","url":"https:\/\/narteks.net\/","name":"narteks.net","description":"K\u00fclt\u00fcr Sanat Edebiyat Felsefe","publisher":{"@id":"https:\/\/narteks.net\/#organization"},"alternateName":"K\u00fclt\u00fcr Sanat Edebiyat Felsefe","potentialAction":[{"@type":"SearchAction","target":{"@type":"EntryPoint","urlTemplate":"https:\/\/narteks.net\/?s={search_term_string}"},"query-input":{"@type":"PropertyValueSpecification","valueRequired":true,"valueName":"search_term_string"}}],"inLanguage":"tr"},{"@type":"Organization","@id":"https:\/\/narteks.net\/#organization","name":"narteks.net","url":"https:\/\/narteks.net\/","logo":{"@type":"ImageObject","inLanguage":"tr","@id":"https:\/\/narteks.net\/#\/schema\/logo\/image\/","url":"https:\/\/narteks.net\/wp-content\/uploads\/narteks.png","contentUrl":"https:\/\/narteks.net\/wp-content\/uploads\/narteks.png","width":300,"height":90,"caption":"narteks.net"},"image":{"@id":"https:\/\/narteks.net\/#\/schema\/logo\/image\/"},"sameAs":["https:\/\/x.com\/narteks","https:\/\/instagram.com\/narteksnet"]},{"@type":"Person","@id":"https:\/\/narteks.net\/#\/schema\/person\/61f37d9834294b72d31d274e7ed79bca","name":"Tar\u0131k","image":{"@type":"ImageObject","inLanguage":"tr","@id":"https:\/\/narteks.net\/#\/schema\/person\/image\/","url":"https:\/\/secure.gravatar.com\/avatar\/50865afb55632c4ae467e0af0930f6510aa2297d8014be502a55b14f3b7550cf?s=96&d=mm&r=g","contentUrl":"https:\/\/secure.gravatar.com\/avatar\/50865afb55632c4ae467e0af0930f6510aa2297d8014be502a55b14f3b7550cf?s=96&d=mm&r=g","caption":"Tar\u0131k"},"sameAs":["http:\/\/narteks.net"],"url":"https:\/\/narteks.net\/index.php\/author\/narbak\/"}]}},"_links":{"self":[{"href":"https:\/\/narteks.net\/index.php\/wp-json\/wp\/v2\/posts\/193","targetHints":{"allow":["GET"]}}],"collection":[{"href":"https:\/\/narteks.net\/index.php\/wp-json\/wp\/v2\/posts"}],"about":[{"href":"https:\/\/narteks.net\/index.php\/wp-json\/wp\/v2\/types\/post"}],"author":[{"embeddable":true,"href":"https:\/\/narteks.net\/index.php\/wp-json\/wp\/v2\/users\/1"}],"replies":[{"embeddable":true,"href":"https:\/\/narteks.net\/index.php\/wp-json\/wp\/v2\/comments?post=193"}],"version-history":[{"count":0,"href":"https:\/\/narteks.net\/index.php\/wp-json\/wp\/v2\/posts\/193\/revisions"}],"wp:attachment":[{"href":"https:\/\/narteks.net\/index.php\/wp-json\/wp\/v2\/media?parent=193"}],"wp:term":[{"taxonomy":"category","embeddable":true,"href":"https:\/\/narteks.net\/index.php\/wp-json\/wp\/v2\/categories?post=193"},{"taxonomy":"post_tag","embeddable":true,"href":"https:\/\/narteks.net\/index.php\/wp-json\/wp\/v2\/tags?post=193"}],"curies":[{"name":"wp","href":"https:\/\/api.w.org\/{rel}","templated":true}]}}