{"id":1938,"date":"2009-12-04T17:33:22","date_gmt":"2009-12-04T14:33:22","guid":{"rendered":"http:\/\/localhost\/wordpress\/2009\/12\/04\/ne-anlatir-yunan-sarkilari\/"},"modified":"2009-12-04T17:33:22","modified_gmt":"2009-12-04T14:33:22","slug":"ne-anlatir-yunan-sarkilari","status":"publish","type":"post","link":"https:\/\/narteks.net\/index.php\/2009\/12\/04\/ne-anlatir-yunan-sarkilari\/","title":{"rendered":"Ne Anlat\u0131r Yunan \u015eark\u0131lar\u0131"},"content":{"rendered":"<p>\u00a0<\/p>\n<p>Ne anlat\u0131r Yunan \u015fark\u0131lar\u0131<br \/> Geceye dair, a\u015fka dair<br \/> Ne anlat\u0131r Yunan \u015fark\u0131lar\u0131<br \/> Hayat\u0131m\u0131za dair<\/p>\n<p> Ne anlat\u0131r Yunan \u015fark\u0131lar\u0131<br \/> \u0130nsan\u0131 tepeden t\u0131rna\u011fa saran bu h\u00fcz\u00fcnle<br \/> Sanki hep anlat\u0131lmayan bir \u015fey kalm\u0131\u015ft\u0131r<br \/> \u0130\u00e7imizi ne kadar d\u00f6ksek de<\/p>\n<p> Ne anlat\u0131r Yunan \u015fark\u0131lar\u0131<br \/> Biten bir a\u015fk m\u0131, ba\u015flayan bir a\u015fk m\u0131<br \/> Bir k\u0131z m\u0131, y\u00fcz\u00fcn\u00fc hi\u00e7 g\u00f6rmeyece\u011fimiz<br \/> \u00c7ay\u0131rlar\u0131na hi\u00e7 uzanamayaca\u011f\u0131m\u0131z k\u0131rlar m\u0131<\/p>\n<p> Ne anlat\u0131r Yunan \u015fark\u0131lar\u0131<br \/> Bu s\u00fcrekli, bu yumu\u015fak \u0131srarla<br \/> Ne anlat\u0131r Yunan \u015fark\u0131lar\u0131<br \/> Y\u00fcre\u011fimize i\u015fleyen tempolarla<\/p>\n<p> Ne anlat\u0131r Yunan \u015fark\u0131lar\u0131<br \/> Sonsuzlu\u011fa g\u00fczelli\u011fe, sonsuz bar\u0131\u015fa dair<br \/> Ac\u0131larla dolsak da ne kadar<br \/> S\u0131ms\u0131cak ya\u015famaya dair<\/p>\n<p> Ne anlat\u0131r Yunan \u015fark\u0131lar\u0131<br \/> Bir g\u00fcn birle\u015fece\u011fini mi b\u00fct\u00fcn \u015fark\u0131lar\u0131n<br \/> Ne anlat\u0131r Yunan \u015fark\u0131lar\u0131<br \/> Bu kadar uzak&#8230;ve bu kadar yak\u0131n<\/p>\n<p>Ataol BEHRAMO\u011eLU<\/p>\n","protected":false},"excerpt":{"rendered":"<p>\u00a0 Ne anlat\u0131r Yunan \u015fark\u0131lar\u0131 Geceye dair, a\u015fka dair Ne anlat\u0131r Yunan \u015fark\u0131lar\u0131 Hayat\u0131m\u0131za dair Ne anlat\u0131r Yunan \u015fark\u0131lar\u0131 \u0130nsan\u0131 tepeden t\u0131rna\u011fa saran bu h\u00fcz\u00fcnle Sanki hep anlat\u0131lmayan bir \u015fey kalm\u0131\u015ft\u0131r \u0130\u00e7imizi ne kadar d\u00f6ksek de Ne anlat\u0131r Yunan \u015fark\u0131lar\u0131 Biten bir a\u015fk m\u0131, ba\u015flayan bir a\u015fk m\u0131 Bir k\u0131z m\u0131, y\u00fcz\u00fcn\u00fc hi\u00e7 g\u00f6rmeyece\u011fimiz \u00c7ay\u0131rlar\u0131na [&hellip;]<\/p>\n","protected":false},"author":1,"featured_media":0,"comment_status":"open","ping_status":"open","sticky":false,"template":"","format":"standard","meta":{"footnotes":""},"categories":[10],"tags":[],"class_list":{"0":"post-1938","1":"post","2":"type-post","3":"status-publish","4":"format-standard","6":"category-ataol-behramoglu"},"yoast_head":"<!-- This site is optimized with the Yoast SEO Premium plugin v24.9 (Yoast SEO v24.9) - https:\/\/yoast.com\/wordpress\/plugins\/seo\/ -->\n<title>Ne Anlat\u0131r Yunan \u015eark\u0131lar\u0131 - narteks.net<\/title>\n<meta name=\"robots\" content=\"index, follow, max-snippet:-1, max-image-preview:large, max-video-preview:-1\" \/>\n<link rel=\"canonical\" href=\"https:\/\/narteks.net\/index.php\/2009\/12\/04\/ne-anlatir-yunan-sarkilari\/\" \/>\n<meta property=\"og:locale\" content=\"tr_TR\" \/>\n<meta property=\"og:type\" content=\"article\" \/>\n<meta property=\"og:title\" content=\"Ne Anlat\u0131r Yunan \u015eark\u0131lar\u0131\" \/>\n<meta property=\"og:description\" content=\"\u00a0 Ne anlat\u0131r Yunan \u015fark\u0131lar\u0131 Geceye dair, a\u015fka dair Ne anlat\u0131r Yunan \u015fark\u0131lar\u0131 Hayat\u0131m\u0131za dair Ne anlat\u0131r Yunan \u015fark\u0131lar\u0131 \u0130nsan\u0131 tepeden t\u0131rna\u011fa saran bu h\u00fcz\u00fcnle Sanki hep anlat\u0131lmayan bir \u015fey kalm\u0131\u015ft\u0131r \u0130\u00e7imizi ne kadar d\u00f6ksek de Ne anlat\u0131r Yunan \u015fark\u0131lar\u0131 Biten bir a\u015fk m\u0131, ba\u015flayan bir a\u015fk m\u0131 Bir k\u0131z m\u0131, y\u00fcz\u00fcn\u00fc hi\u00e7 g\u00f6rmeyece\u011fimiz \u00c7ay\u0131rlar\u0131na [&hellip;]\" \/>\n<meta property=\"og:url\" content=\"https:\/\/narteks.net\/index.php\/2009\/12\/04\/ne-anlatir-yunan-sarkilari\/\" \/>\n<meta property=\"og:site_name\" content=\"narteks.net\" \/>\n<meta property=\"article:published_time\" content=\"2009-12-04T14:33:22+00:00\" \/>\n<meta property=\"og:image\" content=\"https:\/\/narteks.net\/wp-content\/uploads\/narteks.png\" \/>\n\t<meta property=\"og:image:width\" content=\"300\" \/>\n\t<meta property=\"og:image:height\" content=\"90\" \/>\n\t<meta property=\"og:image:type\" content=\"image\/png\" \/>\n<meta name=\"author\" content=\"Tar\u0131k\" \/>\n<meta name=\"twitter:card\" content=\"summary_large_image\" \/>\n<meta name=\"twitter:creator\" content=\"@narteks\" \/>\n<meta name=\"twitter:site\" content=\"@narteks\" \/>\n<meta name=\"twitter:label1\" content=\"Yazan:\" \/>\n\t<meta name=\"twitter:data1\" content=\"Tar\u0131k\" \/>\n\t<meta name=\"twitter:label2\" content=\"Tahmini okuma s\u00fcresi\" \/>\n\t<meta name=\"twitter:data2\" content=\"1 dakika\" \/>\n<script type=\"application\/ld+json\" class=\"yoast-schema-graph\">{\"@context\":\"https:\/\/schema.org\",\"@graph\":[{\"@type\":\"Article\",\"@id\":\"https:\/\/narteks.net\/index.php\/2009\/12\/04\/ne-anlatir-yunan-sarkilari\/#article\",\"isPartOf\":{\"@id\":\"https:\/\/narteks.net\/index.php\/2009\/12\/04\/ne-anlatir-yunan-sarkilari\/\"},\"author\":{\"name\":\"Tar\u0131k\",\"@id\":\"https:\/\/narteks.net\/#\/schema\/person\/61f37d9834294b72d31d274e7ed79bca\"},\"headline\":\"Ne Anlat\u0131r Yunan \u015eark\u0131lar\u0131\",\"datePublished\":\"2009-12-04T14:33:22+00:00\",\"mainEntityOfPage\":{\"@id\":\"https:\/\/narteks.net\/index.php\/2009\/12\/04\/ne-anlatir-yunan-sarkilari\/\"},\"wordCount\":184,\"commentCount\":0,\"publisher\":{\"@id\":\"https:\/\/narteks.net\/#organization\"},\"articleSection\":[\"Ataol BEHRAMOGLU\"],\"inLanguage\":\"tr\",\"potentialAction\":[{\"@type\":\"CommentAction\",\"name\":\"Comment\",\"target\":[\"https:\/\/narteks.net\/index.php\/2009\/12\/04\/ne-anlatir-yunan-sarkilari\/#respond\"]}]},{\"@type\":\"WebPage\",\"@id\":\"https:\/\/narteks.net\/index.php\/2009\/12\/04\/ne-anlatir-yunan-sarkilari\/\",\"url\":\"https:\/\/narteks.net\/index.php\/2009\/12\/04\/ne-anlatir-yunan-sarkilari\/\",\"name\":\"Ne Anlat\u0131r Yunan \u015eark\u0131lar\u0131 - narteks.net\",\"isPartOf\":{\"@id\":\"https:\/\/narteks.net\/#website\"},\"datePublished\":\"2009-12-04T14:33:22+00:00\",\"breadcrumb\":{\"@id\":\"https:\/\/narteks.net\/index.php\/2009\/12\/04\/ne-anlatir-yunan-sarkilari\/#breadcrumb\"},\"inLanguage\":\"tr\",\"potentialAction\":[{\"@type\":\"ReadAction\",\"target\":[\"https:\/\/narteks.net\/index.php\/2009\/12\/04\/ne-anlatir-yunan-sarkilari\/\"]}]},{\"@type\":\"BreadcrumbList\",\"@id\":\"https:\/\/narteks.net\/index.php\/2009\/12\/04\/ne-anlatir-yunan-sarkilari\/#breadcrumb\",\"itemListElement\":[{\"@type\":\"ListItem\",\"position\":1,\"name\":\"Anasayfa\",\"item\":\"https:\/\/narteks.net\/\"},{\"@type\":\"ListItem\",\"position\":2,\"name\":\"Ne Anlat\u0131r Yunan \u015eark\u0131lar\u0131\"}]},{\"@type\":\"WebSite\",\"@id\":\"https:\/\/narteks.net\/#website\",\"url\":\"https:\/\/narteks.net\/\",\"name\":\"narteks.net\",\"description\":\"K\u00fclt\u00fcr Sanat Edebiyat Felsefe\",\"publisher\":{\"@id\":\"https:\/\/narteks.net\/#organization\"},\"alternateName\":\"K\u00fclt\u00fcr Sanat Edebiyat Felsefe\",\"potentialAction\":[{\"@type\":\"SearchAction\",\"target\":{\"@type\":\"EntryPoint\",\"urlTemplate\":\"https:\/\/narteks.net\/?s={search_term_string}\"},\"query-input\":{\"@type\":\"PropertyValueSpecification\",\"valueRequired\":true,\"valueName\":\"search_term_string\"}}],\"inLanguage\":\"tr\"},{\"@type\":\"Organization\",\"@id\":\"https:\/\/narteks.net\/#organization\",\"name\":\"narteks.net\",\"url\":\"https:\/\/narteks.net\/\",\"logo\":{\"@type\":\"ImageObject\",\"inLanguage\":\"tr\",\"@id\":\"https:\/\/narteks.net\/#\/schema\/logo\/image\/\",\"url\":\"https:\/\/narteks.net\/wp-content\/uploads\/narteks.png\",\"contentUrl\":\"https:\/\/narteks.net\/wp-content\/uploads\/narteks.png\",\"width\":300,\"height\":90,\"caption\":\"narteks.net\"},\"image\":{\"@id\":\"https:\/\/narteks.net\/#\/schema\/logo\/image\/\"},\"sameAs\":[\"https:\/\/x.com\/narteks\",\"https:\/\/instagram.com\/narteksnet\"]},{\"@type\":\"Person\",\"@id\":\"https:\/\/narteks.net\/#\/schema\/person\/61f37d9834294b72d31d274e7ed79bca\",\"name\":\"Tar\u0131k\",\"image\":{\"@type\":\"ImageObject\",\"inLanguage\":\"tr\",\"@id\":\"https:\/\/narteks.net\/#\/schema\/person\/image\/\",\"url\":\"https:\/\/secure.gravatar.com\/avatar\/50865afb55632c4ae467e0af0930f6510aa2297d8014be502a55b14f3b7550cf?s=96&d=mm&r=g\",\"contentUrl\":\"https:\/\/secure.gravatar.com\/avatar\/50865afb55632c4ae467e0af0930f6510aa2297d8014be502a55b14f3b7550cf?s=96&d=mm&r=g\",\"caption\":\"Tar\u0131k\"},\"sameAs\":[\"http:\/\/narteks.net\"],\"url\":\"https:\/\/narteks.net\/index.php\/author\/narbak\/\"}]}<\/script>\n<!-- \/ Yoast SEO Premium plugin. -->","yoast_head_json":{"title":"Ne Anlat\u0131r Yunan \u015eark\u0131lar\u0131 - narteks.net","robots":{"index":"index","follow":"follow","max-snippet":"max-snippet:-1","max-image-preview":"max-image-preview:large","max-video-preview":"max-video-preview:-1"},"canonical":"https:\/\/narteks.net\/index.php\/2009\/12\/04\/ne-anlatir-yunan-sarkilari\/","og_locale":"tr_TR","og_type":"article","og_title":"Ne Anlat\u0131r Yunan \u015eark\u0131lar\u0131","og_description":"\u00a0 Ne anlat\u0131r Yunan \u015fark\u0131lar\u0131 Geceye dair, a\u015fka dair Ne anlat\u0131r Yunan \u015fark\u0131lar\u0131 Hayat\u0131m\u0131za dair Ne anlat\u0131r Yunan \u015fark\u0131lar\u0131 \u0130nsan\u0131 tepeden t\u0131rna\u011fa saran bu h\u00fcz\u00fcnle Sanki hep anlat\u0131lmayan bir \u015fey kalm\u0131\u015ft\u0131r \u0130\u00e7imizi ne kadar d\u00f6ksek de Ne anlat\u0131r Yunan \u015fark\u0131lar\u0131 Biten bir a\u015fk m\u0131, ba\u015flayan bir a\u015fk m\u0131 Bir k\u0131z m\u0131, y\u00fcz\u00fcn\u00fc hi\u00e7 g\u00f6rmeyece\u011fimiz \u00c7ay\u0131rlar\u0131na [&hellip;]","og_url":"https:\/\/narteks.net\/index.php\/2009\/12\/04\/ne-anlatir-yunan-sarkilari\/","og_site_name":"narteks.net","article_published_time":"2009-12-04T14:33:22+00:00","og_image":[{"width":300,"height":90,"url":"https:\/\/narteks.net\/wp-content\/uploads\/narteks.png","type":"image\/png"}],"author":"Tar\u0131k","twitter_card":"summary_large_image","twitter_creator":"@narteks","twitter_site":"@narteks","twitter_misc":{"Yazan:":"Tar\u0131k","Tahmini okuma s\u00fcresi":"1 dakika"},"schema":{"@context":"https:\/\/schema.org","@graph":[{"@type":"Article","@id":"https:\/\/narteks.net\/index.php\/2009\/12\/04\/ne-anlatir-yunan-sarkilari\/#article","isPartOf":{"@id":"https:\/\/narteks.net\/index.php\/2009\/12\/04\/ne-anlatir-yunan-sarkilari\/"},"author":{"name":"Tar\u0131k","@id":"https:\/\/narteks.net\/#\/schema\/person\/61f37d9834294b72d31d274e7ed79bca"},"headline":"Ne Anlat\u0131r Yunan \u015eark\u0131lar\u0131","datePublished":"2009-12-04T14:33:22+00:00","mainEntityOfPage":{"@id":"https:\/\/narteks.net\/index.php\/2009\/12\/04\/ne-anlatir-yunan-sarkilari\/"},"wordCount":184,"commentCount":0,"publisher":{"@id":"https:\/\/narteks.net\/#organization"},"articleSection":["Ataol BEHRAMOGLU"],"inLanguage":"tr","potentialAction":[{"@type":"CommentAction","name":"Comment","target":["https:\/\/narteks.net\/index.php\/2009\/12\/04\/ne-anlatir-yunan-sarkilari\/#respond"]}]},{"@type":"WebPage","@id":"https:\/\/narteks.net\/index.php\/2009\/12\/04\/ne-anlatir-yunan-sarkilari\/","url":"https:\/\/narteks.net\/index.php\/2009\/12\/04\/ne-anlatir-yunan-sarkilari\/","name":"Ne Anlat\u0131r Yunan \u015eark\u0131lar\u0131 - narteks.net","isPartOf":{"@id":"https:\/\/narteks.net\/#website"},"datePublished":"2009-12-04T14:33:22+00:00","breadcrumb":{"@id":"https:\/\/narteks.net\/index.php\/2009\/12\/04\/ne-anlatir-yunan-sarkilari\/#breadcrumb"},"inLanguage":"tr","potentialAction":[{"@type":"ReadAction","target":["https:\/\/narteks.net\/index.php\/2009\/12\/04\/ne-anlatir-yunan-sarkilari\/"]}]},{"@type":"BreadcrumbList","@id":"https:\/\/narteks.net\/index.php\/2009\/12\/04\/ne-anlatir-yunan-sarkilari\/#breadcrumb","itemListElement":[{"@type":"ListItem","position":1,"name":"Anasayfa","item":"https:\/\/narteks.net\/"},{"@type":"ListItem","position":2,"name":"Ne Anlat\u0131r Yunan \u015eark\u0131lar\u0131"}]},{"@type":"WebSite","@id":"https:\/\/narteks.net\/#website","url":"https:\/\/narteks.net\/","name":"narteks.net","description":"K\u00fclt\u00fcr Sanat Edebiyat Felsefe","publisher":{"@id":"https:\/\/narteks.net\/#organization"},"alternateName":"K\u00fclt\u00fcr Sanat Edebiyat Felsefe","potentialAction":[{"@type":"SearchAction","target":{"@type":"EntryPoint","urlTemplate":"https:\/\/narteks.net\/?s={search_term_string}"},"query-input":{"@type":"PropertyValueSpecification","valueRequired":true,"valueName":"search_term_string"}}],"inLanguage":"tr"},{"@type":"Organization","@id":"https:\/\/narteks.net\/#organization","name":"narteks.net","url":"https:\/\/narteks.net\/","logo":{"@type":"ImageObject","inLanguage":"tr","@id":"https:\/\/narteks.net\/#\/schema\/logo\/image\/","url":"https:\/\/narteks.net\/wp-content\/uploads\/narteks.png","contentUrl":"https:\/\/narteks.net\/wp-content\/uploads\/narteks.png","width":300,"height":90,"caption":"narteks.net"},"image":{"@id":"https:\/\/narteks.net\/#\/schema\/logo\/image\/"},"sameAs":["https:\/\/x.com\/narteks","https:\/\/instagram.com\/narteksnet"]},{"@type":"Person","@id":"https:\/\/narteks.net\/#\/schema\/person\/61f37d9834294b72d31d274e7ed79bca","name":"Tar\u0131k","image":{"@type":"ImageObject","inLanguage":"tr","@id":"https:\/\/narteks.net\/#\/schema\/person\/image\/","url":"https:\/\/secure.gravatar.com\/avatar\/50865afb55632c4ae467e0af0930f6510aa2297d8014be502a55b14f3b7550cf?s=96&d=mm&r=g","contentUrl":"https:\/\/secure.gravatar.com\/avatar\/50865afb55632c4ae467e0af0930f6510aa2297d8014be502a55b14f3b7550cf?s=96&d=mm&r=g","caption":"Tar\u0131k"},"sameAs":["http:\/\/narteks.net"],"url":"https:\/\/narteks.net\/index.php\/author\/narbak\/"}]}},"_links":{"self":[{"href":"https:\/\/narteks.net\/index.php\/wp-json\/wp\/v2\/posts\/1938","targetHints":{"allow":["GET"]}}],"collection":[{"href":"https:\/\/narteks.net\/index.php\/wp-json\/wp\/v2\/posts"}],"about":[{"href":"https:\/\/narteks.net\/index.php\/wp-json\/wp\/v2\/types\/post"}],"author":[{"embeddable":true,"href":"https:\/\/narteks.net\/index.php\/wp-json\/wp\/v2\/users\/1"}],"replies":[{"embeddable":true,"href":"https:\/\/narteks.net\/index.php\/wp-json\/wp\/v2\/comments?post=1938"}],"version-history":[{"count":0,"href":"https:\/\/narteks.net\/index.php\/wp-json\/wp\/v2\/posts\/1938\/revisions"}],"wp:attachment":[{"href":"https:\/\/narteks.net\/index.php\/wp-json\/wp\/v2\/media?parent=1938"}],"wp:term":[{"taxonomy":"category","embeddable":true,"href":"https:\/\/narteks.net\/index.php\/wp-json\/wp\/v2\/categories?post=1938"},{"taxonomy":"post_tag","embeddable":true,"href":"https:\/\/narteks.net\/index.php\/wp-json\/wp\/v2\/tags?post=1938"}],"curies":[{"name":"wp","href":"https:\/\/api.w.org\/{rel}","templated":true}]}}