{"id":1939,"date":"2009-12-04T17:34:12","date_gmt":"2009-12-04T14:34:12","guid":{"rendered":"http:\/\/localhost\/wordpress\/2009\/12\/04\/o-erken-sabahlar\/"},"modified":"2009-12-04T17:34:12","modified_gmt":"2009-12-04T14:34:12","slug":"o-erken-sabahlar","status":"publish","type":"post","link":"https:\/\/narteks.net\/index.php\/2009\/12\/04\/o-erken-sabahlar\/","title":{"rendered":"O ERKEN SABAHLAR"},"content":{"rendered":"<p>\u00a0<\/p>\n<p>Annemli babaml\u0131 o erken sabahlar <br \/>T\u00fcm ya\u015fam\u0131m\u0131n belki en g\u00fczel \u015feyiydi <br \/>Yatak \u00f6rt\u00fclerinde sabah g\u00fcne\u015fi <br \/>Ve sanki karde\u015fimiz olan e\u015fyalar <\/p>\n<p>Sakince a\u00e7\u0131l\u0131p kapanan bir kap\u0131 <br \/>Bir masa, a\u011f\u0131r ba\u015fl\u0131 duru\u015fuyla <br \/>Yar\u0131 ayd\u0131nl\u0131kta, koridorda <br \/>Aynadan, konsoldan yans\u0131yan \u0131\u015f\u0131lt\u0131 <\/p>\n<p>\u015eimdi bu erken sabah saatinde <br \/>Ac\u0131t\u0131yor kalbimi \u00f6zlemle <br \/>O sabah vaktin g\u00f6r\u00fcnt\u00fcleri <\/p>\n<p>Babam\u0131n g\u00fczel, a\u011f\u0131r ba\u015fl\u0131 y\u00fcz\u00fc <br \/>Annemin az\u0131c\u0131k h\u00fcz\u00fcnl\u00fc <br \/>Ve hep az\u0131c\u0131k tela\u015fl\u0131 g\u00f6lgesi<\/p>\n<p>Ataol BEHRAMO\u011eLU<\/p>\n<p><em><span style=\"font-size: x-small;\">Varl\u0131k \/ 1189<\/span><\/em><\/p>\n","protected":false},"excerpt":{"rendered":"<p>\u00a0 Annemli babaml\u0131 o erken sabahlar T\u00fcm ya\u015fam\u0131m\u0131n belki en g\u00fczel \u015feyiydi Yatak \u00f6rt\u00fclerinde sabah g\u00fcne\u015fi Ve sanki karde\u015fimiz olan e\u015fyalar Sakince a\u00e7\u0131l\u0131p kapanan bir kap\u0131 Bir masa, a\u011f\u0131r ba\u015fl\u0131 duru\u015fuyla Yar\u0131 ayd\u0131nl\u0131kta, koridorda Aynadan, konsoldan yans\u0131yan \u0131\u015f\u0131lt\u0131 \u015eimdi bu erken sabah saatinde Ac\u0131t\u0131yor kalbimi \u00f6zlemle O sabah vaktin g\u00f6r\u00fcnt\u00fcleri Babam\u0131n g\u00fczel, a\u011f\u0131r ba\u015fl\u0131 y\u00fcz\u00fc [&hellip;]<\/p>\n","protected":false},"author":1,"featured_media":0,"comment_status":"open","ping_status":"open","sticky":false,"template":"","format":"standard","meta":{"footnotes":""},"categories":[10],"tags":[],"class_list":{"0":"post-1939","1":"post","2":"type-post","3":"status-publish","4":"format-standard","6":"category-ataol-behramoglu"},"yoast_head":"<!-- This site is optimized with the Yoast SEO Premium plugin v24.9 (Yoast SEO v24.9) - https:\/\/yoast.com\/wordpress\/plugins\/seo\/ -->\n<title>O ERKEN SABAHLAR - narteks.net<\/title>\n<meta name=\"robots\" content=\"index, follow, max-snippet:-1, max-image-preview:large, max-video-preview:-1\" \/>\n<link rel=\"canonical\" href=\"https:\/\/narteks.net\/index.php\/2009\/12\/04\/o-erken-sabahlar\/\" \/>\n<meta property=\"og:locale\" content=\"tr_TR\" \/>\n<meta property=\"og:type\" content=\"article\" \/>\n<meta property=\"og:title\" content=\"O ERKEN SABAHLAR\" \/>\n<meta property=\"og:description\" content=\"\u00a0 Annemli babaml\u0131 o erken sabahlar T\u00fcm ya\u015fam\u0131m\u0131n belki en g\u00fczel \u015feyiydi Yatak \u00f6rt\u00fclerinde sabah g\u00fcne\u015fi Ve sanki karde\u015fimiz olan e\u015fyalar Sakince a\u00e7\u0131l\u0131p kapanan bir kap\u0131 Bir masa, a\u011f\u0131r ba\u015fl\u0131 duru\u015fuyla Yar\u0131 ayd\u0131nl\u0131kta, koridorda Aynadan, konsoldan yans\u0131yan \u0131\u015f\u0131lt\u0131 \u015eimdi bu erken sabah saatinde Ac\u0131t\u0131yor kalbimi \u00f6zlemle O sabah vaktin g\u00f6r\u00fcnt\u00fcleri Babam\u0131n g\u00fczel, a\u011f\u0131r ba\u015fl\u0131 y\u00fcz\u00fc [&hellip;]\" \/>\n<meta property=\"og:url\" content=\"https:\/\/narteks.net\/index.php\/2009\/12\/04\/o-erken-sabahlar\/\" \/>\n<meta property=\"og:site_name\" content=\"narteks.net\" \/>\n<meta property=\"article:published_time\" content=\"2009-12-04T14:34:12+00:00\" \/>\n<meta property=\"og:image\" content=\"https:\/\/narteks.net\/wp-content\/uploads\/narteks.png\" \/>\n\t<meta property=\"og:image:width\" content=\"300\" \/>\n\t<meta property=\"og:image:height\" content=\"90\" \/>\n\t<meta property=\"og:image:type\" content=\"image\/png\" \/>\n<meta name=\"author\" content=\"Tar\u0131k\" \/>\n<meta name=\"twitter:card\" content=\"summary_large_image\" \/>\n<meta name=\"twitter:creator\" content=\"@narteks\" \/>\n<meta name=\"twitter:site\" content=\"@narteks\" \/>\n<meta name=\"twitter:label1\" content=\"Yazan:\" \/>\n\t<meta name=\"twitter:data1\" content=\"Tar\u0131k\" \/>\n\t<meta name=\"twitter:label2\" content=\"Tahmini okuma s\u00fcresi\" \/>\n\t<meta name=\"twitter:data2\" content=\"1 dakika\" \/>\n<script type=\"application\/ld+json\" class=\"yoast-schema-graph\">{\"@context\":\"https:\/\/schema.org\",\"@graph\":[{\"@type\":\"Article\",\"@id\":\"https:\/\/narteks.net\/index.php\/2009\/12\/04\/o-erken-sabahlar\/#article\",\"isPartOf\":{\"@id\":\"https:\/\/narteks.net\/index.php\/2009\/12\/04\/o-erken-sabahlar\/\"},\"author\":{\"name\":\"Tar\u0131k\",\"@id\":\"https:\/\/narteks.net\/#\/schema\/person\/61f37d9834294b72d31d274e7ed79bca\"},\"headline\":\"O ERKEN SABAHLAR\",\"datePublished\":\"2009-12-04T14:34:12+00:00\",\"mainEntityOfPage\":{\"@id\":\"https:\/\/narteks.net\/index.php\/2009\/12\/04\/o-erken-sabahlar\/\"},\"wordCount\":106,\"commentCount\":0,\"publisher\":{\"@id\":\"https:\/\/narteks.net\/#organization\"},\"articleSection\":[\"Ataol BEHRAMOGLU\"],\"inLanguage\":\"tr\",\"potentialAction\":[{\"@type\":\"CommentAction\",\"name\":\"Comment\",\"target\":[\"https:\/\/narteks.net\/index.php\/2009\/12\/04\/o-erken-sabahlar\/#respond\"]}]},{\"@type\":\"WebPage\",\"@id\":\"https:\/\/narteks.net\/index.php\/2009\/12\/04\/o-erken-sabahlar\/\",\"url\":\"https:\/\/narteks.net\/index.php\/2009\/12\/04\/o-erken-sabahlar\/\",\"name\":\"O ERKEN SABAHLAR - narteks.net\",\"isPartOf\":{\"@id\":\"https:\/\/narteks.net\/#website\"},\"datePublished\":\"2009-12-04T14:34:12+00:00\",\"breadcrumb\":{\"@id\":\"https:\/\/narteks.net\/index.php\/2009\/12\/04\/o-erken-sabahlar\/#breadcrumb\"},\"inLanguage\":\"tr\",\"potentialAction\":[{\"@type\":\"ReadAction\",\"target\":[\"https:\/\/narteks.net\/index.php\/2009\/12\/04\/o-erken-sabahlar\/\"]}]},{\"@type\":\"BreadcrumbList\",\"@id\":\"https:\/\/narteks.net\/index.php\/2009\/12\/04\/o-erken-sabahlar\/#breadcrumb\",\"itemListElement\":[{\"@type\":\"ListItem\",\"position\":1,\"name\":\"Anasayfa\",\"item\":\"https:\/\/narteks.net\/\"},{\"@type\":\"ListItem\",\"position\":2,\"name\":\"O ERKEN SABAHLAR\"}]},{\"@type\":\"WebSite\",\"@id\":\"https:\/\/narteks.net\/#website\",\"url\":\"https:\/\/narteks.net\/\",\"name\":\"narteks.net\",\"description\":\"K\u00fclt\u00fcr Sanat Edebiyat Felsefe\",\"publisher\":{\"@id\":\"https:\/\/narteks.net\/#organization\"},\"alternateName\":\"K\u00fclt\u00fcr Sanat Edebiyat Felsefe\",\"potentialAction\":[{\"@type\":\"SearchAction\",\"target\":{\"@type\":\"EntryPoint\",\"urlTemplate\":\"https:\/\/narteks.net\/?s={search_term_string}\"},\"query-input\":{\"@type\":\"PropertyValueSpecification\",\"valueRequired\":true,\"valueName\":\"search_term_string\"}}],\"inLanguage\":\"tr\"},{\"@type\":\"Organization\",\"@id\":\"https:\/\/narteks.net\/#organization\",\"name\":\"narteks.net\",\"url\":\"https:\/\/narteks.net\/\",\"logo\":{\"@type\":\"ImageObject\",\"inLanguage\":\"tr\",\"@id\":\"https:\/\/narteks.net\/#\/schema\/logo\/image\/\",\"url\":\"https:\/\/narteks.net\/wp-content\/uploads\/narteks.png\",\"contentUrl\":\"https:\/\/narteks.net\/wp-content\/uploads\/narteks.png\",\"width\":300,\"height\":90,\"caption\":\"narteks.net\"},\"image\":{\"@id\":\"https:\/\/narteks.net\/#\/schema\/logo\/image\/\"},\"sameAs\":[\"https:\/\/x.com\/narteks\",\"https:\/\/instagram.com\/narteksnet\"]},{\"@type\":\"Person\",\"@id\":\"https:\/\/narteks.net\/#\/schema\/person\/61f37d9834294b72d31d274e7ed79bca\",\"name\":\"Tar\u0131k\",\"image\":{\"@type\":\"ImageObject\",\"inLanguage\":\"tr\",\"@id\":\"https:\/\/narteks.net\/#\/schema\/person\/image\/\",\"url\":\"https:\/\/secure.gravatar.com\/avatar\/50865afb55632c4ae467e0af0930f6510aa2297d8014be502a55b14f3b7550cf?s=96&d=mm&r=g\",\"contentUrl\":\"https:\/\/secure.gravatar.com\/avatar\/50865afb55632c4ae467e0af0930f6510aa2297d8014be502a55b14f3b7550cf?s=96&d=mm&r=g\",\"caption\":\"Tar\u0131k\"},\"sameAs\":[\"http:\/\/narteks.net\"],\"url\":\"https:\/\/narteks.net\/index.php\/author\/narbak\/\"}]}<\/script>\n<!-- \/ Yoast SEO Premium plugin. -->","yoast_head_json":{"title":"O ERKEN SABAHLAR - narteks.net","robots":{"index":"index","follow":"follow","max-snippet":"max-snippet:-1","max-image-preview":"max-image-preview:large","max-video-preview":"max-video-preview:-1"},"canonical":"https:\/\/narteks.net\/index.php\/2009\/12\/04\/o-erken-sabahlar\/","og_locale":"tr_TR","og_type":"article","og_title":"O ERKEN SABAHLAR","og_description":"\u00a0 Annemli babaml\u0131 o erken sabahlar T\u00fcm ya\u015fam\u0131m\u0131n belki en g\u00fczel \u015feyiydi Yatak \u00f6rt\u00fclerinde sabah g\u00fcne\u015fi Ve sanki karde\u015fimiz olan e\u015fyalar Sakince a\u00e7\u0131l\u0131p kapanan bir kap\u0131 Bir masa, a\u011f\u0131r ba\u015fl\u0131 duru\u015fuyla Yar\u0131 ayd\u0131nl\u0131kta, koridorda Aynadan, konsoldan yans\u0131yan \u0131\u015f\u0131lt\u0131 \u015eimdi bu erken sabah saatinde Ac\u0131t\u0131yor kalbimi \u00f6zlemle O sabah vaktin g\u00f6r\u00fcnt\u00fcleri Babam\u0131n g\u00fczel, a\u011f\u0131r ba\u015fl\u0131 y\u00fcz\u00fc [&hellip;]","og_url":"https:\/\/narteks.net\/index.php\/2009\/12\/04\/o-erken-sabahlar\/","og_site_name":"narteks.net","article_published_time":"2009-12-04T14:34:12+00:00","og_image":[{"width":300,"height":90,"url":"https:\/\/narteks.net\/wp-content\/uploads\/narteks.png","type":"image\/png"}],"author":"Tar\u0131k","twitter_card":"summary_large_image","twitter_creator":"@narteks","twitter_site":"@narteks","twitter_misc":{"Yazan:":"Tar\u0131k","Tahmini okuma s\u00fcresi":"1 dakika"},"schema":{"@context":"https:\/\/schema.org","@graph":[{"@type":"Article","@id":"https:\/\/narteks.net\/index.php\/2009\/12\/04\/o-erken-sabahlar\/#article","isPartOf":{"@id":"https:\/\/narteks.net\/index.php\/2009\/12\/04\/o-erken-sabahlar\/"},"author":{"name":"Tar\u0131k","@id":"https:\/\/narteks.net\/#\/schema\/person\/61f37d9834294b72d31d274e7ed79bca"},"headline":"O ERKEN SABAHLAR","datePublished":"2009-12-04T14:34:12+00:00","mainEntityOfPage":{"@id":"https:\/\/narteks.net\/index.php\/2009\/12\/04\/o-erken-sabahlar\/"},"wordCount":106,"commentCount":0,"publisher":{"@id":"https:\/\/narteks.net\/#organization"},"articleSection":["Ataol BEHRAMOGLU"],"inLanguage":"tr","potentialAction":[{"@type":"CommentAction","name":"Comment","target":["https:\/\/narteks.net\/index.php\/2009\/12\/04\/o-erken-sabahlar\/#respond"]}]},{"@type":"WebPage","@id":"https:\/\/narteks.net\/index.php\/2009\/12\/04\/o-erken-sabahlar\/","url":"https:\/\/narteks.net\/index.php\/2009\/12\/04\/o-erken-sabahlar\/","name":"O ERKEN SABAHLAR - narteks.net","isPartOf":{"@id":"https:\/\/narteks.net\/#website"},"datePublished":"2009-12-04T14:34:12+00:00","breadcrumb":{"@id":"https:\/\/narteks.net\/index.php\/2009\/12\/04\/o-erken-sabahlar\/#breadcrumb"},"inLanguage":"tr","potentialAction":[{"@type":"ReadAction","target":["https:\/\/narteks.net\/index.php\/2009\/12\/04\/o-erken-sabahlar\/"]}]},{"@type":"BreadcrumbList","@id":"https:\/\/narteks.net\/index.php\/2009\/12\/04\/o-erken-sabahlar\/#breadcrumb","itemListElement":[{"@type":"ListItem","position":1,"name":"Anasayfa","item":"https:\/\/narteks.net\/"},{"@type":"ListItem","position":2,"name":"O ERKEN SABAHLAR"}]},{"@type":"WebSite","@id":"https:\/\/narteks.net\/#website","url":"https:\/\/narteks.net\/","name":"narteks.net","description":"K\u00fclt\u00fcr Sanat Edebiyat Felsefe","publisher":{"@id":"https:\/\/narteks.net\/#organization"},"alternateName":"K\u00fclt\u00fcr Sanat Edebiyat Felsefe","potentialAction":[{"@type":"SearchAction","target":{"@type":"EntryPoint","urlTemplate":"https:\/\/narteks.net\/?s={search_term_string}"},"query-input":{"@type":"PropertyValueSpecification","valueRequired":true,"valueName":"search_term_string"}}],"inLanguage":"tr"},{"@type":"Organization","@id":"https:\/\/narteks.net\/#organization","name":"narteks.net","url":"https:\/\/narteks.net\/","logo":{"@type":"ImageObject","inLanguage":"tr","@id":"https:\/\/narteks.net\/#\/schema\/logo\/image\/","url":"https:\/\/narteks.net\/wp-content\/uploads\/narteks.png","contentUrl":"https:\/\/narteks.net\/wp-content\/uploads\/narteks.png","width":300,"height":90,"caption":"narteks.net"},"image":{"@id":"https:\/\/narteks.net\/#\/schema\/logo\/image\/"},"sameAs":["https:\/\/x.com\/narteks","https:\/\/instagram.com\/narteksnet"]},{"@type":"Person","@id":"https:\/\/narteks.net\/#\/schema\/person\/61f37d9834294b72d31d274e7ed79bca","name":"Tar\u0131k","image":{"@type":"ImageObject","inLanguage":"tr","@id":"https:\/\/narteks.net\/#\/schema\/person\/image\/","url":"https:\/\/secure.gravatar.com\/avatar\/50865afb55632c4ae467e0af0930f6510aa2297d8014be502a55b14f3b7550cf?s=96&d=mm&r=g","contentUrl":"https:\/\/secure.gravatar.com\/avatar\/50865afb55632c4ae467e0af0930f6510aa2297d8014be502a55b14f3b7550cf?s=96&d=mm&r=g","caption":"Tar\u0131k"},"sameAs":["http:\/\/narteks.net"],"url":"https:\/\/narteks.net\/index.php\/author\/narbak\/"}]}},"_links":{"self":[{"href":"https:\/\/narteks.net\/index.php\/wp-json\/wp\/v2\/posts\/1939","targetHints":{"allow":["GET"]}}],"collection":[{"href":"https:\/\/narteks.net\/index.php\/wp-json\/wp\/v2\/posts"}],"about":[{"href":"https:\/\/narteks.net\/index.php\/wp-json\/wp\/v2\/types\/post"}],"author":[{"embeddable":true,"href":"https:\/\/narteks.net\/index.php\/wp-json\/wp\/v2\/users\/1"}],"replies":[{"embeddable":true,"href":"https:\/\/narteks.net\/index.php\/wp-json\/wp\/v2\/comments?post=1939"}],"version-history":[{"count":0,"href":"https:\/\/narteks.net\/index.php\/wp-json\/wp\/v2\/posts\/1939\/revisions"}],"wp:attachment":[{"href":"https:\/\/narteks.net\/index.php\/wp-json\/wp\/v2\/media?parent=1939"}],"wp:term":[{"taxonomy":"category","embeddable":true,"href":"https:\/\/narteks.net\/index.php\/wp-json\/wp\/v2\/categories?post=1939"},{"taxonomy":"post_tag","embeddable":true,"href":"https:\/\/narteks.net\/index.php\/wp-json\/wp\/v2\/tags?post=1939"}],"curies":[{"name":"wp","href":"https:\/\/api.w.org\/{rel}","templated":true}]}}