{"id":1947,"date":"2009-12-04T17:43:17","date_gmt":"2009-12-04T14:43:17","guid":{"rendered":"http:\/\/localhost\/wordpress\/2009\/12\/04\/okyanusla-ilk-karsilasma\/"},"modified":"2009-12-04T17:43:17","modified_gmt":"2009-12-04T14:43:17","slug":"okyanusla-ilk-karsilasma","status":"publish","type":"post","link":"https:\/\/narteks.net\/index.php\/2009\/12\/04\/okyanusla-ilk-karsilasma\/","title":{"rendered":"Okyanusla \u0130lk Kar\u015f\u0131la\u015fma"},"content":{"rendered":"<p>\u00a0<\/p>\n<p>\u015eu anda bile etkisi s\u00fcr\u00fcyor<br \/>Okyanusla kar\u015f\u0131la\u015fmam\u0131n<br \/>Onun yan\u0131nda bizim Akdeniz<br \/>Bir k\u00fc\u00e7\u00fck k\u0131z gibi kal\u0131yor<\/p>\n<p>\u0130nan\u0131lmaz bir geni\u015flikte<br \/>K\u0131y\u0131ya y\u00fcklenen su k\u00fctlesi<br \/>Sonsuzca kendi i\u00e7inde<br \/>Ve ya\u015fayan sadece kendini<\/p>\n<p>K\u0131y\u0131s\u0131nda bu g\u00f6rkemin<br \/>Bir gece olsun ge\u00e7irmek isterdim<br \/>\u0130nsan\u0131n ve \u00f6mr\u00fcn\u00fcn<br \/>S\u0131n\u0131rlar\u0131n\u0131 kavramak i\u00e7in<\/p>\n<p>\u0130lk kez \u00e7ok uzun s\u00fcre sonunda<br \/>\u0130\u00e7imde k\u0131p\u0131rdad\u0131 \u015fiir<br \/>Anlad\u0131m ki \u015fiirim<br \/>Bu vah\u015fi y\u00fcceli\u011fi \u00f6zlemektedir<\/p>\n<p>Kapan\u0131k sonbahar g\u00f6\u011f\u00fcn\u00fcn alt\u0131nda<br \/>Yaln\u0131zl\u0131\u011f\u0131 beni a\u011flatabilirdi<br \/>\u00d6mr\u00fcmce g\u00f6rd\u00fc\u011f\u00fcm hi\u00e7bir \u015fey<br \/>Okyanus kadar kederli de\u011fildi<\/p>\n<p>Onu hep an\u0131msayaca\u011f\u0131m<br \/>Orada o sonsuz enginlikte<br \/>Okyanusunda y\u00fcre\u011fimin<br \/>Bo\u011fulup gitmeden \u00f6nce<\/p>\n<p>Ataol BEHRAMO\u011eLU<br \/>Bordeaux &#8211; Kas\u0131m-Aral\u0131k 2003<\/p>\n","protected":false},"excerpt":{"rendered":"<p>\u00a0 \u015eu anda bile etkisi s\u00fcr\u00fcyorOkyanusla kar\u015f\u0131la\u015fmam\u0131nOnun yan\u0131nda bizim AkdenizBir k\u00fc\u00e7\u00fck k\u0131z gibi kal\u0131yor \u0130nan\u0131lmaz bir geni\u015flikteK\u0131y\u0131ya y\u00fcklenen su k\u00fctlesiSonsuzca kendi i\u00e7indeVe ya\u015fayan sadece kendini K\u0131y\u0131s\u0131nda bu g\u00f6rkeminBir gece olsun ge\u00e7irmek isterdim\u0130nsan\u0131n ve \u00f6mr\u00fcn\u00fcnS\u0131n\u0131rlar\u0131n\u0131 kavramak i\u00e7in \u0130lk kez \u00e7ok uzun s\u00fcre sonunda\u0130\u00e7imde k\u0131p\u0131rdad\u0131 \u015fiirAnlad\u0131m ki \u015fiirimBu vah\u015fi y\u00fcceli\u011fi \u00f6zlemektedir Kapan\u0131k sonbahar g\u00f6\u011f\u00fcn\u00fcn alt\u0131ndaYaln\u0131zl\u0131\u011f\u0131 beni a\u011flatabilirdi\u00d6mr\u00fcmce [&hellip;]<\/p>\n","protected":false},"author":1,"featured_media":0,"comment_status":"open","ping_status":"open","sticky":false,"template":"","format":"standard","meta":{"footnotes":""},"categories":[10],"tags":[],"class_list":{"0":"post-1947","1":"post","2":"type-post","3":"status-publish","4":"format-standard","6":"category-ataol-behramoglu"},"yoast_head":"<!-- This site is optimized with the Yoast SEO Premium plugin v24.9 (Yoast SEO v24.9) - https:\/\/yoast.com\/wordpress\/plugins\/seo\/ -->\n<title>Okyanusla \u0130lk Kar\u015f\u0131la\u015fma - narteks.net<\/title>\n<meta name=\"robots\" content=\"index, follow, max-snippet:-1, max-image-preview:large, max-video-preview:-1\" \/>\n<link rel=\"canonical\" href=\"https:\/\/narteks.net\/index.php\/2009\/12\/04\/okyanusla-ilk-karsilasma\/\" \/>\n<meta property=\"og:locale\" content=\"tr_TR\" \/>\n<meta property=\"og:type\" content=\"article\" \/>\n<meta property=\"og:title\" content=\"Okyanusla \u0130lk Kar\u015f\u0131la\u015fma\" \/>\n<meta property=\"og:description\" content=\"\u00a0 \u015eu anda bile etkisi s\u00fcr\u00fcyorOkyanusla kar\u015f\u0131la\u015fmam\u0131nOnun yan\u0131nda bizim AkdenizBir k\u00fc\u00e7\u00fck k\u0131z gibi kal\u0131yor \u0130nan\u0131lmaz bir geni\u015flikteK\u0131y\u0131ya y\u00fcklenen su k\u00fctlesiSonsuzca kendi i\u00e7indeVe ya\u015fayan sadece kendini K\u0131y\u0131s\u0131nda bu g\u00f6rkeminBir gece olsun ge\u00e7irmek isterdim\u0130nsan\u0131n ve \u00f6mr\u00fcn\u00fcnS\u0131n\u0131rlar\u0131n\u0131 kavramak i\u00e7in \u0130lk kez \u00e7ok uzun s\u00fcre sonunda\u0130\u00e7imde k\u0131p\u0131rdad\u0131 \u015fiirAnlad\u0131m ki \u015fiirimBu vah\u015fi y\u00fcceli\u011fi \u00f6zlemektedir Kapan\u0131k sonbahar g\u00f6\u011f\u00fcn\u00fcn alt\u0131ndaYaln\u0131zl\u0131\u011f\u0131 beni a\u011flatabilirdi\u00d6mr\u00fcmce [&hellip;]\" \/>\n<meta property=\"og:url\" content=\"https:\/\/narteks.net\/index.php\/2009\/12\/04\/okyanusla-ilk-karsilasma\/\" \/>\n<meta property=\"og:site_name\" content=\"narteks.net\" \/>\n<meta property=\"article:published_time\" content=\"2009-12-04T14:43:17+00:00\" \/>\n<meta property=\"og:image\" content=\"https:\/\/narteks.net\/wp-content\/uploads\/narteks.png\" \/>\n\t<meta property=\"og:image:width\" content=\"300\" \/>\n\t<meta property=\"og:image:height\" content=\"90\" \/>\n\t<meta property=\"og:image:type\" content=\"image\/png\" \/>\n<meta name=\"author\" content=\"Tar\u0131k\" \/>\n<meta name=\"twitter:card\" content=\"summary_large_image\" \/>\n<meta name=\"twitter:creator\" content=\"@narteks\" \/>\n<meta name=\"twitter:site\" content=\"@narteks\" \/>\n<meta name=\"twitter:label1\" content=\"Yazan:\" \/>\n\t<meta name=\"twitter:data1\" content=\"Tar\u0131k\" \/>\n\t<meta name=\"twitter:label2\" content=\"Tahmini okuma s\u00fcresi\" \/>\n\t<meta name=\"twitter:data2\" content=\"1 dakika\" \/>\n<script type=\"application\/ld+json\" class=\"yoast-schema-graph\">{\"@context\":\"https:\/\/schema.org\",\"@graph\":[{\"@type\":\"Article\",\"@id\":\"https:\/\/narteks.net\/index.php\/2009\/12\/04\/okyanusla-ilk-karsilasma\/#article\",\"isPartOf\":{\"@id\":\"https:\/\/narteks.net\/index.php\/2009\/12\/04\/okyanusla-ilk-karsilasma\/\"},\"author\":{\"name\":\"Tar\u0131k\",\"@id\":\"https:\/\/narteks.net\/#\/schema\/person\/61f37d9834294b72d31d274e7ed79bca\"},\"headline\":\"Okyanusla \u0130lk Kar\u015f\u0131la\u015fma\",\"datePublished\":\"2009-12-04T14:43:17+00:00\",\"mainEntityOfPage\":{\"@id\":\"https:\/\/narteks.net\/index.php\/2009\/12\/04\/okyanusla-ilk-karsilasma\/\"},\"wordCount\":136,\"commentCount\":0,\"publisher\":{\"@id\":\"https:\/\/narteks.net\/#organization\"},\"articleSection\":[\"Ataol BEHRAMOGLU\"],\"inLanguage\":\"tr\",\"potentialAction\":[{\"@type\":\"CommentAction\",\"name\":\"Comment\",\"target\":[\"https:\/\/narteks.net\/index.php\/2009\/12\/04\/okyanusla-ilk-karsilasma\/#respond\"]}]},{\"@type\":\"WebPage\",\"@id\":\"https:\/\/narteks.net\/index.php\/2009\/12\/04\/okyanusla-ilk-karsilasma\/\",\"url\":\"https:\/\/narteks.net\/index.php\/2009\/12\/04\/okyanusla-ilk-karsilasma\/\",\"name\":\"Okyanusla \u0130lk Kar\u015f\u0131la\u015fma - narteks.net\",\"isPartOf\":{\"@id\":\"https:\/\/narteks.net\/#website\"},\"datePublished\":\"2009-12-04T14:43:17+00:00\",\"breadcrumb\":{\"@id\":\"https:\/\/narteks.net\/index.php\/2009\/12\/04\/okyanusla-ilk-karsilasma\/#breadcrumb\"},\"inLanguage\":\"tr\",\"potentialAction\":[{\"@type\":\"ReadAction\",\"target\":[\"https:\/\/narteks.net\/index.php\/2009\/12\/04\/okyanusla-ilk-karsilasma\/\"]}]},{\"@type\":\"BreadcrumbList\",\"@id\":\"https:\/\/narteks.net\/index.php\/2009\/12\/04\/okyanusla-ilk-karsilasma\/#breadcrumb\",\"itemListElement\":[{\"@type\":\"ListItem\",\"position\":1,\"name\":\"Anasayfa\",\"item\":\"https:\/\/narteks.net\/\"},{\"@type\":\"ListItem\",\"position\":2,\"name\":\"Okyanusla \u0130lk Kar\u015f\u0131la\u015fma\"}]},{\"@type\":\"WebSite\",\"@id\":\"https:\/\/narteks.net\/#website\",\"url\":\"https:\/\/narteks.net\/\",\"name\":\"narteks.net\",\"description\":\"K\u00fclt\u00fcr Sanat Edebiyat Felsefe\",\"publisher\":{\"@id\":\"https:\/\/narteks.net\/#organization\"},\"alternateName\":\"K\u00fclt\u00fcr Sanat Edebiyat Felsefe\",\"potentialAction\":[{\"@type\":\"SearchAction\",\"target\":{\"@type\":\"EntryPoint\",\"urlTemplate\":\"https:\/\/narteks.net\/?s={search_term_string}\"},\"query-input\":{\"@type\":\"PropertyValueSpecification\",\"valueRequired\":true,\"valueName\":\"search_term_string\"}}],\"inLanguage\":\"tr\"},{\"@type\":\"Organization\",\"@id\":\"https:\/\/narteks.net\/#organization\",\"name\":\"narteks.net\",\"url\":\"https:\/\/narteks.net\/\",\"logo\":{\"@type\":\"ImageObject\",\"inLanguage\":\"tr\",\"@id\":\"https:\/\/narteks.net\/#\/schema\/logo\/image\/\",\"url\":\"https:\/\/narteks.net\/wp-content\/uploads\/narteks.png\",\"contentUrl\":\"https:\/\/narteks.net\/wp-content\/uploads\/narteks.png\",\"width\":300,\"height\":90,\"caption\":\"narteks.net\"},\"image\":{\"@id\":\"https:\/\/narteks.net\/#\/schema\/logo\/image\/\"},\"sameAs\":[\"https:\/\/x.com\/narteks\",\"https:\/\/instagram.com\/narteksnet\"]},{\"@type\":\"Person\",\"@id\":\"https:\/\/narteks.net\/#\/schema\/person\/61f37d9834294b72d31d274e7ed79bca\",\"name\":\"Tar\u0131k\",\"image\":{\"@type\":\"ImageObject\",\"inLanguage\":\"tr\",\"@id\":\"https:\/\/narteks.net\/#\/schema\/person\/image\/\",\"url\":\"https:\/\/secure.gravatar.com\/avatar\/50865afb55632c4ae467e0af0930f6510aa2297d8014be502a55b14f3b7550cf?s=96&d=mm&r=g\",\"contentUrl\":\"https:\/\/secure.gravatar.com\/avatar\/50865afb55632c4ae467e0af0930f6510aa2297d8014be502a55b14f3b7550cf?s=96&d=mm&r=g\",\"caption\":\"Tar\u0131k\"},\"sameAs\":[\"http:\/\/narteks.net\"],\"url\":\"https:\/\/narteks.net\/index.php\/author\/narbak\/\"}]}<\/script>\n<!-- \/ Yoast SEO Premium plugin. -->","yoast_head_json":{"title":"Okyanusla \u0130lk Kar\u015f\u0131la\u015fma - narteks.net","robots":{"index":"index","follow":"follow","max-snippet":"max-snippet:-1","max-image-preview":"max-image-preview:large","max-video-preview":"max-video-preview:-1"},"canonical":"https:\/\/narteks.net\/index.php\/2009\/12\/04\/okyanusla-ilk-karsilasma\/","og_locale":"tr_TR","og_type":"article","og_title":"Okyanusla \u0130lk Kar\u015f\u0131la\u015fma","og_description":"\u00a0 \u015eu anda bile etkisi s\u00fcr\u00fcyorOkyanusla kar\u015f\u0131la\u015fmam\u0131nOnun yan\u0131nda bizim AkdenizBir k\u00fc\u00e7\u00fck k\u0131z gibi kal\u0131yor \u0130nan\u0131lmaz bir geni\u015flikteK\u0131y\u0131ya y\u00fcklenen su k\u00fctlesiSonsuzca kendi i\u00e7indeVe ya\u015fayan sadece kendini K\u0131y\u0131s\u0131nda bu g\u00f6rkeminBir gece olsun ge\u00e7irmek isterdim\u0130nsan\u0131n ve \u00f6mr\u00fcn\u00fcnS\u0131n\u0131rlar\u0131n\u0131 kavramak i\u00e7in \u0130lk kez \u00e7ok uzun s\u00fcre sonunda\u0130\u00e7imde k\u0131p\u0131rdad\u0131 \u015fiirAnlad\u0131m ki \u015fiirimBu vah\u015fi y\u00fcceli\u011fi \u00f6zlemektedir Kapan\u0131k sonbahar g\u00f6\u011f\u00fcn\u00fcn alt\u0131ndaYaln\u0131zl\u0131\u011f\u0131 beni a\u011flatabilirdi\u00d6mr\u00fcmce [&hellip;]","og_url":"https:\/\/narteks.net\/index.php\/2009\/12\/04\/okyanusla-ilk-karsilasma\/","og_site_name":"narteks.net","article_published_time":"2009-12-04T14:43:17+00:00","og_image":[{"width":300,"height":90,"url":"https:\/\/narteks.net\/wp-content\/uploads\/narteks.png","type":"image\/png"}],"author":"Tar\u0131k","twitter_card":"summary_large_image","twitter_creator":"@narteks","twitter_site":"@narteks","twitter_misc":{"Yazan:":"Tar\u0131k","Tahmini okuma s\u00fcresi":"1 dakika"},"schema":{"@context":"https:\/\/schema.org","@graph":[{"@type":"Article","@id":"https:\/\/narteks.net\/index.php\/2009\/12\/04\/okyanusla-ilk-karsilasma\/#article","isPartOf":{"@id":"https:\/\/narteks.net\/index.php\/2009\/12\/04\/okyanusla-ilk-karsilasma\/"},"author":{"name":"Tar\u0131k","@id":"https:\/\/narteks.net\/#\/schema\/person\/61f37d9834294b72d31d274e7ed79bca"},"headline":"Okyanusla \u0130lk Kar\u015f\u0131la\u015fma","datePublished":"2009-12-04T14:43:17+00:00","mainEntityOfPage":{"@id":"https:\/\/narteks.net\/index.php\/2009\/12\/04\/okyanusla-ilk-karsilasma\/"},"wordCount":136,"commentCount":0,"publisher":{"@id":"https:\/\/narteks.net\/#organization"},"articleSection":["Ataol BEHRAMOGLU"],"inLanguage":"tr","potentialAction":[{"@type":"CommentAction","name":"Comment","target":["https:\/\/narteks.net\/index.php\/2009\/12\/04\/okyanusla-ilk-karsilasma\/#respond"]}]},{"@type":"WebPage","@id":"https:\/\/narteks.net\/index.php\/2009\/12\/04\/okyanusla-ilk-karsilasma\/","url":"https:\/\/narteks.net\/index.php\/2009\/12\/04\/okyanusla-ilk-karsilasma\/","name":"Okyanusla \u0130lk Kar\u015f\u0131la\u015fma - narteks.net","isPartOf":{"@id":"https:\/\/narteks.net\/#website"},"datePublished":"2009-12-04T14:43:17+00:00","breadcrumb":{"@id":"https:\/\/narteks.net\/index.php\/2009\/12\/04\/okyanusla-ilk-karsilasma\/#breadcrumb"},"inLanguage":"tr","potentialAction":[{"@type":"ReadAction","target":["https:\/\/narteks.net\/index.php\/2009\/12\/04\/okyanusla-ilk-karsilasma\/"]}]},{"@type":"BreadcrumbList","@id":"https:\/\/narteks.net\/index.php\/2009\/12\/04\/okyanusla-ilk-karsilasma\/#breadcrumb","itemListElement":[{"@type":"ListItem","position":1,"name":"Anasayfa","item":"https:\/\/narteks.net\/"},{"@type":"ListItem","position":2,"name":"Okyanusla \u0130lk Kar\u015f\u0131la\u015fma"}]},{"@type":"WebSite","@id":"https:\/\/narteks.net\/#website","url":"https:\/\/narteks.net\/","name":"narteks.net","description":"K\u00fclt\u00fcr Sanat Edebiyat Felsefe","publisher":{"@id":"https:\/\/narteks.net\/#organization"},"alternateName":"K\u00fclt\u00fcr Sanat Edebiyat Felsefe","potentialAction":[{"@type":"SearchAction","target":{"@type":"EntryPoint","urlTemplate":"https:\/\/narteks.net\/?s={search_term_string}"},"query-input":{"@type":"PropertyValueSpecification","valueRequired":true,"valueName":"search_term_string"}}],"inLanguage":"tr"},{"@type":"Organization","@id":"https:\/\/narteks.net\/#organization","name":"narteks.net","url":"https:\/\/narteks.net\/","logo":{"@type":"ImageObject","inLanguage":"tr","@id":"https:\/\/narteks.net\/#\/schema\/logo\/image\/","url":"https:\/\/narteks.net\/wp-content\/uploads\/narteks.png","contentUrl":"https:\/\/narteks.net\/wp-content\/uploads\/narteks.png","width":300,"height":90,"caption":"narteks.net"},"image":{"@id":"https:\/\/narteks.net\/#\/schema\/logo\/image\/"},"sameAs":["https:\/\/x.com\/narteks","https:\/\/instagram.com\/narteksnet"]},{"@type":"Person","@id":"https:\/\/narteks.net\/#\/schema\/person\/61f37d9834294b72d31d274e7ed79bca","name":"Tar\u0131k","image":{"@type":"ImageObject","inLanguage":"tr","@id":"https:\/\/narteks.net\/#\/schema\/person\/image\/","url":"https:\/\/secure.gravatar.com\/avatar\/50865afb55632c4ae467e0af0930f6510aa2297d8014be502a55b14f3b7550cf?s=96&d=mm&r=g","contentUrl":"https:\/\/secure.gravatar.com\/avatar\/50865afb55632c4ae467e0af0930f6510aa2297d8014be502a55b14f3b7550cf?s=96&d=mm&r=g","caption":"Tar\u0131k"},"sameAs":["http:\/\/narteks.net"],"url":"https:\/\/narteks.net\/index.php\/author\/narbak\/"}]}},"_links":{"self":[{"href":"https:\/\/narteks.net\/index.php\/wp-json\/wp\/v2\/posts\/1947","targetHints":{"allow":["GET"]}}],"collection":[{"href":"https:\/\/narteks.net\/index.php\/wp-json\/wp\/v2\/posts"}],"about":[{"href":"https:\/\/narteks.net\/index.php\/wp-json\/wp\/v2\/types\/post"}],"author":[{"embeddable":true,"href":"https:\/\/narteks.net\/index.php\/wp-json\/wp\/v2\/users\/1"}],"replies":[{"embeddable":true,"href":"https:\/\/narteks.net\/index.php\/wp-json\/wp\/v2\/comments?post=1947"}],"version-history":[{"count":0,"href":"https:\/\/narteks.net\/index.php\/wp-json\/wp\/v2\/posts\/1947\/revisions"}],"wp:attachment":[{"href":"https:\/\/narteks.net\/index.php\/wp-json\/wp\/v2\/media?parent=1947"}],"wp:term":[{"taxonomy":"category","embeddable":true,"href":"https:\/\/narteks.net\/index.php\/wp-json\/wp\/v2\/categories?post=1947"},{"taxonomy":"post_tag","embeddable":true,"href":"https:\/\/narteks.net\/index.php\/wp-json\/wp\/v2\/tags?post=1947"}],"curies":[{"name":"wp","href":"https:\/\/api.w.org\/{rel}","templated":true}]}}