{"id":1949,"date":"2009-12-04T17:53:00","date_gmt":"2009-12-04T14:53:00","guid":{"rendered":"http:\/\/localhost\/wordpress\/2009\/12\/04\/zeynep-beni-bekle\/"},"modified":"2009-12-04T17:53:00","modified_gmt":"2009-12-04T14:53:00","slug":"zeynep-beni-bekle","status":"publish","type":"post","link":"https:\/\/narteks.net\/index.php\/2009\/12\/04\/zeynep-beni-bekle\/","title":{"rendered":"ZEYNEP BEN\u0130 BEKLE"},"content":{"rendered":"<p>\u00a0<\/p>\n<p>zeynep beni bekle \/ gece a\u011fa\u00e7lar\u0131na <br \/> ya\u011fmur \u00e7iseliyorum \/ cam tozu su beyaz\u0131 <br \/> yaln\u0131zl\u0131\u011f\u0131n\u0131 mutlaka de\u011fi\u015ftirece\u011fim <br \/> bir yaprak halinde s\u00fcz\u00fcl\u00fcp sa\u00e7lar\u0131na <br \/> eski te\u015frin&#8217;lerden \/ kederli k\u0131rm\u0131z\u0131 <br \/> zeynep beni bekle mutlaka d\u00f6nece\u011fim <br \/> s\u00f6yle kim \u00f6nleyebilir bulu\u015fmam\u0131z\u0131 <\/p>\n<p> geceleyin \u0131\u015f\u0131klar\u0131 s\u00f6nd\u00fcrd\u00fc\u011f\u00fcn zaman <br \/> benim \u015fiir kitaplar\u0131ndan s\u0131zan ayd\u0131nl\u0131k <br \/> elinde uyuyakald\u0131\u011f\u0131n heyecanl\u0131 roman <br \/> pancurlar\u0131n \u00e7arp\u0131ld\u0131\u011f\u0131 lodos geceleri <br \/> r\u00fczg\u00e2r\u0131n de\u011fil benim \/ pencerendeki \u0131sl\u0131k <br \/> her ak\u015fam koridordaki ayak sesleri <br \/> yanl\u0131\u015f \u00e7ald\u0131\u011f\u0131n\u0131 zanneti\u011fin telefon <br \/> zeynep beni bekle mutlaka gelece\u011fim <br \/> hem bu ne ilk ayr\u0131l\u0131\u011f\u0131m\u0131z ne de son <\/p>\n<p> pikapta emina\u011fa acema\u015fir\u00e2n saz semaisi <br \/> sokakta \u00e7ocuklar saklamba\u00e7 h\u0131rs\u0131z polis <br \/> hayat ak\u0131p gidiyor olsam da olmasam da <br \/> saati durmamal\u0131 ufak sorumluluklar\u0131n <br \/> resmi b\u0131rakmad\u0131n ya \/ son \u00e7ekti\u011fin hangisi <br \/> bak mektuplar birikmi\u015f yine masamda <br \/> fak\u00fclteler a\u00e7\u0131lacak bak bug\u00fcn yar\u0131n <br \/> zeynep beni bekle mutlaka gelece\u011fim <br \/> ba\u015flad\u0131\u011f\u0131m\u0131z filmi birlikte bitirece\u011fiz <\/p>\n<p> kim ne derse desin i\u00e7imde delice bir his<\/p>\n<p>Attila \u0130LHAN<\/p>\n","protected":false},"excerpt":{"rendered":"<p>\u00a0 zeynep beni bekle \/ gece a\u011fa\u00e7lar\u0131na ya\u011fmur \u00e7iseliyorum \/ cam tozu su beyaz\u0131 yaln\u0131zl\u0131\u011f\u0131n\u0131 mutlaka de\u011fi\u015ftirece\u011fim bir yaprak halinde s\u00fcz\u00fcl\u00fcp sa\u00e7lar\u0131na eski te\u015frin&#8217;lerden \/ kederli k\u0131rm\u0131z\u0131 zeynep beni bekle mutlaka d\u00f6nece\u011fim s\u00f6yle kim \u00f6nleyebilir bulu\u015fmam\u0131z\u0131 geceleyin \u0131\u015f\u0131klar\u0131 s\u00f6nd\u00fcrd\u00fc\u011f\u00fcn zaman benim \u015fiir kitaplar\u0131ndan s\u0131zan ayd\u0131nl\u0131k elinde uyuyakald\u0131\u011f\u0131n heyecanl\u0131 roman pancurlar\u0131n \u00e7arp\u0131ld\u0131\u011f\u0131 lodos geceleri r\u00fczg\u00e2r\u0131n de\u011fil [&hellip;]<\/p>\n","protected":false},"author":1,"featured_media":0,"comment_status":"open","ping_status":"open","sticky":false,"template":"","format":"standard","meta":{"footnotes":""},"categories":[11],"tags":[],"class_list":{"0":"post-1949","1":"post","2":"type-post","3":"status-publish","4":"format-standard","6":"category-attila-ilhan"},"yoast_head":"<!-- This site is optimized with the Yoast SEO Premium plugin v24.9 (Yoast SEO v24.9) - https:\/\/yoast.com\/wordpress\/plugins\/seo\/ -->\n<title>ZEYNEP BEN\u0130 BEKLE - narteks.net<\/title>\n<meta name=\"robots\" content=\"index, follow, max-snippet:-1, max-image-preview:large, max-video-preview:-1\" \/>\n<link rel=\"canonical\" href=\"https:\/\/narteks.net\/index.php\/2009\/12\/04\/zeynep-beni-bekle\/\" \/>\n<meta property=\"og:locale\" content=\"tr_TR\" \/>\n<meta property=\"og:type\" content=\"article\" \/>\n<meta property=\"og:title\" content=\"ZEYNEP BEN\u0130 BEKLE\" \/>\n<meta property=\"og:description\" content=\"\u00a0 zeynep beni bekle \/ gece a\u011fa\u00e7lar\u0131na ya\u011fmur \u00e7iseliyorum \/ cam tozu su beyaz\u0131 yaln\u0131zl\u0131\u011f\u0131n\u0131 mutlaka de\u011fi\u015ftirece\u011fim bir yaprak halinde s\u00fcz\u00fcl\u00fcp sa\u00e7lar\u0131na eski te\u015frin&#8217;lerden \/ kederli k\u0131rm\u0131z\u0131 zeynep beni bekle mutlaka d\u00f6nece\u011fim s\u00f6yle kim \u00f6nleyebilir bulu\u015fmam\u0131z\u0131 geceleyin \u0131\u015f\u0131klar\u0131 s\u00f6nd\u00fcrd\u00fc\u011f\u00fcn zaman benim \u015fiir kitaplar\u0131ndan s\u0131zan ayd\u0131nl\u0131k elinde uyuyakald\u0131\u011f\u0131n heyecanl\u0131 roman pancurlar\u0131n \u00e7arp\u0131ld\u0131\u011f\u0131 lodos geceleri r\u00fczg\u00e2r\u0131n de\u011fil [&hellip;]\" \/>\n<meta property=\"og:url\" content=\"https:\/\/narteks.net\/index.php\/2009\/12\/04\/zeynep-beni-bekle\/\" \/>\n<meta property=\"og:site_name\" content=\"narteks.net\" \/>\n<meta property=\"article:published_time\" content=\"2009-12-04T14:53:00+00:00\" \/>\n<meta property=\"og:image\" content=\"https:\/\/narteks.net\/wp-content\/uploads\/narteks.png\" \/>\n\t<meta property=\"og:image:width\" content=\"300\" \/>\n\t<meta property=\"og:image:height\" content=\"90\" \/>\n\t<meta property=\"og:image:type\" content=\"image\/png\" \/>\n<meta name=\"author\" content=\"Tar\u0131k\" \/>\n<meta name=\"twitter:card\" content=\"summary_large_image\" \/>\n<meta name=\"twitter:creator\" content=\"@narteks\" \/>\n<meta name=\"twitter:site\" content=\"@narteks\" \/>\n<meta name=\"twitter:label1\" content=\"Yazan:\" \/>\n\t<meta name=\"twitter:data1\" content=\"Tar\u0131k\" \/>\n\t<meta name=\"twitter:label2\" content=\"Tahmini okuma s\u00fcresi\" \/>\n\t<meta name=\"twitter:data2\" content=\"1 dakika\" \/>\n<script type=\"application\/ld+json\" class=\"yoast-schema-graph\">{\"@context\":\"https:\/\/schema.org\",\"@graph\":[{\"@type\":\"Article\",\"@id\":\"https:\/\/narteks.net\/index.php\/2009\/12\/04\/zeynep-beni-bekle\/#article\",\"isPartOf\":{\"@id\":\"https:\/\/narteks.net\/index.php\/2009\/12\/04\/zeynep-beni-bekle\/\"},\"author\":{\"name\":\"Tar\u0131k\",\"@id\":\"https:\/\/narteks.net\/#\/schema\/person\/61f37d9834294b72d31d274e7ed79bca\"},\"headline\":\"ZEYNEP BEN\u0130 BEKLE\",\"datePublished\":\"2009-12-04T14:53:00+00:00\",\"mainEntityOfPage\":{\"@id\":\"https:\/\/narteks.net\/index.php\/2009\/12\/04\/zeynep-beni-bekle\/\"},\"wordCount\":199,\"commentCount\":0,\"publisher\":{\"@id\":\"https:\/\/narteks.net\/#organization\"},\"articleSection\":[\"Attila ILHAN\"],\"inLanguage\":\"tr\",\"potentialAction\":[{\"@type\":\"CommentAction\",\"name\":\"Comment\",\"target\":[\"https:\/\/narteks.net\/index.php\/2009\/12\/04\/zeynep-beni-bekle\/#respond\"]}]},{\"@type\":\"WebPage\",\"@id\":\"https:\/\/narteks.net\/index.php\/2009\/12\/04\/zeynep-beni-bekle\/\",\"url\":\"https:\/\/narteks.net\/index.php\/2009\/12\/04\/zeynep-beni-bekle\/\",\"name\":\"ZEYNEP BEN\u0130 BEKLE - narteks.net\",\"isPartOf\":{\"@id\":\"https:\/\/narteks.net\/#website\"},\"datePublished\":\"2009-12-04T14:53:00+00:00\",\"breadcrumb\":{\"@id\":\"https:\/\/narteks.net\/index.php\/2009\/12\/04\/zeynep-beni-bekle\/#breadcrumb\"},\"inLanguage\":\"tr\",\"potentialAction\":[{\"@type\":\"ReadAction\",\"target\":[\"https:\/\/narteks.net\/index.php\/2009\/12\/04\/zeynep-beni-bekle\/\"]}]},{\"@type\":\"BreadcrumbList\",\"@id\":\"https:\/\/narteks.net\/index.php\/2009\/12\/04\/zeynep-beni-bekle\/#breadcrumb\",\"itemListElement\":[{\"@type\":\"ListItem\",\"position\":1,\"name\":\"Anasayfa\",\"item\":\"https:\/\/narteks.net\/\"},{\"@type\":\"ListItem\",\"position\":2,\"name\":\"ZEYNEP BEN\u0130 BEKLE\"}]},{\"@type\":\"WebSite\",\"@id\":\"https:\/\/narteks.net\/#website\",\"url\":\"https:\/\/narteks.net\/\",\"name\":\"narteks.net\",\"description\":\"K\u00fclt\u00fcr Sanat Edebiyat Felsefe\",\"publisher\":{\"@id\":\"https:\/\/narteks.net\/#organization\"},\"alternateName\":\"K\u00fclt\u00fcr Sanat Edebiyat Felsefe\",\"potentialAction\":[{\"@type\":\"SearchAction\",\"target\":{\"@type\":\"EntryPoint\",\"urlTemplate\":\"https:\/\/narteks.net\/?s={search_term_string}\"},\"query-input\":{\"@type\":\"PropertyValueSpecification\",\"valueRequired\":true,\"valueName\":\"search_term_string\"}}],\"inLanguage\":\"tr\"},{\"@type\":\"Organization\",\"@id\":\"https:\/\/narteks.net\/#organization\",\"name\":\"narteks.net\",\"url\":\"https:\/\/narteks.net\/\",\"logo\":{\"@type\":\"ImageObject\",\"inLanguage\":\"tr\",\"@id\":\"https:\/\/narteks.net\/#\/schema\/logo\/image\/\",\"url\":\"https:\/\/narteks.net\/wp-content\/uploads\/narteks.png\",\"contentUrl\":\"https:\/\/narteks.net\/wp-content\/uploads\/narteks.png\",\"width\":300,\"height\":90,\"caption\":\"narteks.net\"},\"image\":{\"@id\":\"https:\/\/narteks.net\/#\/schema\/logo\/image\/\"},\"sameAs\":[\"https:\/\/x.com\/narteks\",\"https:\/\/instagram.com\/narteksnet\"]},{\"@type\":\"Person\",\"@id\":\"https:\/\/narteks.net\/#\/schema\/person\/61f37d9834294b72d31d274e7ed79bca\",\"name\":\"Tar\u0131k\",\"image\":{\"@type\":\"ImageObject\",\"inLanguage\":\"tr\",\"@id\":\"https:\/\/narteks.net\/#\/schema\/person\/image\/\",\"url\":\"https:\/\/secure.gravatar.com\/avatar\/50865afb55632c4ae467e0af0930f6510aa2297d8014be502a55b14f3b7550cf?s=96&d=mm&r=g\",\"contentUrl\":\"https:\/\/secure.gravatar.com\/avatar\/50865afb55632c4ae467e0af0930f6510aa2297d8014be502a55b14f3b7550cf?s=96&d=mm&r=g\",\"caption\":\"Tar\u0131k\"},\"sameAs\":[\"http:\/\/narteks.net\"],\"url\":\"https:\/\/narteks.net\/index.php\/author\/narbak\/\"}]}<\/script>\n<!-- \/ Yoast SEO Premium plugin. -->","yoast_head_json":{"title":"ZEYNEP BEN\u0130 BEKLE - narteks.net","robots":{"index":"index","follow":"follow","max-snippet":"max-snippet:-1","max-image-preview":"max-image-preview:large","max-video-preview":"max-video-preview:-1"},"canonical":"https:\/\/narteks.net\/index.php\/2009\/12\/04\/zeynep-beni-bekle\/","og_locale":"tr_TR","og_type":"article","og_title":"ZEYNEP BEN\u0130 BEKLE","og_description":"\u00a0 zeynep beni bekle \/ gece a\u011fa\u00e7lar\u0131na ya\u011fmur \u00e7iseliyorum \/ cam tozu su beyaz\u0131 yaln\u0131zl\u0131\u011f\u0131n\u0131 mutlaka de\u011fi\u015ftirece\u011fim bir yaprak halinde s\u00fcz\u00fcl\u00fcp sa\u00e7lar\u0131na eski te\u015frin&#8217;lerden \/ kederli k\u0131rm\u0131z\u0131 zeynep beni bekle mutlaka d\u00f6nece\u011fim s\u00f6yle kim \u00f6nleyebilir bulu\u015fmam\u0131z\u0131 geceleyin \u0131\u015f\u0131klar\u0131 s\u00f6nd\u00fcrd\u00fc\u011f\u00fcn zaman benim \u015fiir kitaplar\u0131ndan s\u0131zan ayd\u0131nl\u0131k elinde uyuyakald\u0131\u011f\u0131n heyecanl\u0131 roman pancurlar\u0131n \u00e7arp\u0131ld\u0131\u011f\u0131 lodos geceleri r\u00fczg\u00e2r\u0131n de\u011fil [&hellip;]","og_url":"https:\/\/narteks.net\/index.php\/2009\/12\/04\/zeynep-beni-bekle\/","og_site_name":"narteks.net","article_published_time":"2009-12-04T14:53:00+00:00","og_image":[{"width":300,"height":90,"url":"https:\/\/narteks.net\/wp-content\/uploads\/narteks.png","type":"image\/png"}],"author":"Tar\u0131k","twitter_card":"summary_large_image","twitter_creator":"@narteks","twitter_site":"@narteks","twitter_misc":{"Yazan:":"Tar\u0131k","Tahmini okuma s\u00fcresi":"1 dakika"},"schema":{"@context":"https:\/\/schema.org","@graph":[{"@type":"Article","@id":"https:\/\/narteks.net\/index.php\/2009\/12\/04\/zeynep-beni-bekle\/#article","isPartOf":{"@id":"https:\/\/narteks.net\/index.php\/2009\/12\/04\/zeynep-beni-bekle\/"},"author":{"name":"Tar\u0131k","@id":"https:\/\/narteks.net\/#\/schema\/person\/61f37d9834294b72d31d274e7ed79bca"},"headline":"ZEYNEP BEN\u0130 BEKLE","datePublished":"2009-12-04T14:53:00+00:00","mainEntityOfPage":{"@id":"https:\/\/narteks.net\/index.php\/2009\/12\/04\/zeynep-beni-bekle\/"},"wordCount":199,"commentCount":0,"publisher":{"@id":"https:\/\/narteks.net\/#organization"},"articleSection":["Attila ILHAN"],"inLanguage":"tr","potentialAction":[{"@type":"CommentAction","name":"Comment","target":["https:\/\/narteks.net\/index.php\/2009\/12\/04\/zeynep-beni-bekle\/#respond"]}]},{"@type":"WebPage","@id":"https:\/\/narteks.net\/index.php\/2009\/12\/04\/zeynep-beni-bekle\/","url":"https:\/\/narteks.net\/index.php\/2009\/12\/04\/zeynep-beni-bekle\/","name":"ZEYNEP BEN\u0130 BEKLE - narteks.net","isPartOf":{"@id":"https:\/\/narteks.net\/#website"},"datePublished":"2009-12-04T14:53:00+00:00","breadcrumb":{"@id":"https:\/\/narteks.net\/index.php\/2009\/12\/04\/zeynep-beni-bekle\/#breadcrumb"},"inLanguage":"tr","potentialAction":[{"@type":"ReadAction","target":["https:\/\/narteks.net\/index.php\/2009\/12\/04\/zeynep-beni-bekle\/"]}]},{"@type":"BreadcrumbList","@id":"https:\/\/narteks.net\/index.php\/2009\/12\/04\/zeynep-beni-bekle\/#breadcrumb","itemListElement":[{"@type":"ListItem","position":1,"name":"Anasayfa","item":"https:\/\/narteks.net\/"},{"@type":"ListItem","position":2,"name":"ZEYNEP BEN\u0130 BEKLE"}]},{"@type":"WebSite","@id":"https:\/\/narteks.net\/#website","url":"https:\/\/narteks.net\/","name":"narteks.net","description":"K\u00fclt\u00fcr Sanat Edebiyat Felsefe","publisher":{"@id":"https:\/\/narteks.net\/#organization"},"alternateName":"K\u00fclt\u00fcr Sanat Edebiyat Felsefe","potentialAction":[{"@type":"SearchAction","target":{"@type":"EntryPoint","urlTemplate":"https:\/\/narteks.net\/?s={search_term_string}"},"query-input":{"@type":"PropertyValueSpecification","valueRequired":true,"valueName":"search_term_string"}}],"inLanguage":"tr"},{"@type":"Organization","@id":"https:\/\/narteks.net\/#organization","name":"narteks.net","url":"https:\/\/narteks.net\/","logo":{"@type":"ImageObject","inLanguage":"tr","@id":"https:\/\/narteks.net\/#\/schema\/logo\/image\/","url":"https:\/\/narteks.net\/wp-content\/uploads\/narteks.png","contentUrl":"https:\/\/narteks.net\/wp-content\/uploads\/narteks.png","width":300,"height":90,"caption":"narteks.net"},"image":{"@id":"https:\/\/narteks.net\/#\/schema\/logo\/image\/"},"sameAs":["https:\/\/x.com\/narteks","https:\/\/instagram.com\/narteksnet"]},{"@type":"Person","@id":"https:\/\/narteks.net\/#\/schema\/person\/61f37d9834294b72d31d274e7ed79bca","name":"Tar\u0131k","image":{"@type":"ImageObject","inLanguage":"tr","@id":"https:\/\/narteks.net\/#\/schema\/person\/image\/","url":"https:\/\/secure.gravatar.com\/avatar\/50865afb55632c4ae467e0af0930f6510aa2297d8014be502a55b14f3b7550cf?s=96&d=mm&r=g","contentUrl":"https:\/\/secure.gravatar.com\/avatar\/50865afb55632c4ae467e0af0930f6510aa2297d8014be502a55b14f3b7550cf?s=96&d=mm&r=g","caption":"Tar\u0131k"},"sameAs":["http:\/\/narteks.net"],"url":"https:\/\/narteks.net\/index.php\/author\/narbak\/"}]}},"_links":{"self":[{"href":"https:\/\/narteks.net\/index.php\/wp-json\/wp\/v2\/posts\/1949","targetHints":{"allow":["GET"]}}],"collection":[{"href":"https:\/\/narteks.net\/index.php\/wp-json\/wp\/v2\/posts"}],"about":[{"href":"https:\/\/narteks.net\/index.php\/wp-json\/wp\/v2\/types\/post"}],"author":[{"embeddable":true,"href":"https:\/\/narteks.net\/index.php\/wp-json\/wp\/v2\/users\/1"}],"replies":[{"embeddable":true,"href":"https:\/\/narteks.net\/index.php\/wp-json\/wp\/v2\/comments?post=1949"}],"version-history":[{"count":0,"href":"https:\/\/narteks.net\/index.php\/wp-json\/wp\/v2\/posts\/1949\/revisions"}],"wp:attachment":[{"href":"https:\/\/narteks.net\/index.php\/wp-json\/wp\/v2\/media?parent=1949"}],"wp:term":[{"taxonomy":"category","embeddable":true,"href":"https:\/\/narteks.net\/index.php\/wp-json\/wp\/v2\/categories?post=1949"},{"taxonomy":"post_tag","embeddable":true,"href":"https:\/\/narteks.net\/index.php\/wp-json\/wp\/v2\/tags?post=1949"}],"curies":[{"name":"wp","href":"https:\/\/api.w.org\/{rel}","templated":true}]}}