{"id":195,"date":"2009-02-27T16:50:44","date_gmt":"2009-02-27T13:50:44","guid":{"rendered":"http:\/\/localhost\/wordpress\/2009\/02\/27\/efendimizle-soylesi\/"},"modified":"2009-02-27T16:50:44","modified_gmt":"2009-02-27T13:50:44","slug":"efendimizle-soylesi","status":"publish","type":"post","link":"https:\/\/narteks.net\/index.php\/2009\/02\/27\/efendimizle-soylesi\/","title":{"rendered":"EFEND\u0130M\u0130ZLE S\u00d6YLE\u015e\u0130"},"content":{"rendered":"<p>\u00a0<\/p>\n<p>-Bu say\u0131n mevsimi<br \/>Ka\u00e7a ald\u0131n\u0131z efendim<br \/>evinizin i\u00e7i s\u0131cak<br \/>D\u0131\u015f\u0131 so\u011fukla s\u00fcslenmi\u015f<br \/>Hem yaz hem k\u0131\u015f m\u0131s\u0131n\u0131z<\/p>\n<p>-Babam merhum<br \/>Ku\u015fs\u00fct\u00fc al\u0131p satarm\u0131\u015f<br \/>Ne okumas\u0131 varm\u0131\u015f ne yazmas\u0131<br \/>Yabanc\u0131 paralarla<br \/>Yerli delsefe yaparm\u0131\u015f<\/p>\n<p>-Bu say\u0131n kafay\u0131<br \/>Kimden ald\u0131n\u0131z efendim<br \/>D\u0131\u015f\u0131 par\u0131l par\u0131l yald\u0131z<br \/>\u0130\u00e7i karanl\u0131kla s\u00fcslenmi\u015f<br \/>Hem gece hem g\u00fcnd\u00fcz m\u00fcs\u00fcn\u00fcz<\/p>\n<p>-Dedem merhum<\/p>\n<p>Devlet gibi addamm\u0131\u015f<br \/>Yazm\u0131yorsa tarih utans\u0131n<br \/>Solu\u011fu g\u00f6kleri \u00fc\u015f\u00fct\u00fcr<br \/>Sifi\u011fi yeri yakarm\u0131\u015f<\/p>\n<p>-Bu bar\u0131\u015f mele\u011fini<br \/>Ka\u00e7a ald\u0131n\u0131z efendim<br \/>Bir duda\u011f\u0131 yerde bir duda\u011f\u0131 g\u00f6kte<br \/>A\u011fz\u0131nda \u00f6zg\u00fcrl\u00fck bar\u0131\u015f<br \/>Gizli bir k\u0131rba\u00e7 elinde<\/p>\n<p>-Dedemin dedesi merhum<br \/>Demokrasiye taparm\u0131\u015f<br \/>Bilmiyorsa halk utans\u0131n<br \/>Atlar\u0131yla u\u015faklar\u0131na<br \/>O\u011flu k\u0131z\u0131 gibi bakarm\u0131\u015f<\/p>\n<p>-Bu g\u00fczel s\u00f6yle\u015fi i\u00e7in<br \/>\u00c7ok sa\u011folun efendim<br \/>Dedenizin dedesine<br \/>Bizden selam s\u00f6yleyin<\/p>\n<p>AL\u0130 Y\u00dcCE<\/p>\n","protected":false},"excerpt":{"rendered":"<p>\u00a0 -Bu say\u0131n mevsimiKa\u00e7a ald\u0131n\u0131z efendimevinizin i\u00e7i s\u0131cakD\u0131\u015f\u0131 so\u011fukla s\u00fcslenmi\u015fHem yaz hem k\u0131\u015f m\u0131s\u0131n\u0131z -Babam merhumKu\u015fs\u00fct\u00fc al\u0131p satarm\u0131\u015fNe okumas\u0131 varm\u0131\u015f ne yazmas\u0131Yabanc\u0131 paralarlaYerli delsefe yaparm\u0131\u015f -Bu say\u0131n kafay\u0131Kimden ald\u0131n\u0131z efendimD\u0131\u015f\u0131 par\u0131l par\u0131l yald\u0131z\u0130\u00e7i karanl\u0131kla s\u00fcslenmi\u015fHem gece hem g\u00fcnd\u00fcz m\u00fcs\u00fcn\u00fcz -Dedem merhum Devlet gibi addamm\u0131\u015fYazm\u0131yorsa tarih utans\u0131nSolu\u011fu g\u00f6kleri \u00fc\u015f\u00fct\u00fcrSifi\u011fi yeri yakarm\u0131\u015f -Bu bar\u0131\u015f mele\u011finiKa\u00e7a ald\u0131n\u0131z efendimBir [&hellip;]<\/p>\n","protected":false},"author":1,"featured_media":0,"comment_status":"open","ping_status":"open","sticky":false,"template":"","format":"standard","meta":{"footnotes":""},"categories":[4],"tags":[],"class_list":{"0":"post-195","1":"post","2":"type-post","3":"status-publish","4":"format-standard","6":"category-ali-yuce"},"yoast_head":"<!-- This site is optimized with the Yoast SEO Premium plugin v24.9 (Yoast SEO v24.9) - https:\/\/yoast.com\/wordpress\/plugins\/seo\/ -->\n<title>EFEND\u0130M\u0130ZLE S\u00d6YLE\u015e\u0130 - narteks.net<\/title>\n<meta name=\"robots\" content=\"index, follow, max-snippet:-1, max-image-preview:large, max-video-preview:-1\" \/>\n<link rel=\"canonical\" href=\"https:\/\/narteks.net\/index.php\/2009\/02\/27\/efendimizle-soylesi\/\" \/>\n<meta property=\"og:locale\" content=\"tr_TR\" \/>\n<meta property=\"og:type\" content=\"article\" \/>\n<meta property=\"og:title\" content=\"EFEND\u0130M\u0130ZLE S\u00d6YLE\u015e\u0130\" \/>\n<meta property=\"og:description\" content=\"\u00a0 -Bu say\u0131n mevsimiKa\u00e7a ald\u0131n\u0131z efendimevinizin i\u00e7i s\u0131cakD\u0131\u015f\u0131 so\u011fukla s\u00fcslenmi\u015fHem yaz hem k\u0131\u015f m\u0131s\u0131n\u0131z -Babam merhumKu\u015fs\u00fct\u00fc al\u0131p satarm\u0131\u015fNe okumas\u0131 varm\u0131\u015f ne yazmas\u0131Yabanc\u0131 paralarlaYerli delsefe yaparm\u0131\u015f -Bu say\u0131n kafay\u0131Kimden ald\u0131n\u0131z efendimD\u0131\u015f\u0131 par\u0131l par\u0131l yald\u0131z\u0130\u00e7i karanl\u0131kla s\u00fcslenmi\u015fHem gece hem g\u00fcnd\u00fcz m\u00fcs\u00fcn\u00fcz -Dedem merhum Devlet gibi addamm\u0131\u015fYazm\u0131yorsa tarih utans\u0131nSolu\u011fu g\u00f6kleri \u00fc\u015f\u00fct\u00fcrSifi\u011fi yeri yakarm\u0131\u015f -Bu bar\u0131\u015f mele\u011finiKa\u00e7a ald\u0131n\u0131z efendimBir [&hellip;]\" \/>\n<meta property=\"og:url\" content=\"https:\/\/narteks.net\/index.php\/2009\/02\/27\/efendimizle-soylesi\/\" \/>\n<meta property=\"og:site_name\" content=\"narteks.net\" \/>\n<meta property=\"article:published_time\" content=\"2009-02-27T13:50:44+00:00\" \/>\n<meta property=\"og:image\" content=\"https:\/\/narteks.net\/wp-content\/uploads\/narteks.png\" \/>\n\t<meta property=\"og:image:width\" content=\"300\" \/>\n\t<meta property=\"og:image:height\" content=\"90\" \/>\n\t<meta property=\"og:image:type\" content=\"image\/png\" \/>\n<meta name=\"author\" content=\"Tar\u0131k\" \/>\n<meta name=\"twitter:card\" content=\"summary_large_image\" \/>\n<meta name=\"twitter:creator\" content=\"@narteks\" \/>\n<meta name=\"twitter:site\" content=\"@narteks\" \/>\n<meta name=\"twitter:label1\" content=\"Yazan:\" \/>\n\t<meta name=\"twitter:data1\" content=\"Tar\u0131k\" \/>\n\t<meta name=\"twitter:label2\" content=\"Tahmini okuma s\u00fcresi\" \/>\n\t<meta name=\"twitter:data2\" content=\"1 dakika\" \/>\n<script type=\"application\/ld+json\" class=\"yoast-schema-graph\">{\"@context\":\"https:\/\/schema.org\",\"@graph\":[{\"@type\":\"Article\",\"@id\":\"https:\/\/narteks.net\/index.php\/2009\/02\/27\/efendimizle-soylesi\/#article\",\"isPartOf\":{\"@id\":\"https:\/\/narteks.net\/index.php\/2009\/02\/27\/efendimizle-soylesi\/\"},\"author\":{\"name\":\"Tar\u0131k\",\"@id\":\"https:\/\/narteks.net\/#\/schema\/person\/61f37d9834294b72d31d274e7ed79bca\"},\"headline\":\"EFEND\u0130M\u0130ZLE S\u00d6YLE\u015e\u0130\",\"datePublished\":\"2009-02-27T13:50:44+00:00\",\"mainEntityOfPage\":{\"@id\":\"https:\/\/narteks.net\/index.php\/2009\/02\/27\/efendimizle-soylesi\/\"},\"wordCount\":156,\"commentCount\":0,\"publisher\":{\"@id\":\"https:\/\/narteks.net\/#organization\"},\"articleSection\":[\"Ali Y\u00fcce\"],\"inLanguage\":\"tr\",\"potentialAction\":[{\"@type\":\"CommentAction\",\"name\":\"Comment\",\"target\":[\"https:\/\/narteks.net\/index.php\/2009\/02\/27\/efendimizle-soylesi\/#respond\"]}]},{\"@type\":\"WebPage\",\"@id\":\"https:\/\/narteks.net\/index.php\/2009\/02\/27\/efendimizle-soylesi\/\",\"url\":\"https:\/\/narteks.net\/index.php\/2009\/02\/27\/efendimizle-soylesi\/\",\"name\":\"EFEND\u0130M\u0130ZLE S\u00d6YLE\u015e\u0130 - narteks.net\",\"isPartOf\":{\"@id\":\"https:\/\/narteks.net\/#website\"},\"datePublished\":\"2009-02-27T13:50:44+00:00\",\"breadcrumb\":{\"@id\":\"https:\/\/narteks.net\/index.php\/2009\/02\/27\/efendimizle-soylesi\/#breadcrumb\"},\"inLanguage\":\"tr\",\"potentialAction\":[{\"@type\":\"ReadAction\",\"target\":[\"https:\/\/narteks.net\/index.php\/2009\/02\/27\/efendimizle-soylesi\/\"]}]},{\"@type\":\"BreadcrumbList\",\"@id\":\"https:\/\/narteks.net\/index.php\/2009\/02\/27\/efendimizle-soylesi\/#breadcrumb\",\"itemListElement\":[{\"@type\":\"ListItem\",\"position\":1,\"name\":\"Anasayfa\",\"item\":\"https:\/\/narteks.net\/\"},{\"@type\":\"ListItem\",\"position\":2,\"name\":\"EFEND\u0130M\u0130ZLE S\u00d6YLE\u015e\u0130\"}]},{\"@type\":\"WebSite\",\"@id\":\"https:\/\/narteks.net\/#website\",\"url\":\"https:\/\/narteks.net\/\",\"name\":\"narteks.net\",\"description\":\"K\u00fclt\u00fcr Sanat Edebiyat Felsefe\",\"publisher\":{\"@id\":\"https:\/\/narteks.net\/#organization\"},\"alternateName\":\"K\u00fclt\u00fcr Sanat Edebiyat Felsefe\",\"potentialAction\":[{\"@type\":\"SearchAction\",\"target\":{\"@type\":\"EntryPoint\",\"urlTemplate\":\"https:\/\/narteks.net\/?s={search_term_string}\"},\"query-input\":{\"@type\":\"PropertyValueSpecification\",\"valueRequired\":true,\"valueName\":\"search_term_string\"}}],\"inLanguage\":\"tr\"},{\"@type\":\"Organization\",\"@id\":\"https:\/\/narteks.net\/#organization\",\"name\":\"narteks.net\",\"url\":\"https:\/\/narteks.net\/\",\"logo\":{\"@type\":\"ImageObject\",\"inLanguage\":\"tr\",\"@id\":\"https:\/\/narteks.net\/#\/schema\/logo\/image\/\",\"url\":\"https:\/\/narteks.net\/wp-content\/uploads\/narteks.png\",\"contentUrl\":\"https:\/\/narteks.net\/wp-content\/uploads\/narteks.png\",\"width\":300,\"height\":90,\"caption\":\"narteks.net\"},\"image\":{\"@id\":\"https:\/\/narteks.net\/#\/schema\/logo\/image\/\"},\"sameAs\":[\"https:\/\/x.com\/narteks\",\"https:\/\/instagram.com\/narteksnet\"]},{\"@type\":\"Person\",\"@id\":\"https:\/\/narteks.net\/#\/schema\/person\/61f37d9834294b72d31d274e7ed79bca\",\"name\":\"Tar\u0131k\",\"image\":{\"@type\":\"ImageObject\",\"inLanguage\":\"tr\",\"@id\":\"https:\/\/narteks.net\/#\/schema\/person\/image\/\",\"url\":\"https:\/\/secure.gravatar.com\/avatar\/50865afb55632c4ae467e0af0930f6510aa2297d8014be502a55b14f3b7550cf?s=96&d=mm&r=g\",\"contentUrl\":\"https:\/\/secure.gravatar.com\/avatar\/50865afb55632c4ae467e0af0930f6510aa2297d8014be502a55b14f3b7550cf?s=96&d=mm&r=g\",\"caption\":\"Tar\u0131k\"},\"sameAs\":[\"http:\/\/narteks.net\"],\"url\":\"https:\/\/narteks.net\/index.php\/author\/narbak\/\"}]}<\/script>\n<!-- \/ Yoast SEO Premium plugin. -->","yoast_head_json":{"title":"EFEND\u0130M\u0130ZLE S\u00d6YLE\u015e\u0130 - narteks.net","robots":{"index":"index","follow":"follow","max-snippet":"max-snippet:-1","max-image-preview":"max-image-preview:large","max-video-preview":"max-video-preview:-1"},"canonical":"https:\/\/narteks.net\/index.php\/2009\/02\/27\/efendimizle-soylesi\/","og_locale":"tr_TR","og_type":"article","og_title":"EFEND\u0130M\u0130ZLE S\u00d6YLE\u015e\u0130","og_description":"\u00a0 -Bu say\u0131n mevsimiKa\u00e7a ald\u0131n\u0131z efendimevinizin i\u00e7i s\u0131cakD\u0131\u015f\u0131 so\u011fukla s\u00fcslenmi\u015fHem yaz hem k\u0131\u015f m\u0131s\u0131n\u0131z -Babam merhumKu\u015fs\u00fct\u00fc al\u0131p satarm\u0131\u015fNe okumas\u0131 varm\u0131\u015f ne yazmas\u0131Yabanc\u0131 paralarlaYerli delsefe yaparm\u0131\u015f -Bu say\u0131n kafay\u0131Kimden ald\u0131n\u0131z efendimD\u0131\u015f\u0131 par\u0131l par\u0131l yald\u0131z\u0130\u00e7i karanl\u0131kla s\u00fcslenmi\u015fHem gece hem g\u00fcnd\u00fcz m\u00fcs\u00fcn\u00fcz -Dedem merhum Devlet gibi addamm\u0131\u015fYazm\u0131yorsa tarih utans\u0131nSolu\u011fu g\u00f6kleri \u00fc\u015f\u00fct\u00fcrSifi\u011fi yeri yakarm\u0131\u015f -Bu bar\u0131\u015f mele\u011finiKa\u00e7a ald\u0131n\u0131z efendimBir [&hellip;]","og_url":"https:\/\/narteks.net\/index.php\/2009\/02\/27\/efendimizle-soylesi\/","og_site_name":"narteks.net","article_published_time":"2009-02-27T13:50:44+00:00","og_image":[{"width":300,"height":90,"url":"https:\/\/narteks.net\/wp-content\/uploads\/narteks.png","type":"image\/png"}],"author":"Tar\u0131k","twitter_card":"summary_large_image","twitter_creator":"@narteks","twitter_site":"@narteks","twitter_misc":{"Yazan:":"Tar\u0131k","Tahmini okuma s\u00fcresi":"1 dakika"},"schema":{"@context":"https:\/\/schema.org","@graph":[{"@type":"Article","@id":"https:\/\/narteks.net\/index.php\/2009\/02\/27\/efendimizle-soylesi\/#article","isPartOf":{"@id":"https:\/\/narteks.net\/index.php\/2009\/02\/27\/efendimizle-soylesi\/"},"author":{"name":"Tar\u0131k","@id":"https:\/\/narteks.net\/#\/schema\/person\/61f37d9834294b72d31d274e7ed79bca"},"headline":"EFEND\u0130M\u0130ZLE S\u00d6YLE\u015e\u0130","datePublished":"2009-02-27T13:50:44+00:00","mainEntityOfPage":{"@id":"https:\/\/narteks.net\/index.php\/2009\/02\/27\/efendimizle-soylesi\/"},"wordCount":156,"commentCount":0,"publisher":{"@id":"https:\/\/narteks.net\/#organization"},"articleSection":["Ali Y\u00fcce"],"inLanguage":"tr","potentialAction":[{"@type":"CommentAction","name":"Comment","target":["https:\/\/narteks.net\/index.php\/2009\/02\/27\/efendimizle-soylesi\/#respond"]}]},{"@type":"WebPage","@id":"https:\/\/narteks.net\/index.php\/2009\/02\/27\/efendimizle-soylesi\/","url":"https:\/\/narteks.net\/index.php\/2009\/02\/27\/efendimizle-soylesi\/","name":"EFEND\u0130M\u0130ZLE S\u00d6YLE\u015e\u0130 - narteks.net","isPartOf":{"@id":"https:\/\/narteks.net\/#website"},"datePublished":"2009-02-27T13:50:44+00:00","breadcrumb":{"@id":"https:\/\/narteks.net\/index.php\/2009\/02\/27\/efendimizle-soylesi\/#breadcrumb"},"inLanguage":"tr","potentialAction":[{"@type":"ReadAction","target":["https:\/\/narteks.net\/index.php\/2009\/02\/27\/efendimizle-soylesi\/"]}]},{"@type":"BreadcrumbList","@id":"https:\/\/narteks.net\/index.php\/2009\/02\/27\/efendimizle-soylesi\/#breadcrumb","itemListElement":[{"@type":"ListItem","position":1,"name":"Anasayfa","item":"https:\/\/narteks.net\/"},{"@type":"ListItem","position":2,"name":"EFEND\u0130M\u0130ZLE S\u00d6YLE\u015e\u0130"}]},{"@type":"WebSite","@id":"https:\/\/narteks.net\/#website","url":"https:\/\/narteks.net\/","name":"narteks.net","description":"K\u00fclt\u00fcr Sanat Edebiyat Felsefe","publisher":{"@id":"https:\/\/narteks.net\/#organization"},"alternateName":"K\u00fclt\u00fcr Sanat Edebiyat Felsefe","potentialAction":[{"@type":"SearchAction","target":{"@type":"EntryPoint","urlTemplate":"https:\/\/narteks.net\/?s={search_term_string}"},"query-input":{"@type":"PropertyValueSpecification","valueRequired":true,"valueName":"search_term_string"}}],"inLanguage":"tr"},{"@type":"Organization","@id":"https:\/\/narteks.net\/#organization","name":"narteks.net","url":"https:\/\/narteks.net\/","logo":{"@type":"ImageObject","inLanguage":"tr","@id":"https:\/\/narteks.net\/#\/schema\/logo\/image\/","url":"https:\/\/narteks.net\/wp-content\/uploads\/narteks.png","contentUrl":"https:\/\/narteks.net\/wp-content\/uploads\/narteks.png","width":300,"height":90,"caption":"narteks.net"},"image":{"@id":"https:\/\/narteks.net\/#\/schema\/logo\/image\/"},"sameAs":["https:\/\/x.com\/narteks","https:\/\/instagram.com\/narteksnet"]},{"@type":"Person","@id":"https:\/\/narteks.net\/#\/schema\/person\/61f37d9834294b72d31d274e7ed79bca","name":"Tar\u0131k","image":{"@type":"ImageObject","inLanguage":"tr","@id":"https:\/\/narteks.net\/#\/schema\/person\/image\/","url":"https:\/\/secure.gravatar.com\/avatar\/50865afb55632c4ae467e0af0930f6510aa2297d8014be502a55b14f3b7550cf?s=96&d=mm&r=g","contentUrl":"https:\/\/secure.gravatar.com\/avatar\/50865afb55632c4ae467e0af0930f6510aa2297d8014be502a55b14f3b7550cf?s=96&d=mm&r=g","caption":"Tar\u0131k"},"sameAs":["http:\/\/narteks.net"],"url":"https:\/\/narteks.net\/index.php\/author\/narbak\/"}]}},"_links":{"self":[{"href":"https:\/\/narteks.net\/index.php\/wp-json\/wp\/v2\/posts\/195","targetHints":{"allow":["GET"]}}],"collection":[{"href":"https:\/\/narteks.net\/index.php\/wp-json\/wp\/v2\/posts"}],"about":[{"href":"https:\/\/narteks.net\/index.php\/wp-json\/wp\/v2\/types\/post"}],"author":[{"embeddable":true,"href":"https:\/\/narteks.net\/index.php\/wp-json\/wp\/v2\/users\/1"}],"replies":[{"embeddable":true,"href":"https:\/\/narteks.net\/index.php\/wp-json\/wp\/v2\/comments?post=195"}],"version-history":[{"count":0,"href":"https:\/\/narteks.net\/index.php\/wp-json\/wp\/v2\/posts\/195\/revisions"}],"wp:attachment":[{"href":"https:\/\/narteks.net\/index.php\/wp-json\/wp\/v2\/media?parent=195"}],"wp:term":[{"taxonomy":"category","embeddable":true,"href":"https:\/\/narteks.net\/index.php\/wp-json\/wp\/v2\/categories?post=195"},{"taxonomy":"post_tag","embeddable":true,"href":"https:\/\/narteks.net\/index.php\/wp-json\/wp\/v2\/tags?post=195"}],"curies":[{"name":"wp","href":"https:\/\/api.w.org\/{rel}","templated":true}]}}