{"id":1955,"date":"2009-12-04T18:01:43","date_gmt":"2009-12-04T15:01:43","guid":{"rendered":"http:\/\/localhost\/wordpress\/2009\/12\/04\/yagmurda-sis-dudukleri\/"},"modified":"2009-12-04T18:01:43","modified_gmt":"2009-12-04T15:01:43","slug":"yagmurda-sis-dudukleri","status":"publish","type":"post","link":"https:\/\/narteks.net\/index.php\/2009\/12\/04\/yagmurda-sis-dudukleri\/","title":{"rendered":"YA\u011eMURDA S\u0130S D\u00dcD\u00dcKLER\u0130"},"content":{"rendered":"<p>\u00a0<\/p>\n<p>imdat \u00e7\u0131\u011fl\u0131klar\u0131 m\u0131d\u0131r <br \/> bir felaketi mi duyururlar <br \/> anla\u015f\u0131lmaz s\u00f6yledikleri <br \/> salk\u0131m sa\u00e7ak \u00e7\u00f6kerler karanl\u0131\u011f\u0131ma <br \/> yaln\u0131zl\u0131\u011f\u0131m\u0131 da\u011f\u0131t\u0131rlar <br \/> ya\u011fmurda sis d\u00fcd\u00fckleri <\/p>\n<p> camlarda \u00e7ehreler hayal meyal <br \/> aram\u0131zdan m\u00fcthi\u015f ayr\u0131lm\u0131\u015flard\u0131r <br \/> anla\u015f\u0131lmaz niye \u00f6ld\u00fckleri <br \/> son nefeslerini tasarlad\u0131k\u00e7a <br \/> insan \u0131srarla \u00f6l\u00fcm\u00fcn\u00fc ya\u015f\u0131yor <br \/> ya\u011fmurda sis d\u00fcd\u00fckleri <\/p>\n<p> y\u00fcrekte keder yo\u011funla\u015ft\u0131k\u00e7a <br \/> bulutlar buz tozuna yozla\u015f\u0131yor <br \/> anla\u015f\u0131lmaz neleri g\u00f6t\u00fcrd\u00fckleri <br \/> sabahlar olur bir t\u00fcrl\u00fc uyuyamam <br \/> i\u00e7imde sanki \u015filepler \u00e7arp\u0131\u015f\u0131yor <br \/> ya\u011fmurda sis d\u00fcd\u00fckleri<\/p>\n<p>Attila \u0130LHAN<\/p>\n","protected":false},"excerpt":{"rendered":"<p>\u00a0 imdat \u00e7\u0131\u011fl\u0131klar\u0131 m\u0131d\u0131r bir felaketi mi duyururlar anla\u015f\u0131lmaz s\u00f6yledikleri salk\u0131m sa\u00e7ak \u00e7\u00f6kerler karanl\u0131\u011f\u0131ma yaln\u0131zl\u0131\u011f\u0131m\u0131 da\u011f\u0131t\u0131rlar ya\u011fmurda sis d\u00fcd\u00fckleri camlarda \u00e7ehreler hayal meyal aram\u0131zdan m\u00fcthi\u015f ayr\u0131lm\u0131\u015flard\u0131r anla\u015f\u0131lmaz niye \u00f6ld\u00fckleri son nefeslerini tasarlad\u0131k\u00e7a insan \u0131srarla \u00f6l\u00fcm\u00fcn\u00fc ya\u015f\u0131yor ya\u011fmurda sis d\u00fcd\u00fckleri y\u00fcrekte keder yo\u011funla\u015ft\u0131k\u00e7a bulutlar buz tozuna yozla\u015f\u0131yor anla\u015f\u0131lmaz neleri g\u00f6t\u00fcrd\u00fckleri sabahlar olur bir t\u00fcrl\u00fc uyuyamam i\u00e7imde [&hellip;]<\/p>\n","protected":false},"author":1,"featured_media":0,"comment_status":"open","ping_status":"open","sticky":false,"template":"","format":"standard","meta":{"footnotes":""},"categories":[11],"tags":[],"class_list":{"0":"post-1955","1":"post","2":"type-post","3":"status-publish","4":"format-standard","6":"category-attila-ilhan"},"yoast_head":"<!-- This site is optimized with the Yoast SEO Premium plugin v24.9 (Yoast SEO v24.9) - https:\/\/yoast.com\/wordpress\/plugins\/seo\/ -->\n<title>YA\u011eMURDA S\u0130S D\u00dcD\u00dcKLER\u0130 - narteks.net<\/title>\n<meta name=\"robots\" content=\"index, follow, max-snippet:-1, max-image-preview:large, max-video-preview:-1\" \/>\n<link rel=\"canonical\" href=\"https:\/\/narteks.net\/index.php\/2009\/12\/04\/yagmurda-sis-dudukleri\/\" \/>\n<meta property=\"og:locale\" content=\"tr_TR\" \/>\n<meta property=\"og:type\" content=\"article\" \/>\n<meta property=\"og:title\" content=\"YA\u011eMURDA S\u0130S D\u00dcD\u00dcKLER\u0130\" \/>\n<meta property=\"og:description\" content=\"\u00a0 imdat \u00e7\u0131\u011fl\u0131klar\u0131 m\u0131d\u0131r bir felaketi mi duyururlar anla\u015f\u0131lmaz s\u00f6yledikleri salk\u0131m sa\u00e7ak \u00e7\u00f6kerler karanl\u0131\u011f\u0131ma yaln\u0131zl\u0131\u011f\u0131m\u0131 da\u011f\u0131t\u0131rlar ya\u011fmurda sis d\u00fcd\u00fckleri camlarda \u00e7ehreler hayal meyal aram\u0131zdan m\u00fcthi\u015f ayr\u0131lm\u0131\u015flard\u0131r anla\u015f\u0131lmaz niye \u00f6ld\u00fckleri son nefeslerini tasarlad\u0131k\u00e7a insan \u0131srarla \u00f6l\u00fcm\u00fcn\u00fc ya\u015f\u0131yor ya\u011fmurda sis d\u00fcd\u00fckleri y\u00fcrekte keder yo\u011funla\u015ft\u0131k\u00e7a bulutlar buz tozuna yozla\u015f\u0131yor anla\u015f\u0131lmaz neleri g\u00f6t\u00fcrd\u00fckleri sabahlar olur bir t\u00fcrl\u00fc uyuyamam i\u00e7imde [&hellip;]\" \/>\n<meta property=\"og:url\" content=\"https:\/\/narteks.net\/index.php\/2009\/12\/04\/yagmurda-sis-dudukleri\/\" \/>\n<meta property=\"og:site_name\" content=\"narteks.net\" \/>\n<meta property=\"article:published_time\" content=\"2009-12-04T15:01:43+00:00\" \/>\n<meta property=\"og:image\" content=\"https:\/\/narteks.net\/wp-content\/uploads\/narteks.png\" \/>\n\t<meta property=\"og:image:width\" content=\"300\" \/>\n\t<meta property=\"og:image:height\" content=\"90\" \/>\n\t<meta property=\"og:image:type\" content=\"image\/png\" \/>\n<meta name=\"author\" content=\"Tar\u0131k\" \/>\n<meta name=\"twitter:card\" content=\"summary_large_image\" \/>\n<meta name=\"twitter:creator\" content=\"@narteks\" \/>\n<meta name=\"twitter:site\" content=\"@narteks\" \/>\n<meta name=\"twitter:label1\" content=\"Yazan:\" \/>\n\t<meta name=\"twitter:data1\" content=\"Tar\u0131k\" \/>\n\t<meta name=\"twitter:label2\" content=\"Tahmini okuma s\u00fcresi\" \/>\n\t<meta name=\"twitter:data2\" content=\"1 dakika\" \/>\n<script type=\"application\/ld+json\" class=\"yoast-schema-graph\">{\"@context\":\"https:\/\/schema.org\",\"@graph\":[{\"@type\":\"Article\",\"@id\":\"https:\/\/narteks.net\/index.php\/2009\/12\/04\/yagmurda-sis-dudukleri\/#article\",\"isPartOf\":{\"@id\":\"https:\/\/narteks.net\/index.php\/2009\/12\/04\/yagmurda-sis-dudukleri\/\"},\"author\":{\"name\":\"Tar\u0131k\",\"@id\":\"https:\/\/narteks.net\/#\/schema\/person\/61f37d9834294b72d31d274e7ed79bca\"},\"headline\":\"YA\u011eMURDA S\u0130S D\u00dcD\u00dcKLER\u0130\",\"datePublished\":\"2009-12-04T15:01:43+00:00\",\"mainEntityOfPage\":{\"@id\":\"https:\/\/narteks.net\/index.php\/2009\/12\/04\/yagmurda-sis-dudukleri\/\"},\"wordCount\":115,\"commentCount\":0,\"publisher\":{\"@id\":\"https:\/\/narteks.net\/#organization\"},\"articleSection\":[\"Attila ILHAN\"],\"inLanguage\":\"tr\",\"potentialAction\":[{\"@type\":\"CommentAction\",\"name\":\"Comment\",\"target\":[\"https:\/\/narteks.net\/index.php\/2009\/12\/04\/yagmurda-sis-dudukleri\/#respond\"]}]},{\"@type\":\"WebPage\",\"@id\":\"https:\/\/narteks.net\/index.php\/2009\/12\/04\/yagmurda-sis-dudukleri\/\",\"url\":\"https:\/\/narteks.net\/index.php\/2009\/12\/04\/yagmurda-sis-dudukleri\/\",\"name\":\"YA\u011eMURDA S\u0130S D\u00dcD\u00dcKLER\u0130 - narteks.net\",\"isPartOf\":{\"@id\":\"https:\/\/narteks.net\/#website\"},\"datePublished\":\"2009-12-04T15:01:43+00:00\",\"breadcrumb\":{\"@id\":\"https:\/\/narteks.net\/index.php\/2009\/12\/04\/yagmurda-sis-dudukleri\/#breadcrumb\"},\"inLanguage\":\"tr\",\"potentialAction\":[{\"@type\":\"ReadAction\",\"target\":[\"https:\/\/narteks.net\/index.php\/2009\/12\/04\/yagmurda-sis-dudukleri\/\"]}]},{\"@type\":\"BreadcrumbList\",\"@id\":\"https:\/\/narteks.net\/index.php\/2009\/12\/04\/yagmurda-sis-dudukleri\/#breadcrumb\",\"itemListElement\":[{\"@type\":\"ListItem\",\"position\":1,\"name\":\"Anasayfa\",\"item\":\"https:\/\/narteks.net\/\"},{\"@type\":\"ListItem\",\"position\":2,\"name\":\"YA\u011eMURDA S\u0130S D\u00dcD\u00dcKLER\u0130\"}]},{\"@type\":\"WebSite\",\"@id\":\"https:\/\/narteks.net\/#website\",\"url\":\"https:\/\/narteks.net\/\",\"name\":\"narteks.net\",\"description\":\"K\u00fclt\u00fcr Sanat Edebiyat Felsefe\",\"publisher\":{\"@id\":\"https:\/\/narteks.net\/#organization\"},\"alternateName\":\"K\u00fclt\u00fcr Sanat Edebiyat Felsefe\",\"potentialAction\":[{\"@type\":\"SearchAction\",\"target\":{\"@type\":\"EntryPoint\",\"urlTemplate\":\"https:\/\/narteks.net\/?s={search_term_string}\"},\"query-input\":{\"@type\":\"PropertyValueSpecification\",\"valueRequired\":true,\"valueName\":\"search_term_string\"}}],\"inLanguage\":\"tr\"},{\"@type\":\"Organization\",\"@id\":\"https:\/\/narteks.net\/#organization\",\"name\":\"narteks.net\",\"url\":\"https:\/\/narteks.net\/\",\"logo\":{\"@type\":\"ImageObject\",\"inLanguage\":\"tr\",\"@id\":\"https:\/\/narteks.net\/#\/schema\/logo\/image\/\",\"url\":\"https:\/\/narteks.net\/wp-content\/uploads\/narteks.png\",\"contentUrl\":\"https:\/\/narteks.net\/wp-content\/uploads\/narteks.png\",\"width\":300,\"height\":90,\"caption\":\"narteks.net\"},\"image\":{\"@id\":\"https:\/\/narteks.net\/#\/schema\/logo\/image\/\"},\"sameAs\":[\"https:\/\/x.com\/narteks\",\"https:\/\/instagram.com\/narteksnet\"]},{\"@type\":\"Person\",\"@id\":\"https:\/\/narteks.net\/#\/schema\/person\/61f37d9834294b72d31d274e7ed79bca\",\"name\":\"Tar\u0131k\",\"image\":{\"@type\":\"ImageObject\",\"inLanguage\":\"tr\",\"@id\":\"https:\/\/narteks.net\/#\/schema\/person\/image\/\",\"url\":\"https:\/\/secure.gravatar.com\/avatar\/50865afb55632c4ae467e0af0930f6510aa2297d8014be502a55b14f3b7550cf?s=96&d=mm&r=g\",\"contentUrl\":\"https:\/\/secure.gravatar.com\/avatar\/50865afb55632c4ae467e0af0930f6510aa2297d8014be502a55b14f3b7550cf?s=96&d=mm&r=g\",\"caption\":\"Tar\u0131k\"},\"sameAs\":[\"http:\/\/narteks.net\"],\"url\":\"https:\/\/narteks.net\/index.php\/author\/narbak\/\"}]}<\/script>\n<!-- \/ Yoast SEO Premium plugin. -->","yoast_head_json":{"title":"YA\u011eMURDA S\u0130S D\u00dcD\u00dcKLER\u0130 - narteks.net","robots":{"index":"index","follow":"follow","max-snippet":"max-snippet:-1","max-image-preview":"max-image-preview:large","max-video-preview":"max-video-preview:-1"},"canonical":"https:\/\/narteks.net\/index.php\/2009\/12\/04\/yagmurda-sis-dudukleri\/","og_locale":"tr_TR","og_type":"article","og_title":"YA\u011eMURDA S\u0130S D\u00dcD\u00dcKLER\u0130","og_description":"\u00a0 imdat \u00e7\u0131\u011fl\u0131klar\u0131 m\u0131d\u0131r bir felaketi mi duyururlar anla\u015f\u0131lmaz s\u00f6yledikleri salk\u0131m sa\u00e7ak \u00e7\u00f6kerler karanl\u0131\u011f\u0131ma yaln\u0131zl\u0131\u011f\u0131m\u0131 da\u011f\u0131t\u0131rlar ya\u011fmurda sis d\u00fcd\u00fckleri camlarda \u00e7ehreler hayal meyal aram\u0131zdan m\u00fcthi\u015f ayr\u0131lm\u0131\u015flard\u0131r anla\u015f\u0131lmaz niye \u00f6ld\u00fckleri son nefeslerini tasarlad\u0131k\u00e7a insan \u0131srarla \u00f6l\u00fcm\u00fcn\u00fc ya\u015f\u0131yor ya\u011fmurda sis d\u00fcd\u00fckleri y\u00fcrekte keder yo\u011funla\u015ft\u0131k\u00e7a bulutlar buz tozuna yozla\u015f\u0131yor anla\u015f\u0131lmaz neleri g\u00f6t\u00fcrd\u00fckleri sabahlar olur bir t\u00fcrl\u00fc uyuyamam i\u00e7imde [&hellip;]","og_url":"https:\/\/narteks.net\/index.php\/2009\/12\/04\/yagmurda-sis-dudukleri\/","og_site_name":"narteks.net","article_published_time":"2009-12-04T15:01:43+00:00","og_image":[{"width":300,"height":90,"url":"https:\/\/narteks.net\/wp-content\/uploads\/narteks.png","type":"image\/png"}],"author":"Tar\u0131k","twitter_card":"summary_large_image","twitter_creator":"@narteks","twitter_site":"@narteks","twitter_misc":{"Yazan:":"Tar\u0131k","Tahmini okuma s\u00fcresi":"1 dakika"},"schema":{"@context":"https:\/\/schema.org","@graph":[{"@type":"Article","@id":"https:\/\/narteks.net\/index.php\/2009\/12\/04\/yagmurda-sis-dudukleri\/#article","isPartOf":{"@id":"https:\/\/narteks.net\/index.php\/2009\/12\/04\/yagmurda-sis-dudukleri\/"},"author":{"name":"Tar\u0131k","@id":"https:\/\/narteks.net\/#\/schema\/person\/61f37d9834294b72d31d274e7ed79bca"},"headline":"YA\u011eMURDA S\u0130S D\u00dcD\u00dcKLER\u0130","datePublished":"2009-12-04T15:01:43+00:00","mainEntityOfPage":{"@id":"https:\/\/narteks.net\/index.php\/2009\/12\/04\/yagmurda-sis-dudukleri\/"},"wordCount":115,"commentCount":0,"publisher":{"@id":"https:\/\/narteks.net\/#organization"},"articleSection":["Attila ILHAN"],"inLanguage":"tr","potentialAction":[{"@type":"CommentAction","name":"Comment","target":["https:\/\/narteks.net\/index.php\/2009\/12\/04\/yagmurda-sis-dudukleri\/#respond"]}]},{"@type":"WebPage","@id":"https:\/\/narteks.net\/index.php\/2009\/12\/04\/yagmurda-sis-dudukleri\/","url":"https:\/\/narteks.net\/index.php\/2009\/12\/04\/yagmurda-sis-dudukleri\/","name":"YA\u011eMURDA S\u0130S D\u00dcD\u00dcKLER\u0130 - narteks.net","isPartOf":{"@id":"https:\/\/narteks.net\/#website"},"datePublished":"2009-12-04T15:01:43+00:00","breadcrumb":{"@id":"https:\/\/narteks.net\/index.php\/2009\/12\/04\/yagmurda-sis-dudukleri\/#breadcrumb"},"inLanguage":"tr","potentialAction":[{"@type":"ReadAction","target":["https:\/\/narteks.net\/index.php\/2009\/12\/04\/yagmurda-sis-dudukleri\/"]}]},{"@type":"BreadcrumbList","@id":"https:\/\/narteks.net\/index.php\/2009\/12\/04\/yagmurda-sis-dudukleri\/#breadcrumb","itemListElement":[{"@type":"ListItem","position":1,"name":"Anasayfa","item":"https:\/\/narteks.net\/"},{"@type":"ListItem","position":2,"name":"YA\u011eMURDA S\u0130S D\u00dcD\u00dcKLER\u0130"}]},{"@type":"WebSite","@id":"https:\/\/narteks.net\/#website","url":"https:\/\/narteks.net\/","name":"narteks.net","description":"K\u00fclt\u00fcr Sanat Edebiyat Felsefe","publisher":{"@id":"https:\/\/narteks.net\/#organization"},"alternateName":"K\u00fclt\u00fcr Sanat Edebiyat Felsefe","potentialAction":[{"@type":"SearchAction","target":{"@type":"EntryPoint","urlTemplate":"https:\/\/narteks.net\/?s={search_term_string}"},"query-input":{"@type":"PropertyValueSpecification","valueRequired":true,"valueName":"search_term_string"}}],"inLanguage":"tr"},{"@type":"Organization","@id":"https:\/\/narteks.net\/#organization","name":"narteks.net","url":"https:\/\/narteks.net\/","logo":{"@type":"ImageObject","inLanguage":"tr","@id":"https:\/\/narteks.net\/#\/schema\/logo\/image\/","url":"https:\/\/narteks.net\/wp-content\/uploads\/narteks.png","contentUrl":"https:\/\/narteks.net\/wp-content\/uploads\/narteks.png","width":300,"height":90,"caption":"narteks.net"},"image":{"@id":"https:\/\/narteks.net\/#\/schema\/logo\/image\/"},"sameAs":["https:\/\/x.com\/narteks","https:\/\/instagram.com\/narteksnet"]},{"@type":"Person","@id":"https:\/\/narteks.net\/#\/schema\/person\/61f37d9834294b72d31d274e7ed79bca","name":"Tar\u0131k","image":{"@type":"ImageObject","inLanguage":"tr","@id":"https:\/\/narteks.net\/#\/schema\/person\/image\/","url":"https:\/\/secure.gravatar.com\/avatar\/50865afb55632c4ae467e0af0930f6510aa2297d8014be502a55b14f3b7550cf?s=96&d=mm&r=g","contentUrl":"https:\/\/secure.gravatar.com\/avatar\/50865afb55632c4ae467e0af0930f6510aa2297d8014be502a55b14f3b7550cf?s=96&d=mm&r=g","caption":"Tar\u0131k"},"sameAs":["http:\/\/narteks.net"],"url":"https:\/\/narteks.net\/index.php\/author\/narbak\/"}]}},"_links":{"self":[{"href":"https:\/\/narteks.net\/index.php\/wp-json\/wp\/v2\/posts\/1955","targetHints":{"allow":["GET"]}}],"collection":[{"href":"https:\/\/narteks.net\/index.php\/wp-json\/wp\/v2\/posts"}],"about":[{"href":"https:\/\/narteks.net\/index.php\/wp-json\/wp\/v2\/types\/post"}],"author":[{"embeddable":true,"href":"https:\/\/narteks.net\/index.php\/wp-json\/wp\/v2\/users\/1"}],"replies":[{"embeddable":true,"href":"https:\/\/narteks.net\/index.php\/wp-json\/wp\/v2\/comments?post=1955"}],"version-history":[{"count":0,"href":"https:\/\/narteks.net\/index.php\/wp-json\/wp\/v2\/posts\/1955\/revisions"}],"wp:attachment":[{"href":"https:\/\/narteks.net\/index.php\/wp-json\/wp\/v2\/media?parent=1955"}],"wp:term":[{"taxonomy":"category","embeddable":true,"href":"https:\/\/narteks.net\/index.php\/wp-json\/wp\/v2\/categories?post=1955"},{"taxonomy":"post_tag","embeddable":true,"href":"https:\/\/narteks.net\/index.php\/wp-json\/wp\/v2\/tags?post=1955"}],"curies":[{"name":"wp","href":"https:\/\/api.w.org\/{rel}","templated":true}]}}