{"id":1965,"date":"2009-12-04T18:07:10","date_gmt":"2009-12-04T15:07:10","guid":{"rendered":"http:\/\/localhost\/wordpress\/2009\/12\/04\/tatyosun-kahri\/"},"modified":"2009-12-04T18:07:10","modified_gmt":"2009-12-04T15:07:10","slug":"tatyosun-kahri","status":"publish","type":"post","link":"https:\/\/narteks.net\/index.php\/2009\/12\/04\/tatyosun-kahri\/","title":{"rendered":"TATYOSUN KAHRI"},"content":{"rendered":"<p>\u00a0<\/p>\n<p>son yolcunun ad\u0131 attila ilhan&#8217;d\u0131 <br \/> miyoptu k\u0131sa boylu bir adamd\u0131 <br \/> dostu yoktu yaln\u0131zl\u0131\u011f\u0131 vard\u0131 <br \/> yaz\u0131 makinas\u0131yla binmi\u015fti <br \/> bizimle konu\u015fmaktan \u00e7ekinmi\u015fti <br \/> g\u00f6zlerini g\u00f6rseniz korkard\u0131n\u0131z <br \/> polis&#8217;ten ka\u00e7\u0131yordu derdiniz <br \/> bir cinayet i\u015flemi\u015fti derdiniz <br \/> halbuki kendinden ka\u00e7\u0131yordu <\/p>\n<p> tatyosyan&#8217;la arkada\u015f oldu <br \/> g\u00fcvertede birlikte g\u00f6rd\u00fck <br \/> h\u0131rs\u0131zlama durduk dinledik <br \/> ermeni sicim gibi a\u011fl\u0131yordu <br \/> kar\u0131s\u0131 marsilya&#8217;da kalm\u0131\u015ft\u0131 <br \/> \u00e7ocu\u011fu kar\u0131s\u0131nda kalm\u0131\u015ft\u0131 <br \/> anas\u0131 istanbul&#8217;da bekliyordu <br \/> palermo feneri parl\u0131yordu <\/p>\n<p> tatyos&#8217;u iki polis getirdiler <br \/> marsilya&#8217;dayd\u0131k k\u0131\u015ft\u0131 k\u0131yametti <br \/> r\u0131ht\u0131ma kelep\u00e7eli getirdiler <br \/> mistral zehir kusuyordu <br \/> deniz bildi\u011finiz felaketti <br \/> b\u00f6l\u00fck p\u00fcr\u00e7\u00fck ak\u015fam oluyordu <br \/> tatyos&#8217;u g\u00f6z hapsine koydular <br \/> katiyen cigara i\u00e7iyordu <\/p>\n<p> d\u00f6v\u00fclm\u00fc\u015f s\u00fct gibi yorgunum <br \/> geceleyin kap\u0131m\u0131 \u00e7alsalar <br \/> \u00f6yle tela\u015f tela\u015f uyan\u0131yorum <br \/> iflah\u0131m\u0131 kesti frans\u0131zlar <br \/> ta\u015flar\u0131n \u00fcst\u00fcnde yatt\u0131m <br \/> kar\u0131mla konu\u015fturmad\u0131lar <br \/> \u00fc\u00e7 g\u00fcnde b\u00fct\u00fcn ihtiyarlad\u0131m <br \/> \u00fc\u00e7 g\u00fcn dua ettim k\u00fcfrettim <br \/> beni s\u00fcreceklerdi biliyordum <\/p>\n<p> tatyos&#8217;un camlar\u0131 k\u0131r\u0131lm\u0131\u015ft\u0131 <br \/> vapur ecel teri d\u00f6k\u00fcyordu <br \/> gizli gizli \u015fim\u015fek \u00e7ak\u0131yordu <br \/> haham levi dua ediyordu <br \/> tatyos&#8217;un kahr\u0131n\u0131 anlam\u0131\u015ft\u0131 <br \/> allah da anlas\u0131n istiyordu <br \/> allah tatyos&#8217;u g\u00f6rm\u00fcyordu <br \/> ellerini kana bulam\u0131\u015ft\u0131 <\/p>\n<p> tatyos&#8217;un \u00fc\u00e7 cigaras\u0131 olursa <br \/> ikisi mutlaka bizimdi <br \/> iki g\u00f6z gibi birbirimize yak\u0131nd\u0131k <br \/> ayn\u0131 kah\u0131rla bak\u0131yorduk <br \/> ayn\u0131 sanc\u0131y\u0131 \u00e7ekiyorduk <br \/> bindi\u011fimiz bu gemi batsa <br \/> \u00e7\u0131rp\u0131na \u00e7\u0131rp\u0131na bo\u011fulsak <br \/> allah bilir ki sevinirdik <br \/> yaln\u0131z \u00e7ocuklardan utan\u0131rd\u0131k <br \/> madem ki \u00f6lmemiz laz\u0131md\u0131 <\/p>\n<p> a\u015fkale&#8217;de kel bir da\u011f vard\u0131 <br \/> nefesimi keserdi t\u0131kan\u0131rd\u0131m <br \/> beni varl\u0131k vergisi y\u0131kt\u0131 <br \/> \u00fc\u00e7 sefer askerlik ettim <br \/> g\u00f6z\u00fcme kargalar konard\u0131 <br \/> elimde de\u011fildi ne yapay\u0131m <br \/> marsilya uzakta duruyordu <br \/> macera beni \u00e7ekiyordu <br \/> istanbul&#8217;u sevmiyordum <br \/> al\u0131p ba\u015f\u0131m\u0131 gidecektim <\/p>\n<p> attila ilhan bir \u015fiir yazacakt\u0131 <br \/> herifin y\u00fcre\u011fi delinmi\u015fti <br \/> i\u00e7i taun gibi u\u011fulduyordu <br \/> tatyos&#8217;un kahr\u0131n\u0131 yazacakt\u0131 <br \/> s\u0131r\u0131ls\u0131klam utanacakt\u0131k <br \/> tatyos mutlaka mesut olmal\u0131yd\u0131 <br \/> \u00f6mr\u00fcnde bir dakika olmal\u0131yd\u0131 <br \/> o dakika mesut olmal\u0131yd\u0131 <br \/> bunun \u00e7aresine bakmal\u0131yd\u0131k <br \/> yoksa y\u00fcz\u00fcm\u00fcz olmazd\u0131 <br \/> do\u011fru d\u00fcr\u00fcst \u00f6lemezdik <br \/> \u00f6l\u00fcler bizi ay\u0131plard\u0131<\/p>\n<p>Attila \u0130LHAN<\/p>\n","protected":false},"excerpt":{"rendered":"<p>\u00a0 son yolcunun ad\u0131 attila ilhan&#8217;d\u0131 miyoptu k\u0131sa boylu bir adamd\u0131 dostu yoktu yaln\u0131zl\u0131\u011f\u0131 vard\u0131 yaz\u0131 makinas\u0131yla binmi\u015fti bizimle konu\u015fmaktan \u00e7ekinmi\u015fti g\u00f6zlerini g\u00f6rseniz korkard\u0131n\u0131z polis&#8217;ten ka\u00e7\u0131yordu derdiniz bir cinayet i\u015flemi\u015fti derdiniz halbuki kendinden ka\u00e7\u0131yordu tatyosyan&#8217;la arkada\u015f oldu g\u00fcvertede birlikte g\u00f6rd\u00fck h\u0131rs\u0131zlama durduk dinledik ermeni sicim gibi a\u011fl\u0131yordu kar\u0131s\u0131 marsilya&#8217;da kalm\u0131\u015ft\u0131 \u00e7ocu\u011fu kar\u0131s\u0131nda kalm\u0131\u015ft\u0131 anas\u0131 istanbul&#8217;da [&hellip;]<\/p>\n","protected":false},"author":1,"featured_media":0,"comment_status":"open","ping_status":"open","sticky":false,"template":"","format":"standard","meta":{"footnotes":""},"categories":[11],"tags":[],"class_list":{"0":"post-1965","1":"post","2":"type-post","3":"status-publish","4":"format-standard","6":"category-attila-ilhan"},"yoast_head":"<!-- This site is optimized with the Yoast SEO Premium plugin v24.9 (Yoast SEO v24.9) - https:\/\/yoast.com\/wordpress\/plugins\/seo\/ -->\n<title>TATYOSUN KAHRI - narteks.net<\/title>\n<meta name=\"robots\" content=\"index, follow, max-snippet:-1, max-image-preview:large, max-video-preview:-1\" \/>\n<link rel=\"canonical\" href=\"https:\/\/narteks.net\/index.php\/2009\/12\/04\/tatyosun-kahri\/\" \/>\n<meta property=\"og:locale\" content=\"tr_TR\" \/>\n<meta property=\"og:type\" content=\"article\" \/>\n<meta property=\"og:title\" content=\"TATYOSUN KAHRI\" \/>\n<meta property=\"og:description\" content=\"\u00a0 son yolcunun ad\u0131 attila ilhan&#8217;d\u0131 miyoptu k\u0131sa boylu bir adamd\u0131 dostu yoktu yaln\u0131zl\u0131\u011f\u0131 vard\u0131 yaz\u0131 makinas\u0131yla binmi\u015fti bizimle konu\u015fmaktan \u00e7ekinmi\u015fti g\u00f6zlerini g\u00f6rseniz korkard\u0131n\u0131z polis&#8217;ten ka\u00e7\u0131yordu derdiniz bir cinayet i\u015flemi\u015fti derdiniz halbuki kendinden ka\u00e7\u0131yordu tatyosyan&#8217;la arkada\u015f oldu g\u00fcvertede birlikte g\u00f6rd\u00fck h\u0131rs\u0131zlama durduk dinledik ermeni sicim gibi a\u011fl\u0131yordu kar\u0131s\u0131 marsilya&#8217;da kalm\u0131\u015ft\u0131 \u00e7ocu\u011fu kar\u0131s\u0131nda kalm\u0131\u015ft\u0131 anas\u0131 istanbul&#8217;da [&hellip;]\" \/>\n<meta property=\"og:url\" content=\"https:\/\/narteks.net\/index.php\/2009\/12\/04\/tatyosun-kahri\/\" \/>\n<meta property=\"og:site_name\" content=\"narteks.net\" \/>\n<meta property=\"article:published_time\" content=\"2009-12-04T15:07:10+00:00\" \/>\n<meta property=\"og:image\" content=\"https:\/\/narteks.net\/wp-content\/uploads\/narteks.png\" \/>\n\t<meta property=\"og:image:width\" content=\"300\" \/>\n\t<meta property=\"og:image:height\" content=\"90\" \/>\n\t<meta property=\"og:image:type\" content=\"image\/png\" \/>\n<meta name=\"author\" content=\"Tar\u0131k\" \/>\n<meta name=\"twitter:card\" content=\"summary_large_image\" \/>\n<meta name=\"twitter:creator\" content=\"@narteks\" \/>\n<meta name=\"twitter:site\" content=\"@narteks\" \/>\n<meta name=\"twitter:label1\" content=\"Yazan:\" \/>\n\t<meta name=\"twitter:data1\" content=\"Tar\u0131k\" \/>\n\t<meta name=\"twitter:label2\" content=\"Tahmini okuma s\u00fcresi\" \/>\n\t<meta name=\"twitter:data2\" content=\"2 dakika\" \/>\n<script type=\"application\/ld+json\" class=\"yoast-schema-graph\">{\"@context\":\"https:\/\/schema.org\",\"@graph\":[{\"@type\":\"Article\",\"@id\":\"https:\/\/narteks.net\/index.php\/2009\/12\/04\/tatyosun-kahri\/#article\",\"isPartOf\":{\"@id\":\"https:\/\/narteks.net\/index.php\/2009\/12\/04\/tatyosun-kahri\/\"},\"author\":{\"name\":\"Tar\u0131k\",\"@id\":\"https:\/\/narteks.net\/#\/schema\/person\/61f37d9834294b72d31d274e7ed79bca\"},\"headline\":\"TATYOSUN KAHRI\",\"datePublished\":\"2009-12-04T15:07:10+00:00\",\"mainEntityOfPage\":{\"@id\":\"https:\/\/narteks.net\/index.php\/2009\/12\/04\/tatyosun-kahri\/\"},\"wordCount\":381,\"commentCount\":0,\"publisher\":{\"@id\":\"https:\/\/narteks.net\/#organization\"},\"articleSection\":[\"Attila ILHAN\"],\"inLanguage\":\"tr\",\"potentialAction\":[{\"@type\":\"CommentAction\",\"name\":\"Comment\",\"target\":[\"https:\/\/narteks.net\/index.php\/2009\/12\/04\/tatyosun-kahri\/#respond\"]}]},{\"@type\":\"WebPage\",\"@id\":\"https:\/\/narteks.net\/index.php\/2009\/12\/04\/tatyosun-kahri\/\",\"url\":\"https:\/\/narteks.net\/index.php\/2009\/12\/04\/tatyosun-kahri\/\",\"name\":\"TATYOSUN KAHRI - narteks.net\",\"isPartOf\":{\"@id\":\"https:\/\/narteks.net\/#website\"},\"datePublished\":\"2009-12-04T15:07:10+00:00\",\"breadcrumb\":{\"@id\":\"https:\/\/narteks.net\/index.php\/2009\/12\/04\/tatyosun-kahri\/#breadcrumb\"},\"inLanguage\":\"tr\",\"potentialAction\":[{\"@type\":\"ReadAction\",\"target\":[\"https:\/\/narteks.net\/index.php\/2009\/12\/04\/tatyosun-kahri\/\"]}]},{\"@type\":\"BreadcrumbList\",\"@id\":\"https:\/\/narteks.net\/index.php\/2009\/12\/04\/tatyosun-kahri\/#breadcrumb\",\"itemListElement\":[{\"@type\":\"ListItem\",\"position\":1,\"name\":\"Anasayfa\",\"item\":\"https:\/\/narteks.net\/\"},{\"@type\":\"ListItem\",\"position\":2,\"name\":\"TATYOSUN KAHRI\"}]},{\"@type\":\"WebSite\",\"@id\":\"https:\/\/narteks.net\/#website\",\"url\":\"https:\/\/narteks.net\/\",\"name\":\"narteks.net\",\"description\":\"K\u00fclt\u00fcr Sanat Edebiyat Felsefe\",\"publisher\":{\"@id\":\"https:\/\/narteks.net\/#organization\"},\"alternateName\":\"K\u00fclt\u00fcr Sanat Edebiyat Felsefe\",\"potentialAction\":[{\"@type\":\"SearchAction\",\"target\":{\"@type\":\"EntryPoint\",\"urlTemplate\":\"https:\/\/narteks.net\/?s={search_term_string}\"},\"query-input\":{\"@type\":\"PropertyValueSpecification\",\"valueRequired\":true,\"valueName\":\"search_term_string\"}}],\"inLanguage\":\"tr\"},{\"@type\":\"Organization\",\"@id\":\"https:\/\/narteks.net\/#organization\",\"name\":\"narteks.net\",\"url\":\"https:\/\/narteks.net\/\",\"logo\":{\"@type\":\"ImageObject\",\"inLanguage\":\"tr\",\"@id\":\"https:\/\/narteks.net\/#\/schema\/logo\/image\/\",\"url\":\"https:\/\/narteks.net\/wp-content\/uploads\/narteks.png\",\"contentUrl\":\"https:\/\/narteks.net\/wp-content\/uploads\/narteks.png\",\"width\":300,\"height\":90,\"caption\":\"narteks.net\"},\"image\":{\"@id\":\"https:\/\/narteks.net\/#\/schema\/logo\/image\/\"},\"sameAs\":[\"https:\/\/x.com\/narteks\",\"https:\/\/instagram.com\/narteksnet\"]},{\"@type\":\"Person\",\"@id\":\"https:\/\/narteks.net\/#\/schema\/person\/61f37d9834294b72d31d274e7ed79bca\",\"name\":\"Tar\u0131k\",\"image\":{\"@type\":\"ImageObject\",\"inLanguage\":\"tr\",\"@id\":\"https:\/\/narteks.net\/#\/schema\/person\/image\/\",\"url\":\"https:\/\/secure.gravatar.com\/avatar\/50865afb55632c4ae467e0af0930f6510aa2297d8014be502a55b14f3b7550cf?s=96&d=mm&r=g\",\"contentUrl\":\"https:\/\/secure.gravatar.com\/avatar\/50865afb55632c4ae467e0af0930f6510aa2297d8014be502a55b14f3b7550cf?s=96&d=mm&r=g\",\"caption\":\"Tar\u0131k\"},\"sameAs\":[\"http:\/\/narteks.net\"],\"url\":\"https:\/\/narteks.net\/index.php\/author\/narbak\/\"}]}<\/script>\n<!-- \/ Yoast SEO Premium plugin. -->","yoast_head_json":{"title":"TATYOSUN KAHRI - narteks.net","robots":{"index":"index","follow":"follow","max-snippet":"max-snippet:-1","max-image-preview":"max-image-preview:large","max-video-preview":"max-video-preview:-1"},"canonical":"https:\/\/narteks.net\/index.php\/2009\/12\/04\/tatyosun-kahri\/","og_locale":"tr_TR","og_type":"article","og_title":"TATYOSUN KAHRI","og_description":"\u00a0 son yolcunun ad\u0131 attila ilhan&#8217;d\u0131 miyoptu k\u0131sa boylu bir adamd\u0131 dostu yoktu yaln\u0131zl\u0131\u011f\u0131 vard\u0131 yaz\u0131 makinas\u0131yla binmi\u015fti bizimle konu\u015fmaktan \u00e7ekinmi\u015fti g\u00f6zlerini g\u00f6rseniz korkard\u0131n\u0131z polis&#8217;ten ka\u00e7\u0131yordu derdiniz bir cinayet i\u015flemi\u015fti derdiniz halbuki kendinden ka\u00e7\u0131yordu tatyosyan&#8217;la arkada\u015f oldu g\u00fcvertede birlikte g\u00f6rd\u00fck h\u0131rs\u0131zlama durduk dinledik ermeni sicim gibi a\u011fl\u0131yordu kar\u0131s\u0131 marsilya&#8217;da kalm\u0131\u015ft\u0131 \u00e7ocu\u011fu kar\u0131s\u0131nda kalm\u0131\u015ft\u0131 anas\u0131 istanbul&#8217;da [&hellip;]","og_url":"https:\/\/narteks.net\/index.php\/2009\/12\/04\/tatyosun-kahri\/","og_site_name":"narteks.net","article_published_time":"2009-12-04T15:07:10+00:00","og_image":[{"width":300,"height":90,"url":"https:\/\/narteks.net\/wp-content\/uploads\/narteks.png","type":"image\/png"}],"author":"Tar\u0131k","twitter_card":"summary_large_image","twitter_creator":"@narteks","twitter_site":"@narteks","twitter_misc":{"Yazan:":"Tar\u0131k","Tahmini okuma s\u00fcresi":"2 dakika"},"schema":{"@context":"https:\/\/schema.org","@graph":[{"@type":"Article","@id":"https:\/\/narteks.net\/index.php\/2009\/12\/04\/tatyosun-kahri\/#article","isPartOf":{"@id":"https:\/\/narteks.net\/index.php\/2009\/12\/04\/tatyosun-kahri\/"},"author":{"name":"Tar\u0131k","@id":"https:\/\/narteks.net\/#\/schema\/person\/61f37d9834294b72d31d274e7ed79bca"},"headline":"TATYOSUN KAHRI","datePublished":"2009-12-04T15:07:10+00:00","mainEntityOfPage":{"@id":"https:\/\/narteks.net\/index.php\/2009\/12\/04\/tatyosun-kahri\/"},"wordCount":381,"commentCount":0,"publisher":{"@id":"https:\/\/narteks.net\/#organization"},"articleSection":["Attila ILHAN"],"inLanguage":"tr","potentialAction":[{"@type":"CommentAction","name":"Comment","target":["https:\/\/narteks.net\/index.php\/2009\/12\/04\/tatyosun-kahri\/#respond"]}]},{"@type":"WebPage","@id":"https:\/\/narteks.net\/index.php\/2009\/12\/04\/tatyosun-kahri\/","url":"https:\/\/narteks.net\/index.php\/2009\/12\/04\/tatyosun-kahri\/","name":"TATYOSUN KAHRI - narteks.net","isPartOf":{"@id":"https:\/\/narteks.net\/#website"},"datePublished":"2009-12-04T15:07:10+00:00","breadcrumb":{"@id":"https:\/\/narteks.net\/index.php\/2009\/12\/04\/tatyosun-kahri\/#breadcrumb"},"inLanguage":"tr","potentialAction":[{"@type":"ReadAction","target":["https:\/\/narteks.net\/index.php\/2009\/12\/04\/tatyosun-kahri\/"]}]},{"@type":"BreadcrumbList","@id":"https:\/\/narteks.net\/index.php\/2009\/12\/04\/tatyosun-kahri\/#breadcrumb","itemListElement":[{"@type":"ListItem","position":1,"name":"Anasayfa","item":"https:\/\/narteks.net\/"},{"@type":"ListItem","position":2,"name":"TATYOSUN KAHRI"}]},{"@type":"WebSite","@id":"https:\/\/narteks.net\/#website","url":"https:\/\/narteks.net\/","name":"narteks.net","description":"K\u00fclt\u00fcr Sanat Edebiyat Felsefe","publisher":{"@id":"https:\/\/narteks.net\/#organization"},"alternateName":"K\u00fclt\u00fcr Sanat Edebiyat Felsefe","potentialAction":[{"@type":"SearchAction","target":{"@type":"EntryPoint","urlTemplate":"https:\/\/narteks.net\/?s={search_term_string}"},"query-input":{"@type":"PropertyValueSpecification","valueRequired":true,"valueName":"search_term_string"}}],"inLanguage":"tr"},{"@type":"Organization","@id":"https:\/\/narteks.net\/#organization","name":"narteks.net","url":"https:\/\/narteks.net\/","logo":{"@type":"ImageObject","inLanguage":"tr","@id":"https:\/\/narteks.net\/#\/schema\/logo\/image\/","url":"https:\/\/narteks.net\/wp-content\/uploads\/narteks.png","contentUrl":"https:\/\/narteks.net\/wp-content\/uploads\/narteks.png","width":300,"height":90,"caption":"narteks.net"},"image":{"@id":"https:\/\/narteks.net\/#\/schema\/logo\/image\/"},"sameAs":["https:\/\/x.com\/narteks","https:\/\/instagram.com\/narteksnet"]},{"@type":"Person","@id":"https:\/\/narteks.net\/#\/schema\/person\/61f37d9834294b72d31d274e7ed79bca","name":"Tar\u0131k","image":{"@type":"ImageObject","inLanguage":"tr","@id":"https:\/\/narteks.net\/#\/schema\/person\/image\/","url":"https:\/\/secure.gravatar.com\/avatar\/50865afb55632c4ae467e0af0930f6510aa2297d8014be502a55b14f3b7550cf?s=96&d=mm&r=g","contentUrl":"https:\/\/secure.gravatar.com\/avatar\/50865afb55632c4ae467e0af0930f6510aa2297d8014be502a55b14f3b7550cf?s=96&d=mm&r=g","caption":"Tar\u0131k"},"sameAs":["http:\/\/narteks.net"],"url":"https:\/\/narteks.net\/index.php\/author\/narbak\/"}]}},"_links":{"self":[{"href":"https:\/\/narteks.net\/index.php\/wp-json\/wp\/v2\/posts\/1965","targetHints":{"allow":["GET"]}}],"collection":[{"href":"https:\/\/narteks.net\/index.php\/wp-json\/wp\/v2\/posts"}],"about":[{"href":"https:\/\/narteks.net\/index.php\/wp-json\/wp\/v2\/types\/post"}],"author":[{"embeddable":true,"href":"https:\/\/narteks.net\/index.php\/wp-json\/wp\/v2\/users\/1"}],"replies":[{"embeddable":true,"href":"https:\/\/narteks.net\/index.php\/wp-json\/wp\/v2\/comments?post=1965"}],"version-history":[{"count":0,"href":"https:\/\/narteks.net\/index.php\/wp-json\/wp\/v2\/posts\/1965\/revisions"}],"wp:attachment":[{"href":"https:\/\/narteks.net\/index.php\/wp-json\/wp\/v2\/media?parent=1965"}],"wp:term":[{"taxonomy":"category","embeddable":true,"href":"https:\/\/narteks.net\/index.php\/wp-json\/wp\/v2\/categories?post=1965"},{"taxonomy":"post_tag","embeddable":true,"href":"https:\/\/narteks.net\/index.php\/wp-json\/wp\/v2\/tags?post=1965"}],"curies":[{"name":"wp","href":"https:\/\/api.w.org\/{rel}","templated":true}]}}