{"id":197,"date":"2009-02-27T16:53:33","date_gmt":"2009-02-27T13:53:33","guid":{"rendered":"http:\/\/localhost\/wordpress\/2009\/02\/27\/haritada-denize-giriyorum\/"},"modified":"2009-02-27T16:53:33","modified_gmt":"2009-02-27T13:53:33","slug":"haritada-denize-giriyorum","status":"publish","type":"post","link":"https:\/\/narteks.net\/index.php\/2009\/02\/27\/haritada-denize-giriyorum\/","title":{"rendered":"HAR\u0130TADA DEN\u0130ZE G\u0130R\u0130YORUM"},"content":{"rendered":"<p>\u00a0<\/p>\n<p>Hem ac\u0131lar e\u011fitiyor<br \/>Hem t\u00fcrk\u00fc s\u00f6yl\u00fcyorum<br \/>Asl\u0131nda bir yap\u0131n\u0131n<br \/>Temelini at\u0131yorum<\/p>\n<p>Tu\u011flam pi\u015fmemi\u015f daha<br \/>Demirim yok \u00e7imentom yok<br \/>Kumum kirecim haz\u0131r de\u011fil<br \/>Bu yap\u0131 ne zaman biter<br \/>Ka\u00e7\u0131nc\u0131 katta bulurum g\u00fczeli<br \/>Belli de\u011fil<\/p>\n<p>Bir ya\u011fmur bulutunu<br \/>Elime al\u0131p kokluyorum<br \/>Bulut mulut bahane<br \/>Asl\u0131nda bir \u015fiirin<br \/>Temelini at\u0131yorum<\/p>\n<p>\u0130lk dizeyi yaz\u0131yorum<br \/>Kan ter i\u00e7inde kalemim<br \/>Kimseye g\u00f6stermeden<br \/>Haritada denize giriyorum<br \/>Ne zaman \u00e7\u0131kar\u0131m bilmem<br \/>Hangi k\u0131y\u0131da bulurum g\u00fczeli<br \/>Belli de\u011fil<\/p>\n<p>Bo\u011faz\u0131ma doluyor<br \/>S\u00f6zc\u00fckler \u015fiir molek\u00fclleri<br \/>Yar\u0131 yoldan geri d\u00f6n\u00fcyorum<br \/>Tatl\u0131 m\u0131 ek\u015fi mi deniz<br \/>Rengi sar\u0131 m\u0131 pembe mi<br \/>Korsan beye sorun bunu<br \/>Vallahi ben bilmiyorum<\/p>\n<p>Nerede bir \u00e7irkin g\u00f6rsem<br \/>Ba\u015f\u0131m\u0131 \u00f6n\u00fcme e\u011fiyorum<br \/>K\u0131pk\u0131rm\u0131z\u0131 olunca \u015fiirlerim<br \/>Utanc\u0131mdan \u00f6l\u00fcyorum<br \/>Ben ne zaman dirilirim<br \/>Kaptan bey ne zaman \u00f6l\u00fcr<br \/>Belli de\u011fil<\/p>\n<p>Hem kentte oturuyor<br \/>Hem yalan s\u00f6yl\u00fcyorum<br \/>Bozuk \u00e7\u0131k\u0131yor foto\u011fraf\u0131m<br \/>Korsan beyin \u00f6l\u00fc t\u00f6reninde<br \/>G\u00fclerken yakalan\u0131yor \u015fiirlerim<br \/>Ben ba\u015far\u0131yla somurtuyorum<\/p>\n<p>AL\u0130 Y\u00dcCE<\/p>\n","protected":false},"excerpt":{"rendered":"<p>\u00a0 Hem ac\u0131lar e\u011fitiyorHem t\u00fcrk\u00fc s\u00f6yl\u00fcyorumAsl\u0131nda bir yap\u0131n\u0131nTemelini at\u0131yorum Tu\u011flam pi\u015fmemi\u015f dahaDemirim yok \u00e7imentom yokKumum kirecim haz\u0131r de\u011filBu yap\u0131 ne zaman biterKa\u00e7\u0131nc\u0131 katta bulurum g\u00fczeliBelli de\u011fil Bir ya\u011fmur bulutunuElime al\u0131p kokluyorumBulut mulut bahaneAsl\u0131nda bir \u015fiirinTemelini at\u0131yorum \u0130lk dizeyi yaz\u0131yorumKan ter i\u00e7inde kalemimKimseye g\u00f6stermedenHaritada denize giriyorumNe zaman \u00e7\u0131kar\u0131m bilmemHangi k\u0131y\u0131da bulurum g\u00fczeliBelli de\u011fil Bo\u011faz\u0131ma doluyorS\u00f6zc\u00fckler \u015fiir [&hellip;]<\/p>\n","protected":false},"author":1,"featured_media":0,"comment_status":"open","ping_status":"open","sticky":false,"template":"","format":"standard","meta":{"footnotes":""},"categories":[4],"tags":[],"class_list":{"0":"post-197","1":"post","2":"type-post","3":"status-publish","4":"format-standard","6":"category-ali-yuce"},"yoast_head":"<!-- This site is optimized with the Yoast SEO Premium plugin v24.9 (Yoast SEO v24.9) - https:\/\/yoast.com\/wordpress\/plugins\/seo\/ -->\n<title>HAR\u0130TADA DEN\u0130ZE G\u0130R\u0130YORUM - narteks.net<\/title>\n<meta name=\"robots\" content=\"index, follow, max-snippet:-1, max-image-preview:large, max-video-preview:-1\" \/>\n<link rel=\"canonical\" href=\"https:\/\/narteks.net\/index.php\/2009\/02\/27\/haritada-denize-giriyorum\/\" \/>\n<meta property=\"og:locale\" content=\"tr_TR\" \/>\n<meta property=\"og:type\" content=\"article\" \/>\n<meta property=\"og:title\" content=\"HAR\u0130TADA DEN\u0130ZE G\u0130R\u0130YORUM\" \/>\n<meta property=\"og:description\" content=\"\u00a0 Hem ac\u0131lar e\u011fitiyorHem t\u00fcrk\u00fc s\u00f6yl\u00fcyorumAsl\u0131nda bir yap\u0131n\u0131nTemelini at\u0131yorum Tu\u011flam pi\u015fmemi\u015f dahaDemirim yok \u00e7imentom yokKumum kirecim haz\u0131r de\u011filBu yap\u0131 ne zaman biterKa\u00e7\u0131nc\u0131 katta bulurum g\u00fczeliBelli de\u011fil Bir ya\u011fmur bulutunuElime al\u0131p kokluyorumBulut mulut bahaneAsl\u0131nda bir \u015fiirinTemelini at\u0131yorum \u0130lk dizeyi yaz\u0131yorumKan ter i\u00e7inde kalemimKimseye g\u00f6stermedenHaritada denize giriyorumNe zaman \u00e7\u0131kar\u0131m bilmemHangi k\u0131y\u0131da bulurum g\u00fczeliBelli de\u011fil Bo\u011faz\u0131ma doluyorS\u00f6zc\u00fckler \u015fiir [&hellip;]\" \/>\n<meta property=\"og:url\" content=\"https:\/\/narteks.net\/index.php\/2009\/02\/27\/haritada-denize-giriyorum\/\" \/>\n<meta property=\"og:site_name\" content=\"narteks.net\" \/>\n<meta property=\"article:published_time\" content=\"2009-02-27T13:53:33+00:00\" \/>\n<meta property=\"og:image\" content=\"https:\/\/narteks.net\/wp-content\/uploads\/narteks.png\" \/>\n\t<meta property=\"og:image:width\" content=\"300\" \/>\n\t<meta property=\"og:image:height\" content=\"90\" \/>\n\t<meta property=\"og:image:type\" content=\"image\/png\" \/>\n<meta name=\"author\" content=\"Tar\u0131k\" \/>\n<meta name=\"twitter:card\" content=\"summary_large_image\" \/>\n<meta name=\"twitter:creator\" content=\"@narteks\" \/>\n<meta name=\"twitter:site\" content=\"@narteks\" \/>\n<meta name=\"twitter:label1\" content=\"Yazan:\" \/>\n\t<meta name=\"twitter:data1\" content=\"Tar\u0131k\" \/>\n\t<meta name=\"twitter:label2\" content=\"Tahmini okuma s\u00fcresi\" \/>\n\t<meta name=\"twitter:data2\" content=\"1 dakika\" \/>\n<script type=\"application\/ld+json\" class=\"yoast-schema-graph\">{\"@context\":\"https:\/\/schema.org\",\"@graph\":[{\"@type\":\"Article\",\"@id\":\"https:\/\/narteks.net\/index.php\/2009\/02\/27\/haritada-denize-giriyorum\/#article\",\"isPartOf\":{\"@id\":\"https:\/\/narteks.net\/index.php\/2009\/02\/27\/haritada-denize-giriyorum\/\"},\"author\":{\"name\":\"Tar\u0131k\",\"@id\":\"https:\/\/narteks.net\/#\/schema\/person\/61f37d9834294b72d31d274e7ed79bca\"},\"headline\":\"HAR\u0130TADA DEN\u0130ZE G\u0130R\u0130YORUM\",\"datePublished\":\"2009-02-27T13:53:33+00:00\",\"mainEntityOfPage\":{\"@id\":\"https:\/\/narteks.net\/index.php\/2009\/02\/27\/haritada-denize-giriyorum\/\"},\"wordCount\":169,\"commentCount\":0,\"publisher\":{\"@id\":\"https:\/\/narteks.net\/#organization\"},\"articleSection\":[\"Ali Y\u00fcce\"],\"inLanguage\":\"tr\",\"potentialAction\":[{\"@type\":\"CommentAction\",\"name\":\"Comment\",\"target\":[\"https:\/\/narteks.net\/index.php\/2009\/02\/27\/haritada-denize-giriyorum\/#respond\"]}]},{\"@type\":\"WebPage\",\"@id\":\"https:\/\/narteks.net\/index.php\/2009\/02\/27\/haritada-denize-giriyorum\/\",\"url\":\"https:\/\/narteks.net\/index.php\/2009\/02\/27\/haritada-denize-giriyorum\/\",\"name\":\"HAR\u0130TADA DEN\u0130ZE G\u0130R\u0130YORUM - narteks.net\",\"isPartOf\":{\"@id\":\"https:\/\/narteks.net\/#website\"},\"datePublished\":\"2009-02-27T13:53:33+00:00\",\"breadcrumb\":{\"@id\":\"https:\/\/narteks.net\/index.php\/2009\/02\/27\/haritada-denize-giriyorum\/#breadcrumb\"},\"inLanguage\":\"tr\",\"potentialAction\":[{\"@type\":\"ReadAction\",\"target\":[\"https:\/\/narteks.net\/index.php\/2009\/02\/27\/haritada-denize-giriyorum\/\"]}]},{\"@type\":\"BreadcrumbList\",\"@id\":\"https:\/\/narteks.net\/index.php\/2009\/02\/27\/haritada-denize-giriyorum\/#breadcrumb\",\"itemListElement\":[{\"@type\":\"ListItem\",\"position\":1,\"name\":\"Anasayfa\",\"item\":\"https:\/\/narteks.net\/\"},{\"@type\":\"ListItem\",\"position\":2,\"name\":\"HAR\u0130TADA DEN\u0130ZE G\u0130R\u0130YORUM\"}]},{\"@type\":\"WebSite\",\"@id\":\"https:\/\/narteks.net\/#website\",\"url\":\"https:\/\/narteks.net\/\",\"name\":\"narteks.net\",\"description\":\"K\u00fclt\u00fcr Sanat Edebiyat Felsefe\",\"publisher\":{\"@id\":\"https:\/\/narteks.net\/#organization\"},\"alternateName\":\"K\u00fclt\u00fcr Sanat Edebiyat Felsefe\",\"potentialAction\":[{\"@type\":\"SearchAction\",\"target\":{\"@type\":\"EntryPoint\",\"urlTemplate\":\"https:\/\/narteks.net\/?s={search_term_string}\"},\"query-input\":{\"@type\":\"PropertyValueSpecification\",\"valueRequired\":true,\"valueName\":\"search_term_string\"}}],\"inLanguage\":\"tr\"},{\"@type\":\"Organization\",\"@id\":\"https:\/\/narteks.net\/#organization\",\"name\":\"narteks.net\",\"url\":\"https:\/\/narteks.net\/\",\"logo\":{\"@type\":\"ImageObject\",\"inLanguage\":\"tr\",\"@id\":\"https:\/\/narteks.net\/#\/schema\/logo\/image\/\",\"url\":\"https:\/\/narteks.net\/wp-content\/uploads\/narteks.png\",\"contentUrl\":\"https:\/\/narteks.net\/wp-content\/uploads\/narteks.png\",\"width\":300,\"height\":90,\"caption\":\"narteks.net\"},\"image\":{\"@id\":\"https:\/\/narteks.net\/#\/schema\/logo\/image\/\"},\"sameAs\":[\"https:\/\/x.com\/narteks\",\"https:\/\/instagram.com\/narteksnet\"]},{\"@type\":\"Person\",\"@id\":\"https:\/\/narteks.net\/#\/schema\/person\/61f37d9834294b72d31d274e7ed79bca\",\"name\":\"Tar\u0131k\",\"image\":{\"@type\":\"ImageObject\",\"inLanguage\":\"tr\",\"@id\":\"https:\/\/narteks.net\/#\/schema\/person\/image\/\",\"url\":\"https:\/\/secure.gravatar.com\/avatar\/50865afb55632c4ae467e0af0930f6510aa2297d8014be502a55b14f3b7550cf?s=96&d=mm&r=g\",\"contentUrl\":\"https:\/\/secure.gravatar.com\/avatar\/50865afb55632c4ae467e0af0930f6510aa2297d8014be502a55b14f3b7550cf?s=96&d=mm&r=g\",\"caption\":\"Tar\u0131k\"},\"sameAs\":[\"http:\/\/narteks.net\"],\"url\":\"https:\/\/narteks.net\/index.php\/author\/narbak\/\"}]}<\/script>\n<!-- \/ Yoast SEO Premium plugin. -->","yoast_head_json":{"title":"HAR\u0130TADA DEN\u0130ZE G\u0130R\u0130YORUM - narteks.net","robots":{"index":"index","follow":"follow","max-snippet":"max-snippet:-1","max-image-preview":"max-image-preview:large","max-video-preview":"max-video-preview:-1"},"canonical":"https:\/\/narteks.net\/index.php\/2009\/02\/27\/haritada-denize-giriyorum\/","og_locale":"tr_TR","og_type":"article","og_title":"HAR\u0130TADA DEN\u0130ZE G\u0130R\u0130YORUM","og_description":"\u00a0 Hem ac\u0131lar e\u011fitiyorHem t\u00fcrk\u00fc s\u00f6yl\u00fcyorumAsl\u0131nda bir yap\u0131n\u0131nTemelini at\u0131yorum Tu\u011flam pi\u015fmemi\u015f dahaDemirim yok \u00e7imentom yokKumum kirecim haz\u0131r de\u011filBu yap\u0131 ne zaman biterKa\u00e7\u0131nc\u0131 katta bulurum g\u00fczeliBelli de\u011fil Bir ya\u011fmur bulutunuElime al\u0131p kokluyorumBulut mulut bahaneAsl\u0131nda bir \u015fiirinTemelini at\u0131yorum \u0130lk dizeyi yaz\u0131yorumKan ter i\u00e7inde kalemimKimseye g\u00f6stermedenHaritada denize giriyorumNe zaman \u00e7\u0131kar\u0131m bilmemHangi k\u0131y\u0131da bulurum g\u00fczeliBelli de\u011fil Bo\u011faz\u0131ma doluyorS\u00f6zc\u00fckler \u015fiir [&hellip;]","og_url":"https:\/\/narteks.net\/index.php\/2009\/02\/27\/haritada-denize-giriyorum\/","og_site_name":"narteks.net","article_published_time":"2009-02-27T13:53:33+00:00","og_image":[{"width":300,"height":90,"url":"https:\/\/narteks.net\/wp-content\/uploads\/narteks.png","type":"image\/png"}],"author":"Tar\u0131k","twitter_card":"summary_large_image","twitter_creator":"@narteks","twitter_site":"@narteks","twitter_misc":{"Yazan:":"Tar\u0131k","Tahmini okuma s\u00fcresi":"1 dakika"},"schema":{"@context":"https:\/\/schema.org","@graph":[{"@type":"Article","@id":"https:\/\/narteks.net\/index.php\/2009\/02\/27\/haritada-denize-giriyorum\/#article","isPartOf":{"@id":"https:\/\/narteks.net\/index.php\/2009\/02\/27\/haritada-denize-giriyorum\/"},"author":{"name":"Tar\u0131k","@id":"https:\/\/narteks.net\/#\/schema\/person\/61f37d9834294b72d31d274e7ed79bca"},"headline":"HAR\u0130TADA DEN\u0130ZE G\u0130R\u0130YORUM","datePublished":"2009-02-27T13:53:33+00:00","mainEntityOfPage":{"@id":"https:\/\/narteks.net\/index.php\/2009\/02\/27\/haritada-denize-giriyorum\/"},"wordCount":169,"commentCount":0,"publisher":{"@id":"https:\/\/narteks.net\/#organization"},"articleSection":["Ali Y\u00fcce"],"inLanguage":"tr","potentialAction":[{"@type":"CommentAction","name":"Comment","target":["https:\/\/narteks.net\/index.php\/2009\/02\/27\/haritada-denize-giriyorum\/#respond"]}]},{"@type":"WebPage","@id":"https:\/\/narteks.net\/index.php\/2009\/02\/27\/haritada-denize-giriyorum\/","url":"https:\/\/narteks.net\/index.php\/2009\/02\/27\/haritada-denize-giriyorum\/","name":"HAR\u0130TADA DEN\u0130ZE G\u0130R\u0130YORUM - narteks.net","isPartOf":{"@id":"https:\/\/narteks.net\/#website"},"datePublished":"2009-02-27T13:53:33+00:00","breadcrumb":{"@id":"https:\/\/narteks.net\/index.php\/2009\/02\/27\/haritada-denize-giriyorum\/#breadcrumb"},"inLanguage":"tr","potentialAction":[{"@type":"ReadAction","target":["https:\/\/narteks.net\/index.php\/2009\/02\/27\/haritada-denize-giriyorum\/"]}]},{"@type":"BreadcrumbList","@id":"https:\/\/narteks.net\/index.php\/2009\/02\/27\/haritada-denize-giriyorum\/#breadcrumb","itemListElement":[{"@type":"ListItem","position":1,"name":"Anasayfa","item":"https:\/\/narteks.net\/"},{"@type":"ListItem","position":2,"name":"HAR\u0130TADA DEN\u0130ZE G\u0130R\u0130YORUM"}]},{"@type":"WebSite","@id":"https:\/\/narteks.net\/#website","url":"https:\/\/narteks.net\/","name":"narteks.net","description":"K\u00fclt\u00fcr Sanat Edebiyat Felsefe","publisher":{"@id":"https:\/\/narteks.net\/#organization"},"alternateName":"K\u00fclt\u00fcr Sanat Edebiyat Felsefe","potentialAction":[{"@type":"SearchAction","target":{"@type":"EntryPoint","urlTemplate":"https:\/\/narteks.net\/?s={search_term_string}"},"query-input":{"@type":"PropertyValueSpecification","valueRequired":true,"valueName":"search_term_string"}}],"inLanguage":"tr"},{"@type":"Organization","@id":"https:\/\/narteks.net\/#organization","name":"narteks.net","url":"https:\/\/narteks.net\/","logo":{"@type":"ImageObject","inLanguage":"tr","@id":"https:\/\/narteks.net\/#\/schema\/logo\/image\/","url":"https:\/\/narteks.net\/wp-content\/uploads\/narteks.png","contentUrl":"https:\/\/narteks.net\/wp-content\/uploads\/narteks.png","width":300,"height":90,"caption":"narteks.net"},"image":{"@id":"https:\/\/narteks.net\/#\/schema\/logo\/image\/"},"sameAs":["https:\/\/x.com\/narteks","https:\/\/instagram.com\/narteksnet"]},{"@type":"Person","@id":"https:\/\/narteks.net\/#\/schema\/person\/61f37d9834294b72d31d274e7ed79bca","name":"Tar\u0131k","image":{"@type":"ImageObject","inLanguage":"tr","@id":"https:\/\/narteks.net\/#\/schema\/person\/image\/","url":"https:\/\/secure.gravatar.com\/avatar\/50865afb55632c4ae467e0af0930f6510aa2297d8014be502a55b14f3b7550cf?s=96&d=mm&r=g","contentUrl":"https:\/\/secure.gravatar.com\/avatar\/50865afb55632c4ae467e0af0930f6510aa2297d8014be502a55b14f3b7550cf?s=96&d=mm&r=g","caption":"Tar\u0131k"},"sameAs":["http:\/\/narteks.net"],"url":"https:\/\/narteks.net\/index.php\/author\/narbak\/"}]}},"_links":{"self":[{"href":"https:\/\/narteks.net\/index.php\/wp-json\/wp\/v2\/posts\/197","targetHints":{"allow":["GET"]}}],"collection":[{"href":"https:\/\/narteks.net\/index.php\/wp-json\/wp\/v2\/posts"}],"about":[{"href":"https:\/\/narteks.net\/index.php\/wp-json\/wp\/v2\/types\/post"}],"author":[{"embeddable":true,"href":"https:\/\/narteks.net\/index.php\/wp-json\/wp\/v2\/users\/1"}],"replies":[{"embeddable":true,"href":"https:\/\/narteks.net\/index.php\/wp-json\/wp\/v2\/comments?post=197"}],"version-history":[{"count":0,"href":"https:\/\/narteks.net\/index.php\/wp-json\/wp\/v2\/posts\/197\/revisions"}],"wp:attachment":[{"href":"https:\/\/narteks.net\/index.php\/wp-json\/wp\/v2\/media?parent=197"}],"wp:term":[{"taxonomy":"category","embeddable":true,"href":"https:\/\/narteks.net\/index.php\/wp-json\/wp\/v2\/categories?post=197"},{"taxonomy":"post_tag","embeddable":true,"href":"https:\/\/narteks.net\/index.php\/wp-json\/wp\/v2\/tags?post=197"}],"curies":[{"name":"wp","href":"https:\/\/api.w.org\/{rel}","templated":true}]}}