{"id":1971,"date":"2009-12-04T18:11:47","date_gmt":"2009-12-04T15:11:47","guid":{"rendered":"http:\/\/localhost\/wordpress\/2009\/12\/04\/suheyla-degildi-adin\/"},"modified":"2009-12-04T18:11:47","modified_gmt":"2009-12-04T15:11:47","slug":"suheyla-degildi-adin","status":"publish","type":"post","link":"https:\/\/narteks.net\/index.php\/2009\/12\/04\/suheyla-degildi-adin\/","title":{"rendered":"S\u00dcHEYLA DE\u011e\u0130LD\u0130 ADIN"},"content":{"rendered":"<p>\u00a0<\/p>\n<p>hangi bulutlara ni\u00e7in sar\u0131nd\u0131n <br \/> g\u00f6zlerindeki mavi kimin g\u00f6ky\u00fcz\u00fc <br \/> s\u00fcheyla de\u011fildi ba\u015fkayd\u0131 ad\u0131n <br \/> g\u00fcl\u00fc\u015flerin donuk ne\u015f&#8217;e \u00f6ks\u00fcz\u00fc <br \/> o erken sonbahar g\u00f6r\u00fcnt\u00fcs\u00fc <\/p>\n<p> inceden inceye boyanmaz m\u0131yd\u0131n <br \/> kirpiklerinin lacivert \u00f6rt\u00fcs\u00fc <br \/> s\u00fcheyla de\u011fildi ba\u015fkayd\u0131 ad\u0131n <br \/> ellerin buz gibi a\u011fz\u0131n\u0131n b\u00fczg\u00fcs\u00fc <br \/> ka\u00e7 yaln\u0131zl\u0131\u011f\u0131n gizli \u00fcz\u00fcnt\u00fcs\u00fc <\/p>\n<p> ne yapsan ne etsen anla\u015f\u0131lmad\u0131n <br \/> belki sebep kendini a\u015fmak d\u00fcrt\u00fcs\u00fc <br \/> s\u00fcheyla de\u011fildi ba\u015fkayd\u0131 ad\u0131n <br \/> nab\u0131zlar\u0131nda pi\u015fmanl\u0131\u011f\u0131n g\u00fcr\u00fclt\u00fcs\u00fc <br \/> g\u00fcl\u00fcmsemen so\u011fumu\u015f \u00e7i\u00e7ek \u00f6l\u00fcs\u00fc<\/p>\n<p>Attila \u0130LHAN<\/p>\n","protected":false},"excerpt":{"rendered":"<p>\u00a0 hangi bulutlara ni\u00e7in sar\u0131nd\u0131n g\u00f6zlerindeki mavi kimin g\u00f6ky\u00fcz\u00fc s\u00fcheyla de\u011fildi ba\u015fkayd\u0131 ad\u0131n g\u00fcl\u00fc\u015flerin donuk ne\u015f&#8217;e \u00f6ks\u00fcz\u00fc o erken sonbahar g\u00f6r\u00fcnt\u00fcs\u00fc inceden inceye boyanmaz m\u0131yd\u0131n kirpiklerinin lacivert \u00f6rt\u00fcs\u00fc s\u00fcheyla de\u011fildi ba\u015fkayd\u0131 ad\u0131n ellerin buz gibi a\u011fz\u0131n\u0131n b\u00fczg\u00fcs\u00fc ka\u00e7 yaln\u0131zl\u0131\u011f\u0131n gizli \u00fcz\u00fcnt\u00fcs\u00fc ne yapsan ne etsen anla\u015f\u0131lmad\u0131n belki sebep kendini a\u015fmak d\u00fcrt\u00fcs\u00fc s\u00fcheyla de\u011fildi ba\u015fkayd\u0131 ad\u0131n [&hellip;]<\/p>\n","protected":false},"author":1,"featured_media":0,"comment_status":"open","ping_status":"open","sticky":false,"template":"","format":"standard","meta":{"footnotes":""},"categories":[11],"tags":[],"class_list":{"0":"post-1971","1":"post","2":"type-post","3":"status-publish","4":"format-standard","6":"category-attila-ilhan"},"yoast_head":"<!-- This site is optimized with the Yoast SEO Premium plugin v24.9 (Yoast SEO v24.9) - https:\/\/yoast.com\/wordpress\/plugins\/seo\/ -->\n<title>S\u00dcHEYLA DE\u011e\u0130LD\u0130 ADIN - narteks.net<\/title>\n<meta name=\"robots\" content=\"index, follow, max-snippet:-1, max-image-preview:large, max-video-preview:-1\" \/>\n<link rel=\"canonical\" href=\"https:\/\/narteks.net\/index.php\/2009\/12\/04\/suheyla-degildi-adin\/\" \/>\n<meta property=\"og:locale\" content=\"tr_TR\" \/>\n<meta property=\"og:type\" content=\"article\" \/>\n<meta property=\"og:title\" content=\"S\u00dcHEYLA DE\u011e\u0130LD\u0130 ADIN\" \/>\n<meta property=\"og:description\" content=\"\u00a0 hangi bulutlara ni\u00e7in sar\u0131nd\u0131n g\u00f6zlerindeki mavi kimin g\u00f6ky\u00fcz\u00fc s\u00fcheyla de\u011fildi ba\u015fkayd\u0131 ad\u0131n g\u00fcl\u00fc\u015flerin donuk ne\u015f&#8217;e \u00f6ks\u00fcz\u00fc o erken sonbahar g\u00f6r\u00fcnt\u00fcs\u00fc inceden inceye boyanmaz m\u0131yd\u0131n kirpiklerinin lacivert \u00f6rt\u00fcs\u00fc s\u00fcheyla de\u011fildi ba\u015fkayd\u0131 ad\u0131n ellerin buz gibi a\u011fz\u0131n\u0131n b\u00fczg\u00fcs\u00fc ka\u00e7 yaln\u0131zl\u0131\u011f\u0131n gizli \u00fcz\u00fcnt\u00fcs\u00fc ne yapsan ne etsen anla\u015f\u0131lmad\u0131n belki sebep kendini a\u015fmak d\u00fcrt\u00fcs\u00fc s\u00fcheyla de\u011fildi ba\u015fkayd\u0131 ad\u0131n [&hellip;]\" \/>\n<meta property=\"og:url\" content=\"https:\/\/narteks.net\/index.php\/2009\/12\/04\/suheyla-degildi-adin\/\" \/>\n<meta property=\"og:site_name\" content=\"narteks.net\" \/>\n<meta property=\"article:published_time\" content=\"2009-12-04T15:11:47+00:00\" \/>\n<meta property=\"og:image\" content=\"https:\/\/narteks.net\/wp-content\/uploads\/narteks.png\" \/>\n\t<meta property=\"og:image:width\" content=\"300\" \/>\n\t<meta property=\"og:image:height\" content=\"90\" \/>\n\t<meta property=\"og:image:type\" content=\"image\/png\" \/>\n<meta name=\"author\" content=\"Tar\u0131k\" \/>\n<meta name=\"twitter:card\" content=\"summary_large_image\" \/>\n<meta name=\"twitter:creator\" content=\"@narteks\" \/>\n<meta name=\"twitter:site\" content=\"@narteks\" \/>\n<meta name=\"twitter:label1\" content=\"Yazan:\" \/>\n\t<meta name=\"twitter:data1\" content=\"Tar\u0131k\" \/>\n\t<meta name=\"twitter:label2\" content=\"Tahmini okuma s\u00fcresi\" \/>\n\t<meta name=\"twitter:data2\" content=\"1 dakika\" \/>\n<script type=\"application\/ld+json\" class=\"yoast-schema-graph\">{\"@context\":\"https:\/\/schema.org\",\"@graph\":[{\"@type\":\"Article\",\"@id\":\"https:\/\/narteks.net\/index.php\/2009\/12\/04\/suheyla-degildi-adin\/#article\",\"isPartOf\":{\"@id\":\"https:\/\/narteks.net\/index.php\/2009\/12\/04\/suheyla-degildi-adin\/\"},\"author\":{\"name\":\"Tar\u0131k\",\"@id\":\"https:\/\/narteks.net\/#\/schema\/person\/61f37d9834294b72d31d274e7ed79bca\"},\"headline\":\"S\u00dcHEYLA DE\u011e\u0130LD\u0130 ADIN\",\"datePublished\":\"2009-12-04T15:11:47+00:00\",\"mainEntityOfPage\":{\"@id\":\"https:\/\/narteks.net\/index.php\/2009\/12\/04\/suheyla-degildi-adin\/\"},\"wordCount\":122,\"commentCount\":0,\"publisher\":{\"@id\":\"https:\/\/narteks.net\/#organization\"},\"articleSection\":[\"Attila ILHAN\"],\"inLanguage\":\"tr\",\"potentialAction\":[{\"@type\":\"CommentAction\",\"name\":\"Comment\",\"target\":[\"https:\/\/narteks.net\/index.php\/2009\/12\/04\/suheyla-degildi-adin\/#respond\"]}]},{\"@type\":\"WebPage\",\"@id\":\"https:\/\/narteks.net\/index.php\/2009\/12\/04\/suheyla-degildi-adin\/\",\"url\":\"https:\/\/narteks.net\/index.php\/2009\/12\/04\/suheyla-degildi-adin\/\",\"name\":\"S\u00dcHEYLA DE\u011e\u0130LD\u0130 ADIN - narteks.net\",\"isPartOf\":{\"@id\":\"https:\/\/narteks.net\/#website\"},\"datePublished\":\"2009-12-04T15:11:47+00:00\",\"breadcrumb\":{\"@id\":\"https:\/\/narteks.net\/index.php\/2009\/12\/04\/suheyla-degildi-adin\/#breadcrumb\"},\"inLanguage\":\"tr\",\"potentialAction\":[{\"@type\":\"ReadAction\",\"target\":[\"https:\/\/narteks.net\/index.php\/2009\/12\/04\/suheyla-degildi-adin\/\"]}]},{\"@type\":\"BreadcrumbList\",\"@id\":\"https:\/\/narteks.net\/index.php\/2009\/12\/04\/suheyla-degildi-adin\/#breadcrumb\",\"itemListElement\":[{\"@type\":\"ListItem\",\"position\":1,\"name\":\"Anasayfa\",\"item\":\"https:\/\/narteks.net\/\"},{\"@type\":\"ListItem\",\"position\":2,\"name\":\"S\u00dcHEYLA DE\u011e\u0130LD\u0130 ADIN\"}]},{\"@type\":\"WebSite\",\"@id\":\"https:\/\/narteks.net\/#website\",\"url\":\"https:\/\/narteks.net\/\",\"name\":\"narteks.net\",\"description\":\"K\u00fclt\u00fcr Sanat Edebiyat Felsefe\",\"publisher\":{\"@id\":\"https:\/\/narteks.net\/#organization\"},\"alternateName\":\"K\u00fclt\u00fcr Sanat Edebiyat Felsefe\",\"potentialAction\":[{\"@type\":\"SearchAction\",\"target\":{\"@type\":\"EntryPoint\",\"urlTemplate\":\"https:\/\/narteks.net\/?s={search_term_string}\"},\"query-input\":{\"@type\":\"PropertyValueSpecification\",\"valueRequired\":true,\"valueName\":\"search_term_string\"}}],\"inLanguage\":\"tr\"},{\"@type\":\"Organization\",\"@id\":\"https:\/\/narteks.net\/#organization\",\"name\":\"narteks.net\",\"url\":\"https:\/\/narteks.net\/\",\"logo\":{\"@type\":\"ImageObject\",\"inLanguage\":\"tr\",\"@id\":\"https:\/\/narteks.net\/#\/schema\/logo\/image\/\",\"url\":\"https:\/\/narteks.net\/wp-content\/uploads\/narteks.png\",\"contentUrl\":\"https:\/\/narteks.net\/wp-content\/uploads\/narteks.png\",\"width\":300,\"height\":90,\"caption\":\"narteks.net\"},\"image\":{\"@id\":\"https:\/\/narteks.net\/#\/schema\/logo\/image\/\"},\"sameAs\":[\"https:\/\/x.com\/narteks\",\"https:\/\/instagram.com\/narteksnet\"]},{\"@type\":\"Person\",\"@id\":\"https:\/\/narteks.net\/#\/schema\/person\/61f37d9834294b72d31d274e7ed79bca\",\"name\":\"Tar\u0131k\",\"image\":{\"@type\":\"ImageObject\",\"inLanguage\":\"tr\",\"@id\":\"https:\/\/narteks.net\/#\/schema\/person\/image\/\",\"url\":\"https:\/\/secure.gravatar.com\/avatar\/50865afb55632c4ae467e0af0930f6510aa2297d8014be502a55b14f3b7550cf?s=96&d=mm&r=g\",\"contentUrl\":\"https:\/\/secure.gravatar.com\/avatar\/50865afb55632c4ae467e0af0930f6510aa2297d8014be502a55b14f3b7550cf?s=96&d=mm&r=g\",\"caption\":\"Tar\u0131k\"},\"sameAs\":[\"http:\/\/narteks.net\"],\"url\":\"https:\/\/narteks.net\/index.php\/author\/narbak\/\"}]}<\/script>\n<!-- \/ Yoast SEO Premium plugin. -->","yoast_head_json":{"title":"S\u00dcHEYLA DE\u011e\u0130LD\u0130 ADIN - narteks.net","robots":{"index":"index","follow":"follow","max-snippet":"max-snippet:-1","max-image-preview":"max-image-preview:large","max-video-preview":"max-video-preview:-1"},"canonical":"https:\/\/narteks.net\/index.php\/2009\/12\/04\/suheyla-degildi-adin\/","og_locale":"tr_TR","og_type":"article","og_title":"S\u00dcHEYLA DE\u011e\u0130LD\u0130 ADIN","og_description":"\u00a0 hangi bulutlara ni\u00e7in sar\u0131nd\u0131n g\u00f6zlerindeki mavi kimin g\u00f6ky\u00fcz\u00fc s\u00fcheyla de\u011fildi ba\u015fkayd\u0131 ad\u0131n g\u00fcl\u00fc\u015flerin donuk ne\u015f&#8217;e \u00f6ks\u00fcz\u00fc o erken sonbahar g\u00f6r\u00fcnt\u00fcs\u00fc inceden inceye boyanmaz m\u0131yd\u0131n kirpiklerinin lacivert \u00f6rt\u00fcs\u00fc s\u00fcheyla de\u011fildi ba\u015fkayd\u0131 ad\u0131n ellerin buz gibi a\u011fz\u0131n\u0131n b\u00fczg\u00fcs\u00fc ka\u00e7 yaln\u0131zl\u0131\u011f\u0131n gizli \u00fcz\u00fcnt\u00fcs\u00fc ne yapsan ne etsen anla\u015f\u0131lmad\u0131n belki sebep kendini a\u015fmak d\u00fcrt\u00fcs\u00fc s\u00fcheyla de\u011fildi ba\u015fkayd\u0131 ad\u0131n [&hellip;]","og_url":"https:\/\/narteks.net\/index.php\/2009\/12\/04\/suheyla-degildi-adin\/","og_site_name":"narteks.net","article_published_time":"2009-12-04T15:11:47+00:00","og_image":[{"width":300,"height":90,"url":"https:\/\/narteks.net\/wp-content\/uploads\/narteks.png","type":"image\/png"}],"author":"Tar\u0131k","twitter_card":"summary_large_image","twitter_creator":"@narteks","twitter_site":"@narteks","twitter_misc":{"Yazan:":"Tar\u0131k","Tahmini okuma s\u00fcresi":"1 dakika"},"schema":{"@context":"https:\/\/schema.org","@graph":[{"@type":"Article","@id":"https:\/\/narteks.net\/index.php\/2009\/12\/04\/suheyla-degildi-adin\/#article","isPartOf":{"@id":"https:\/\/narteks.net\/index.php\/2009\/12\/04\/suheyla-degildi-adin\/"},"author":{"name":"Tar\u0131k","@id":"https:\/\/narteks.net\/#\/schema\/person\/61f37d9834294b72d31d274e7ed79bca"},"headline":"S\u00dcHEYLA DE\u011e\u0130LD\u0130 ADIN","datePublished":"2009-12-04T15:11:47+00:00","mainEntityOfPage":{"@id":"https:\/\/narteks.net\/index.php\/2009\/12\/04\/suheyla-degildi-adin\/"},"wordCount":122,"commentCount":0,"publisher":{"@id":"https:\/\/narteks.net\/#organization"},"articleSection":["Attila ILHAN"],"inLanguage":"tr","potentialAction":[{"@type":"CommentAction","name":"Comment","target":["https:\/\/narteks.net\/index.php\/2009\/12\/04\/suheyla-degildi-adin\/#respond"]}]},{"@type":"WebPage","@id":"https:\/\/narteks.net\/index.php\/2009\/12\/04\/suheyla-degildi-adin\/","url":"https:\/\/narteks.net\/index.php\/2009\/12\/04\/suheyla-degildi-adin\/","name":"S\u00dcHEYLA DE\u011e\u0130LD\u0130 ADIN - narteks.net","isPartOf":{"@id":"https:\/\/narteks.net\/#website"},"datePublished":"2009-12-04T15:11:47+00:00","breadcrumb":{"@id":"https:\/\/narteks.net\/index.php\/2009\/12\/04\/suheyla-degildi-adin\/#breadcrumb"},"inLanguage":"tr","potentialAction":[{"@type":"ReadAction","target":["https:\/\/narteks.net\/index.php\/2009\/12\/04\/suheyla-degildi-adin\/"]}]},{"@type":"BreadcrumbList","@id":"https:\/\/narteks.net\/index.php\/2009\/12\/04\/suheyla-degildi-adin\/#breadcrumb","itemListElement":[{"@type":"ListItem","position":1,"name":"Anasayfa","item":"https:\/\/narteks.net\/"},{"@type":"ListItem","position":2,"name":"S\u00dcHEYLA DE\u011e\u0130LD\u0130 ADIN"}]},{"@type":"WebSite","@id":"https:\/\/narteks.net\/#website","url":"https:\/\/narteks.net\/","name":"narteks.net","description":"K\u00fclt\u00fcr Sanat Edebiyat Felsefe","publisher":{"@id":"https:\/\/narteks.net\/#organization"},"alternateName":"K\u00fclt\u00fcr Sanat Edebiyat Felsefe","potentialAction":[{"@type":"SearchAction","target":{"@type":"EntryPoint","urlTemplate":"https:\/\/narteks.net\/?s={search_term_string}"},"query-input":{"@type":"PropertyValueSpecification","valueRequired":true,"valueName":"search_term_string"}}],"inLanguage":"tr"},{"@type":"Organization","@id":"https:\/\/narteks.net\/#organization","name":"narteks.net","url":"https:\/\/narteks.net\/","logo":{"@type":"ImageObject","inLanguage":"tr","@id":"https:\/\/narteks.net\/#\/schema\/logo\/image\/","url":"https:\/\/narteks.net\/wp-content\/uploads\/narteks.png","contentUrl":"https:\/\/narteks.net\/wp-content\/uploads\/narteks.png","width":300,"height":90,"caption":"narteks.net"},"image":{"@id":"https:\/\/narteks.net\/#\/schema\/logo\/image\/"},"sameAs":["https:\/\/x.com\/narteks","https:\/\/instagram.com\/narteksnet"]},{"@type":"Person","@id":"https:\/\/narteks.net\/#\/schema\/person\/61f37d9834294b72d31d274e7ed79bca","name":"Tar\u0131k","image":{"@type":"ImageObject","inLanguage":"tr","@id":"https:\/\/narteks.net\/#\/schema\/person\/image\/","url":"https:\/\/secure.gravatar.com\/avatar\/50865afb55632c4ae467e0af0930f6510aa2297d8014be502a55b14f3b7550cf?s=96&d=mm&r=g","contentUrl":"https:\/\/secure.gravatar.com\/avatar\/50865afb55632c4ae467e0af0930f6510aa2297d8014be502a55b14f3b7550cf?s=96&d=mm&r=g","caption":"Tar\u0131k"},"sameAs":["http:\/\/narteks.net"],"url":"https:\/\/narteks.net\/index.php\/author\/narbak\/"}]}},"_links":{"self":[{"href":"https:\/\/narteks.net\/index.php\/wp-json\/wp\/v2\/posts\/1971","targetHints":{"allow":["GET"]}}],"collection":[{"href":"https:\/\/narteks.net\/index.php\/wp-json\/wp\/v2\/posts"}],"about":[{"href":"https:\/\/narteks.net\/index.php\/wp-json\/wp\/v2\/types\/post"}],"author":[{"embeddable":true,"href":"https:\/\/narteks.net\/index.php\/wp-json\/wp\/v2\/users\/1"}],"replies":[{"embeddable":true,"href":"https:\/\/narteks.net\/index.php\/wp-json\/wp\/v2\/comments?post=1971"}],"version-history":[{"count":0,"href":"https:\/\/narteks.net\/index.php\/wp-json\/wp\/v2\/posts\/1971\/revisions"}],"wp:attachment":[{"href":"https:\/\/narteks.net\/index.php\/wp-json\/wp\/v2\/media?parent=1971"}],"wp:term":[{"taxonomy":"category","embeddable":true,"href":"https:\/\/narteks.net\/index.php\/wp-json\/wp\/v2\/categories?post=1971"},{"taxonomy":"post_tag","embeddable":true,"href":"https:\/\/narteks.net\/index.php\/wp-json\/wp\/v2\/tags?post=1971"}],"curies":[{"name":"wp","href":"https:\/\/api.w.org\/{rel}","templated":true}]}}