{"id":1973,"date":"2009-12-04T18:12:46","date_gmt":"2009-12-04T15:12:46","guid":{"rendered":"http:\/\/localhost\/wordpress\/2009\/12\/04\/soyler\/"},"modified":"2009-12-04T18:12:46","modified_gmt":"2009-12-04T15:12:46","slug":"soyler","status":"publish","type":"post","link":"https:\/\/narteks.net\/index.php\/2009\/12\/04\/soyler\/","title":{"rendered":"S\u00d6YLER"},"content":{"rendered":"<p>\u00a0<\/p>\n<p>Zaman olmu\u015ftur ki<br \/> Dumanl\u0131 havuzlarda so\u011fuk nil\u00fcferler<br \/> Bulutlara savrulmu\u015f ate\u015f ku\u015flar\u0131<br \/> Korkulu bir hicrani s\u00f6yler<\/p>\n<p> Zaman olmu\u015ftur ki<br \/> Dalg\u0131nl\u0131klar\u0131 hisarbuselik k\u0131zlar\u0131n<br \/> Bildik \u015fark\u0131lar\u0131 birden unutu\u015flar\u0131<br \/> Aynalarda solan g\u00fcn<br \/> Bilinmez hangi u\u011fultulu<br \/> Ahval-i peri\u015fan\u0131 s\u00f6yler<\/p>\n<p> Zaman olmu\u015ftur ki<br \/> Lo\u015f salonlar\u0131n heyhula b\u00fcfelerinde<br \/> O kristal fanuslu yorgun saat<br \/> Fena halde durmu\u015f g\u00f6r\u00fcnse de<br \/> Ba\u015fka bir boyutta ba\u015fka bir zaman\u0131 s\u00f6yler<\/p>\n<p> Zaman olmu\u015ftur ki<br \/> Falc\u0131n\u0131n avucunda tuttu\u011fu sihirli k\u00fcre<br \/> Asl\u0131nda ya\u015fanmam\u0131\u015f belki hi\u00e7 ya\u015fanmayacak<br \/> Ancak ne kadar renkli<br \/> Ne kadar yanard\u00f6ner bir \u00f6mr-i zeref\u015fani s\u00f6yler<\/p>\n<p> Zaman olmu\u015ftur ki<br \/> Belki sonbahar belki ak\u015fam<br \/> Tepeden t\u0131rna\u011fa silme y\u0131ld\u0131z<br \/> Belki haziran gecesi<br \/> Sanki bir hayal oturmu\u015f o tenha piyanoya<br \/> Parmak u\u00e7lar\u0131nda tatyos efendi&#8217;nin<br \/> Herkesin unuttu\u011fu bir bestesi<br \/> \u00c7al\u0131yor doya doya<br \/> O ev\u00e7ara beste ki<br \/> \u00c7evresinde avizelerden<br \/> G\u00f6kku\u015fa\u011f\u0131 serpintileri<br \/> G\u00fcllerdeki \u015fuhu<br \/> O serv-i hiramani s\u00f6yler<\/p>\n<p> Zaman olmu\u015ftur ki<br \/> Yanar mor zambaklar bu\u011fulu gece lambalar\u0131<br \/> Bir katar kaybolur haydarpa\u015fa gar\u0131&#8217;ndan<br \/> B\u0131rak\u0131p g\u00fcm\u00fc\u015f \u00e7\u0131\u011fl\u0131klar\u0131n\u0131 tel tel ard\u0131nda<br \/> A\u011f\u0131r ve cefakar bir mar\u015fandiz katar\u0131<br \/> K\u0131vaml\u0131 bir sessizli\u011fe batm\u0131\u015f \u0131hlamurlar<br \/> Yaln\u0131z kuzguncuk&#8217;taki yal\u0131da<br \/> Karanl\u0131k bir gazelhan<br \/> Yan\u0131k yan\u0131k bir a\u015fk-i bi-amani s\u00f6yler<\/p>\n<p> Zaman olmu\u015ftur ki<br \/> S\u0131zar gecenin sular\u0131 simsiyah camlardan<br \/> Havada \u00f6l\u00fcm par\u0131lt\u0131s\u0131 adeta \u00e7elik<br \/> Fi bin d\u00f6rt y\u00fcz be\u015f<br \/> Dersaadet&#8217;te yaz\u0131ld\u0131 i\u015fbu gazel<br \/> Avu\u00e7lar\u0131 kan y\u00fcre\u011fi delik de\u015fik<br \/> Ya\u015flanm\u0131\u015f ama uslanmam\u0131\u015f<br \/> Bir eski militan\u0131<br \/> Bir \u015fair-i devran\u0131 s\u00f6yler<\/p>\n<p>Attila \u0130LHAN<\/p>\n","protected":false},"excerpt":{"rendered":"<p>\u00a0 Zaman olmu\u015ftur ki Dumanl\u0131 havuzlarda so\u011fuk nil\u00fcferler Bulutlara savrulmu\u015f ate\u015f ku\u015flar\u0131 Korkulu bir hicrani s\u00f6yler Zaman olmu\u015ftur ki Dalg\u0131nl\u0131klar\u0131 hisarbuselik k\u0131zlar\u0131n Bildik \u015fark\u0131lar\u0131 birden unutu\u015flar\u0131 Aynalarda solan g\u00fcn Bilinmez hangi u\u011fultulu Ahval-i peri\u015fan\u0131 s\u00f6yler Zaman olmu\u015ftur ki Lo\u015f salonlar\u0131n heyhula b\u00fcfelerinde O kristal fanuslu yorgun saat Fena halde durmu\u015f g\u00f6r\u00fcnse de Ba\u015fka bir boyutta [&hellip;]<\/p>\n","protected":false},"author":1,"featured_media":0,"comment_status":"open","ping_status":"open","sticky":false,"template":"","format":"standard","meta":{"footnotes":""},"categories":[11],"tags":[],"class_list":{"0":"post-1973","1":"post","2":"type-post","3":"status-publish","4":"format-standard","6":"category-attila-ilhan"},"yoast_head":"<!-- This site is optimized with the Yoast SEO Premium plugin v24.9 (Yoast SEO v24.9) - https:\/\/yoast.com\/wordpress\/plugins\/seo\/ -->\n<title>S\u00d6YLER - narteks.net<\/title>\n<meta name=\"robots\" content=\"index, follow, max-snippet:-1, max-image-preview:large, max-video-preview:-1\" \/>\n<link rel=\"canonical\" href=\"https:\/\/narteks.net\/index.php\/2009\/12\/04\/soyler\/\" \/>\n<meta property=\"og:locale\" content=\"tr_TR\" \/>\n<meta property=\"og:type\" content=\"article\" \/>\n<meta property=\"og:title\" content=\"S\u00d6YLER\" \/>\n<meta property=\"og:description\" content=\"\u00a0 Zaman olmu\u015ftur ki Dumanl\u0131 havuzlarda so\u011fuk nil\u00fcferler Bulutlara savrulmu\u015f ate\u015f ku\u015flar\u0131 Korkulu bir hicrani s\u00f6yler Zaman olmu\u015ftur ki Dalg\u0131nl\u0131klar\u0131 hisarbuselik k\u0131zlar\u0131n Bildik \u015fark\u0131lar\u0131 birden unutu\u015flar\u0131 Aynalarda solan g\u00fcn Bilinmez hangi u\u011fultulu Ahval-i peri\u015fan\u0131 s\u00f6yler Zaman olmu\u015ftur ki Lo\u015f salonlar\u0131n heyhula b\u00fcfelerinde O kristal fanuslu yorgun saat Fena halde durmu\u015f g\u00f6r\u00fcnse de Ba\u015fka bir boyutta [&hellip;]\" \/>\n<meta property=\"og:url\" content=\"https:\/\/narteks.net\/index.php\/2009\/12\/04\/soyler\/\" \/>\n<meta property=\"og:site_name\" content=\"narteks.net\" \/>\n<meta property=\"article:published_time\" content=\"2009-12-04T15:12:46+00:00\" \/>\n<meta property=\"og:image\" content=\"https:\/\/narteks.net\/wp-content\/uploads\/narteks.png\" \/>\n\t<meta property=\"og:image:width\" content=\"300\" \/>\n\t<meta property=\"og:image:height\" content=\"90\" \/>\n\t<meta property=\"og:image:type\" content=\"image\/png\" \/>\n<meta name=\"author\" content=\"Tar\u0131k\" \/>\n<meta name=\"twitter:card\" content=\"summary_large_image\" \/>\n<meta name=\"twitter:creator\" content=\"@narteks\" \/>\n<meta name=\"twitter:site\" content=\"@narteks\" \/>\n<meta name=\"twitter:label1\" content=\"Yazan:\" \/>\n\t<meta name=\"twitter:data1\" content=\"Tar\u0131k\" \/>\n\t<meta name=\"twitter:label2\" content=\"Tahmini okuma s\u00fcresi\" \/>\n\t<meta name=\"twitter:data2\" content=\"1 dakika\" \/>\n<script type=\"application\/ld+json\" class=\"yoast-schema-graph\">{\"@context\":\"https:\/\/schema.org\",\"@graph\":[{\"@type\":\"Article\",\"@id\":\"https:\/\/narteks.net\/index.php\/2009\/12\/04\/soyler\/#article\",\"isPartOf\":{\"@id\":\"https:\/\/narteks.net\/index.php\/2009\/12\/04\/soyler\/\"},\"author\":{\"name\":\"Tar\u0131k\",\"@id\":\"https:\/\/narteks.net\/#\/schema\/person\/61f37d9834294b72d31d274e7ed79bca\"},\"headline\":\"S\u00d6YLER\",\"datePublished\":\"2009-12-04T15:12:46+00:00\",\"mainEntityOfPage\":{\"@id\":\"https:\/\/narteks.net\/index.php\/2009\/12\/04\/soyler\/\"},\"wordCount\":298,\"commentCount\":0,\"publisher\":{\"@id\":\"https:\/\/narteks.net\/#organization\"},\"articleSection\":[\"Attila ILHAN\"],\"inLanguage\":\"tr\",\"potentialAction\":[{\"@type\":\"CommentAction\",\"name\":\"Comment\",\"target\":[\"https:\/\/narteks.net\/index.php\/2009\/12\/04\/soyler\/#respond\"]}]},{\"@type\":\"WebPage\",\"@id\":\"https:\/\/narteks.net\/index.php\/2009\/12\/04\/soyler\/\",\"url\":\"https:\/\/narteks.net\/index.php\/2009\/12\/04\/soyler\/\",\"name\":\"S\u00d6YLER - narteks.net\",\"isPartOf\":{\"@id\":\"https:\/\/narteks.net\/#website\"},\"datePublished\":\"2009-12-04T15:12:46+00:00\",\"breadcrumb\":{\"@id\":\"https:\/\/narteks.net\/index.php\/2009\/12\/04\/soyler\/#breadcrumb\"},\"inLanguage\":\"tr\",\"potentialAction\":[{\"@type\":\"ReadAction\",\"target\":[\"https:\/\/narteks.net\/index.php\/2009\/12\/04\/soyler\/\"]}]},{\"@type\":\"BreadcrumbList\",\"@id\":\"https:\/\/narteks.net\/index.php\/2009\/12\/04\/soyler\/#breadcrumb\",\"itemListElement\":[{\"@type\":\"ListItem\",\"position\":1,\"name\":\"Anasayfa\",\"item\":\"https:\/\/narteks.net\/\"},{\"@type\":\"ListItem\",\"position\":2,\"name\":\"S\u00d6YLER\"}]},{\"@type\":\"WebSite\",\"@id\":\"https:\/\/narteks.net\/#website\",\"url\":\"https:\/\/narteks.net\/\",\"name\":\"narteks.net\",\"description\":\"K\u00fclt\u00fcr Sanat Edebiyat Felsefe\",\"publisher\":{\"@id\":\"https:\/\/narteks.net\/#organization\"},\"alternateName\":\"K\u00fclt\u00fcr Sanat Edebiyat Felsefe\",\"potentialAction\":[{\"@type\":\"SearchAction\",\"target\":{\"@type\":\"EntryPoint\",\"urlTemplate\":\"https:\/\/narteks.net\/?s={search_term_string}\"},\"query-input\":{\"@type\":\"PropertyValueSpecification\",\"valueRequired\":true,\"valueName\":\"search_term_string\"}}],\"inLanguage\":\"tr\"},{\"@type\":\"Organization\",\"@id\":\"https:\/\/narteks.net\/#organization\",\"name\":\"narteks.net\",\"url\":\"https:\/\/narteks.net\/\",\"logo\":{\"@type\":\"ImageObject\",\"inLanguage\":\"tr\",\"@id\":\"https:\/\/narteks.net\/#\/schema\/logo\/image\/\",\"url\":\"https:\/\/narteks.net\/wp-content\/uploads\/narteks.png\",\"contentUrl\":\"https:\/\/narteks.net\/wp-content\/uploads\/narteks.png\",\"width\":300,\"height\":90,\"caption\":\"narteks.net\"},\"image\":{\"@id\":\"https:\/\/narteks.net\/#\/schema\/logo\/image\/\"},\"sameAs\":[\"https:\/\/x.com\/narteks\",\"https:\/\/instagram.com\/narteksnet\"]},{\"@type\":\"Person\",\"@id\":\"https:\/\/narteks.net\/#\/schema\/person\/61f37d9834294b72d31d274e7ed79bca\",\"name\":\"Tar\u0131k\",\"image\":{\"@type\":\"ImageObject\",\"inLanguage\":\"tr\",\"@id\":\"https:\/\/narteks.net\/#\/schema\/person\/image\/\",\"url\":\"https:\/\/secure.gravatar.com\/avatar\/50865afb55632c4ae467e0af0930f6510aa2297d8014be502a55b14f3b7550cf?s=96&d=mm&r=g\",\"contentUrl\":\"https:\/\/secure.gravatar.com\/avatar\/50865afb55632c4ae467e0af0930f6510aa2297d8014be502a55b14f3b7550cf?s=96&d=mm&r=g\",\"caption\":\"Tar\u0131k\"},\"sameAs\":[\"http:\/\/narteks.net\"],\"url\":\"https:\/\/narteks.net\/index.php\/author\/narbak\/\"}]}<\/script>\n<!-- \/ Yoast SEO Premium plugin. -->","yoast_head_json":{"title":"S\u00d6YLER - narteks.net","robots":{"index":"index","follow":"follow","max-snippet":"max-snippet:-1","max-image-preview":"max-image-preview:large","max-video-preview":"max-video-preview:-1"},"canonical":"https:\/\/narteks.net\/index.php\/2009\/12\/04\/soyler\/","og_locale":"tr_TR","og_type":"article","og_title":"S\u00d6YLER","og_description":"\u00a0 Zaman olmu\u015ftur ki Dumanl\u0131 havuzlarda so\u011fuk nil\u00fcferler Bulutlara savrulmu\u015f ate\u015f ku\u015flar\u0131 Korkulu bir hicrani s\u00f6yler Zaman olmu\u015ftur ki Dalg\u0131nl\u0131klar\u0131 hisarbuselik k\u0131zlar\u0131n Bildik \u015fark\u0131lar\u0131 birden unutu\u015flar\u0131 Aynalarda solan g\u00fcn Bilinmez hangi u\u011fultulu Ahval-i peri\u015fan\u0131 s\u00f6yler Zaman olmu\u015ftur ki Lo\u015f salonlar\u0131n heyhula b\u00fcfelerinde O kristal fanuslu yorgun saat Fena halde durmu\u015f g\u00f6r\u00fcnse de Ba\u015fka bir boyutta [&hellip;]","og_url":"https:\/\/narteks.net\/index.php\/2009\/12\/04\/soyler\/","og_site_name":"narteks.net","article_published_time":"2009-12-04T15:12:46+00:00","og_image":[{"width":300,"height":90,"url":"https:\/\/narteks.net\/wp-content\/uploads\/narteks.png","type":"image\/png"}],"author":"Tar\u0131k","twitter_card":"summary_large_image","twitter_creator":"@narteks","twitter_site":"@narteks","twitter_misc":{"Yazan:":"Tar\u0131k","Tahmini okuma s\u00fcresi":"1 dakika"},"schema":{"@context":"https:\/\/schema.org","@graph":[{"@type":"Article","@id":"https:\/\/narteks.net\/index.php\/2009\/12\/04\/soyler\/#article","isPartOf":{"@id":"https:\/\/narteks.net\/index.php\/2009\/12\/04\/soyler\/"},"author":{"name":"Tar\u0131k","@id":"https:\/\/narteks.net\/#\/schema\/person\/61f37d9834294b72d31d274e7ed79bca"},"headline":"S\u00d6YLER","datePublished":"2009-12-04T15:12:46+00:00","mainEntityOfPage":{"@id":"https:\/\/narteks.net\/index.php\/2009\/12\/04\/soyler\/"},"wordCount":298,"commentCount":0,"publisher":{"@id":"https:\/\/narteks.net\/#organization"},"articleSection":["Attila ILHAN"],"inLanguage":"tr","potentialAction":[{"@type":"CommentAction","name":"Comment","target":["https:\/\/narteks.net\/index.php\/2009\/12\/04\/soyler\/#respond"]}]},{"@type":"WebPage","@id":"https:\/\/narteks.net\/index.php\/2009\/12\/04\/soyler\/","url":"https:\/\/narteks.net\/index.php\/2009\/12\/04\/soyler\/","name":"S\u00d6YLER - narteks.net","isPartOf":{"@id":"https:\/\/narteks.net\/#website"},"datePublished":"2009-12-04T15:12:46+00:00","breadcrumb":{"@id":"https:\/\/narteks.net\/index.php\/2009\/12\/04\/soyler\/#breadcrumb"},"inLanguage":"tr","potentialAction":[{"@type":"ReadAction","target":["https:\/\/narteks.net\/index.php\/2009\/12\/04\/soyler\/"]}]},{"@type":"BreadcrumbList","@id":"https:\/\/narteks.net\/index.php\/2009\/12\/04\/soyler\/#breadcrumb","itemListElement":[{"@type":"ListItem","position":1,"name":"Anasayfa","item":"https:\/\/narteks.net\/"},{"@type":"ListItem","position":2,"name":"S\u00d6YLER"}]},{"@type":"WebSite","@id":"https:\/\/narteks.net\/#website","url":"https:\/\/narteks.net\/","name":"narteks.net","description":"K\u00fclt\u00fcr Sanat Edebiyat Felsefe","publisher":{"@id":"https:\/\/narteks.net\/#organization"},"alternateName":"K\u00fclt\u00fcr Sanat Edebiyat Felsefe","potentialAction":[{"@type":"SearchAction","target":{"@type":"EntryPoint","urlTemplate":"https:\/\/narteks.net\/?s={search_term_string}"},"query-input":{"@type":"PropertyValueSpecification","valueRequired":true,"valueName":"search_term_string"}}],"inLanguage":"tr"},{"@type":"Organization","@id":"https:\/\/narteks.net\/#organization","name":"narteks.net","url":"https:\/\/narteks.net\/","logo":{"@type":"ImageObject","inLanguage":"tr","@id":"https:\/\/narteks.net\/#\/schema\/logo\/image\/","url":"https:\/\/narteks.net\/wp-content\/uploads\/narteks.png","contentUrl":"https:\/\/narteks.net\/wp-content\/uploads\/narteks.png","width":300,"height":90,"caption":"narteks.net"},"image":{"@id":"https:\/\/narteks.net\/#\/schema\/logo\/image\/"},"sameAs":["https:\/\/x.com\/narteks","https:\/\/instagram.com\/narteksnet"]},{"@type":"Person","@id":"https:\/\/narteks.net\/#\/schema\/person\/61f37d9834294b72d31d274e7ed79bca","name":"Tar\u0131k","image":{"@type":"ImageObject","inLanguage":"tr","@id":"https:\/\/narteks.net\/#\/schema\/person\/image\/","url":"https:\/\/secure.gravatar.com\/avatar\/50865afb55632c4ae467e0af0930f6510aa2297d8014be502a55b14f3b7550cf?s=96&d=mm&r=g","contentUrl":"https:\/\/secure.gravatar.com\/avatar\/50865afb55632c4ae467e0af0930f6510aa2297d8014be502a55b14f3b7550cf?s=96&d=mm&r=g","caption":"Tar\u0131k"},"sameAs":["http:\/\/narteks.net"],"url":"https:\/\/narteks.net\/index.php\/author\/narbak\/"}]}},"_links":{"self":[{"href":"https:\/\/narteks.net\/index.php\/wp-json\/wp\/v2\/posts\/1973","targetHints":{"allow":["GET"]}}],"collection":[{"href":"https:\/\/narteks.net\/index.php\/wp-json\/wp\/v2\/posts"}],"about":[{"href":"https:\/\/narteks.net\/index.php\/wp-json\/wp\/v2\/types\/post"}],"author":[{"embeddable":true,"href":"https:\/\/narteks.net\/index.php\/wp-json\/wp\/v2\/users\/1"}],"replies":[{"embeddable":true,"href":"https:\/\/narteks.net\/index.php\/wp-json\/wp\/v2\/comments?post=1973"}],"version-history":[{"count":0,"href":"https:\/\/narteks.net\/index.php\/wp-json\/wp\/v2\/posts\/1973\/revisions"}],"wp:attachment":[{"href":"https:\/\/narteks.net\/index.php\/wp-json\/wp\/v2\/media?parent=1973"}],"wp:term":[{"taxonomy":"category","embeddable":true,"href":"https:\/\/narteks.net\/index.php\/wp-json\/wp\/v2\/categories?post=1973"},{"taxonomy":"post_tag","embeddable":true,"href":"https:\/\/narteks.net\/index.php\/wp-json\/wp\/v2\/tags?post=1973"}],"curies":[{"name":"wp","href":"https:\/\/api.w.org\/{rel}","templated":true}]}}