{"id":1982,"date":"2009-12-04T18:18:44","date_gmt":"2009-12-04T15:18:44","guid":{"rendered":"http:\/\/localhost\/wordpress\/2009\/12\/04\/sen-beyaz-bir-kadinsin\/"},"modified":"2009-12-04T18:18:44","modified_gmt":"2009-12-04T15:18:44","slug":"sen-beyaz-bir-kadinsin","status":"publish","type":"post","link":"https:\/\/narteks.net\/index.php\/2009\/12\/04\/sen-beyaz-bir-kadinsin\/","title":{"rendered":"SEN BEYAZ B\u0130R KADINSIN"},"content":{"rendered":"<p>\u00a0<\/p>\n<p>as\u0131l b\u00fcy\u00fck sarho\u015f benim <br \/> uzaktaki <br \/> ben ki tek damla \u015farap i\u00e7medim <br \/> ekme\u011fin beyaz zeytinin siyah <br \/> oldu\u011funu biliyorum <br \/> as\u0131l b\u00fcy\u00fck sarho\u015f benim <br \/> uzaktaki <br \/> benim kusturucu sarho\u015flu\u011fum <br \/> yoksullu\u011fum <\/p>\n<p> y\u00fcz\u00fcme bakmasan da <br \/> ya\u011fmura d\u00fc\u015f\u00fcrsen de g\u00f6zlerini <br \/> g\u00f6zlerime bakmasan da ne kadar <br \/> o kadar ayd\u0131nl\u0131\u011f\u0131n g\u00f6ky\u00fcz\u00fcme uzan\u0131yor <br \/> uykular\u0131mda nefesinin s\u0131cakl\u0131\u011f\u0131 <br \/> o kadar <br \/> hangi ak\u015fam kap\u0131m\u0131 \u00e7alan sen de\u011filsin <br \/> sen de\u011fil misin gizli bir k\u0131v\u0131lc\u0131m gibi <br \/> g\u00f6zbebeklerimde duran <br \/> umutsuzland\u0131\u011f\u0131m her ak\u015fam <br \/> senin r\u00fczg\u00e2r\u0131n alm\u0131yor mu <br \/> u\u011fultulu yorgunlu\u011fumu <br \/> yoksullu\u011fun e\u015fi\u011finde kapakland\u0131\u011f\u0131m zaman <br \/> ellerimden s\u0131ms\u0131k\u0131 tutmuyor mu senin <br \/> iyimserli\u011fin <\/p>\n<p> ben bu tezg\u00e2h\u0131 kurdumsa senin i\u00e7in kurdum <br \/> senin i\u00e7in dokudu\u011fum basma ve pazen <br \/> denizin ye\u015filinden s\u00fczd\u00fc\u011f\u00fcm bal\u0131k <br \/> g\u00f6\u011f\u00fcn mavisinden \u00e7ald\u0131\u011f\u0131m ku\u015f <br \/> senin i\u00e7in <br \/> felsefe okudumsa <br \/> iktisat okudumsa gece yar\u0131lar\u0131 <br \/> bo\u011faz\u0131m kurumu\u015f i\u00e7im bir kalabal\u0131k <br \/> s\u0131cac\u0131k m\u0131sralar okudumsa yunus&#8217; dan <br \/> senin i\u00e7in okudum <br \/> geceyar\u0131lar\u0131 <\/p>\n<p> sen beyaz bir kad\u0131ns\u0131n <br \/> uzaktaki <br \/> G\u00d6ZLER\u0130N AKLIMDAN \u00c7IKMIYOR <br \/> sen beyaz bir kad\u0131ns\u0131n <br \/> karanl\u0131klar\u0131 dinleyen <br \/> uzaktaki <br \/> sarma\u015f\u0131klar\u0131 duyuyor musun r\u00fczg\u00e2rda <br \/> yorgun ba\u015f\u0131n\u0131 <br \/> \u00fc\u015f\u00fcm\u00fc\u015f yast\u0131\u011f\u0131na koyuyor musun <br \/> uyuyor musun<\/p>\n<p>Attila \u0130LHAN<\/p>\n","protected":false},"excerpt":{"rendered":"<p>\u00a0 as\u0131l b\u00fcy\u00fck sarho\u015f benim uzaktaki ben ki tek damla \u015farap i\u00e7medim ekme\u011fin beyaz zeytinin siyah oldu\u011funu biliyorum as\u0131l b\u00fcy\u00fck sarho\u015f benim uzaktaki benim kusturucu sarho\u015flu\u011fum yoksullu\u011fum y\u00fcz\u00fcme bakmasan da ya\u011fmura d\u00fc\u015f\u00fcrsen de g\u00f6zlerini g\u00f6zlerime bakmasan da ne kadar o kadar ayd\u0131nl\u0131\u011f\u0131n g\u00f6ky\u00fcz\u00fcme uzan\u0131yor uykular\u0131mda nefesinin s\u0131cakl\u0131\u011f\u0131 o kadar hangi ak\u015fam kap\u0131m\u0131 \u00e7alan sen de\u011filsin [&hellip;]<\/p>\n","protected":false},"author":1,"featured_media":0,"comment_status":"open","ping_status":"open","sticky":false,"template":"","format":"standard","meta":{"footnotes":""},"categories":[11],"tags":[],"class_list":{"0":"post-1982","1":"post","2":"type-post","3":"status-publish","4":"format-standard","6":"category-attila-ilhan"},"yoast_head":"<!-- This site is optimized with the Yoast SEO Premium plugin v24.9 (Yoast SEO v24.9) - https:\/\/yoast.com\/wordpress\/plugins\/seo\/ -->\n<title>SEN BEYAZ B\u0130R KADINSIN - narteks.net<\/title>\n<meta name=\"robots\" content=\"index, follow, max-snippet:-1, max-image-preview:large, max-video-preview:-1\" \/>\n<link rel=\"canonical\" href=\"https:\/\/narteks.net\/index.php\/2009\/12\/04\/sen-beyaz-bir-kadinsin\/\" \/>\n<meta property=\"og:locale\" content=\"tr_TR\" \/>\n<meta property=\"og:type\" content=\"article\" \/>\n<meta property=\"og:title\" content=\"SEN BEYAZ B\u0130R KADINSIN\" \/>\n<meta property=\"og:description\" content=\"\u00a0 as\u0131l b\u00fcy\u00fck sarho\u015f benim uzaktaki ben ki tek damla \u015farap i\u00e7medim ekme\u011fin beyaz zeytinin siyah oldu\u011funu biliyorum as\u0131l b\u00fcy\u00fck sarho\u015f benim uzaktaki benim kusturucu sarho\u015flu\u011fum yoksullu\u011fum y\u00fcz\u00fcme bakmasan da ya\u011fmura d\u00fc\u015f\u00fcrsen de g\u00f6zlerini g\u00f6zlerime bakmasan da ne kadar o kadar ayd\u0131nl\u0131\u011f\u0131n g\u00f6ky\u00fcz\u00fcme uzan\u0131yor uykular\u0131mda nefesinin s\u0131cakl\u0131\u011f\u0131 o kadar hangi ak\u015fam kap\u0131m\u0131 \u00e7alan sen de\u011filsin [&hellip;]\" \/>\n<meta property=\"og:url\" content=\"https:\/\/narteks.net\/index.php\/2009\/12\/04\/sen-beyaz-bir-kadinsin\/\" \/>\n<meta property=\"og:site_name\" content=\"narteks.net\" \/>\n<meta property=\"article:published_time\" content=\"2009-12-04T15:18:44+00:00\" \/>\n<meta property=\"og:image\" content=\"https:\/\/narteks.net\/wp-content\/uploads\/narteks.png\" \/>\n\t<meta property=\"og:image:width\" content=\"300\" \/>\n\t<meta property=\"og:image:height\" content=\"90\" \/>\n\t<meta property=\"og:image:type\" content=\"image\/png\" \/>\n<meta name=\"author\" content=\"Tar\u0131k\" \/>\n<meta name=\"twitter:card\" content=\"summary_large_image\" \/>\n<meta name=\"twitter:creator\" content=\"@narteks\" \/>\n<meta name=\"twitter:site\" content=\"@narteks\" \/>\n<meta name=\"twitter:label1\" content=\"Yazan:\" \/>\n\t<meta name=\"twitter:data1\" content=\"Tar\u0131k\" \/>\n\t<meta name=\"twitter:label2\" content=\"Tahmini okuma s\u00fcresi\" \/>\n\t<meta name=\"twitter:data2\" content=\"1 dakika\" \/>\n<script type=\"application\/ld+json\" class=\"yoast-schema-graph\">{\"@context\":\"https:\/\/schema.org\",\"@graph\":[{\"@type\":\"Article\",\"@id\":\"https:\/\/narteks.net\/index.php\/2009\/12\/04\/sen-beyaz-bir-kadinsin\/#article\",\"isPartOf\":{\"@id\":\"https:\/\/narteks.net\/index.php\/2009\/12\/04\/sen-beyaz-bir-kadinsin\/\"},\"author\":{\"name\":\"Tar\u0131k\",\"@id\":\"https:\/\/narteks.net\/#\/schema\/person\/61f37d9834294b72d31d274e7ed79bca\"},\"headline\":\"SEN BEYAZ B\u0130R KADINSIN\",\"datePublished\":\"2009-12-04T15:18:44+00:00\",\"mainEntityOfPage\":{\"@id\":\"https:\/\/narteks.net\/index.php\/2009\/12\/04\/sen-beyaz-bir-kadinsin\/\"},\"wordCount\":241,\"commentCount\":0,\"publisher\":{\"@id\":\"https:\/\/narteks.net\/#organization\"},\"articleSection\":[\"Attila ILHAN\"],\"inLanguage\":\"tr\",\"potentialAction\":[{\"@type\":\"CommentAction\",\"name\":\"Comment\",\"target\":[\"https:\/\/narteks.net\/index.php\/2009\/12\/04\/sen-beyaz-bir-kadinsin\/#respond\"]}]},{\"@type\":\"WebPage\",\"@id\":\"https:\/\/narteks.net\/index.php\/2009\/12\/04\/sen-beyaz-bir-kadinsin\/\",\"url\":\"https:\/\/narteks.net\/index.php\/2009\/12\/04\/sen-beyaz-bir-kadinsin\/\",\"name\":\"SEN BEYAZ B\u0130R KADINSIN - narteks.net\",\"isPartOf\":{\"@id\":\"https:\/\/narteks.net\/#website\"},\"datePublished\":\"2009-12-04T15:18:44+00:00\",\"breadcrumb\":{\"@id\":\"https:\/\/narteks.net\/index.php\/2009\/12\/04\/sen-beyaz-bir-kadinsin\/#breadcrumb\"},\"inLanguage\":\"tr\",\"potentialAction\":[{\"@type\":\"ReadAction\",\"target\":[\"https:\/\/narteks.net\/index.php\/2009\/12\/04\/sen-beyaz-bir-kadinsin\/\"]}]},{\"@type\":\"BreadcrumbList\",\"@id\":\"https:\/\/narteks.net\/index.php\/2009\/12\/04\/sen-beyaz-bir-kadinsin\/#breadcrumb\",\"itemListElement\":[{\"@type\":\"ListItem\",\"position\":1,\"name\":\"Anasayfa\",\"item\":\"https:\/\/narteks.net\/\"},{\"@type\":\"ListItem\",\"position\":2,\"name\":\"SEN BEYAZ B\u0130R KADINSIN\"}]},{\"@type\":\"WebSite\",\"@id\":\"https:\/\/narteks.net\/#website\",\"url\":\"https:\/\/narteks.net\/\",\"name\":\"narteks.net\",\"description\":\"K\u00fclt\u00fcr Sanat Edebiyat Felsefe\",\"publisher\":{\"@id\":\"https:\/\/narteks.net\/#organization\"},\"alternateName\":\"K\u00fclt\u00fcr Sanat Edebiyat Felsefe\",\"potentialAction\":[{\"@type\":\"SearchAction\",\"target\":{\"@type\":\"EntryPoint\",\"urlTemplate\":\"https:\/\/narteks.net\/?s={search_term_string}\"},\"query-input\":{\"@type\":\"PropertyValueSpecification\",\"valueRequired\":true,\"valueName\":\"search_term_string\"}}],\"inLanguage\":\"tr\"},{\"@type\":\"Organization\",\"@id\":\"https:\/\/narteks.net\/#organization\",\"name\":\"narteks.net\",\"url\":\"https:\/\/narteks.net\/\",\"logo\":{\"@type\":\"ImageObject\",\"inLanguage\":\"tr\",\"@id\":\"https:\/\/narteks.net\/#\/schema\/logo\/image\/\",\"url\":\"https:\/\/narteks.net\/wp-content\/uploads\/narteks.png\",\"contentUrl\":\"https:\/\/narteks.net\/wp-content\/uploads\/narteks.png\",\"width\":300,\"height\":90,\"caption\":\"narteks.net\"},\"image\":{\"@id\":\"https:\/\/narteks.net\/#\/schema\/logo\/image\/\"},\"sameAs\":[\"https:\/\/x.com\/narteks\",\"https:\/\/instagram.com\/narteksnet\"]},{\"@type\":\"Person\",\"@id\":\"https:\/\/narteks.net\/#\/schema\/person\/61f37d9834294b72d31d274e7ed79bca\",\"name\":\"Tar\u0131k\",\"image\":{\"@type\":\"ImageObject\",\"inLanguage\":\"tr\",\"@id\":\"https:\/\/narteks.net\/#\/schema\/person\/image\/\",\"url\":\"https:\/\/secure.gravatar.com\/avatar\/50865afb55632c4ae467e0af0930f6510aa2297d8014be502a55b14f3b7550cf?s=96&d=mm&r=g\",\"contentUrl\":\"https:\/\/secure.gravatar.com\/avatar\/50865afb55632c4ae467e0af0930f6510aa2297d8014be502a55b14f3b7550cf?s=96&d=mm&r=g\",\"caption\":\"Tar\u0131k\"},\"sameAs\":[\"http:\/\/narteks.net\"],\"url\":\"https:\/\/narteks.net\/index.php\/author\/narbak\/\"}]}<\/script>\n<!-- \/ Yoast SEO Premium plugin. -->","yoast_head_json":{"title":"SEN BEYAZ B\u0130R KADINSIN - narteks.net","robots":{"index":"index","follow":"follow","max-snippet":"max-snippet:-1","max-image-preview":"max-image-preview:large","max-video-preview":"max-video-preview:-1"},"canonical":"https:\/\/narteks.net\/index.php\/2009\/12\/04\/sen-beyaz-bir-kadinsin\/","og_locale":"tr_TR","og_type":"article","og_title":"SEN BEYAZ B\u0130R KADINSIN","og_description":"\u00a0 as\u0131l b\u00fcy\u00fck sarho\u015f benim uzaktaki ben ki tek damla \u015farap i\u00e7medim ekme\u011fin beyaz zeytinin siyah oldu\u011funu biliyorum as\u0131l b\u00fcy\u00fck sarho\u015f benim uzaktaki benim kusturucu sarho\u015flu\u011fum yoksullu\u011fum y\u00fcz\u00fcme bakmasan da ya\u011fmura d\u00fc\u015f\u00fcrsen de g\u00f6zlerini g\u00f6zlerime bakmasan da ne kadar o kadar ayd\u0131nl\u0131\u011f\u0131n g\u00f6ky\u00fcz\u00fcme uzan\u0131yor uykular\u0131mda nefesinin s\u0131cakl\u0131\u011f\u0131 o kadar hangi ak\u015fam kap\u0131m\u0131 \u00e7alan sen de\u011filsin [&hellip;]","og_url":"https:\/\/narteks.net\/index.php\/2009\/12\/04\/sen-beyaz-bir-kadinsin\/","og_site_name":"narteks.net","article_published_time":"2009-12-04T15:18:44+00:00","og_image":[{"width":300,"height":90,"url":"https:\/\/narteks.net\/wp-content\/uploads\/narteks.png","type":"image\/png"}],"author":"Tar\u0131k","twitter_card":"summary_large_image","twitter_creator":"@narteks","twitter_site":"@narteks","twitter_misc":{"Yazan:":"Tar\u0131k","Tahmini okuma s\u00fcresi":"1 dakika"},"schema":{"@context":"https:\/\/schema.org","@graph":[{"@type":"Article","@id":"https:\/\/narteks.net\/index.php\/2009\/12\/04\/sen-beyaz-bir-kadinsin\/#article","isPartOf":{"@id":"https:\/\/narteks.net\/index.php\/2009\/12\/04\/sen-beyaz-bir-kadinsin\/"},"author":{"name":"Tar\u0131k","@id":"https:\/\/narteks.net\/#\/schema\/person\/61f37d9834294b72d31d274e7ed79bca"},"headline":"SEN BEYAZ B\u0130R KADINSIN","datePublished":"2009-12-04T15:18:44+00:00","mainEntityOfPage":{"@id":"https:\/\/narteks.net\/index.php\/2009\/12\/04\/sen-beyaz-bir-kadinsin\/"},"wordCount":241,"commentCount":0,"publisher":{"@id":"https:\/\/narteks.net\/#organization"},"articleSection":["Attila ILHAN"],"inLanguage":"tr","potentialAction":[{"@type":"CommentAction","name":"Comment","target":["https:\/\/narteks.net\/index.php\/2009\/12\/04\/sen-beyaz-bir-kadinsin\/#respond"]}]},{"@type":"WebPage","@id":"https:\/\/narteks.net\/index.php\/2009\/12\/04\/sen-beyaz-bir-kadinsin\/","url":"https:\/\/narteks.net\/index.php\/2009\/12\/04\/sen-beyaz-bir-kadinsin\/","name":"SEN BEYAZ B\u0130R KADINSIN - narteks.net","isPartOf":{"@id":"https:\/\/narteks.net\/#website"},"datePublished":"2009-12-04T15:18:44+00:00","breadcrumb":{"@id":"https:\/\/narteks.net\/index.php\/2009\/12\/04\/sen-beyaz-bir-kadinsin\/#breadcrumb"},"inLanguage":"tr","potentialAction":[{"@type":"ReadAction","target":["https:\/\/narteks.net\/index.php\/2009\/12\/04\/sen-beyaz-bir-kadinsin\/"]}]},{"@type":"BreadcrumbList","@id":"https:\/\/narteks.net\/index.php\/2009\/12\/04\/sen-beyaz-bir-kadinsin\/#breadcrumb","itemListElement":[{"@type":"ListItem","position":1,"name":"Anasayfa","item":"https:\/\/narteks.net\/"},{"@type":"ListItem","position":2,"name":"SEN BEYAZ B\u0130R KADINSIN"}]},{"@type":"WebSite","@id":"https:\/\/narteks.net\/#website","url":"https:\/\/narteks.net\/","name":"narteks.net","description":"K\u00fclt\u00fcr Sanat Edebiyat Felsefe","publisher":{"@id":"https:\/\/narteks.net\/#organization"},"alternateName":"K\u00fclt\u00fcr Sanat Edebiyat Felsefe","potentialAction":[{"@type":"SearchAction","target":{"@type":"EntryPoint","urlTemplate":"https:\/\/narteks.net\/?s={search_term_string}"},"query-input":{"@type":"PropertyValueSpecification","valueRequired":true,"valueName":"search_term_string"}}],"inLanguage":"tr"},{"@type":"Organization","@id":"https:\/\/narteks.net\/#organization","name":"narteks.net","url":"https:\/\/narteks.net\/","logo":{"@type":"ImageObject","inLanguage":"tr","@id":"https:\/\/narteks.net\/#\/schema\/logo\/image\/","url":"https:\/\/narteks.net\/wp-content\/uploads\/narteks.png","contentUrl":"https:\/\/narteks.net\/wp-content\/uploads\/narteks.png","width":300,"height":90,"caption":"narteks.net"},"image":{"@id":"https:\/\/narteks.net\/#\/schema\/logo\/image\/"},"sameAs":["https:\/\/x.com\/narteks","https:\/\/instagram.com\/narteksnet"]},{"@type":"Person","@id":"https:\/\/narteks.net\/#\/schema\/person\/61f37d9834294b72d31d274e7ed79bca","name":"Tar\u0131k","image":{"@type":"ImageObject","inLanguage":"tr","@id":"https:\/\/narteks.net\/#\/schema\/person\/image\/","url":"https:\/\/secure.gravatar.com\/avatar\/50865afb55632c4ae467e0af0930f6510aa2297d8014be502a55b14f3b7550cf?s=96&d=mm&r=g","contentUrl":"https:\/\/secure.gravatar.com\/avatar\/50865afb55632c4ae467e0af0930f6510aa2297d8014be502a55b14f3b7550cf?s=96&d=mm&r=g","caption":"Tar\u0131k"},"sameAs":["http:\/\/narteks.net"],"url":"https:\/\/narteks.net\/index.php\/author\/narbak\/"}]}},"_links":{"self":[{"href":"https:\/\/narteks.net\/index.php\/wp-json\/wp\/v2\/posts\/1982","targetHints":{"allow":["GET"]}}],"collection":[{"href":"https:\/\/narteks.net\/index.php\/wp-json\/wp\/v2\/posts"}],"about":[{"href":"https:\/\/narteks.net\/index.php\/wp-json\/wp\/v2\/types\/post"}],"author":[{"embeddable":true,"href":"https:\/\/narteks.net\/index.php\/wp-json\/wp\/v2\/users\/1"}],"replies":[{"embeddable":true,"href":"https:\/\/narteks.net\/index.php\/wp-json\/wp\/v2\/comments?post=1982"}],"version-history":[{"count":0,"href":"https:\/\/narteks.net\/index.php\/wp-json\/wp\/v2\/posts\/1982\/revisions"}],"wp:attachment":[{"href":"https:\/\/narteks.net\/index.php\/wp-json\/wp\/v2\/media?parent=1982"}],"wp:term":[{"taxonomy":"category","embeddable":true,"href":"https:\/\/narteks.net\/index.php\/wp-json\/wp\/v2\/categories?post=1982"},{"taxonomy":"post_tag","embeddable":true,"href":"https:\/\/narteks.net\/index.php\/wp-json\/wp\/v2\/tags?post=1982"}],"curies":[{"name":"wp","href":"https:\/\/api.w.org\/{rel}","templated":true}]}}