{"id":1985,"date":"2009-12-04T18:20:25","date_gmt":"2009-12-04T15:20:25","guid":{"rendered":"http:\/\/localhost\/wordpress\/2009\/12\/04\/sali-sabaha-karsi\/"},"modified":"2009-12-04T18:20:25","modified_gmt":"2009-12-04T15:20:25","slug":"sali-sabaha-karsi","status":"publish","type":"post","link":"https:\/\/narteks.net\/index.php\/2009\/12\/04\/sali-sabaha-karsi\/","title":{"rendered":"SALI SABAHA KAR\u015eI"},"content":{"rendered":"<p>\u00a0<\/p>\n<p>sal\u0131 sabaha kar\u015f\u0131 telefonla s\u0131\u00e7rad\u0131m <br \/> ay bat\u0131yor \/ aynalarda giyotin ayd\u0131nl\u0131\u011f\u0131 <br \/> gecenin bu saatinde beni kim arayabilir <br \/> dizimi uyku sersemi bir iskemleye \u00e7arpt\u0131m <br \/> k\u0131v\u0131lc\u0131mlar dizi dizi her yan\u0131ma da\u011f\u0131l\u0131yor <\/p>\n<p> doktor sabiha desem y\u0131llar var konu\u015fmuyoruz <br \/> kanser diye duymu\u015ftum sol g\u00f6\u011fs\u00fcn\u00fc alm\u0131\u015flar <br \/> \u015fu anda izmir&#8217;de midir ne yap\u0131yor kimbilir <br \/> son defa hastahanenin avlusunda konu\u015fmu\u015ftuk <br \/> steteskobu \/ beyaz g\u00f6mle\u011fi \/ so\u011fuk ecza kokusu <br \/> sesi darg\u0131n s\u00f6yledikleri yorgun ve umutsuz <\/p>\n<p> sak\u0131n m\u0131r\u00e7 olmas\u0131n parmaklar\u0131yla oynayan <br \/> yerli yersiz aramak onun marifetidir <br \/> olmayacak \u015feylerden birden heyecanlan\u0131yor <br \/> radyodaki parazit \/ asans\u00f6r\u00fcn u\u011fultusu <br \/> b\u00fct\u00fcn g\u00fcn korkusunu camlarda g\u00f6rmemek i\u00e7in <br \/> tra\u015f aynas\u0131nda b\u0131rak\u0131r g\u00f6zlerini sabahtan <br \/> o kadar yaln\u0131z ki yabanc\u0131larla selamla\u015f\u0131yor <br \/> tek ba\u015f\u0131na ne tart\u0131\u015fmalar sokaklarda geceleyin <br \/> ben de tuhaf\u0131m \/ nereden akl\u0131ma gelebilir <br \/> m\u0131r\u00e7 \u00e7oktan \u00f6lmedi mi \/ gen\u00e7 say\u0131l\u0131rd\u0131 do\u011frusu <br \/> i\u00e7imdeki \u015fehirlerde demek gizlice ya\u015f\u0131yor <\/p>\n<p> ister misin aramak aysel&#8217;in akl\u0131na essin <br \/> plaj g\u00fczeli aysel&#8217;in \/ istanbul&#8217;da bir zamanlar <br \/> k\u00fcstah sar\u0131\u015f\u0131nl\u0131\u011f\u0131n\u0131 kristal bir z\u0131rh gibi <br \/> gururla ta\u015f\u0131rd\u0131 \/ dibinde \u015fimdi rak\u0131 \u015fi\u015felerinin <br \/> her gece olay \u00e7\u0131kar\u0131yor \/ arkas\u0131ndan karakollar <br \/> tozlu \u0131\u015f\u0131klar\u0131yla karanl\u0131kta bir gemidir <br \/> polisleriyle k\u00fcf\u00fcr k\u0131yamet bana telefon etti\u011fi <br \/> \u00f6ks\u00fcr\u00fckten bo\u011fularak \/ surat\u0131 b\u00fct\u00fcn ter <br \/> nerde eski aysel \/ nerde jeanne d&#8217;arc g\u00fczelli\u011fi <br \/> i\u00e7ti\u011fi i\u00e7in mi korkar korktu\u011fu i\u00e7in mi i\u00e7er <\/p>\n<p> sal\u0131 sabaha kar\u015f\u0131 telefonla s\u0131\u00e7rad\u0131m <br \/> ay bat\u0131yor \/ aynalarda giyotin ayd\u0131nl\u0131\u011f\u0131 <br \/> gecenin bu saatinde beni kim arayabilir <br \/> elektrik tozlar\u0131n\u0131n iyice bo\u011fukla\u015ft\u0131rd\u0131\u011f\u0131 <br \/> ses bildi\u011fim bir ses \/ kimindir \u00e7\u0131karamad\u0131m <br \/> &#8216; -ben suat&#8217;\u0131m \/ sizi terminal&#8217;den ar\u0131yorum <br \/> iner inmez arad\u0131m \/ galiba izliyorlar <br \/> istanbul \u00e7ok de\u011fi\u015fmi\u015f \/ yaln\u0131z\u0131m \u00e7ok yabanc\u0131y\u0131m <br \/> gidecek ba\u015fka yerim yok \/ korkuyorum<\/p>\n<p>Attila \u0130LHAN<\/p>\n","protected":false},"excerpt":{"rendered":"<p>\u00a0 sal\u0131 sabaha kar\u015f\u0131 telefonla s\u0131\u00e7rad\u0131m ay bat\u0131yor \/ aynalarda giyotin ayd\u0131nl\u0131\u011f\u0131 gecenin bu saatinde beni kim arayabilir dizimi uyku sersemi bir iskemleye \u00e7arpt\u0131m k\u0131v\u0131lc\u0131mlar dizi dizi her yan\u0131ma da\u011f\u0131l\u0131yor doktor sabiha desem y\u0131llar var konu\u015fmuyoruz kanser diye duymu\u015ftum sol g\u00f6\u011fs\u00fcn\u00fc alm\u0131\u015flar \u015fu anda izmir&#8217;de midir ne yap\u0131yor kimbilir son defa hastahanenin avlusunda konu\u015fmu\u015ftuk steteskobu [&hellip;]<\/p>\n","protected":false},"author":1,"featured_media":0,"comment_status":"open","ping_status":"open","sticky":false,"template":"","format":"standard","meta":{"footnotes":""},"categories":[11],"tags":[],"class_list":{"0":"post-1985","1":"post","2":"type-post","3":"status-publish","4":"format-standard","6":"category-attila-ilhan"},"yoast_head":"<!-- This site is optimized with the Yoast SEO Premium plugin v24.9 (Yoast SEO v24.9) - https:\/\/yoast.com\/wordpress\/plugins\/seo\/ -->\n<title>SALI SABAHA KAR\u015eI - narteks.net<\/title>\n<meta name=\"robots\" content=\"index, follow, max-snippet:-1, max-image-preview:large, max-video-preview:-1\" \/>\n<link rel=\"canonical\" href=\"https:\/\/narteks.net\/index.php\/2009\/12\/04\/sali-sabaha-karsi\/\" \/>\n<meta property=\"og:locale\" content=\"tr_TR\" \/>\n<meta property=\"og:type\" content=\"article\" \/>\n<meta property=\"og:title\" content=\"SALI SABAHA KAR\u015eI\" \/>\n<meta property=\"og:description\" content=\"\u00a0 sal\u0131 sabaha kar\u015f\u0131 telefonla s\u0131\u00e7rad\u0131m ay bat\u0131yor \/ aynalarda giyotin ayd\u0131nl\u0131\u011f\u0131 gecenin bu saatinde beni kim arayabilir dizimi uyku sersemi bir iskemleye \u00e7arpt\u0131m k\u0131v\u0131lc\u0131mlar dizi dizi her yan\u0131ma da\u011f\u0131l\u0131yor doktor sabiha desem y\u0131llar var konu\u015fmuyoruz kanser diye duymu\u015ftum sol g\u00f6\u011fs\u00fcn\u00fc alm\u0131\u015flar \u015fu anda izmir&#8217;de midir ne yap\u0131yor kimbilir son defa hastahanenin avlusunda konu\u015fmu\u015ftuk steteskobu [&hellip;]\" \/>\n<meta property=\"og:url\" content=\"https:\/\/narteks.net\/index.php\/2009\/12\/04\/sali-sabaha-karsi\/\" \/>\n<meta property=\"og:site_name\" content=\"narteks.net\" \/>\n<meta property=\"article:published_time\" content=\"2009-12-04T15:20:25+00:00\" \/>\n<meta property=\"og:image\" content=\"https:\/\/narteks.net\/wp-content\/uploads\/narteks.png\" \/>\n\t<meta property=\"og:image:width\" content=\"300\" \/>\n\t<meta property=\"og:image:height\" content=\"90\" \/>\n\t<meta property=\"og:image:type\" content=\"image\/png\" \/>\n<meta name=\"author\" content=\"Tar\u0131k\" \/>\n<meta name=\"twitter:card\" content=\"summary_large_image\" \/>\n<meta name=\"twitter:creator\" content=\"@narteks\" \/>\n<meta name=\"twitter:site\" content=\"@narteks\" \/>\n<meta name=\"twitter:label1\" content=\"Yazan:\" \/>\n\t<meta name=\"twitter:data1\" content=\"Tar\u0131k\" \/>\n\t<meta name=\"twitter:label2\" content=\"Tahmini okuma s\u00fcresi\" \/>\n\t<meta name=\"twitter:data2\" content=\"2 dakika\" \/>\n<script type=\"application\/ld+json\" class=\"yoast-schema-graph\">{\"@context\":\"https:\/\/schema.org\",\"@graph\":[{\"@type\":\"Article\",\"@id\":\"https:\/\/narteks.net\/index.php\/2009\/12\/04\/sali-sabaha-karsi\/#article\",\"isPartOf\":{\"@id\":\"https:\/\/narteks.net\/index.php\/2009\/12\/04\/sali-sabaha-karsi\/\"},\"author\":{\"name\":\"Tar\u0131k\",\"@id\":\"https:\/\/narteks.net\/#\/schema\/person\/61f37d9834294b72d31d274e7ed79bca\"},\"headline\":\"SALI SABAHA KAR\u015eI\",\"datePublished\":\"2009-12-04T15:20:25+00:00\",\"mainEntityOfPage\":{\"@id\":\"https:\/\/narteks.net\/index.php\/2009\/12\/04\/sali-sabaha-karsi\/\"},\"wordCount\":343,\"commentCount\":0,\"publisher\":{\"@id\":\"https:\/\/narteks.net\/#organization\"},\"articleSection\":[\"Attila ILHAN\"],\"inLanguage\":\"tr\",\"potentialAction\":[{\"@type\":\"CommentAction\",\"name\":\"Comment\",\"target\":[\"https:\/\/narteks.net\/index.php\/2009\/12\/04\/sali-sabaha-karsi\/#respond\"]}]},{\"@type\":\"WebPage\",\"@id\":\"https:\/\/narteks.net\/index.php\/2009\/12\/04\/sali-sabaha-karsi\/\",\"url\":\"https:\/\/narteks.net\/index.php\/2009\/12\/04\/sali-sabaha-karsi\/\",\"name\":\"SALI SABAHA KAR\u015eI - narteks.net\",\"isPartOf\":{\"@id\":\"https:\/\/narteks.net\/#website\"},\"datePublished\":\"2009-12-04T15:20:25+00:00\",\"breadcrumb\":{\"@id\":\"https:\/\/narteks.net\/index.php\/2009\/12\/04\/sali-sabaha-karsi\/#breadcrumb\"},\"inLanguage\":\"tr\",\"potentialAction\":[{\"@type\":\"ReadAction\",\"target\":[\"https:\/\/narteks.net\/index.php\/2009\/12\/04\/sali-sabaha-karsi\/\"]}]},{\"@type\":\"BreadcrumbList\",\"@id\":\"https:\/\/narteks.net\/index.php\/2009\/12\/04\/sali-sabaha-karsi\/#breadcrumb\",\"itemListElement\":[{\"@type\":\"ListItem\",\"position\":1,\"name\":\"Anasayfa\",\"item\":\"https:\/\/narteks.net\/\"},{\"@type\":\"ListItem\",\"position\":2,\"name\":\"SALI SABAHA KAR\u015eI\"}]},{\"@type\":\"WebSite\",\"@id\":\"https:\/\/narteks.net\/#website\",\"url\":\"https:\/\/narteks.net\/\",\"name\":\"narteks.net\",\"description\":\"K\u00fclt\u00fcr Sanat Edebiyat Felsefe\",\"publisher\":{\"@id\":\"https:\/\/narteks.net\/#organization\"},\"alternateName\":\"K\u00fclt\u00fcr Sanat Edebiyat Felsefe\",\"potentialAction\":[{\"@type\":\"SearchAction\",\"target\":{\"@type\":\"EntryPoint\",\"urlTemplate\":\"https:\/\/narteks.net\/?s={search_term_string}\"},\"query-input\":{\"@type\":\"PropertyValueSpecification\",\"valueRequired\":true,\"valueName\":\"search_term_string\"}}],\"inLanguage\":\"tr\"},{\"@type\":\"Organization\",\"@id\":\"https:\/\/narteks.net\/#organization\",\"name\":\"narteks.net\",\"url\":\"https:\/\/narteks.net\/\",\"logo\":{\"@type\":\"ImageObject\",\"inLanguage\":\"tr\",\"@id\":\"https:\/\/narteks.net\/#\/schema\/logo\/image\/\",\"url\":\"https:\/\/narteks.net\/wp-content\/uploads\/narteks.png\",\"contentUrl\":\"https:\/\/narteks.net\/wp-content\/uploads\/narteks.png\",\"width\":300,\"height\":90,\"caption\":\"narteks.net\"},\"image\":{\"@id\":\"https:\/\/narteks.net\/#\/schema\/logo\/image\/\"},\"sameAs\":[\"https:\/\/x.com\/narteks\",\"https:\/\/instagram.com\/narteksnet\"]},{\"@type\":\"Person\",\"@id\":\"https:\/\/narteks.net\/#\/schema\/person\/61f37d9834294b72d31d274e7ed79bca\",\"name\":\"Tar\u0131k\",\"image\":{\"@type\":\"ImageObject\",\"inLanguage\":\"tr\",\"@id\":\"https:\/\/narteks.net\/#\/schema\/person\/image\/\",\"url\":\"https:\/\/secure.gravatar.com\/avatar\/50865afb55632c4ae467e0af0930f6510aa2297d8014be502a55b14f3b7550cf?s=96&d=mm&r=g\",\"contentUrl\":\"https:\/\/secure.gravatar.com\/avatar\/50865afb55632c4ae467e0af0930f6510aa2297d8014be502a55b14f3b7550cf?s=96&d=mm&r=g\",\"caption\":\"Tar\u0131k\"},\"sameAs\":[\"http:\/\/narteks.net\"],\"url\":\"https:\/\/narteks.net\/index.php\/author\/narbak\/\"}]}<\/script>\n<!-- \/ Yoast SEO Premium plugin. -->","yoast_head_json":{"title":"SALI SABAHA KAR\u015eI - narteks.net","robots":{"index":"index","follow":"follow","max-snippet":"max-snippet:-1","max-image-preview":"max-image-preview:large","max-video-preview":"max-video-preview:-1"},"canonical":"https:\/\/narteks.net\/index.php\/2009\/12\/04\/sali-sabaha-karsi\/","og_locale":"tr_TR","og_type":"article","og_title":"SALI SABAHA KAR\u015eI","og_description":"\u00a0 sal\u0131 sabaha kar\u015f\u0131 telefonla s\u0131\u00e7rad\u0131m ay bat\u0131yor \/ aynalarda giyotin ayd\u0131nl\u0131\u011f\u0131 gecenin bu saatinde beni kim arayabilir dizimi uyku sersemi bir iskemleye \u00e7arpt\u0131m k\u0131v\u0131lc\u0131mlar dizi dizi her yan\u0131ma da\u011f\u0131l\u0131yor doktor sabiha desem y\u0131llar var konu\u015fmuyoruz kanser diye duymu\u015ftum sol g\u00f6\u011fs\u00fcn\u00fc alm\u0131\u015flar \u015fu anda izmir&#8217;de midir ne yap\u0131yor kimbilir son defa hastahanenin avlusunda konu\u015fmu\u015ftuk steteskobu [&hellip;]","og_url":"https:\/\/narteks.net\/index.php\/2009\/12\/04\/sali-sabaha-karsi\/","og_site_name":"narteks.net","article_published_time":"2009-12-04T15:20:25+00:00","og_image":[{"width":300,"height":90,"url":"https:\/\/narteks.net\/wp-content\/uploads\/narteks.png","type":"image\/png"}],"author":"Tar\u0131k","twitter_card":"summary_large_image","twitter_creator":"@narteks","twitter_site":"@narteks","twitter_misc":{"Yazan:":"Tar\u0131k","Tahmini okuma s\u00fcresi":"2 dakika"},"schema":{"@context":"https:\/\/schema.org","@graph":[{"@type":"Article","@id":"https:\/\/narteks.net\/index.php\/2009\/12\/04\/sali-sabaha-karsi\/#article","isPartOf":{"@id":"https:\/\/narteks.net\/index.php\/2009\/12\/04\/sali-sabaha-karsi\/"},"author":{"name":"Tar\u0131k","@id":"https:\/\/narteks.net\/#\/schema\/person\/61f37d9834294b72d31d274e7ed79bca"},"headline":"SALI SABAHA KAR\u015eI","datePublished":"2009-12-04T15:20:25+00:00","mainEntityOfPage":{"@id":"https:\/\/narteks.net\/index.php\/2009\/12\/04\/sali-sabaha-karsi\/"},"wordCount":343,"commentCount":0,"publisher":{"@id":"https:\/\/narteks.net\/#organization"},"articleSection":["Attila ILHAN"],"inLanguage":"tr","potentialAction":[{"@type":"CommentAction","name":"Comment","target":["https:\/\/narteks.net\/index.php\/2009\/12\/04\/sali-sabaha-karsi\/#respond"]}]},{"@type":"WebPage","@id":"https:\/\/narteks.net\/index.php\/2009\/12\/04\/sali-sabaha-karsi\/","url":"https:\/\/narteks.net\/index.php\/2009\/12\/04\/sali-sabaha-karsi\/","name":"SALI SABAHA KAR\u015eI - narteks.net","isPartOf":{"@id":"https:\/\/narteks.net\/#website"},"datePublished":"2009-12-04T15:20:25+00:00","breadcrumb":{"@id":"https:\/\/narteks.net\/index.php\/2009\/12\/04\/sali-sabaha-karsi\/#breadcrumb"},"inLanguage":"tr","potentialAction":[{"@type":"ReadAction","target":["https:\/\/narteks.net\/index.php\/2009\/12\/04\/sali-sabaha-karsi\/"]}]},{"@type":"BreadcrumbList","@id":"https:\/\/narteks.net\/index.php\/2009\/12\/04\/sali-sabaha-karsi\/#breadcrumb","itemListElement":[{"@type":"ListItem","position":1,"name":"Anasayfa","item":"https:\/\/narteks.net\/"},{"@type":"ListItem","position":2,"name":"SALI SABAHA KAR\u015eI"}]},{"@type":"WebSite","@id":"https:\/\/narteks.net\/#website","url":"https:\/\/narteks.net\/","name":"narteks.net","description":"K\u00fclt\u00fcr Sanat Edebiyat Felsefe","publisher":{"@id":"https:\/\/narteks.net\/#organization"},"alternateName":"K\u00fclt\u00fcr Sanat Edebiyat Felsefe","potentialAction":[{"@type":"SearchAction","target":{"@type":"EntryPoint","urlTemplate":"https:\/\/narteks.net\/?s={search_term_string}"},"query-input":{"@type":"PropertyValueSpecification","valueRequired":true,"valueName":"search_term_string"}}],"inLanguage":"tr"},{"@type":"Organization","@id":"https:\/\/narteks.net\/#organization","name":"narteks.net","url":"https:\/\/narteks.net\/","logo":{"@type":"ImageObject","inLanguage":"tr","@id":"https:\/\/narteks.net\/#\/schema\/logo\/image\/","url":"https:\/\/narteks.net\/wp-content\/uploads\/narteks.png","contentUrl":"https:\/\/narteks.net\/wp-content\/uploads\/narteks.png","width":300,"height":90,"caption":"narteks.net"},"image":{"@id":"https:\/\/narteks.net\/#\/schema\/logo\/image\/"},"sameAs":["https:\/\/x.com\/narteks","https:\/\/instagram.com\/narteksnet"]},{"@type":"Person","@id":"https:\/\/narteks.net\/#\/schema\/person\/61f37d9834294b72d31d274e7ed79bca","name":"Tar\u0131k","image":{"@type":"ImageObject","inLanguage":"tr","@id":"https:\/\/narteks.net\/#\/schema\/person\/image\/","url":"https:\/\/secure.gravatar.com\/avatar\/50865afb55632c4ae467e0af0930f6510aa2297d8014be502a55b14f3b7550cf?s=96&d=mm&r=g","contentUrl":"https:\/\/secure.gravatar.com\/avatar\/50865afb55632c4ae467e0af0930f6510aa2297d8014be502a55b14f3b7550cf?s=96&d=mm&r=g","caption":"Tar\u0131k"},"sameAs":["http:\/\/narteks.net"],"url":"https:\/\/narteks.net\/index.php\/author\/narbak\/"}]}},"_links":{"self":[{"href":"https:\/\/narteks.net\/index.php\/wp-json\/wp\/v2\/posts\/1985","targetHints":{"allow":["GET"]}}],"collection":[{"href":"https:\/\/narteks.net\/index.php\/wp-json\/wp\/v2\/posts"}],"about":[{"href":"https:\/\/narteks.net\/index.php\/wp-json\/wp\/v2\/types\/post"}],"author":[{"embeddable":true,"href":"https:\/\/narteks.net\/index.php\/wp-json\/wp\/v2\/users\/1"}],"replies":[{"embeddable":true,"href":"https:\/\/narteks.net\/index.php\/wp-json\/wp\/v2\/comments?post=1985"}],"version-history":[{"count":0,"href":"https:\/\/narteks.net\/index.php\/wp-json\/wp\/v2\/posts\/1985\/revisions"}],"wp:attachment":[{"href":"https:\/\/narteks.net\/index.php\/wp-json\/wp\/v2\/media?parent=1985"}],"wp:term":[{"taxonomy":"category","embeddable":true,"href":"https:\/\/narteks.net\/index.php\/wp-json\/wp\/v2\/categories?post=1985"},{"taxonomy":"post_tag","embeddable":true,"href":"https:\/\/narteks.net\/index.php\/wp-json\/wp\/v2\/tags?post=1985"}],"curies":[{"name":"wp","href":"https:\/\/api.w.org\/{rel}","templated":true}]}}