{"id":1991,"date":"2009-12-04T18:23:47","date_gmt":"2009-12-04T15:23:47","guid":{"rendered":"http:\/\/localhost\/wordpress\/2009\/12\/04\/rast-qzenciq-pesrevi\/"},"modified":"2009-12-04T18:23:47","modified_gmt":"2009-12-04T15:23:47","slug":"rast-qzenciq-pesrevi","status":"publish","type":"post","link":"https:\/\/narteks.net\/index.php\/2009\/12\/04\/rast-qzenciq-pesrevi\/","title":{"rendered":"RAST &#8220;ZENC\u0130&#8221; PE\u015eREV\u0130"},"content":{"rendered":"<p>\u00a0<\/p>\n<p>4. Sunturlu Bir Karanl\u0131k<\/p>\n<p> dudaklar\u0131 ate\u015f ald\u0131 nar\u00e7i\u00e7e\u011fi<br \/> sonra t\u0131rnaklar\u0131 dikenli alev<br \/> yer g\u00f6k yang\u0131n s\u0131ca\u011f\u0131 sar\u0131\u015f\u0131n<br \/> g\u00fcm\u00fc\u015f bir \u00e7il lira parlakl\u0131\u011f\u0131<br \/> \u015fehveti kristal gibi t\u0131nl\u0131yor<\/p>\n<p> sunturlu bir karanl\u0131k edinmeli<br \/> ta\u015fk\u00f6m\u00fcr\u00fc siyahl\u0131\u011f\u0131nda bir gece<br \/> niye zenci bir herif olmas\u0131n<br \/> b\u0131y\u0131klar\u0131 masmavi m\u0131knat\u0131slanm\u0131\u015f<br \/> duman f\u0131\u015fk\u0131r\u0131yor erkekli\u011finden<\/p>\n<p> o kadar ac\u0131km\u0131\u015ft\u0131r ki ayd\u0131nl\u0131\u011f\u0131<br \/> doyurmaya bir gece yetmeyecek<br \/> birka\u00e7 zenciyi kolayca i\u00e7erebilir<br \/> g\u00f6zeneklerinden s\u0131zmal\u0131 karanl\u0131k<br \/> b\u00fct\u00fcn deliklerinden i\u00e7ine dolmal\u0131<\/p>\n<p> &#8216;Ay\u0131p resimler&#8217; b\u00f6l\u00fcm\u00fcnden&#8230;<\/p>\n<p> -5.<\/p>\n<p> epeyce ya\u015fl\u0131<br \/> hantalca biraz<br \/> kap\u0131lardan s\u0131\u011fmaz<br \/> erkek g\u00fczeli kad\u0131n<br \/> omuzlar\u0131 geni\u015ftir bilekleri kal\u0131n<br \/> g\u00fclmesi \u0131s\u0131rmay\u0131 and\u0131r\u0131yor<br \/> ensesi t\u0131ra\u015fl\u0131<br \/> k\u00fcl rengi sa\u00e7lar\u0131n\u0131 &#8216;erkek&#8217; kestirmi\u015ftir<br \/> s\u0131k s\u0131k<br \/> arkaya tar\u0131yor<\/p>\n<p> balkonda rak\u0131 sofras\u0131 her ak\u015fam<br \/> eski hovardalar gibi &#8216;ahk\u00e2mla i\u00e7er<br \/> &#8216;felekten k\u00e2m al\u0131yor&#8217;<br \/> radyoda h\u00fczzam fasl\u0131<br \/> \u00e7aml\u0131ca&#8217;da mehtap<br \/> tamam<br \/> aras\u0131ra \u00e7ok fena dal\u0131yor<br \/> cigara paketinin arkas\u0131na hesap<br \/> ayba\u015f\u0131nda emlak vergisi<br \/> hisar&#8217;daki arsaya ne verirler<br \/> bekir&#8217;e ya\u015f g\u00fcn\u00fc hediyesi<br \/> bakkala hesap<br \/> be\u015fer biner<\/p>\n<p> k\u0131v\u0131rc\u0131k<br \/> gece mavisi kirpikler<br \/> bunlar g\u00f6z m\u00fcd\u00fcr g\u00f6l yans\u0131mas\u0131 m\u0131<br \/> kad\u0131n g\u00fczeli erkek<br \/> gizli aynalarda ka\u015flar\u0131n\u0131 al\u0131yor<br \/> her defas\u0131nda incelterek<br \/> bulutlarda ka\u00e7\u0131c\u0131 bir \u0131\u015f\u0131k m\u0131d\u0131r<br \/> \u015f\u00fcpheli bir erkekli\u011fe kar\u0131\u015fmas\u0131 m\u0131<br \/> tehlikeli bir kad\u0131nl\u0131\u011f\u0131n<br \/> zehirli bir sarma\u015f\u0131k m\u0131d\u0131r<br \/> yapraklar\u0131 nemli<br \/> salyas\u0131 yap\u0131\u015fkan<br \/> bir t\u00fcrl\u00fc tutamad\u0131\u011f\u0131n<\/p>\n<p> erkek g\u00fczeli kad\u0131n<br \/> kad\u0131n g\u00fczeli erkek<br \/> dibinde fosforlu bir karanl\u0131\u011f\u0131n<br \/> sabahlara kadar bo\u011fuluyorlar<br \/> nefes nefese sevi\u015ferek<\/p>\n<p>Attila \u0130LHAN<\/p>\n","protected":false},"excerpt":{"rendered":"<p>\u00a0 4. Sunturlu Bir Karanl\u0131k dudaklar\u0131 ate\u015f ald\u0131 nar\u00e7i\u00e7e\u011fi sonra t\u0131rnaklar\u0131 dikenli alev yer g\u00f6k yang\u0131n s\u0131ca\u011f\u0131 sar\u0131\u015f\u0131n g\u00fcm\u00fc\u015f bir \u00e7il lira parlakl\u0131\u011f\u0131 \u015fehveti kristal gibi t\u0131nl\u0131yor sunturlu bir karanl\u0131k edinmeli ta\u015fk\u00f6m\u00fcr\u00fc siyahl\u0131\u011f\u0131nda bir gece niye zenci bir herif olmas\u0131n b\u0131y\u0131klar\u0131 masmavi m\u0131knat\u0131slanm\u0131\u015f duman f\u0131\u015fk\u0131r\u0131yor erkekli\u011finden o kadar ac\u0131km\u0131\u015ft\u0131r ki ayd\u0131nl\u0131\u011f\u0131 doyurmaya bir gece yetmeyecek [&hellip;]<\/p>\n","protected":false},"author":1,"featured_media":0,"comment_status":"open","ping_status":"open","sticky":false,"template":"","format":"standard","meta":{"footnotes":""},"categories":[11],"tags":[],"class_list":{"0":"post-1991","1":"post","2":"type-post","3":"status-publish","4":"format-standard","6":"category-attila-ilhan"},"yoast_head":"<!-- This site is optimized with the Yoast SEO Premium plugin v24.9 (Yoast SEO v24.9) - https:\/\/yoast.com\/wordpress\/plugins\/seo\/ -->\n<title>RAST &quot;ZENC\u0130&quot; PE\u015eREV\u0130 - narteks.net<\/title>\n<meta name=\"robots\" content=\"index, follow, max-snippet:-1, max-image-preview:large, max-video-preview:-1\" \/>\n<link rel=\"canonical\" href=\"https:\/\/narteks.net\/index.php\/2009\/12\/04\/rast-qzenciq-pesrevi\/\" \/>\n<meta property=\"og:locale\" content=\"tr_TR\" \/>\n<meta property=\"og:type\" content=\"article\" \/>\n<meta property=\"og:title\" content=\"RAST &quot;ZENC\u0130&quot; PE\u015eREV\u0130\" \/>\n<meta property=\"og:description\" content=\"\u00a0 4. Sunturlu Bir Karanl\u0131k dudaklar\u0131 ate\u015f ald\u0131 nar\u00e7i\u00e7e\u011fi sonra t\u0131rnaklar\u0131 dikenli alev yer g\u00f6k yang\u0131n s\u0131ca\u011f\u0131 sar\u0131\u015f\u0131n g\u00fcm\u00fc\u015f bir \u00e7il lira parlakl\u0131\u011f\u0131 \u015fehveti kristal gibi t\u0131nl\u0131yor sunturlu bir karanl\u0131k edinmeli ta\u015fk\u00f6m\u00fcr\u00fc siyahl\u0131\u011f\u0131nda bir gece niye zenci bir herif olmas\u0131n b\u0131y\u0131klar\u0131 masmavi m\u0131knat\u0131slanm\u0131\u015f duman f\u0131\u015fk\u0131r\u0131yor erkekli\u011finden o kadar ac\u0131km\u0131\u015ft\u0131r ki ayd\u0131nl\u0131\u011f\u0131 doyurmaya bir gece yetmeyecek [&hellip;]\" \/>\n<meta property=\"og:url\" content=\"https:\/\/narteks.net\/index.php\/2009\/12\/04\/rast-qzenciq-pesrevi\/\" \/>\n<meta property=\"og:site_name\" content=\"narteks.net\" \/>\n<meta property=\"article:published_time\" content=\"2009-12-04T15:23:47+00:00\" \/>\n<meta property=\"og:image\" content=\"https:\/\/narteks.net\/wp-content\/uploads\/narteks.png\" \/>\n\t<meta property=\"og:image:width\" content=\"300\" \/>\n\t<meta property=\"og:image:height\" content=\"90\" \/>\n\t<meta property=\"og:image:type\" content=\"image\/png\" \/>\n<meta name=\"author\" content=\"Tar\u0131k\" \/>\n<meta name=\"twitter:card\" content=\"summary_large_image\" \/>\n<meta name=\"twitter:creator\" content=\"@narteks\" \/>\n<meta name=\"twitter:site\" content=\"@narteks\" \/>\n<meta name=\"twitter:label1\" content=\"Yazan:\" \/>\n\t<meta name=\"twitter:data1\" content=\"Tar\u0131k\" \/>\n\t<meta name=\"twitter:label2\" content=\"Tahmini okuma s\u00fcresi\" \/>\n\t<meta name=\"twitter:data2\" content=\"2 dakika\" \/>\n<script type=\"application\/ld+json\" class=\"yoast-schema-graph\">{\"@context\":\"https:\/\/schema.org\",\"@graph\":[{\"@type\":\"Article\",\"@id\":\"https:\/\/narteks.net\/index.php\/2009\/12\/04\/rast-qzenciq-pesrevi\/#article\",\"isPartOf\":{\"@id\":\"https:\/\/narteks.net\/index.php\/2009\/12\/04\/rast-qzenciq-pesrevi\/\"},\"author\":{\"name\":\"Tar\u0131k\",\"@id\":\"https:\/\/narteks.net\/#\/schema\/person\/61f37d9834294b72d31d274e7ed79bca\"},\"headline\":\"RAST &#8220;ZENC\u0130&#8221; PE\u015eREV\u0130\",\"datePublished\":\"2009-12-04T15:23:47+00:00\",\"mainEntityOfPage\":{\"@id\":\"https:\/\/narteks.net\/index.php\/2009\/12\/04\/rast-qzenciq-pesrevi\/\"},\"wordCount\":311,\"commentCount\":0,\"publisher\":{\"@id\":\"https:\/\/narteks.net\/#organization\"},\"articleSection\":[\"Attila ILHAN\"],\"inLanguage\":\"tr\",\"potentialAction\":[{\"@type\":\"CommentAction\",\"name\":\"Comment\",\"target\":[\"https:\/\/narteks.net\/index.php\/2009\/12\/04\/rast-qzenciq-pesrevi\/#respond\"]}]},{\"@type\":\"WebPage\",\"@id\":\"https:\/\/narteks.net\/index.php\/2009\/12\/04\/rast-qzenciq-pesrevi\/\",\"url\":\"https:\/\/narteks.net\/index.php\/2009\/12\/04\/rast-qzenciq-pesrevi\/\",\"name\":\"RAST \\\"ZENC\u0130\\\" PE\u015eREV\u0130 - narteks.net\",\"isPartOf\":{\"@id\":\"https:\/\/narteks.net\/#website\"},\"datePublished\":\"2009-12-04T15:23:47+00:00\",\"breadcrumb\":{\"@id\":\"https:\/\/narteks.net\/index.php\/2009\/12\/04\/rast-qzenciq-pesrevi\/#breadcrumb\"},\"inLanguage\":\"tr\",\"potentialAction\":[{\"@type\":\"ReadAction\",\"target\":[\"https:\/\/narteks.net\/index.php\/2009\/12\/04\/rast-qzenciq-pesrevi\/\"]}]},{\"@type\":\"BreadcrumbList\",\"@id\":\"https:\/\/narteks.net\/index.php\/2009\/12\/04\/rast-qzenciq-pesrevi\/#breadcrumb\",\"itemListElement\":[{\"@type\":\"ListItem\",\"position\":1,\"name\":\"Anasayfa\",\"item\":\"https:\/\/narteks.net\/\"},{\"@type\":\"ListItem\",\"position\":2,\"name\":\"RAST &#8220;ZENC\u0130&#8221; PE\u015eREV\u0130\"}]},{\"@type\":\"WebSite\",\"@id\":\"https:\/\/narteks.net\/#website\",\"url\":\"https:\/\/narteks.net\/\",\"name\":\"narteks.net\",\"description\":\"K\u00fclt\u00fcr Sanat Edebiyat Felsefe\",\"publisher\":{\"@id\":\"https:\/\/narteks.net\/#organization\"},\"alternateName\":\"K\u00fclt\u00fcr Sanat Edebiyat Felsefe\",\"potentialAction\":[{\"@type\":\"SearchAction\",\"target\":{\"@type\":\"EntryPoint\",\"urlTemplate\":\"https:\/\/narteks.net\/?s={search_term_string}\"},\"query-input\":{\"@type\":\"PropertyValueSpecification\",\"valueRequired\":true,\"valueName\":\"search_term_string\"}}],\"inLanguage\":\"tr\"},{\"@type\":\"Organization\",\"@id\":\"https:\/\/narteks.net\/#organization\",\"name\":\"narteks.net\",\"url\":\"https:\/\/narteks.net\/\",\"logo\":{\"@type\":\"ImageObject\",\"inLanguage\":\"tr\",\"@id\":\"https:\/\/narteks.net\/#\/schema\/logo\/image\/\",\"url\":\"https:\/\/narteks.net\/wp-content\/uploads\/narteks.png\",\"contentUrl\":\"https:\/\/narteks.net\/wp-content\/uploads\/narteks.png\",\"width\":300,\"height\":90,\"caption\":\"narteks.net\"},\"image\":{\"@id\":\"https:\/\/narteks.net\/#\/schema\/logo\/image\/\"},\"sameAs\":[\"https:\/\/x.com\/narteks\",\"https:\/\/instagram.com\/narteksnet\"]},{\"@type\":\"Person\",\"@id\":\"https:\/\/narteks.net\/#\/schema\/person\/61f37d9834294b72d31d274e7ed79bca\",\"name\":\"Tar\u0131k\",\"image\":{\"@type\":\"ImageObject\",\"inLanguage\":\"tr\",\"@id\":\"https:\/\/narteks.net\/#\/schema\/person\/image\/\",\"url\":\"https:\/\/secure.gravatar.com\/avatar\/50865afb55632c4ae467e0af0930f6510aa2297d8014be502a55b14f3b7550cf?s=96&d=mm&r=g\",\"contentUrl\":\"https:\/\/secure.gravatar.com\/avatar\/50865afb55632c4ae467e0af0930f6510aa2297d8014be502a55b14f3b7550cf?s=96&d=mm&r=g\",\"caption\":\"Tar\u0131k\"},\"sameAs\":[\"http:\/\/narteks.net\"],\"url\":\"https:\/\/narteks.net\/index.php\/author\/narbak\/\"}]}<\/script>\n<!-- \/ Yoast SEO Premium plugin. -->","yoast_head_json":{"title":"RAST \"ZENC\u0130\" PE\u015eREV\u0130 - narteks.net","robots":{"index":"index","follow":"follow","max-snippet":"max-snippet:-1","max-image-preview":"max-image-preview:large","max-video-preview":"max-video-preview:-1"},"canonical":"https:\/\/narteks.net\/index.php\/2009\/12\/04\/rast-qzenciq-pesrevi\/","og_locale":"tr_TR","og_type":"article","og_title":"RAST \"ZENC\u0130\" PE\u015eREV\u0130","og_description":"\u00a0 4. Sunturlu Bir Karanl\u0131k dudaklar\u0131 ate\u015f ald\u0131 nar\u00e7i\u00e7e\u011fi sonra t\u0131rnaklar\u0131 dikenli alev yer g\u00f6k yang\u0131n s\u0131ca\u011f\u0131 sar\u0131\u015f\u0131n g\u00fcm\u00fc\u015f bir \u00e7il lira parlakl\u0131\u011f\u0131 \u015fehveti kristal gibi t\u0131nl\u0131yor sunturlu bir karanl\u0131k edinmeli ta\u015fk\u00f6m\u00fcr\u00fc siyahl\u0131\u011f\u0131nda bir gece niye zenci bir herif olmas\u0131n b\u0131y\u0131klar\u0131 masmavi m\u0131knat\u0131slanm\u0131\u015f duman f\u0131\u015fk\u0131r\u0131yor erkekli\u011finden o kadar ac\u0131km\u0131\u015ft\u0131r ki ayd\u0131nl\u0131\u011f\u0131 doyurmaya bir gece yetmeyecek [&hellip;]","og_url":"https:\/\/narteks.net\/index.php\/2009\/12\/04\/rast-qzenciq-pesrevi\/","og_site_name":"narteks.net","article_published_time":"2009-12-04T15:23:47+00:00","og_image":[{"width":300,"height":90,"url":"https:\/\/narteks.net\/wp-content\/uploads\/narteks.png","type":"image\/png"}],"author":"Tar\u0131k","twitter_card":"summary_large_image","twitter_creator":"@narteks","twitter_site":"@narteks","twitter_misc":{"Yazan:":"Tar\u0131k","Tahmini okuma s\u00fcresi":"2 dakika"},"schema":{"@context":"https:\/\/schema.org","@graph":[{"@type":"Article","@id":"https:\/\/narteks.net\/index.php\/2009\/12\/04\/rast-qzenciq-pesrevi\/#article","isPartOf":{"@id":"https:\/\/narteks.net\/index.php\/2009\/12\/04\/rast-qzenciq-pesrevi\/"},"author":{"name":"Tar\u0131k","@id":"https:\/\/narteks.net\/#\/schema\/person\/61f37d9834294b72d31d274e7ed79bca"},"headline":"RAST &#8220;ZENC\u0130&#8221; PE\u015eREV\u0130","datePublished":"2009-12-04T15:23:47+00:00","mainEntityOfPage":{"@id":"https:\/\/narteks.net\/index.php\/2009\/12\/04\/rast-qzenciq-pesrevi\/"},"wordCount":311,"commentCount":0,"publisher":{"@id":"https:\/\/narteks.net\/#organization"},"articleSection":["Attila ILHAN"],"inLanguage":"tr","potentialAction":[{"@type":"CommentAction","name":"Comment","target":["https:\/\/narteks.net\/index.php\/2009\/12\/04\/rast-qzenciq-pesrevi\/#respond"]}]},{"@type":"WebPage","@id":"https:\/\/narteks.net\/index.php\/2009\/12\/04\/rast-qzenciq-pesrevi\/","url":"https:\/\/narteks.net\/index.php\/2009\/12\/04\/rast-qzenciq-pesrevi\/","name":"RAST \"ZENC\u0130\" PE\u015eREV\u0130 - narteks.net","isPartOf":{"@id":"https:\/\/narteks.net\/#website"},"datePublished":"2009-12-04T15:23:47+00:00","breadcrumb":{"@id":"https:\/\/narteks.net\/index.php\/2009\/12\/04\/rast-qzenciq-pesrevi\/#breadcrumb"},"inLanguage":"tr","potentialAction":[{"@type":"ReadAction","target":["https:\/\/narteks.net\/index.php\/2009\/12\/04\/rast-qzenciq-pesrevi\/"]}]},{"@type":"BreadcrumbList","@id":"https:\/\/narteks.net\/index.php\/2009\/12\/04\/rast-qzenciq-pesrevi\/#breadcrumb","itemListElement":[{"@type":"ListItem","position":1,"name":"Anasayfa","item":"https:\/\/narteks.net\/"},{"@type":"ListItem","position":2,"name":"RAST &#8220;ZENC\u0130&#8221; PE\u015eREV\u0130"}]},{"@type":"WebSite","@id":"https:\/\/narteks.net\/#website","url":"https:\/\/narteks.net\/","name":"narteks.net","description":"K\u00fclt\u00fcr Sanat Edebiyat Felsefe","publisher":{"@id":"https:\/\/narteks.net\/#organization"},"alternateName":"K\u00fclt\u00fcr Sanat Edebiyat Felsefe","potentialAction":[{"@type":"SearchAction","target":{"@type":"EntryPoint","urlTemplate":"https:\/\/narteks.net\/?s={search_term_string}"},"query-input":{"@type":"PropertyValueSpecification","valueRequired":true,"valueName":"search_term_string"}}],"inLanguage":"tr"},{"@type":"Organization","@id":"https:\/\/narteks.net\/#organization","name":"narteks.net","url":"https:\/\/narteks.net\/","logo":{"@type":"ImageObject","inLanguage":"tr","@id":"https:\/\/narteks.net\/#\/schema\/logo\/image\/","url":"https:\/\/narteks.net\/wp-content\/uploads\/narteks.png","contentUrl":"https:\/\/narteks.net\/wp-content\/uploads\/narteks.png","width":300,"height":90,"caption":"narteks.net"},"image":{"@id":"https:\/\/narteks.net\/#\/schema\/logo\/image\/"},"sameAs":["https:\/\/x.com\/narteks","https:\/\/instagram.com\/narteksnet"]},{"@type":"Person","@id":"https:\/\/narteks.net\/#\/schema\/person\/61f37d9834294b72d31d274e7ed79bca","name":"Tar\u0131k","image":{"@type":"ImageObject","inLanguage":"tr","@id":"https:\/\/narteks.net\/#\/schema\/person\/image\/","url":"https:\/\/secure.gravatar.com\/avatar\/50865afb55632c4ae467e0af0930f6510aa2297d8014be502a55b14f3b7550cf?s=96&d=mm&r=g","contentUrl":"https:\/\/secure.gravatar.com\/avatar\/50865afb55632c4ae467e0af0930f6510aa2297d8014be502a55b14f3b7550cf?s=96&d=mm&r=g","caption":"Tar\u0131k"},"sameAs":["http:\/\/narteks.net"],"url":"https:\/\/narteks.net\/index.php\/author\/narbak\/"}]}},"_links":{"self":[{"href":"https:\/\/narteks.net\/index.php\/wp-json\/wp\/v2\/posts\/1991","targetHints":{"allow":["GET"]}}],"collection":[{"href":"https:\/\/narteks.net\/index.php\/wp-json\/wp\/v2\/posts"}],"about":[{"href":"https:\/\/narteks.net\/index.php\/wp-json\/wp\/v2\/types\/post"}],"author":[{"embeddable":true,"href":"https:\/\/narteks.net\/index.php\/wp-json\/wp\/v2\/users\/1"}],"replies":[{"embeddable":true,"href":"https:\/\/narteks.net\/index.php\/wp-json\/wp\/v2\/comments?post=1991"}],"version-history":[{"count":0,"href":"https:\/\/narteks.net\/index.php\/wp-json\/wp\/v2\/posts\/1991\/revisions"}],"wp:attachment":[{"href":"https:\/\/narteks.net\/index.php\/wp-json\/wp\/v2\/media?parent=1991"}],"wp:term":[{"taxonomy":"category","embeddable":true,"href":"https:\/\/narteks.net\/index.php\/wp-json\/wp\/v2\/categories?post=1991"},{"taxonomy":"post_tag","embeddable":true,"href":"https:\/\/narteks.net\/index.php\/wp-json\/wp\/v2\/tags?post=1991"}],"curies":[{"name":"wp","href":"https:\/\/api.w.org\/{rel}","templated":true}]}}