{"id":1999,"date":"2009-12-04T18:28:00","date_gmt":"2009-12-04T15:28:00","guid":{"rendered":"http:\/\/localhost\/wordpress\/2009\/12\/04\/neydi-o-bir-zamanlar\/"},"modified":"2009-12-04T18:28:00","modified_gmt":"2009-12-04T15:28:00","slug":"neydi-o-bir-zamanlar","status":"publish","type":"post","link":"https:\/\/narteks.net\/index.php\/2009\/12\/04\/neydi-o-bir-zamanlar\/","title":{"rendered":"NEYD\u0130 O B\u0130R ZAMANLAR"},"content":{"rendered":"<p>\u00a0<\/p>\n<p>istanbul ve sen \/ neydi o bir zamanlar <br \/> sanki gen\u00e7li\u011fime do\u011fru ya\u015flan\u0131yordum <br \/> \u00e7engelk\u00f6y&#8217;de yaz unutulmaz erguvanlar <br \/> hangi yan\u0131ma d\u00f6nsem seni bulurdum <br \/> i\u00e7imdeki lamban\u0131n k\u0131r\u0131ld\u0131\u011f\u0131 anlar <\/p>\n<p> istanbul ve sen \/ s\u0131r\u0131ls\u0131klam ya\u015fananlar <br \/> yanard\u00f6ner bir ayna yeniden ruhum <br \/> \u00e7engelk\u00f6y&#8217;de yaz unutulmaz erguvanlar <br \/> g\u00f6zlerinin sisinde sevdal\u0131 bir yolcuyum <br \/> hayal meyal gemiler dumanl\u0131 ilkbahar <\/p>\n<p> istanbul ve sen \/ ikinizden kalanlar <br \/> tekrar tekrar \u0131srarla ya\u015fay\u0131p durdu\u011fum <br \/> \u00e7engelk\u00f6y&#8217;de yaz unutulmaz erguvanlar <br \/> r\u00fcya m\u0131d\u0131r ger\u00e7ek mi kendi kendime sordu\u011fum <br \/> istanbul ve sen \/ neydi o bir zamanlar<\/p>\n<p>Attila \u0130LHAN<\/p>\n","protected":false},"excerpt":{"rendered":"<p>\u00a0 istanbul ve sen \/ neydi o bir zamanlar sanki gen\u00e7li\u011fime do\u011fru ya\u015flan\u0131yordum \u00e7engelk\u00f6y&#8217;de yaz unutulmaz erguvanlar hangi yan\u0131ma d\u00f6nsem seni bulurdum i\u00e7imdeki lamban\u0131n k\u0131r\u0131ld\u0131\u011f\u0131 anlar istanbul ve sen \/ s\u0131r\u0131ls\u0131klam ya\u015fananlar yanard\u00f6ner bir ayna yeniden ruhum \u00e7engelk\u00f6y&#8217;de yaz unutulmaz erguvanlar g\u00f6zlerinin sisinde sevdal\u0131 bir yolcuyum hayal meyal gemiler dumanl\u0131 ilkbahar istanbul ve sen \/ [&hellip;]<\/p>\n","protected":false},"author":1,"featured_media":0,"comment_status":"open","ping_status":"open","sticky":false,"template":"","format":"standard","meta":{"footnotes":""},"categories":[11],"tags":[],"class_list":{"0":"post-1999","1":"post","2":"type-post","3":"status-publish","4":"format-standard","6":"category-attila-ilhan"},"yoast_head":"<!-- This site is optimized with the Yoast SEO Premium plugin v24.9 (Yoast SEO v24.9) - https:\/\/yoast.com\/wordpress\/plugins\/seo\/ -->\n<title>NEYD\u0130 O B\u0130R ZAMANLAR - narteks.net<\/title>\n<meta name=\"robots\" content=\"index, follow, max-snippet:-1, max-image-preview:large, max-video-preview:-1\" \/>\n<link rel=\"canonical\" href=\"https:\/\/narteks.net\/index.php\/2009\/12\/04\/neydi-o-bir-zamanlar\/\" \/>\n<meta property=\"og:locale\" content=\"tr_TR\" \/>\n<meta property=\"og:type\" content=\"article\" \/>\n<meta property=\"og:title\" content=\"NEYD\u0130 O B\u0130R ZAMANLAR\" \/>\n<meta property=\"og:description\" content=\"\u00a0 istanbul ve sen \/ neydi o bir zamanlar sanki gen\u00e7li\u011fime do\u011fru ya\u015flan\u0131yordum \u00e7engelk\u00f6y&#8217;de yaz unutulmaz erguvanlar hangi yan\u0131ma d\u00f6nsem seni bulurdum i\u00e7imdeki lamban\u0131n k\u0131r\u0131ld\u0131\u011f\u0131 anlar istanbul ve sen \/ s\u0131r\u0131ls\u0131klam ya\u015fananlar yanard\u00f6ner bir ayna yeniden ruhum \u00e7engelk\u00f6y&#8217;de yaz unutulmaz erguvanlar g\u00f6zlerinin sisinde sevdal\u0131 bir yolcuyum hayal meyal gemiler dumanl\u0131 ilkbahar istanbul ve sen \/ [&hellip;]\" \/>\n<meta property=\"og:url\" content=\"https:\/\/narteks.net\/index.php\/2009\/12\/04\/neydi-o-bir-zamanlar\/\" \/>\n<meta property=\"og:site_name\" content=\"narteks.net\" \/>\n<meta property=\"article:published_time\" content=\"2009-12-04T15:28:00+00:00\" \/>\n<meta property=\"og:image\" content=\"https:\/\/narteks.net\/wp-content\/uploads\/narteks.png\" \/>\n\t<meta property=\"og:image:width\" content=\"300\" \/>\n\t<meta property=\"og:image:height\" content=\"90\" \/>\n\t<meta property=\"og:image:type\" content=\"image\/png\" \/>\n<meta name=\"author\" content=\"Tar\u0131k\" \/>\n<meta name=\"twitter:card\" content=\"summary_large_image\" \/>\n<meta name=\"twitter:creator\" content=\"@narteks\" \/>\n<meta name=\"twitter:site\" content=\"@narteks\" \/>\n<meta name=\"twitter:label1\" content=\"Yazan:\" \/>\n\t<meta name=\"twitter:data1\" content=\"Tar\u0131k\" \/>\n\t<meta name=\"twitter:label2\" content=\"Tahmini okuma s\u00fcresi\" \/>\n\t<meta name=\"twitter:data2\" content=\"1 dakika\" \/>\n<script type=\"application\/ld+json\" class=\"yoast-schema-graph\">{\"@context\":\"https:\/\/schema.org\",\"@graph\":[{\"@type\":\"Article\",\"@id\":\"https:\/\/narteks.net\/index.php\/2009\/12\/04\/neydi-o-bir-zamanlar\/#article\",\"isPartOf\":{\"@id\":\"https:\/\/narteks.net\/index.php\/2009\/12\/04\/neydi-o-bir-zamanlar\/\"},\"author\":{\"name\":\"Tar\u0131k\",\"@id\":\"https:\/\/narteks.net\/#\/schema\/person\/61f37d9834294b72d31d274e7ed79bca\"},\"headline\":\"NEYD\u0130 O B\u0130R ZAMANLAR\",\"datePublished\":\"2009-12-04T15:28:00+00:00\",\"mainEntityOfPage\":{\"@id\":\"https:\/\/narteks.net\/index.php\/2009\/12\/04\/neydi-o-bir-zamanlar\/\"},\"wordCount\":111,\"commentCount\":0,\"publisher\":{\"@id\":\"https:\/\/narteks.net\/#organization\"},\"articleSection\":[\"Attila ILHAN\"],\"inLanguage\":\"tr\",\"potentialAction\":[{\"@type\":\"CommentAction\",\"name\":\"Comment\",\"target\":[\"https:\/\/narteks.net\/index.php\/2009\/12\/04\/neydi-o-bir-zamanlar\/#respond\"]}]},{\"@type\":\"WebPage\",\"@id\":\"https:\/\/narteks.net\/index.php\/2009\/12\/04\/neydi-o-bir-zamanlar\/\",\"url\":\"https:\/\/narteks.net\/index.php\/2009\/12\/04\/neydi-o-bir-zamanlar\/\",\"name\":\"NEYD\u0130 O B\u0130R ZAMANLAR - narteks.net\",\"isPartOf\":{\"@id\":\"https:\/\/narteks.net\/#website\"},\"datePublished\":\"2009-12-04T15:28:00+00:00\",\"breadcrumb\":{\"@id\":\"https:\/\/narteks.net\/index.php\/2009\/12\/04\/neydi-o-bir-zamanlar\/#breadcrumb\"},\"inLanguage\":\"tr\",\"potentialAction\":[{\"@type\":\"ReadAction\",\"target\":[\"https:\/\/narteks.net\/index.php\/2009\/12\/04\/neydi-o-bir-zamanlar\/\"]}]},{\"@type\":\"BreadcrumbList\",\"@id\":\"https:\/\/narteks.net\/index.php\/2009\/12\/04\/neydi-o-bir-zamanlar\/#breadcrumb\",\"itemListElement\":[{\"@type\":\"ListItem\",\"position\":1,\"name\":\"Anasayfa\",\"item\":\"https:\/\/narteks.net\/\"},{\"@type\":\"ListItem\",\"position\":2,\"name\":\"NEYD\u0130 O B\u0130R ZAMANLAR\"}]},{\"@type\":\"WebSite\",\"@id\":\"https:\/\/narteks.net\/#website\",\"url\":\"https:\/\/narteks.net\/\",\"name\":\"narteks.net\",\"description\":\"K\u00fclt\u00fcr Sanat Edebiyat Felsefe\",\"publisher\":{\"@id\":\"https:\/\/narteks.net\/#organization\"},\"alternateName\":\"K\u00fclt\u00fcr Sanat Edebiyat Felsefe\",\"potentialAction\":[{\"@type\":\"SearchAction\",\"target\":{\"@type\":\"EntryPoint\",\"urlTemplate\":\"https:\/\/narteks.net\/?s={search_term_string}\"},\"query-input\":{\"@type\":\"PropertyValueSpecification\",\"valueRequired\":true,\"valueName\":\"search_term_string\"}}],\"inLanguage\":\"tr\"},{\"@type\":\"Organization\",\"@id\":\"https:\/\/narteks.net\/#organization\",\"name\":\"narteks.net\",\"url\":\"https:\/\/narteks.net\/\",\"logo\":{\"@type\":\"ImageObject\",\"inLanguage\":\"tr\",\"@id\":\"https:\/\/narteks.net\/#\/schema\/logo\/image\/\",\"url\":\"https:\/\/narteks.net\/wp-content\/uploads\/narteks.png\",\"contentUrl\":\"https:\/\/narteks.net\/wp-content\/uploads\/narteks.png\",\"width\":300,\"height\":90,\"caption\":\"narteks.net\"},\"image\":{\"@id\":\"https:\/\/narteks.net\/#\/schema\/logo\/image\/\"},\"sameAs\":[\"https:\/\/x.com\/narteks\",\"https:\/\/instagram.com\/narteksnet\"]},{\"@type\":\"Person\",\"@id\":\"https:\/\/narteks.net\/#\/schema\/person\/61f37d9834294b72d31d274e7ed79bca\",\"name\":\"Tar\u0131k\",\"image\":{\"@type\":\"ImageObject\",\"inLanguage\":\"tr\",\"@id\":\"https:\/\/narteks.net\/#\/schema\/person\/image\/\",\"url\":\"https:\/\/secure.gravatar.com\/avatar\/50865afb55632c4ae467e0af0930f6510aa2297d8014be502a55b14f3b7550cf?s=96&d=mm&r=g\",\"contentUrl\":\"https:\/\/secure.gravatar.com\/avatar\/50865afb55632c4ae467e0af0930f6510aa2297d8014be502a55b14f3b7550cf?s=96&d=mm&r=g\",\"caption\":\"Tar\u0131k\"},\"sameAs\":[\"http:\/\/narteks.net\"],\"url\":\"https:\/\/narteks.net\/index.php\/author\/narbak\/\"}]}<\/script>\n<!-- \/ Yoast SEO Premium plugin. -->","yoast_head_json":{"title":"NEYD\u0130 O B\u0130R ZAMANLAR - narteks.net","robots":{"index":"index","follow":"follow","max-snippet":"max-snippet:-1","max-image-preview":"max-image-preview:large","max-video-preview":"max-video-preview:-1"},"canonical":"https:\/\/narteks.net\/index.php\/2009\/12\/04\/neydi-o-bir-zamanlar\/","og_locale":"tr_TR","og_type":"article","og_title":"NEYD\u0130 O B\u0130R ZAMANLAR","og_description":"\u00a0 istanbul ve sen \/ neydi o bir zamanlar sanki gen\u00e7li\u011fime do\u011fru ya\u015flan\u0131yordum \u00e7engelk\u00f6y&#8217;de yaz unutulmaz erguvanlar hangi yan\u0131ma d\u00f6nsem seni bulurdum i\u00e7imdeki lamban\u0131n k\u0131r\u0131ld\u0131\u011f\u0131 anlar istanbul ve sen \/ s\u0131r\u0131ls\u0131klam ya\u015fananlar yanard\u00f6ner bir ayna yeniden ruhum \u00e7engelk\u00f6y&#8217;de yaz unutulmaz erguvanlar g\u00f6zlerinin sisinde sevdal\u0131 bir yolcuyum hayal meyal gemiler dumanl\u0131 ilkbahar istanbul ve sen \/ [&hellip;]","og_url":"https:\/\/narteks.net\/index.php\/2009\/12\/04\/neydi-o-bir-zamanlar\/","og_site_name":"narteks.net","article_published_time":"2009-12-04T15:28:00+00:00","og_image":[{"width":300,"height":90,"url":"https:\/\/narteks.net\/wp-content\/uploads\/narteks.png","type":"image\/png"}],"author":"Tar\u0131k","twitter_card":"summary_large_image","twitter_creator":"@narteks","twitter_site":"@narteks","twitter_misc":{"Yazan:":"Tar\u0131k","Tahmini okuma s\u00fcresi":"1 dakika"},"schema":{"@context":"https:\/\/schema.org","@graph":[{"@type":"Article","@id":"https:\/\/narteks.net\/index.php\/2009\/12\/04\/neydi-o-bir-zamanlar\/#article","isPartOf":{"@id":"https:\/\/narteks.net\/index.php\/2009\/12\/04\/neydi-o-bir-zamanlar\/"},"author":{"name":"Tar\u0131k","@id":"https:\/\/narteks.net\/#\/schema\/person\/61f37d9834294b72d31d274e7ed79bca"},"headline":"NEYD\u0130 O B\u0130R ZAMANLAR","datePublished":"2009-12-04T15:28:00+00:00","mainEntityOfPage":{"@id":"https:\/\/narteks.net\/index.php\/2009\/12\/04\/neydi-o-bir-zamanlar\/"},"wordCount":111,"commentCount":0,"publisher":{"@id":"https:\/\/narteks.net\/#organization"},"articleSection":["Attila ILHAN"],"inLanguage":"tr","potentialAction":[{"@type":"CommentAction","name":"Comment","target":["https:\/\/narteks.net\/index.php\/2009\/12\/04\/neydi-o-bir-zamanlar\/#respond"]}]},{"@type":"WebPage","@id":"https:\/\/narteks.net\/index.php\/2009\/12\/04\/neydi-o-bir-zamanlar\/","url":"https:\/\/narteks.net\/index.php\/2009\/12\/04\/neydi-o-bir-zamanlar\/","name":"NEYD\u0130 O B\u0130R ZAMANLAR - narteks.net","isPartOf":{"@id":"https:\/\/narteks.net\/#website"},"datePublished":"2009-12-04T15:28:00+00:00","breadcrumb":{"@id":"https:\/\/narteks.net\/index.php\/2009\/12\/04\/neydi-o-bir-zamanlar\/#breadcrumb"},"inLanguage":"tr","potentialAction":[{"@type":"ReadAction","target":["https:\/\/narteks.net\/index.php\/2009\/12\/04\/neydi-o-bir-zamanlar\/"]}]},{"@type":"BreadcrumbList","@id":"https:\/\/narteks.net\/index.php\/2009\/12\/04\/neydi-o-bir-zamanlar\/#breadcrumb","itemListElement":[{"@type":"ListItem","position":1,"name":"Anasayfa","item":"https:\/\/narteks.net\/"},{"@type":"ListItem","position":2,"name":"NEYD\u0130 O B\u0130R ZAMANLAR"}]},{"@type":"WebSite","@id":"https:\/\/narteks.net\/#website","url":"https:\/\/narteks.net\/","name":"narteks.net","description":"K\u00fclt\u00fcr Sanat Edebiyat Felsefe","publisher":{"@id":"https:\/\/narteks.net\/#organization"},"alternateName":"K\u00fclt\u00fcr Sanat Edebiyat Felsefe","potentialAction":[{"@type":"SearchAction","target":{"@type":"EntryPoint","urlTemplate":"https:\/\/narteks.net\/?s={search_term_string}"},"query-input":{"@type":"PropertyValueSpecification","valueRequired":true,"valueName":"search_term_string"}}],"inLanguage":"tr"},{"@type":"Organization","@id":"https:\/\/narteks.net\/#organization","name":"narteks.net","url":"https:\/\/narteks.net\/","logo":{"@type":"ImageObject","inLanguage":"tr","@id":"https:\/\/narteks.net\/#\/schema\/logo\/image\/","url":"https:\/\/narteks.net\/wp-content\/uploads\/narteks.png","contentUrl":"https:\/\/narteks.net\/wp-content\/uploads\/narteks.png","width":300,"height":90,"caption":"narteks.net"},"image":{"@id":"https:\/\/narteks.net\/#\/schema\/logo\/image\/"},"sameAs":["https:\/\/x.com\/narteks","https:\/\/instagram.com\/narteksnet"]},{"@type":"Person","@id":"https:\/\/narteks.net\/#\/schema\/person\/61f37d9834294b72d31d274e7ed79bca","name":"Tar\u0131k","image":{"@type":"ImageObject","inLanguage":"tr","@id":"https:\/\/narteks.net\/#\/schema\/person\/image\/","url":"https:\/\/secure.gravatar.com\/avatar\/50865afb55632c4ae467e0af0930f6510aa2297d8014be502a55b14f3b7550cf?s=96&d=mm&r=g","contentUrl":"https:\/\/secure.gravatar.com\/avatar\/50865afb55632c4ae467e0af0930f6510aa2297d8014be502a55b14f3b7550cf?s=96&d=mm&r=g","caption":"Tar\u0131k"},"sameAs":["http:\/\/narteks.net"],"url":"https:\/\/narteks.net\/index.php\/author\/narbak\/"}]}},"_links":{"self":[{"href":"https:\/\/narteks.net\/index.php\/wp-json\/wp\/v2\/posts\/1999","targetHints":{"allow":["GET"]}}],"collection":[{"href":"https:\/\/narteks.net\/index.php\/wp-json\/wp\/v2\/posts"}],"about":[{"href":"https:\/\/narteks.net\/index.php\/wp-json\/wp\/v2\/types\/post"}],"author":[{"embeddable":true,"href":"https:\/\/narteks.net\/index.php\/wp-json\/wp\/v2\/users\/1"}],"replies":[{"embeddable":true,"href":"https:\/\/narteks.net\/index.php\/wp-json\/wp\/v2\/comments?post=1999"}],"version-history":[{"count":0,"href":"https:\/\/narteks.net\/index.php\/wp-json\/wp\/v2\/posts\/1999\/revisions"}],"wp:attachment":[{"href":"https:\/\/narteks.net\/index.php\/wp-json\/wp\/v2\/media?parent=1999"}],"wp:term":[{"taxonomy":"category","embeddable":true,"href":"https:\/\/narteks.net\/index.php\/wp-json\/wp\/v2\/categories?post=1999"},{"taxonomy":"post_tag","embeddable":true,"href":"https:\/\/narteks.net\/index.php\/wp-json\/wp\/v2\/tags?post=1999"}],"curies":[{"name":"wp","href":"https:\/\/api.w.org\/{rel}","templated":true}]}}