{"id":20,"date":"2009-02-27T13:18:20","date_gmt":"2009-02-27T10:18:20","guid":{"rendered":"http:\/\/localhost\/wordpress\/2009\/02\/27\/kirlara-bahar-yetmiyor\/"},"modified":"2009-02-27T13:18:20","modified_gmt":"2009-02-27T10:18:20","slug":"kirlara-bahar-yetmiyor","status":"publish","type":"post","link":"https:\/\/narteks.net\/index.php\/2009\/02\/27\/kirlara-bahar-yetmiyor\/","title":{"rendered":"KIRLARA BAHAR YETMIYOR"},"content":{"rendered":"<p>\u00a0<\/p>\n<p><span>Herkes kendince seviyor bahar\u0131 <br \/> Kimi ufuklarda ya\u015fam\u0131 kar\u015f\u0131l\u0131yor <br \/> Kimi bak\u0131\u015flarda yeni ba\u015flayan a\u015fklar\u0131 <br \/> Ey yasa b\u00fcr\u00fcnen may\u0131s sabahlar\u0131 <br \/> Kimler onar\u0131yor \u015fimdi <br \/> Dallarda da\u011f\u0131lan ku\u015fsuz yuvalar\u0131 <\/p>\n<p> Yapraklar \u00fcst\u00fcnde yanan g\u00f6zya\u015flar\u0131 <br \/> Tutulan yas\u0131n gizli s\u00f6zleri <br \/> Damlalar <br \/> Yine tan vakti analar m\u0131 a\u011fl\u0131yor <\/p>\n<p> Ben bu baharlara bahar diyemem <br \/> Dersem \u015fivan d\u00fc\u015fer bah\u00e7elere <br \/> Nerde ya\u015fam\u0131n o fidan co\u015fkular\u0131 <br \/> A\u015fk\u0131n gelincik yang\u0131nlar\u0131 sevgiler <br \/> K\u0131rlara bahar yetmiyor ne yapsak <br \/> Kara haberlerle soluyor g\u00fcller <\/p>\n<p> Kim kimden al\u0131n\u0131yor bu topraklarda <br \/> Bu topraksa tohumu biz <br \/> Her bahar boy verip ye\u015fermi\u015fiz <br \/> \u015eu \u00e7i\u00e7eklerse g\u00f6zlerimiz <br \/> Gizli gizli a\u00e7\u0131l\u0131p sevinmi\u015fiz <br \/> Siz bu sevinmeyi ya\u015fayabilir misiniz <br \/> Gelece\u011fi besleyen eme\u011fin sabr\u0131n\u0131 <br \/> Bir suyun ak\u0131\u015f\u0131nda bulabilir misiniz <br \/> Ve karanl\u0131\u011f\u0131n ihanetine kar\u015f\u0131 <br \/> Tetikte n\u00f6bet\u00e7i b\u00fct\u00fcn sabahlar\u0131 <br \/> \u00d6l\u00fcrcesine sevebilir misiniz <br \/> Siz bu sevday\u0131 \u00f6ld\u00fcrebilir misiniz <\/span><\/p>\n<p>ADNAN Y\u00dcCEL<\/p>\n","protected":false},"excerpt":{"rendered":"<p>\u00a0 Herkes kendince seviyor bahar\u0131 Kimi ufuklarda ya\u015fam\u0131 kar\u015f\u0131l\u0131yor Kimi bak\u0131\u015flarda yeni ba\u015flayan a\u015fklar\u0131 Ey yasa b\u00fcr\u00fcnen may\u0131s sabahlar\u0131 Kimler onar\u0131yor \u015fimdi Dallarda da\u011f\u0131lan ku\u015fsuz yuvalar\u0131 Yapraklar \u00fcst\u00fcnde yanan g\u00f6zya\u015flar\u0131 Tutulan yas\u0131n gizli s\u00f6zleri Damlalar Yine tan vakti analar m\u0131 a\u011fl\u0131yor Ben bu baharlara bahar diyemem Dersem \u015fivan d\u00fc\u015fer bah\u00e7elere Nerde ya\u015fam\u0131n o fidan co\u015fkular\u0131 [&hellip;]<\/p>\n","protected":false},"author":1,"featured_media":0,"comment_status":"open","ping_status":"open","sticky":false,"template":"","format":"standard","meta":{"footnotes":""},"categories":[3],"tags":[],"class_list":{"0":"post-20","1":"post","2":"type-post","3":"status-publish","4":"format-standard","6":"category-adnan-yucel"},"yoast_head":"<!-- This site is optimized with the Yoast SEO Premium plugin v24.9 (Yoast SEO v24.9) - https:\/\/yoast.com\/wordpress\/plugins\/seo\/ -->\n<title>KIRLARA BAHAR YETMIYOR - narteks.net<\/title>\n<meta name=\"robots\" content=\"index, follow, max-snippet:-1, max-image-preview:large, max-video-preview:-1\" \/>\n<link rel=\"canonical\" href=\"https:\/\/narteks.net\/index.php\/2009\/02\/27\/kirlara-bahar-yetmiyor\/\" \/>\n<meta property=\"og:locale\" content=\"tr_TR\" \/>\n<meta property=\"og:type\" content=\"article\" \/>\n<meta property=\"og:title\" content=\"KIRLARA BAHAR YETMIYOR\" \/>\n<meta property=\"og:description\" content=\"\u00a0 Herkes kendince seviyor bahar\u0131 Kimi ufuklarda ya\u015fam\u0131 kar\u015f\u0131l\u0131yor Kimi bak\u0131\u015flarda yeni ba\u015flayan a\u015fklar\u0131 Ey yasa b\u00fcr\u00fcnen may\u0131s sabahlar\u0131 Kimler onar\u0131yor \u015fimdi Dallarda da\u011f\u0131lan ku\u015fsuz yuvalar\u0131 Yapraklar \u00fcst\u00fcnde yanan g\u00f6zya\u015flar\u0131 Tutulan yas\u0131n gizli s\u00f6zleri Damlalar Yine tan vakti analar m\u0131 a\u011fl\u0131yor Ben bu baharlara bahar diyemem Dersem \u015fivan d\u00fc\u015fer bah\u00e7elere Nerde ya\u015fam\u0131n o fidan co\u015fkular\u0131 [&hellip;]\" \/>\n<meta property=\"og:url\" content=\"https:\/\/narteks.net\/index.php\/2009\/02\/27\/kirlara-bahar-yetmiyor\/\" \/>\n<meta property=\"og:site_name\" content=\"narteks.net\" \/>\n<meta property=\"article:published_time\" content=\"2009-02-27T10:18:20+00:00\" \/>\n<meta property=\"og:image\" content=\"https:\/\/narteks.net\/wp-content\/uploads\/narteks.png\" \/>\n\t<meta property=\"og:image:width\" content=\"300\" \/>\n\t<meta property=\"og:image:height\" content=\"90\" \/>\n\t<meta property=\"og:image:type\" content=\"image\/png\" \/>\n<meta name=\"author\" content=\"Tar\u0131k\" \/>\n<meta name=\"twitter:card\" content=\"summary_large_image\" \/>\n<meta name=\"twitter:creator\" content=\"@narteks\" \/>\n<meta name=\"twitter:site\" content=\"@narteks\" \/>\n<meta name=\"twitter:label1\" content=\"Yazan:\" \/>\n\t<meta name=\"twitter:data1\" content=\"Tar\u0131k\" \/>\n\t<meta name=\"twitter:label2\" content=\"Tahmini okuma s\u00fcresi\" \/>\n\t<meta name=\"twitter:data2\" content=\"1 dakika\" \/>\n<script type=\"application\/ld+json\" class=\"yoast-schema-graph\">{\"@context\":\"https:\/\/schema.org\",\"@graph\":[{\"@type\":\"Article\",\"@id\":\"https:\/\/narteks.net\/index.php\/2009\/02\/27\/kirlara-bahar-yetmiyor\/#article\",\"isPartOf\":{\"@id\":\"https:\/\/narteks.net\/index.php\/2009\/02\/27\/kirlara-bahar-yetmiyor\/\"},\"author\":{\"name\":\"Tar\u0131k\",\"@id\":\"https:\/\/narteks.net\/#\/schema\/person\/61f37d9834294b72d31d274e7ed79bca\"},\"headline\":\"KIRLARA BAHAR YETMIYOR\",\"datePublished\":\"2009-02-27T10:18:20+00:00\",\"mainEntityOfPage\":{\"@id\":\"https:\/\/narteks.net\/index.php\/2009\/02\/27\/kirlara-bahar-yetmiyor\/\"},\"wordCount\":174,\"commentCount\":0,\"publisher\":{\"@id\":\"https:\/\/narteks.net\/#organization\"},\"articleSection\":[\"Adnan Y\u00dcCEL\"],\"inLanguage\":\"tr\",\"potentialAction\":[{\"@type\":\"CommentAction\",\"name\":\"Comment\",\"target\":[\"https:\/\/narteks.net\/index.php\/2009\/02\/27\/kirlara-bahar-yetmiyor\/#respond\"]}]},{\"@type\":\"WebPage\",\"@id\":\"https:\/\/narteks.net\/index.php\/2009\/02\/27\/kirlara-bahar-yetmiyor\/\",\"url\":\"https:\/\/narteks.net\/index.php\/2009\/02\/27\/kirlara-bahar-yetmiyor\/\",\"name\":\"KIRLARA BAHAR YETMIYOR - narteks.net\",\"isPartOf\":{\"@id\":\"https:\/\/narteks.net\/#website\"},\"datePublished\":\"2009-02-27T10:18:20+00:00\",\"breadcrumb\":{\"@id\":\"https:\/\/narteks.net\/index.php\/2009\/02\/27\/kirlara-bahar-yetmiyor\/#breadcrumb\"},\"inLanguage\":\"tr\",\"potentialAction\":[{\"@type\":\"ReadAction\",\"target\":[\"https:\/\/narteks.net\/index.php\/2009\/02\/27\/kirlara-bahar-yetmiyor\/\"]}]},{\"@type\":\"BreadcrumbList\",\"@id\":\"https:\/\/narteks.net\/index.php\/2009\/02\/27\/kirlara-bahar-yetmiyor\/#breadcrumb\",\"itemListElement\":[{\"@type\":\"ListItem\",\"position\":1,\"name\":\"Anasayfa\",\"item\":\"https:\/\/narteks.net\/\"},{\"@type\":\"ListItem\",\"position\":2,\"name\":\"KIRLARA BAHAR YETMIYOR\"}]},{\"@type\":\"WebSite\",\"@id\":\"https:\/\/narteks.net\/#website\",\"url\":\"https:\/\/narteks.net\/\",\"name\":\"narteks.net\",\"description\":\"K\u00fclt\u00fcr Sanat Edebiyat Felsefe\",\"publisher\":{\"@id\":\"https:\/\/narteks.net\/#organization\"},\"alternateName\":\"K\u00fclt\u00fcr Sanat Edebiyat Felsefe\",\"potentialAction\":[{\"@type\":\"SearchAction\",\"target\":{\"@type\":\"EntryPoint\",\"urlTemplate\":\"https:\/\/narteks.net\/?s={search_term_string}\"},\"query-input\":{\"@type\":\"PropertyValueSpecification\",\"valueRequired\":true,\"valueName\":\"search_term_string\"}}],\"inLanguage\":\"tr\"},{\"@type\":\"Organization\",\"@id\":\"https:\/\/narteks.net\/#organization\",\"name\":\"narteks.net\",\"url\":\"https:\/\/narteks.net\/\",\"logo\":{\"@type\":\"ImageObject\",\"inLanguage\":\"tr\",\"@id\":\"https:\/\/narteks.net\/#\/schema\/logo\/image\/\",\"url\":\"https:\/\/narteks.net\/wp-content\/uploads\/narteks.png\",\"contentUrl\":\"https:\/\/narteks.net\/wp-content\/uploads\/narteks.png\",\"width\":300,\"height\":90,\"caption\":\"narteks.net\"},\"image\":{\"@id\":\"https:\/\/narteks.net\/#\/schema\/logo\/image\/\"},\"sameAs\":[\"https:\/\/x.com\/narteks\",\"https:\/\/instagram.com\/narteksnet\"]},{\"@type\":\"Person\",\"@id\":\"https:\/\/narteks.net\/#\/schema\/person\/61f37d9834294b72d31d274e7ed79bca\",\"name\":\"Tar\u0131k\",\"image\":{\"@type\":\"ImageObject\",\"inLanguage\":\"tr\",\"@id\":\"https:\/\/narteks.net\/#\/schema\/person\/image\/\",\"url\":\"https:\/\/secure.gravatar.com\/avatar\/50865afb55632c4ae467e0af0930f6510aa2297d8014be502a55b14f3b7550cf?s=96&d=mm&r=g\",\"contentUrl\":\"https:\/\/secure.gravatar.com\/avatar\/50865afb55632c4ae467e0af0930f6510aa2297d8014be502a55b14f3b7550cf?s=96&d=mm&r=g\",\"caption\":\"Tar\u0131k\"},\"sameAs\":[\"http:\/\/narteks.net\"],\"url\":\"https:\/\/narteks.net\/index.php\/author\/narbak\/\"}]}<\/script>\n<!-- \/ Yoast SEO Premium plugin. -->","yoast_head_json":{"title":"KIRLARA BAHAR YETMIYOR - narteks.net","robots":{"index":"index","follow":"follow","max-snippet":"max-snippet:-1","max-image-preview":"max-image-preview:large","max-video-preview":"max-video-preview:-1"},"canonical":"https:\/\/narteks.net\/index.php\/2009\/02\/27\/kirlara-bahar-yetmiyor\/","og_locale":"tr_TR","og_type":"article","og_title":"KIRLARA BAHAR YETMIYOR","og_description":"\u00a0 Herkes kendince seviyor bahar\u0131 Kimi ufuklarda ya\u015fam\u0131 kar\u015f\u0131l\u0131yor Kimi bak\u0131\u015flarda yeni ba\u015flayan a\u015fklar\u0131 Ey yasa b\u00fcr\u00fcnen may\u0131s sabahlar\u0131 Kimler onar\u0131yor \u015fimdi Dallarda da\u011f\u0131lan ku\u015fsuz yuvalar\u0131 Yapraklar \u00fcst\u00fcnde yanan g\u00f6zya\u015flar\u0131 Tutulan yas\u0131n gizli s\u00f6zleri Damlalar Yine tan vakti analar m\u0131 a\u011fl\u0131yor Ben bu baharlara bahar diyemem Dersem \u015fivan d\u00fc\u015fer bah\u00e7elere Nerde ya\u015fam\u0131n o fidan co\u015fkular\u0131 [&hellip;]","og_url":"https:\/\/narteks.net\/index.php\/2009\/02\/27\/kirlara-bahar-yetmiyor\/","og_site_name":"narteks.net","article_published_time":"2009-02-27T10:18:20+00:00","og_image":[{"width":300,"height":90,"url":"https:\/\/narteks.net\/wp-content\/uploads\/narteks.png","type":"image\/png"}],"author":"Tar\u0131k","twitter_card":"summary_large_image","twitter_creator":"@narteks","twitter_site":"@narteks","twitter_misc":{"Yazan:":"Tar\u0131k","Tahmini okuma s\u00fcresi":"1 dakika"},"schema":{"@context":"https:\/\/schema.org","@graph":[{"@type":"Article","@id":"https:\/\/narteks.net\/index.php\/2009\/02\/27\/kirlara-bahar-yetmiyor\/#article","isPartOf":{"@id":"https:\/\/narteks.net\/index.php\/2009\/02\/27\/kirlara-bahar-yetmiyor\/"},"author":{"name":"Tar\u0131k","@id":"https:\/\/narteks.net\/#\/schema\/person\/61f37d9834294b72d31d274e7ed79bca"},"headline":"KIRLARA BAHAR YETMIYOR","datePublished":"2009-02-27T10:18:20+00:00","mainEntityOfPage":{"@id":"https:\/\/narteks.net\/index.php\/2009\/02\/27\/kirlara-bahar-yetmiyor\/"},"wordCount":174,"commentCount":0,"publisher":{"@id":"https:\/\/narteks.net\/#organization"},"articleSection":["Adnan Y\u00dcCEL"],"inLanguage":"tr","potentialAction":[{"@type":"CommentAction","name":"Comment","target":["https:\/\/narteks.net\/index.php\/2009\/02\/27\/kirlara-bahar-yetmiyor\/#respond"]}]},{"@type":"WebPage","@id":"https:\/\/narteks.net\/index.php\/2009\/02\/27\/kirlara-bahar-yetmiyor\/","url":"https:\/\/narteks.net\/index.php\/2009\/02\/27\/kirlara-bahar-yetmiyor\/","name":"KIRLARA BAHAR YETMIYOR - narteks.net","isPartOf":{"@id":"https:\/\/narteks.net\/#website"},"datePublished":"2009-02-27T10:18:20+00:00","breadcrumb":{"@id":"https:\/\/narteks.net\/index.php\/2009\/02\/27\/kirlara-bahar-yetmiyor\/#breadcrumb"},"inLanguage":"tr","potentialAction":[{"@type":"ReadAction","target":["https:\/\/narteks.net\/index.php\/2009\/02\/27\/kirlara-bahar-yetmiyor\/"]}]},{"@type":"BreadcrumbList","@id":"https:\/\/narteks.net\/index.php\/2009\/02\/27\/kirlara-bahar-yetmiyor\/#breadcrumb","itemListElement":[{"@type":"ListItem","position":1,"name":"Anasayfa","item":"https:\/\/narteks.net\/"},{"@type":"ListItem","position":2,"name":"KIRLARA BAHAR YETMIYOR"}]},{"@type":"WebSite","@id":"https:\/\/narteks.net\/#website","url":"https:\/\/narteks.net\/","name":"narteks.net","description":"K\u00fclt\u00fcr Sanat Edebiyat Felsefe","publisher":{"@id":"https:\/\/narteks.net\/#organization"},"alternateName":"K\u00fclt\u00fcr Sanat Edebiyat Felsefe","potentialAction":[{"@type":"SearchAction","target":{"@type":"EntryPoint","urlTemplate":"https:\/\/narteks.net\/?s={search_term_string}"},"query-input":{"@type":"PropertyValueSpecification","valueRequired":true,"valueName":"search_term_string"}}],"inLanguage":"tr"},{"@type":"Organization","@id":"https:\/\/narteks.net\/#organization","name":"narteks.net","url":"https:\/\/narteks.net\/","logo":{"@type":"ImageObject","inLanguage":"tr","@id":"https:\/\/narteks.net\/#\/schema\/logo\/image\/","url":"https:\/\/narteks.net\/wp-content\/uploads\/narteks.png","contentUrl":"https:\/\/narteks.net\/wp-content\/uploads\/narteks.png","width":300,"height":90,"caption":"narteks.net"},"image":{"@id":"https:\/\/narteks.net\/#\/schema\/logo\/image\/"},"sameAs":["https:\/\/x.com\/narteks","https:\/\/instagram.com\/narteksnet"]},{"@type":"Person","@id":"https:\/\/narteks.net\/#\/schema\/person\/61f37d9834294b72d31d274e7ed79bca","name":"Tar\u0131k","image":{"@type":"ImageObject","inLanguage":"tr","@id":"https:\/\/narteks.net\/#\/schema\/person\/image\/","url":"https:\/\/secure.gravatar.com\/avatar\/50865afb55632c4ae467e0af0930f6510aa2297d8014be502a55b14f3b7550cf?s=96&d=mm&r=g","contentUrl":"https:\/\/secure.gravatar.com\/avatar\/50865afb55632c4ae467e0af0930f6510aa2297d8014be502a55b14f3b7550cf?s=96&d=mm&r=g","caption":"Tar\u0131k"},"sameAs":["http:\/\/narteks.net"],"url":"https:\/\/narteks.net\/index.php\/author\/narbak\/"}]}},"_links":{"self":[{"href":"https:\/\/narteks.net\/index.php\/wp-json\/wp\/v2\/posts\/20","targetHints":{"allow":["GET"]}}],"collection":[{"href":"https:\/\/narteks.net\/index.php\/wp-json\/wp\/v2\/posts"}],"about":[{"href":"https:\/\/narteks.net\/index.php\/wp-json\/wp\/v2\/types\/post"}],"author":[{"embeddable":true,"href":"https:\/\/narteks.net\/index.php\/wp-json\/wp\/v2\/users\/1"}],"replies":[{"embeddable":true,"href":"https:\/\/narteks.net\/index.php\/wp-json\/wp\/v2\/comments?post=20"}],"version-history":[{"count":0,"href":"https:\/\/narteks.net\/index.php\/wp-json\/wp\/v2\/posts\/20\/revisions"}],"wp:attachment":[{"href":"https:\/\/narteks.net\/index.php\/wp-json\/wp\/v2\/media?parent=20"}],"wp:term":[{"taxonomy":"category","embeddable":true,"href":"https:\/\/narteks.net\/index.php\/wp-json\/wp\/v2\/categories?post=20"},{"taxonomy":"post_tag","embeddable":true,"href":"https:\/\/narteks.net\/index.php\/wp-json\/wp\/v2\/tags?post=20"}],"curies":[{"name":"wp","href":"https:\/\/api.w.org\/{rel}","templated":true}]}}