{"id":200,"date":"2009-02-27T16:55:56","date_gmt":"2009-02-27T13:55:56","guid":{"rendered":"http:\/\/localhost\/wordpress\/2009\/02\/27\/sevdali-sozcukler\/"},"modified":"2009-02-27T16:55:56","modified_gmt":"2009-02-27T13:55:56","slug":"sevdali-sozcukler","status":"publish","type":"post","link":"https:\/\/narteks.net\/index.php\/2009\/02\/27\/sevdali-sozcukler\/","title":{"rendered":"SEVDALI S\u00d6ZC\u00dcKLER"},"content":{"rendered":"<p>\u00a0<\/p>\n<p>Beni tan\u0131mad\u0131n m\u0131 dedi<br \/>Bir s\u00f6zc\u00fck bir s\u00f6zc\u00fc\u011fe<br \/>\u00c7evir zaman\u0131n sayfalar\u0131n\u0131<br \/>Belle\u011fini iyi yokla<br \/>\u0130yi bak g\u00f6zlerimin i\u00e7ine<br \/>An\u0131lar dev\u015fir y\u00fcz\u00fcmden<\/p>\n<p>Bir ya\u011fmur sonras\u0131yd\u0131<br \/>Yan yana d\u00fc\u015fm\u00fc\u015ft\u00fck hani<br \/>Bir \u015fiirin ilk dizesinde<br \/>G\u00f6z g\u00f6ze gelmi\u015ftik birden<br \/>Bir \u015fey k\u0131m\u0131ldam\u0131\u015ft\u0131 i\u00e7imizde<br \/>Sonra s\u00fcr\u00fclm\u00fc\u015ft\u00fck \u015fiirden<br \/>\u0130zinsiz \u00f6p\u00fc\u015ft\u00fck diye<\/p>\n<p>An\u0131msad\u0131m dedi \u00f6b\u00fcr\u00fc<br \/>Elin elime de\u011fince<br \/>Bindim sevdan\u0131n mor at\u0131na<br \/>Gittim ta eski g\u00fcnlere<br \/>K\u00fc\u00e7\u00fcld\u00fck\u00e7e b\u00fcy\u00fcd\u00fc h\u00fcz\u00fcn<br \/>Ad\u0131n\u0131 bilmedi\u011fim bir \u015fey<br \/>\u00c7\u0131t diye k\u0131r\u0131ld\u0131 i\u00e7imde<\/p>\n<p>Ne ac\u0131lar \u00e7ektim bilsen<br \/>Nelere katland\u0131m gurbette<br \/>Senetlere tutanaklara<br \/>Mahkeme kararlar\u0131na ge\u00e7tim<br \/>Y\u0131llarca ad oldum bir k\u00f6t\u00fcye<br \/>Bir an bile unutmad\u0131m seni<br \/>G\u00f6z g\u00f6ze gelmedim hi\u00e7<br \/>Senden ba\u015fka bir s\u00f6zc\u00fckle<\/p>\n<p>Sesin sesime de\u011fince<br \/>\u0130\u00e7imdeki s\u00fct denizleri<br \/>K\u00f6p\u00fcrmeye ba\u015flad\u0131 gene<br \/>\u00d6p\u00fc\u015fe ban\u0131nca dudaklar\u0131m\u0131z\u0131<br \/>Kendi kokusunu duydu yosun<br \/>\u015eiirin gizli aynas\u0131nda<br \/>Kendi rengini g\u00f6rd\u00fc menek\u015fe<\/p>\n<p>Haydi gel dedi<br \/>Di\u015fi s\u00f6zc\u00fck erkek s\u00f6zc\u00fc\u011fe<br \/>Ba\u015fka bir \u015fiire girelim<br \/>G\u00f6r\u00fcnmeden ozan abiye<\/p>\n<p>AL\u0130 Y\u00dcCE<\/p>\n","protected":false},"excerpt":{"rendered":"<p>\u00a0 Beni tan\u0131mad\u0131n m\u0131 dediBir s\u00f6zc\u00fck bir s\u00f6zc\u00fc\u011fe\u00c7evir zaman\u0131n sayfalar\u0131n\u0131Belle\u011fini iyi yokla\u0130yi bak g\u00f6zlerimin i\u00e7ineAn\u0131lar dev\u015fir y\u00fcz\u00fcmden Bir ya\u011fmur sonras\u0131yd\u0131Yan yana d\u00fc\u015fm\u00fc\u015ft\u00fck haniBir \u015fiirin ilk dizesindeG\u00f6z g\u00f6ze gelmi\u015ftik birdenBir \u015fey k\u0131m\u0131ldam\u0131\u015ft\u0131 i\u00e7imizdeSonra s\u00fcr\u00fclm\u00fc\u015ft\u00fck \u015fiirden\u0130zinsiz \u00f6p\u00fc\u015ft\u00fck diye An\u0131msad\u0131m dedi \u00f6b\u00fcr\u00fcElin elime de\u011finceBindim sevdan\u0131n mor at\u0131naGittim ta eski g\u00fcnlereK\u00fc\u00e7\u00fcld\u00fck\u00e7e b\u00fcy\u00fcd\u00fc h\u00fcz\u00fcnAd\u0131n\u0131 bilmedi\u011fim bir \u015fey\u00c7\u0131t diye k\u0131r\u0131ld\u0131 i\u00e7imde [&hellip;]<\/p>\n","protected":false},"author":1,"featured_media":0,"comment_status":"open","ping_status":"open","sticky":false,"template":"","format":"standard","meta":{"footnotes":""},"categories":[4],"tags":[],"class_list":{"0":"post-200","1":"post","2":"type-post","3":"status-publish","4":"format-standard","6":"category-ali-yuce"},"yoast_head":"<!-- This site is optimized with the Yoast SEO Premium plugin v24.9 (Yoast SEO v24.9) - https:\/\/yoast.com\/wordpress\/plugins\/seo\/ -->\n<title>SEVDALI S\u00d6ZC\u00dcKLER - narteks.net<\/title>\n<meta name=\"robots\" content=\"index, follow, max-snippet:-1, max-image-preview:large, max-video-preview:-1\" \/>\n<link rel=\"canonical\" href=\"https:\/\/narteks.net\/index.php\/2009\/02\/27\/sevdali-sozcukler\/\" \/>\n<meta property=\"og:locale\" content=\"tr_TR\" \/>\n<meta property=\"og:type\" content=\"article\" \/>\n<meta property=\"og:title\" content=\"SEVDALI S\u00d6ZC\u00dcKLER\" \/>\n<meta property=\"og:description\" content=\"\u00a0 Beni tan\u0131mad\u0131n m\u0131 dediBir s\u00f6zc\u00fck bir s\u00f6zc\u00fc\u011fe\u00c7evir zaman\u0131n sayfalar\u0131n\u0131Belle\u011fini iyi yokla\u0130yi bak g\u00f6zlerimin i\u00e7ineAn\u0131lar dev\u015fir y\u00fcz\u00fcmden Bir ya\u011fmur sonras\u0131yd\u0131Yan yana d\u00fc\u015fm\u00fc\u015ft\u00fck haniBir \u015fiirin ilk dizesindeG\u00f6z g\u00f6ze gelmi\u015ftik birdenBir \u015fey k\u0131m\u0131ldam\u0131\u015ft\u0131 i\u00e7imizdeSonra s\u00fcr\u00fclm\u00fc\u015ft\u00fck \u015fiirden\u0130zinsiz \u00f6p\u00fc\u015ft\u00fck diye An\u0131msad\u0131m dedi \u00f6b\u00fcr\u00fcElin elime de\u011finceBindim sevdan\u0131n mor at\u0131naGittim ta eski g\u00fcnlereK\u00fc\u00e7\u00fcld\u00fck\u00e7e b\u00fcy\u00fcd\u00fc h\u00fcz\u00fcnAd\u0131n\u0131 bilmedi\u011fim bir \u015fey\u00c7\u0131t diye k\u0131r\u0131ld\u0131 i\u00e7imde [&hellip;]\" \/>\n<meta property=\"og:url\" content=\"https:\/\/narteks.net\/index.php\/2009\/02\/27\/sevdali-sozcukler\/\" \/>\n<meta property=\"og:site_name\" content=\"narteks.net\" \/>\n<meta property=\"article:published_time\" content=\"2009-02-27T13:55:56+00:00\" \/>\n<meta property=\"og:image\" content=\"https:\/\/narteks.net\/wp-content\/uploads\/narteks.png\" \/>\n\t<meta property=\"og:image:width\" content=\"300\" \/>\n\t<meta property=\"og:image:height\" content=\"90\" \/>\n\t<meta property=\"og:image:type\" content=\"image\/png\" \/>\n<meta name=\"author\" content=\"Tar\u0131k\" \/>\n<meta name=\"twitter:card\" content=\"summary_large_image\" \/>\n<meta name=\"twitter:creator\" content=\"@narteks\" \/>\n<meta name=\"twitter:site\" content=\"@narteks\" \/>\n<meta name=\"twitter:label1\" content=\"Yazan:\" \/>\n\t<meta name=\"twitter:data1\" content=\"Tar\u0131k\" \/>\n\t<meta name=\"twitter:label2\" content=\"Tahmini okuma s\u00fcresi\" \/>\n\t<meta name=\"twitter:data2\" content=\"1 dakika\" \/>\n<script type=\"application\/ld+json\" class=\"yoast-schema-graph\">{\"@context\":\"https:\/\/schema.org\",\"@graph\":[{\"@type\":\"Article\",\"@id\":\"https:\/\/narteks.net\/index.php\/2009\/02\/27\/sevdali-sozcukler\/#article\",\"isPartOf\":{\"@id\":\"https:\/\/narteks.net\/index.php\/2009\/02\/27\/sevdali-sozcukler\/\"},\"author\":{\"name\":\"Tar\u0131k\",\"@id\":\"https:\/\/narteks.net\/#\/schema\/person\/61f37d9834294b72d31d274e7ed79bca\"},\"headline\":\"SEVDALI S\u00d6ZC\u00dcKLER\",\"datePublished\":\"2009-02-27T13:55:56+00:00\",\"mainEntityOfPage\":{\"@id\":\"https:\/\/narteks.net\/index.php\/2009\/02\/27\/sevdali-sozcukler\/\"},\"wordCount\":209,\"commentCount\":0,\"publisher\":{\"@id\":\"https:\/\/narteks.net\/#organization\"},\"articleSection\":[\"Ali Y\u00fcce\"],\"inLanguage\":\"tr\",\"potentialAction\":[{\"@type\":\"CommentAction\",\"name\":\"Comment\",\"target\":[\"https:\/\/narteks.net\/index.php\/2009\/02\/27\/sevdali-sozcukler\/#respond\"]}]},{\"@type\":\"WebPage\",\"@id\":\"https:\/\/narteks.net\/index.php\/2009\/02\/27\/sevdali-sozcukler\/\",\"url\":\"https:\/\/narteks.net\/index.php\/2009\/02\/27\/sevdali-sozcukler\/\",\"name\":\"SEVDALI S\u00d6ZC\u00dcKLER - narteks.net\",\"isPartOf\":{\"@id\":\"https:\/\/narteks.net\/#website\"},\"datePublished\":\"2009-02-27T13:55:56+00:00\",\"breadcrumb\":{\"@id\":\"https:\/\/narteks.net\/index.php\/2009\/02\/27\/sevdali-sozcukler\/#breadcrumb\"},\"inLanguage\":\"tr\",\"potentialAction\":[{\"@type\":\"ReadAction\",\"target\":[\"https:\/\/narteks.net\/index.php\/2009\/02\/27\/sevdali-sozcukler\/\"]}]},{\"@type\":\"BreadcrumbList\",\"@id\":\"https:\/\/narteks.net\/index.php\/2009\/02\/27\/sevdali-sozcukler\/#breadcrumb\",\"itemListElement\":[{\"@type\":\"ListItem\",\"position\":1,\"name\":\"Anasayfa\",\"item\":\"https:\/\/narteks.net\/\"},{\"@type\":\"ListItem\",\"position\":2,\"name\":\"SEVDALI S\u00d6ZC\u00dcKLER\"}]},{\"@type\":\"WebSite\",\"@id\":\"https:\/\/narteks.net\/#website\",\"url\":\"https:\/\/narteks.net\/\",\"name\":\"narteks.net\",\"description\":\"K\u00fclt\u00fcr Sanat Edebiyat Felsefe\",\"publisher\":{\"@id\":\"https:\/\/narteks.net\/#organization\"},\"alternateName\":\"K\u00fclt\u00fcr Sanat Edebiyat Felsefe\",\"potentialAction\":[{\"@type\":\"SearchAction\",\"target\":{\"@type\":\"EntryPoint\",\"urlTemplate\":\"https:\/\/narteks.net\/?s={search_term_string}\"},\"query-input\":{\"@type\":\"PropertyValueSpecification\",\"valueRequired\":true,\"valueName\":\"search_term_string\"}}],\"inLanguage\":\"tr\"},{\"@type\":\"Organization\",\"@id\":\"https:\/\/narteks.net\/#organization\",\"name\":\"narteks.net\",\"url\":\"https:\/\/narteks.net\/\",\"logo\":{\"@type\":\"ImageObject\",\"inLanguage\":\"tr\",\"@id\":\"https:\/\/narteks.net\/#\/schema\/logo\/image\/\",\"url\":\"https:\/\/narteks.net\/wp-content\/uploads\/narteks.png\",\"contentUrl\":\"https:\/\/narteks.net\/wp-content\/uploads\/narteks.png\",\"width\":300,\"height\":90,\"caption\":\"narteks.net\"},\"image\":{\"@id\":\"https:\/\/narteks.net\/#\/schema\/logo\/image\/\"},\"sameAs\":[\"https:\/\/x.com\/narteks\",\"https:\/\/instagram.com\/narteksnet\"]},{\"@type\":\"Person\",\"@id\":\"https:\/\/narteks.net\/#\/schema\/person\/61f37d9834294b72d31d274e7ed79bca\",\"name\":\"Tar\u0131k\",\"image\":{\"@type\":\"ImageObject\",\"inLanguage\":\"tr\",\"@id\":\"https:\/\/narteks.net\/#\/schema\/person\/image\/\",\"url\":\"https:\/\/secure.gravatar.com\/avatar\/50865afb55632c4ae467e0af0930f6510aa2297d8014be502a55b14f3b7550cf?s=96&d=mm&r=g\",\"contentUrl\":\"https:\/\/secure.gravatar.com\/avatar\/50865afb55632c4ae467e0af0930f6510aa2297d8014be502a55b14f3b7550cf?s=96&d=mm&r=g\",\"caption\":\"Tar\u0131k\"},\"sameAs\":[\"http:\/\/narteks.net\"],\"url\":\"https:\/\/narteks.net\/index.php\/author\/narbak\/\"}]}<\/script>\n<!-- \/ Yoast SEO Premium plugin. -->","yoast_head_json":{"title":"SEVDALI S\u00d6ZC\u00dcKLER - narteks.net","robots":{"index":"index","follow":"follow","max-snippet":"max-snippet:-1","max-image-preview":"max-image-preview:large","max-video-preview":"max-video-preview:-1"},"canonical":"https:\/\/narteks.net\/index.php\/2009\/02\/27\/sevdali-sozcukler\/","og_locale":"tr_TR","og_type":"article","og_title":"SEVDALI S\u00d6ZC\u00dcKLER","og_description":"\u00a0 Beni tan\u0131mad\u0131n m\u0131 dediBir s\u00f6zc\u00fck bir s\u00f6zc\u00fc\u011fe\u00c7evir zaman\u0131n sayfalar\u0131n\u0131Belle\u011fini iyi yokla\u0130yi bak g\u00f6zlerimin i\u00e7ineAn\u0131lar dev\u015fir y\u00fcz\u00fcmden Bir ya\u011fmur sonras\u0131yd\u0131Yan yana d\u00fc\u015fm\u00fc\u015ft\u00fck haniBir \u015fiirin ilk dizesindeG\u00f6z g\u00f6ze gelmi\u015ftik birdenBir \u015fey k\u0131m\u0131ldam\u0131\u015ft\u0131 i\u00e7imizdeSonra s\u00fcr\u00fclm\u00fc\u015ft\u00fck \u015fiirden\u0130zinsiz \u00f6p\u00fc\u015ft\u00fck diye An\u0131msad\u0131m dedi \u00f6b\u00fcr\u00fcElin elime de\u011finceBindim sevdan\u0131n mor at\u0131naGittim ta eski g\u00fcnlereK\u00fc\u00e7\u00fcld\u00fck\u00e7e b\u00fcy\u00fcd\u00fc h\u00fcz\u00fcnAd\u0131n\u0131 bilmedi\u011fim bir \u015fey\u00c7\u0131t diye k\u0131r\u0131ld\u0131 i\u00e7imde [&hellip;]","og_url":"https:\/\/narteks.net\/index.php\/2009\/02\/27\/sevdali-sozcukler\/","og_site_name":"narteks.net","article_published_time":"2009-02-27T13:55:56+00:00","og_image":[{"width":300,"height":90,"url":"https:\/\/narteks.net\/wp-content\/uploads\/narteks.png","type":"image\/png"}],"author":"Tar\u0131k","twitter_card":"summary_large_image","twitter_creator":"@narteks","twitter_site":"@narteks","twitter_misc":{"Yazan:":"Tar\u0131k","Tahmini okuma s\u00fcresi":"1 dakika"},"schema":{"@context":"https:\/\/schema.org","@graph":[{"@type":"Article","@id":"https:\/\/narteks.net\/index.php\/2009\/02\/27\/sevdali-sozcukler\/#article","isPartOf":{"@id":"https:\/\/narteks.net\/index.php\/2009\/02\/27\/sevdali-sozcukler\/"},"author":{"name":"Tar\u0131k","@id":"https:\/\/narteks.net\/#\/schema\/person\/61f37d9834294b72d31d274e7ed79bca"},"headline":"SEVDALI S\u00d6ZC\u00dcKLER","datePublished":"2009-02-27T13:55:56+00:00","mainEntityOfPage":{"@id":"https:\/\/narteks.net\/index.php\/2009\/02\/27\/sevdali-sozcukler\/"},"wordCount":209,"commentCount":0,"publisher":{"@id":"https:\/\/narteks.net\/#organization"},"articleSection":["Ali Y\u00fcce"],"inLanguage":"tr","potentialAction":[{"@type":"CommentAction","name":"Comment","target":["https:\/\/narteks.net\/index.php\/2009\/02\/27\/sevdali-sozcukler\/#respond"]}]},{"@type":"WebPage","@id":"https:\/\/narteks.net\/index.php\/2009\/02\/27\/sevdali-sozcukler\/","url":"https:\/\/narteks.net\/index.php\/2009\/02\/27\/sevdali-sozcukler\/","name":"SEVDALI S\u00d6ZC\u00dcKLER - narteks.net","isPartOf":{"@id":"https:\/\/narteks.net\/#website"},"datePublished":"2009-02-27T13:55:56+00:00","breadcrumb":{"@id":"https:\/\/narteks.net\/index.php\/2009\/02\/27\/sevdali-sozcukler\/#breadcrumb"},"inLanguage":"tr","potentialAction":[{"@type":"ReadAction","target":["https:\/\/narteks.net\/index.php\/2009\/02\/27\/sevdali-sozcukler\/"]}]},{"@type":"BreadcrumbList","@id":"https:\/\/narteks.net\/index.php\/2009\/02\/27\/sevdali-sozcukler\/#breadcrumb","itemListElement":[{"@type":"ListItem","position":1,"name":"Anasayfa","item":"https:\/\/narteks.net\/"},{"@type":"ListItem","position":2,"name":"SEVDALI S\u00d6ZC\u00dcKLER"}]},{"@type":"WebSite","@id":"https:\/\/narteks.net\/#website","url":"https:\/\/narteks.net\/","name":"narteks.net","description":"K\u00fclt\u00fcr Sanat Edebiyat Felsefe","publisher":{"@id":"https:\/\/narteks.net\/#organization"},"alternateName":"K\u00fclt\u00fcr Sanat Edebiyat Felsefe","potentialAction":[{"@type":"SearchAction","target":{"@type":"EntryPoint","urlTemplate":"https:\/\/narteks.net\/?s={search_term_string}"},"query-input":{"@type":"PropertyValueSpecification","valueRequired":true,"valueName":"search_term_string"}}],"inLanguage":"tr"},{"@type":"Organization","@id":"https:\/\/narteks.net\/#organization","name":"narteks.net","url":"https:\/\/narteks.net\/","logo":{"@type":"ImageObject","inLanguage":"tr","@id":"https:\/\/narteks.net\/#\/schema\/logo\/image\/","url":"https:\/\/narteks.net\/wp-content\/uploads\/narteks.png","contentUrl":"https:\/\/narteks.net\/wp-content\/uploads\/narteks.png","width":300,"height":90,"caption":"narteks.net"},"image":{"@id":"https:\/\/narteks.net\/#\/schema\/logo\/image\/"},"sameAs":["https:\/\/x.com\/narteks","https:\/\/instagram.com\/narteksnet"]},{"@type":"Person","@id":"https:\/\/narteks.net\/#\/schema\/person\/61f37d9834294b72d31d274e7ed79bca","name":"Tar\u0131k","image":{"@type":"ImageObject","inLanguage":"tr","@id":"https:\/\/narteks.net\/#\/schema\/person\/image\/","url":"https:\/\/secure.gravatar.com\/avatar\/50865afb55632c4ae467e0af0930f6510aa2297d8014be502a55b14f3b7550cf?s=96&d=mm&r=g","contentUrl":"https:\/\/secure.gravatar.com\/avatar\/50865afb55632c4ae467e0af0930f6510aa2297d8014be502a55b14f3b7550cf?s=96&d=mm&r=g","caption":"Tar\u0131k"},"sameAs":["http:\/\/narteks.net"],"url":"https:\/\/narteks.net\/index.php\/author\/narbak\/"}]}},"_links":{"self":[{"href":"https:\/\/narteks.net\/index.php\/wp-json\/wp\/v2\/posts\/200","targetHints":{"allow":["GET"]}}],"collection":[{"href":"https:\/\/narteks.net\/index.php\/wp-json\/wp\/v2\/posts"}],"about":[{"href":"https:\/\/narteks.net\/index.php\/wp-json\/wp\/v2\/types\/post"}],"author":[{"embeddable":true,"href":"https:\/\/narteks.net\/index.php\/wp-json\/wp\/v2\/users\/1"}],"replies":[{"embeddable":true,"href":"https:\/\/narteks.net\/index.php\/wp-json\/wp\/v2\/comments?post=200"}],"version-history":[{"count":0,"href":"https:\/\/narteks.net\/index.php\/wp-json\/wp\/v2\/posts\/200\/revisions"}],"wp:attachment":[{"href":"https:\/\/narteks.net\/index.php\/wp-json\/wp\/v2\/media?parent=200"}],"wp:term":[{"taxonomy":"category","embeddable":true,"href":"https:\/\/narteks.net\/index.php\/wp-json\/wp\/v2\/categories?post=200"},{"taxonomy":"post_tag","embeddable":true,"href":"https:\/\/narteks.net\/index.php\/wp-json\/wp\/v2\/tags?post=200"}],"curies":[{"name":"wp","href":"https:\/\/api.w.org\/{rel}","templated":true}]}}