{"id":2004,"date":"2009-12-04T18:30:56","date_gmt":"2009-12-04T15:30:56","guid":{"rendered":"http:\/\/localhost\/wordpress\/2009\/12\/04\/mustafa-kemal\/"},"modified":"2009-12-04T18:30:56","modified_gmt":"2009-12-04T15:30:56","slug":"mustafa-kemal","status":"publish","type":"post","link":"https:\/\/narteks.net\/index.php\/2009\/12\/04\/mustafa-kemal\/","title":{"rendered":"MUSTAFA KEMAL"},"content":{"rendered":"<p>\u00a0<\/p>\n<p>da\u011f ba\u015f\u0131n\u0131 efk\u00e2r alm\u0131\u015f<br \/> g\u00fcm\u00fc\u015f dere durmaz a\u011flar<br \/> g\u00f6zya\u015f\u0131ndan kana kesmi\u015f g\u00f6zlerim<br \/> ben a\u011flar\u0131m \u00e7ay\u0131r a\u011flar \u00e7imen a\u011flar<br \/> a\u011flar a\u011flar cihan a\u011flar<br \/> m\u0131z\u0131kalar iniler \u0131rlam \u0131rlam d\u00f6v\u00fcl\u00fcr<br \/> altm\u0131\u015f \u00fc\u00e7 ilimiz altm\u0131\u015f \u00fc\u00e7 yetim<br \/> y\u0131llar gelir ge\u00e7er ku\u015flar gelir ge\u00e7er<br \/> her ge\u00e7en seni bizden par\u00e7a par\u00e7a g\u00f6t\u00fcr\u00fcr<br \/> mustafa&#8217;m mustafa kemal&#8217;im<\/p>\n<p> diz d\u00f6vd\u00fcm \u015favk\u0131 akt\u0131 sakarya&#8217;n\u0131n suyuna<br \/> sakarya&#8217;n\u0131n sular\u0131 n\u00e2m\u0131n s\u00f6yle\u015fir<br \/> hem\u015fehrim sakarya \u00f6ks\u00fcz sakarya<br \/> ankara&#8217;dan u\u00e7an ku\u015flar<br \/> kemal&#8217;im der g\u00fcnler g\u00fcn\u00fc \u00e7a\u011fr\u0131\u015f\u0131r<br \/> kahrolur bulutlara kar\u0131\u015f\u0131r<br \/> g\u00f6k bulut ya\u015fmak bulut<br \/> uca da\u011flar dev boyunlu morca da\u011flar<br \/> divan durmu\u015f bekle\u015fir<br \/> mustafa&#8217;m mustafa kemal&#8217;im<\/p>\n<p> nas\u0131l b\u00f6yle var\u0131p geldin ho\u015fgeldin<br \/> \u00e7\u0131ng\u0131 kaym\u0131\u015f yalazlanm\u0131\u015f g\u00f6zlerin<br \/> sol y\u00fcz\u00fcnde g\u00fcne\u015f s\u00fcd\u00fc s\u0131cakl\u0131k<br \/> ellerinden \u00f6perim mustafa kemal<br \/> senin dal\u0131n yapra\u011f\u0131n biz senin fidanlar\u0131n<br \/> biz bunlar\u0131 yapmad\u0131k<br \/> sen elbette bilirsin bilirsin mustafa kemal<br \/> elsiz ayaks\u0131z bir ye\u015fil y\u0131lan<br \/> yapt\u0131klar\u0131n\u0131 y\u0131k\u0131yorlar mustafa kemal<br \/> hani bir vakitler kubilay&#8217;i kestiler<br \/> \u00e7\u00fcn buyurdun kesenleri ast\u0131lar<br \/> sen uyudun as\u0131lanlar dirildi<br \/> mustafa&#8217;m mustafa kemal&#8217;im<\/p>\n<p>Attila \u0130LHAN<\/p>\n","protected":false},"excerpt":{"rendered":"<p>\u00a0 da\u011f ba\u015f\u0131n\u0131 efk\u00e2r alm\u0131\u015f g\u00fcm\u00fc\u015f dere durmaz a\u011flar g\u00f6zya\u015f\u0131ndan kana kesmi\u015f g\u00f6zlerim ben a\u011flar\u0131m \u00e7ay\u0131r a\u011flar \u00e7imen a\u011flar a\u011flar a\u011flar cihan a\u011flar m\u0131z\u0131kalar iniler \u0131rlam \u0131rlam d\u00f6v\u00fcl\u00fcr altm\u0131\u015f \u00fc\u00e7 ilimiz altm\u0131\u015f \u00fc\u00e7 yetim y\u0131llar gelir ge\u00e7er ku\u015flar gelir ge\u00e7er her ge\u00e7en seni bizden par\u00e7a par\u00e7a g\u00f6t\u00fcr\u00fcr mustafa&#8217;m mustafa kemal&#8217;im diz d\u00f6vd\u00fcm \u015favk\u0131 akt\u0131 sakarya&#8217;n\u0131n [&hellip;]<\/p>\n","protected":false},"author":1,"featured_media":0,"comment_status":"open","ping_status":"open","sticky":false,"template":"","format":"standard","meta":{"footnotes":""},"categories":[11],"tags":[],"class_list":{"0":"post-2004","1":"post","2":"type-post","3":"status-publish","4":"format-standard","6":"category-attila-ilhan"},"yoast_head":"<!-- This site is optimized with the Yoast SEO Premium plugin v24.9 (Yoast SEO v24.9) - https:\/\/yoast.com\/wordpress\/plugins\/seo\/ -->\n<title>MUSTAFA KEMAL - narteks.net<\/title>\n<meta name=\"robots\" content=\"index, follow, max-snippet:-1, max-image-preview:large, max-video-preview:-1\" \/>\n<link rel=\"canonical\" href=\"https:\/\/narteks.net\/index.php\/2009\/12\/04\/mustafa-kemal\/\" \/>\n<meta property=\"og:locale\" content=\"tr_TR\" \/>\n<meta property=\"og:type\" content=\"article\" \/>\n<meta property=\"og:title\" content=\"MUSTAFA KEMAL\" \/>\n<meta property=\"og:description\" content=\"\u00a0 da\u011f ba\u015f\u0131n\u0131 efk\u00e2r alm\u0131\u015f g\u00fcm\u00fc\u015f dere durmaz a\u011flar g\u00f6zya\u015f\u0131ndan kana kesmi\u015f g\u00f6zlerim ben a\u011flar\u0131m \u00e7ay\u0131r a\u011flar \u00e7imen a\u011flar a\u011flar a\u011flar cihan a\u011flar m\u0131z\u0131kalar iniler \u0131rlam \u0131rlam d\u00f6v\u00fcl\u00fcr altm\u0131\u015f \u00fc\u00e7 ilimiz altm\u0131\u015f \u00fc\u00e7 yetim y\u0131llar gelir ge\u00e7er ku\u015flar gelir ge\u00e7er her ge\u00e7en seni bizden par\u00e7a par\u00e7a g\u00f6t\u00fcr\u00fcr mustafa&#8217;m mustafa kemal&#8217;im diz d\u00f6vd\u00fcm \u015favk\u0131 akt\u0131 sakarya&#8217;n\u0131n [&hellip;]\" \/>\n<meta property=\"og:url\" content=\"https:\/\/narteks.net\/index.php\/2009\/12\/04\/mustafa-kemal\/\" \/>\n<meta property=\"og:site_name\" content=\"narteks.net\" \/>\n<meta property=\"article:published_time\" content=\"2009-12-04T15:30:56+00:00\" \/>\n<meta property=\"og:image\" content=\"https:\/\/narteks.net\/wp-content\/uploads\/narteks.png\" \/>\n\t<meta property=\"og:image:width\" content=\"300\" \/>\n\t<meta property=\"og:image:height\" content=\"90\" \/>\n\t<meta property=\"og:image:type\" content=\"image\/png\" \/>\n<meta name=\"author\" content=\"Tar\u0131k\" \/>\n<meta name=\"twitter:card\" content=\"summary_large_image\" \/>\n<meta name=\"twitter:creator\" content=\"@narteks\" \/>\n<meta name=\"twitter:site\" content=\"@narteks\" \/>\n<meta name=\"twitter:label1\" content=\"Yazan:\" \/>\n\t<meta name=\"twitter:data1\" content=\"Tar\u0131k\" \/>\n\t<meta name=\"twitter:label2\" content=\"Tahmini okuma s\u00fcresi\" \/>\n\t<meta name=\"twitter:data2\" content=\"1 dakika\" \/>\n<script type=\"application\/ld+json\" class=\"yoast-schema-graph\">{\"@context\":\"https:\/\/schema.org\",\"@graph\":[{\"@type\":\"Article\",\"@id\":\"https:\/\/narteks.net\/index.php\/2009\/12\/04\/mustafa-kemal\/#article\",\"isPartOf\":{\"@id\":\"https:\/\/narteks.net\/index.php\/2009\/12\/04\/mustafa-kemal\/\"},\"author\":{\"name\":\"Tar\u0131k\",\"@id\":\"https:\/\/narteks.net\/#\/schema\/person\/61f37d9834294b72d31d274e7ed79bca\"},\"headline\":\"MUSTAFA KEMAL\",\"datePublished\":\"2009-12-04T15:30:56+00:00\",\"mainEntityOfPage\":{\"@id\":\"https:\/\/narteks.net\/index.php\/2009\/12\/04\/mustafa-kemal\/\"},\"wordCount\":226,\"commentCount\":0,\"publisher\":{\"@id\":\"https:\/\/narteks.net\/#organization\"},\"articleSection\":[\"Attila ILHAN\"],\"inLanguage\":\"tr\",\"potentialAction\":[{\"@type\":\"CommentAction\",\"name\":\"Comment\",\"target\":[\"https:\/\/narteks.net\/index.php\/2009\/12\/04\/mustafa-kemal\/#respond\"]}]},{\"@type\":\"WebPage\",\"@id\":\"https:\/\/narteks.net\/index.php\/2009\/12\/04\/mustafa-kemal\/\",\"url\":\"https:\/\/narteks.net\/index.php\/2009\/12\/04\/mustafa-kemal\/\",\"name\":\"MUSTAFA KEMAL - narteks.net\",\"isPartOf\":{\"@id\":\"https:\/\/narteks.net\/#website\"},\"datePublished\":\"2009-12-04T15:30:56+00:00\",\"breadcrumb\":{\"@id\":\"https:\/\/narteks.net\/index.php\/2009\/12\/04\/mustafa-kemal\/#breadcrumb\"},\"inLanguage\":\"tr\",\"potentialAction\":[{\"@type\":\"ReadAction\",\"target\":[\"https:\/\/narteks.net\/index.php\/2009\/12\/04\/mustafa-kemal\/\"]}]},{\"@type\":\"BreadcrumbList\",\"@id\":\"https:\/\/narteks.net\/index.php\/2009\/12\/04\/mustafa-kemal\/#breadcrumb\",\"itemListElement\":[{\"@type\":\"ListItem\",\"position\":1,\"name\":\"Anasayfa\",\"item\":\"https:\/\/narteks.net\/\"},{\"@type\":\"ListItem\",\"position\":2,\"name\":\"MUSTAFA KEMAL\"}]},{\"@type\":\"WebSite\",\"@id\":\"https:\/\/narteks.net\/#website\",\"url\":\"https:\/\/narteks.net\/\",\"name\":\"narteks.net\",\"description\":\"K\u00fclt\u00fcr Sanat Edebiyat Felsefe\",\"publisher\":{\"@id\":\"https:\/\/narteks.net\/#organization\"},\"alternateName\":\"K\u00fclt\u00fcr Sanat Edebiyat Felsefe\",\"potentialAction\":[{\"@type\":\"SearchAction\",\"target\":{\"@type\":\"EntryPoint\",\"urlTemplate\":\"https:\/\/narteks.net\/?s={search_term_string}\"},\"query-input\":{\"@type\":\"PropertyValueSpecification\",\"valueRequired\":true,\"valueName\":\"search_term_string\"}}],\"inLanguage\":\"tr\"},{\"@type\":\"Organization\",\"@id\":\"https:\/\/narteks.net\/#organization\",\"name\":\"narteks.net\",\"url\":\"https:\/\/narteks.net\/\",\"logo\":{\"@type\":\"ImageObject\",\"inLanguage\":\"tr\",\"@id\":\"https:\/\/narteks.net\/#\/schema\/logo\/image\/\",\"url\":\"https:\/\/narteks.net\/wp-content\/uploads\/narteks.png\",\"contentUrl\":\"https:\/\/narteks.net\/wp-content\/uploads\/narteks.png\",\"width\":300,\"height\":90,\"caption\":\"narteks.net\"},\"image\":{\"@id\":\"https:\/\/narteks.net\/#\/schema\/logo\/image\/\"},\"sameAs\":[\"https:\/\/x.com\/narteks\",\"https:\/\/instagram.com\/narteksnet\"]},{\"@type\":\"Person\",\"@id\":\"https:\/\/narteks.net\/#\/schema\/person\/61f37d9834294b72d31d274e7ed79bca\",\"name\":\"Tar\u0131k\",\"image\":{\"@type\":\"ImageObject\",\"inLanguage\":\"tr\",\"@id\":\"https:\/\/narteks.net\/#\/schema\/person\/image\/\",\"url\":\"https:\/\/secure.gravatar.com\/avatar\/50865afb55632c4ae467e0af0930f6510aa2297d8014be502a55b14f3b7550cf?s=96&d=mm&r=g\",\"contentUrl\":\"https:\/\/secure.gravatar.com\/avatar\/50865afb55632c4ae467e0af0930f6510aa2297d8014be502a55b14f3b7550cf?s=96&d=mm&r=g\",\"caption\":\"Tar\u0131k\"},\"sameAs\":[\"http:\/\/narteks.net\"],\"url\":\"https:\/\/narteks.net\/index.php\/author\/narbak\/\"}]}<\/script>\n<!-- \/ Yoast SEO Premium plugin. -->","yoast_head_json":{"title":"MUSTAFA KEMAL - narteks.net","robots":{"index":"index","follow":"follow","max-snippet":"max-snippet:-1","max-image-preview":"max-image-preview:large","max-video-preview":"max-video-preview:-1"},"canonical":"https:\/\/narteks.net\/index.php\/2009\/12\/04\/mustafa-kemal\/","og_locale":"tr_TR","og_type":"article","og_title":"MUSTAFA KEMAL","og_description":"\u00a0 da\u011f ba\u015f\u0131n\u0131 efk\u00e2r alm\u0131\u015f g\u00fcm\u00fc\u015f dere durmaz a\u011flar g\u00f6zya\u015f\u0131ndan kana kesmi\u015f g\u00f6zlerim ben a\u011flar\u0131m \u00e7ay\u0131r a\u011flar \u00e7imen a\u011flar a\u011flar a\u011flar cihan a\u011flar m\u0131z\u0131kalar iniler \u0131rlam \u0131rlam d\u00f6v\u00fcl\u00fcr altm\u0131\u015f \u00fc\u00e7 ilimiz altm\u0131\u015f \u00fc\u00e7 yetim y\u0131llar gelir ge\u00e7er ku\u015flar gelir ge\u00e7er her ge\u00e7en seni bizden par\u00e7a par\u00e7a g\u00f6t\u00fcr\u00fcr mustafa&#8217;m mustafa kemal&#8217;im diz d\u00f6vd\u00fcm \u015favk\u0131 akt\u0131 sakarya&#8217;n\u0131n [&hellip;]","og_url":"https:\/\/narteks.net\/index.php\/2009\/12\/04\/mustafa-kemal\/","og_site_name":"narteks.net","article_published_time":"2009-12-04T15:30:56+00:00","og_image":[{"width":300,"height":90,"url":"https:\/\/narteks.net\/wp-content\/uploads\/narteks.png","type":"image\/png"}],"author":"Tar\u0131k","twitter_card":"summary_large_image","twitter_creator":"@narteks","twitter_site":"@narteks","twitter_misc":{"Yazan:":"Tar\u0131k","Tahmini okuma s\u00fcresi":"1 dakika"},"schema":{"@context":"https:\/\/schema.org","@graph":[{"@type":"Article","@id":"https:\/\/narteks.net\/index.php\/2009\/12\/04\/mustafa-kemal\/#article","isPartOf":{"@id":"https:\/\/narteks.net\/index.php\/2009\/12\/04\/mustafa-kemal\/"},"author":{"name":"Tar\u0131k","@id":"https:\/\/narteks.net\/#\/schema\/person\/61f37d9834294b72d31d274e7ed79bca"},"headline":"MUSTAFA KEMAL","datePublished":"2009-12-04T15:30:56+00:00","mainEntityOfPage":{"@id":"https:\/\/narteks.net\/index.php\/2009\/12\/04\/mustafa-kemal\/"},"wordCount":226,"commentCount":0,"publisher":{"@id":"https:\/\/narteks.net\/#organization"},"articleSection":["Attila ILHAN"],"inLanguage":"tr","potentialAction":[{"@type":"CommentAction","name":"Comment","target":["https:\/\/narteks.net\/index.php\/2009\/12\/04\/mustafa-kemal\/#respond"]}]},{"@type":"WebPage","@id":"https:\/\/narteks.net\/index.php\/2009\/12\/04\/mustafa-kemal\/","url":"https:\/\/narteks.net\/index.php\/2009\/12\/04\/mustafa-kemal\/","name":"MUSTAFA KEMAL - narteks.net","isPartOf":{"@id":"https:\/\/narteks.net\/#website"},"datePublished":"2009-12-04T15:30:56+00:00","breadcrumb":{"@id":"https:\/\/narteks.net\/index.php\/2009\/12\/04\/mustafa-kemal\/#breadcrumb"},"inLanguage":"tr","potentialAction":[{"@type":"ReadAction","target":["https:\/\/narteks.net\/index.php\/2009\/12\/04\/mustafa-kemal\/"]}]},{"@type":"BreadcrumbList","@id":"https:\/\/narteks.net\/index.php\/2009\/12\/04\/mustafa-kemal\/#breadcrumb","itemListElement":[{"@type":"ListItem","position":1,"name":"Anasayfa","item":"https:\/\/narteks.net\/"},{"@type":"ListItem","position":2,"name":"MUSTAFA KEMAL"}]},{"@type":"WebSite","@id":"https:\/\/narteks.net\/#website","url":"https:\/\/narteks.net\/","name":"narteks.net","description":"K\u00fclt\u00fcr Sanat Edebiyat Felsefe","publisher":{"@id":"https:\/\/narteks.net\/#organization"},"alternateName":"K\u00fclt\u00fcr Sanat Edebiyat Felsefe","potentialAction":[{"@type":"SearchAction","target":{"@type":"EntryPoint","urlTemplate":"https:\/\/narteks.net\/?s={search_term_string}"},"query-input":{"@type":"PropertyValueSpecification","valueRequired":true,"valueName":"search_term_string"}}],"inLanguage":"tr"},{"@type":"Organization","@id":"https:\/\/narteks.net\/#organization","name":"narteks.net","url":"https:\/\/narteks.net\/","logo":{"@type":"ImageObject","inLanguage":"tr","@id":"https:\/\/narteks.net\/#\/schema\/logo\/image\/","url":"https:\/\/narteks.net\/wp-content\/uploads\/narteks.png","contentUrl":"https:\/\/narteks.net\/wp-content\/uploads\/narteks.png","width":300,"height":90,"caption":"narteks.net"},"image":{"@id":"https:\/\/narteks.net\/#\/schema\/logo\/image\/"},"sameAs":["https:\/\/x.com\/narteks","https:\/\/instagram.com\/narteksnet"]},{"@type":"Person","@id":"https:\/\/narteks.net\/#\/schema\/person\/61f37d9834294b72d31d274e7ed79bca","name":"Tar\u0131k","image":{"@type":"ImageObject","inLanguage":"tr","@id":"https:\/\/narteks.net\/#\/schema\/person\/image\/","url":"https:\/\/secure.gravatar.com\/avatar\/50865afb55632c4ae467e0af0930f6510aa2297d8014be502a55b14f3b7550cf?s=96&d=mm&r=g","contentUrl":"https:\/\/secure.gravatar.com\/avatar\/50865afb55632c4ae467e0af0930f6510aa2297d8014be502a55b14f3b7550cf?s=96&d=mm&r=g","caption":"Tar\u0131k"},"sameAs":["http:\/\/narteks.net"],"url":"https:\/\/narteks.net\/index.php\/author\/narbak\/"}]}},"_links":{"self":[{"href":"https:\/\/narteks.net\/index.php\/wp-json\/wp\/v2\/posts\/2004","targetHints":{"allow":["GET"]}}],"collection":[{"href":"https:\/\/narteks.net\/index.php\/wp-json\/wp\/v2\/posts"}],"about":[{"href":"https:\/\/narteks.net\/index.php\/wp-json\/wp\/v2\/types\/post"}],"author":[{"embeddable":true,"href":"https:\/\/narteks.net\/index.php\/wp-json\/wp\/v2\/users\/1"}],"replies":[{"embeddable":true,"href":"https:\/\/narteks.net\/index.php\/wp-json\/wp\/v2\/comments?post=2004"}],"version-history":[{"count":0,"href":"https:\/\/narteks.net\/index.php\/wp-json\/wp\/v2\/posts\/2004\/revisions"}],"wp:attachment":[{"href":"https:\/\/narteks.net\/index.php\/wp-json\/wp\/v2\/media?parent=2004"}],"wp:term":[{"taxonomy":"category","embeddable":true,"href":"https:\/\/narteks.net\/index.php\/wp-json\/wp\/v2\/categories?post=2004"},{"taxonomy":"post_tag","embeddable":true,"href":"https:\/\/narteks.net\/index.php\/wp-json\/wp\/v2\/tags?post=2004"}],"curies":[{"name":"wp","href":"https:\/\/api.w.org\/{rel}","templated":true}]}}