{"id":2005,"date":"2009-12-04T18:31:33","date_gmt":"2009-12-04T15:31:33","guid":{"rendered":"http:\/\/localhost\/wordpress\/2009\/12\/04\/muhayyer\/"},"modified":"2009-12-04T18:31:33","modified_gmt":"2009-12-04T15:31:33","slug":"muhayyer","status":"publish","type":"post","link":"https:\/\/narteks.net\/index.php\/2009\/12\/04\/muhayyer\/","title":{"rendered":"MUHAYYER"},"content":{"rendered":"<p>\u00a0<\/p>\n<p>\u00f6nemli gizli boyutlar\u0131yla yery\u00fcz\u00fcndeki ya\u015fant\u0131m\u0131z <br \/> ne kadar azd\u0131r ya\u015fad\u0131\u011f\u0131m\u0131zdan ya\u015fad\u0131\u011f\u0131m\u0131z\u0131 sand\u0131\u011f\u0131m\u0131z <br \/> s\u00f6ylediklerimizle de\u011fil s\u00f6ylemediklerimizle var\u0131z <br \/> o g\u00fcn ki \u00f6l\u00fcm\u00fcn perdesine yapayaln\u0131z yans\u0131r\u0131z <br \/> ne kadar azd\u0131r ya\u015fad\u0131\u011f\u0131m\u0131zdan ya\u015fad\u0131\u011f\u0131m\u0131z\u0131 sand\u0131\u011f\u0131m\u0131z <\/p>\n<p> bir incesaz ki s\u00fcreklidir yaprak d\u00f6ken korularda <br \/> \u00e7\u0131lg\u0131nl\u0131klar\u0131 olu\u015fturur en \u00e7apra\u015f\u0131k duygularda <br \/> b\u00fcy\u00fck \u00e7\u0131kmaz akla gelip de sorulmayan sorularda <br \/> baz\u0131 insan i\u00e7ten i\u00e7e d\u00fc\u015f\u00fcn\u00fcr hesaplar da <br \/> ne kadar azd\u0131r ya\u015fad\u0131\u011f\u0131m\u0131zdan ya\u015fad\u0131\u011f\u0131m\u0131z\u0131 sand\u0131\u011f\u0131m\u0131z <\/p>\n<p> \u00fcfledi\u011fi sustu\u011fumuz tutkular\u0131n d\u00fc\u015flerimizi \u00e7ok\u00e7ad\u0131r <br \/> \u00e7ocukluktan \u00e7\u0131kt\u0131\u011f\u0131m\u0131z\u0131 sanmak asl\u0131nda \u00e7ocuk\u00e7ad\u0131r <br \/> ger\u00e7i gen\u00e7lik bir u\u00e7ta ya\u015fl\u0131l\u0131k bir u\u00e7tad\u0131r <br \/> birle\u015ftikleri ger\u00e7ek o m\u00fcthi\u015f sonu\u00e7tad\u0131r <br \/> ne kadar azd\u0131r ya\u015fad\u0131\u011f\u0131m\u0131zdan ya\u015fad\u0131\u011f\u0131m\u0131z\u0131 sand\u0131\u011f\u0131m\u0131z<\/p>\n<p>Attila \u0130LHAN<\/p>\n","protected":false},"excerpt":{"rendered":"<p>\u00a0 \u00f6nemli gizli boyutlar\u0131yla yery\u00fcz\u00fcndeki ya\u015fant\u0131m\u0131z ne kadar azd\u0131r ya\u015fad\u0131\u011f\u0131m\u0131zdan ya\u015fad\u0131\u011f\u0131m\u0131z\u0131 sand\u0131\u011f\u0131m\u0131z s\u00f6ylediklerimizle de\u011fil s\u00f6ylemediklerimizle var\u0131z o g\u00fcn ki \u00f6l\u00fcm\u00fcn perdesine yapayaln\u0131z yans\u0131r\u0131z ne kadar azd\u0131r ya\u015fad\u0131\u011f\u0131m\u0131zdan ya\u015fad\u0131\u011f\u0131m\u0131z\u0131 sand\u0131\u011f\u0131m\u0131z bir incesaz ki s\u00fcreklidir yaprak d\u00f6ken korularda \u00e7\u0131lg\u0131nl\u0131klar\u0131 olu\u015fturur en \u00e7apra\u015f\u0131k duygularda b\u00fcy\u00fck \u00e7\u0131kmaz akla gelip de sorulmayan sorularda baz\u0131 insan i\u00e7ten i\u00e7e d\u00fc\u015f\u00fcn\u00fcr hesaplar da [&hellip;]<\/p>\n","protected":false},"author":1,"featured_media":0,"comment_status":"open","ping_status":"open","sticky":false,"template":"","format":"standard","meta":{"footnotes":""},"categories":[11],"tags":[],"class_list":{"0":"post-2005","1":"post","2":"type-post","3":"status-publish","4":"format-standard","6":"category-attila-ilhan"},"yoast_head":"<!-- This site is optimized with the Yoast SEO Premium plugin v24.9 (Yoast SEO v24.9) - https:\/\/yoast.com\/wordpress\/plugins\/seo\/ -->\n<title>MUHAYYER - narteks.net<\/title>\n<meta name=\"robots\" content=\"index, follow, max-snippet:-1, max-image-preview:large, max-video-preview:-1\" \/>\n<link rel=\"canonical\" href=\"https:\/\/narteks.net\/index.php\/2009\/12\/04\/muhayyer\/\" \/>\n<meta property=\"og:locale\" content=\"tr_TR\" \/>\n<meta property=\"og:type\" content=\"article\" \/>\n<meta property=\"og:title\" content=\"MUHAYYER\" \/>\n<meta property=\"og:description\" content=\"\u00a0 \u00f6nemli gizli boyutlar\u0131yla yery\u00fcz\u00fcndeki ya\u015fant\u0131m\u0131z ne kadar azd\u0131r ya\u015fad\u0131\u011f\u0131m\u0131zdan ya\u015fad\u0131\u011f\u0131m\u0131z\u0131 sand\u0131\u011f\u0131m\u0131z s\u00f6ylediklerimizle de\u011fil s\u00f6ylemediklerimizle var\u0131z o g\u00fcn ki \u00f6l\u00fcm\u00fcn perdesine yapayaln\u0131z yans\u0131r\u0131z ne kadar azd\u0131r ya\u015fad\u0131\u011f\u0131m\u0131zdan ya\u015fad\u0131\u011f\u0131m\u0131z\u0131 sand\u0131\u011f\u0131m\u0131z bir incesaz ki s\u00fcreklidir yaprak d\u00f6ken korularda \u00e7\u0131lg\u0131nl\u0131klar\u0131 olu\u015fturur en \u00e7apra\u015f\u0131k duygularda b\u00fcy\u00fck \u00e7\u0131kmaz akla gelip de sorulmayan sorularda baz\u0131 insan i\u00e7ten i\u00e7e d\u00fc\u015f\u00fcn\u00fcr hesaplar da [&hellip;]\" \/>\n<meta property=\"og:url\" content=\"https:\/\/narteks.net\/index.php\/2009\/12\/04\/muhayyer\/\" \/>\n<meta property=\"og:site_name\" content=\"narteks.net\" \/>\n<meta property=\"article:published_time\" content=\"2009-12-04T15:31:33+00:00\" \/>\n<meta property=\"og:image\" content=\"https:\/\/narteks.net\/wp-content\/uploads\/narteks.png\" \/>\n\t<meta property=\"og:image:width\" content=\"300\" \/>\n\t<meta property=\"og:image:height\" content=\"90\" \/>\n\t<meta property=\"og:image:type\" content=\"image\/png\" \/>\n<meta name=\"author\" content=\"Tar\u0131k\" \/>\n<meta name=\"twitter:card\" content=\"summary_large_image\" \/>\n<meta name=\"twitter:creator\" content=\"@narteks\" \/>\n<meta name=\"twitter:site\" content=\"@narteks\" \/>\n<meta name=\"twitter:label1\" content=\"Yazan:\" \/>\n\t<meta name=\"twitter:data1\" content=\"Tar\u0131k\" \/>\n\t<meta name=\"twitter:label2\" content=\"Tahmini okuma s\u00fcresi\" \/>\n\t<meta name=\"twitter:data2\" content=\"1 dakika\" \/>\n<script type=\"application\/ld+json\" class=\"yoast-schema-graph\">{\"@context\":\"https:\/\/schema.org\",\"@graph\":[{\"@type\":\"Article\",\"@id\":\"https:\/\/narteks.net\/index.php\/2009\/12\/04\/muhayyer\/#article\",\"isPartOf\":{\"@id\":\"https:\/\/narteks.net\/index.php\/2009\/12\/04\/muhayyer\/\"},\"author\":{\"name\":\"Tar\u0131k\",\"@id\":\"https:\/\/narteks.net\/#\/schema\/person\/61f37d9834294b72d31d274e7ed79bca\"},\"headline\":\"MUHAYYER\",\"datePublished\":\"2009-12-04T15:31:33+00:00\",\"mainEntityOfPage\":{\"@id\":\"https:\/\/narteks.net\/index.php\/2009\/12\/04\/muhayyer\/\"},\"wordCount\":179,\"commentCount\":0,\"publisher\":{\"@id\":\"https:\/\/narteks.net\/#organization\"},\"articleSection\":[\"Attila ILHAN\"],\"inLanguage\":\"tr\",\"potentialAction\":[{\"@type\":\"CommentAction\",\"name\":\"Comment\",\"target\":[\"https:\/\/narteks.net\/index.php\/2009\/12\/04\/muhayyer\/#respond\"]}]},{\"@type\":\"WebPage\",\"@id\":\"https:\/\/narteks.net\/index.php\/2009\/12\/04\/muhayyer\/\",\"url\":\"https:\/\/narteks.net\/index.php\/2009\/12\/04\/muhayyer\/\",\"name\":\"MUHAYYER - narteks.net\",\"isPartOf\":{\"@id\":\"https:\/\/narteks.net\/#website\"},\"datePublished\":\"2009-12-04T15:31:33+00:00\",\"breadcrumb\":{\"@id\":\"https:\/\/narteks.net\/index.php\/2009\/12\/04\/muhayyer\/#breadcrumb\"},\"inLanguage\":\"tr\",\"potentialAction\":[{\"@type\":\"ReadAction\",\"target\":[\"https:\/\/narteks.net\/index.php\/2009\/12\/04\/muhayyer\/\"]}]},{\"@type\":\"BreadcrumbList\",\"@id\":\"https:\/\/narteks.net\/index.php\/2009\/12\/04\/muhayyer\/#breadcrumb\",\"itemListElement\":[{\"@type\":\"ListItem\",\"position\":1,\"name\":\"Anasayfa\",\"item\":\"https:\/\/narteks.net\/\"},{\"@type\":\"ListItem\",\"position\":2,\"name\":\"MUHAYYER\"}]},{\"@type\":\"WebSite\",\"@id\":\"https:\/\/narteks.net\/#website\",\"url\":\"https:\/\/narteks.net\/\",\"name\":\"narteks.net\",\"description\":\"K\u00fclt\u00fcr Sanat Edebiyat Felsefe\",\"publisher\":{\"@id\":\"https:\/\/narteks.net\/#organization\"},\"alternateName\":\"K\u00fclt\u00fcr Sanat Edebiyat Felsefe\",\"potentialAction\":[{\"@type\":\"SearchAction\",\"target\":{\"@type\":\"EntryPoint\",\"urlTemplate\":\"https:\/\/narteks.net\/?s={search_term_string}\"},\"query-input\":{\"@type\":\"PropertyValueSpecification\",\"valueRequired\":true,\"valueName\":\"search_term_string\"}}],\"inLanguage\":\"tr\"},{\"@type\":\"Organization\",\"@id\":\"https:\/\/narteks.net\/#organization\",\"name\":\"narteks.net\",\"url\":\"https:\/\/narteks.net\/\",\"logo\":{\"@type\":\"ImageObject\",\"inLanguage\":\"tr\",\"@id\":\"https:\/\/narteks.net\/#\/schema\/logo\/image\/\",\"url\":\"https:\/\/narteks.net\/wp-content\/uploads\/narteks.png\",\"contentUrl\":\"https:\/\/narteks.net\/wp-content\/uploads\/narteks.png\",\"width\":300,\"height\":90,\"caption\":\"narteks.net\"},\"image\":{\"@id\":\"https:\/\/narteks.net\/#\/schema\/logo\/image\/\"},\"sameAs\":[\"https:\/\/x.com\/narteks\",\"https:\/\/instagram.com\/narteksnet\"]},{\"@type\":\"Person\",\"@id\":\"https:\/\/narteks.net\/#\/schema\/person\/61f37d9834294b72d31d274e7ed79bca\",\"name\":\"Tar\u0131k\",\"image\":{\"@type\":\"ImageObject\",\"inLanguage\":\"tr\",\"@id\":\"https:\/\/narteks.net\/#\/schema\/person\/image\/\",\"url\":\"https:\/\/secure.gravatar.com\/avatar\/50865afb55632c4ae467e0af0930f6510aa2297d8014be502a55b14f3b7550cf?s=96&d=mm&r=g\",\"contentUrl\":\"https:\/\/secure.gravatar.com\/avatar\/50865afb55632c4ae467e0af0930f6510aa2297d8014be502a55b14f3b7550cf?s=96&d=mm&r=g\",\"caption\":\"Tar\u0131k\"},\"sameAs\":[\"http:\/\/narteks.net\"],\"url\":\"https:\/\/narteks.net\/index.php\/author\/narbak\/\"}]}<\/script>\n<!-- \/ Yoast SEO Premium plugin. -->","yoast_head_json":{"title":"MUHAYYER - narteks.net","robots":{"index":"index","follow":"follow","max-snippet":"max-snippet:-1","max-image-preview":"max-image-preview:large","max-video-preview":"max-video-preview:-1"},"canonical":"https:\/\/narteks.net\/index.php\/2009\/12\/04\/muhayyer\/","og_locale":"tr_TR","og_type":"article","og_title":"MUHAYYER","og_description":"\u00a0 \u00f6nemli gizli boyutlar\u0131yla yery\u00fcz\u00fcndeki ya\u015fant\u0131m\u0131z ne kadar azd\u0131r ya\u015fad\u0131\u011f\u0131m\u0131zdan ya\u015fad\u0131\u011f\u0131m\u0131z\u0131 sand\u0131\u011f\u0131m\u0131z s\u00f6ylediklerimizle de\u011fil s\u00f6ylemediklerimizle var\u0131z o g\u00fcn ki \u00f6l\u00fcm\u00fcn perdesine yapayaln\u0131z yans\u0131r\u0131z ne kadar azd\u0131r ya\u015fad\u0131\u011f\u0131m\u0131zdan ya\u015fad\u0131\u011f\u0131m\u0131z\u0131 sand\u0131\u011f\u0131m\u0131z bir incesaz ki s\u00fcreklidir yaprak d\u00f6ken korularda \u00e7\u0131lg\u0131nl\u0131klar\u0131 olu\u015fturur en \u00e7apra\u015f\u0131k duygularda b\u00fcy\u00fck \u00e7\u0131kmaz akla gelip de sorulmayan sorularda baz\u0131 insan i\u00e7ten i\u00e7e d\u00fc\u015f\u00fcn\u00fcr hesaplar da [&hellip;]","og_url":"https:\/\/narteks.net\/index.php\/2009\/12\/04\/muhayyer\/","og_site_name":"narteks.net","article_published_time":"2009-12-04T15:31:33+00:00","og_image":[{"width":300,"height":90,"url":"https:\/\/narteks.net\/wp-content\/uploads\/narteks.png","type":"image\/png"}],"author":"Tar\u0131k","twitter_card":"summary_large_image","twitter_creator":"@narteks","twitter_site":"@narteks","twitter_misc":{"Yazan:":"Tar\u0131k","Tahmini okuma s\u00fcresi":"1 dakika"},"schema":{"@context":"https:\/\/schema.org","@graph":[{"@type":"Article","@id":"https:\/\/narteks.net\/index.php\/2009\/12\/04\/muhayyer\/#article","isPartOf":{"@id":"https:\/\/narteks.net\/index.php\/2009\/12\/04\/muhayyer\/"},"author":{"name":"Tar\u0131k","@id":"https:\/\/narteks.net\/#\/schema\/person\/61f37d9834294b72d31d274e7ed79bca"},"headline":"MUHAYYER","datePublished":"2009-12-04T15:31:33+00:00","mainEntityOfPage":{"@id":"https:\/\/narteks.net\/index.php\/2009\/12\/04\/muhayyer\/"},"wordCount":179,"commentCount":0,"publisher":{"@id":"https:\/\/narteks.net\/#organization"},"articleSection":["Attila ILHAN"],"inLanguage":"tr","potentialAction":[{"@type":"CommentAction","name":"Comment","target":["https:\/\/narteks.net\/index.php\/2009\/12\/04\/muhayyer\/#respond"]}]},{"@type":"WebPage","@id":"https:\/\/narteks.net\/index.php\/2009\/12\/04\/muhayyer\/","url":"https:\/\/narteks.net\/index.php\/2009\/12\/04\/muhayyer\/","name":"MUHAYYER - narteks.net","isPartOf":{"@id":"https:\/\/narteks.net\/#website"},"datePublished":"2009-12-04T15:31:33+00:00","breadcrumb":{"@id":"https:\/\/narteks.net\/index.php\/2009\/12\/04\/muhayyer\/#breadcrumb"},"inLanguage":"tr","potentialAction":[{"@type":"ReadAction","target":["https:\/\/narteks.net\/index.php\/2009\/12\/04\/muhayyer\/"]}]},{"@type":"BreadcrumbList","@id":"https:\/\/narteks.net\/index.php\/2009\/12\/04\/muhayyer\/#breadcrumb","itemListElement":[{"@type":"ListItem","position":1,"name":"Anasayfa","item":"https:\/\/narteks.net\/"},{"@type":"ListItem","position":2,"name":"MUHAYYER"}]},{"@type":"WebSite","@id":"https:\/\/narteks.net\/#website","url":"https:\/\/narteks.net\/","name":"narteks.net","description":"K\u00fclt\u00fcr Sanat Edebiyat Felsefe","publisher":{"@id":"https:\/\/narteks.net\/#organization"},"alternateName":"K\u00fclt\u00fcr Sanat Edebiyat Felsefe","potentialAction":[{"@type":"SearchAction","target":{"@type":"EntryPoint","urlTemplate":"https:\/\/narteks.net\/?s={search_term_string}"},"query-input":{"@type":"PropertyValueSpecification","valueRequired":true,"valueName":"search_term_string"}}],"inLanguage":"tr"},{"@type":"Organization","@id":"https:\/\/narteks.net\/#organization","name":"narteks.net","url":"https:\/\/narteks.net\/","logo":{"@type":"ImageObject","inLanguage":"tr","@id":"https:\/\/narteks.net\/#\/schema\/logo\/image\/","url":"https:\/\/narteks.net\/wp-content\/uploads\/narteks.png","contentUrl":"https:\/\/narteks.net\/wp-content\/uploads\/narteks.png","width":300,"height":90,"caption":"narteks.net"},"image":{"@id":"https:\/\/narteks.net\/#\/schema\/logo\/image\/"},"sameAs":["https:\/\/x.com\/narteks","https:\/\/instagram.com\/narteksnet"]},{"@type":"Person","@id":"https:\/\/narteks.net\/#\/schema\/person\/61f37d9834294b72d31d274e7ed79bca","name":"Tar\u0131k","image":{"@type":"ImageObject","inLanguage":"tr","@id":"https:\/\/narteks.net\/#\/schema\/person\/image\/","url":"https:\/\/secure.gravatar.com\/avatar\/50865afb55632c4ae467e0af0930f6510aa2297d8014be502a55b14f3b7550cf?s=96&d=mm&r=g","contentUrl":"https:\/\/secure.gravatar.com\/avatar\/50865afb55632c4ae467e0af0930f6510aa2297d8014be502a55b14f3b7550cf?s=96&d=mm&r=g","caption":"Tar\u0131k"},"sameAs":["http:\/\/narteks.net"],"url":"https:\/\/narteks.net\/index.php\/author\/narbak\/"}]}},"_links":{"self":[{"href":"https:\/\/narteks.net\/index.php\/wp-json\/wp\/v2\/posts\/2005","targetHints":{"allow":["GET"]}}],"collection":[{"href":"https:\/\/narteks.net\/index.php\/wp-json\/wp\/v2\/posts"}],"about":[{"href":"https:\/\/narteks.net\/index.php\/wp-json\/wp\/v2\/types\/post"}],"author":[{"embeddable":true,"href":"https:\/\/narteks.net\/index.php\/wp-json\/wp\/v2\/users\/1"}],"replies":[{"embeddable":true,"href":"https:\/\/narteks.net\/index.php\/wp-json\/wp\/v2\/comments?post=2005"}],"version-history":[{"count":0,"href":"https:\/\/narteks.net\/index.php\/wp-json\/wp\/v2\/posts\/2005\/revisions"}],"wp:attachment":[{"href":"https:\/\/narteks.net\/index.php\/wp-json\/wp\/v2\/media?parent=2005"}],"wp:term":[{"taxonomy":"category","embeddable":true,"href":"https:\/\/narteks.net\/index.php\/wp-json\/wp\/v2\/categories?post=2005"},{"taxonomy":"post_tag","embeddable":true,"href":"https:\/\/narteks.net\/index.php\/wp-json\/wp\/v2\/tags?post=2005"}],"curies":[{"name":"wp","href":"https:\/\/api.w.org\/{rel}","templated":true}]}}