{"id":203,"date":"2009-02-27T17:00:18","date_gmt":"2009-02-27T14:00:18","guid":{"rendered":"http:\/\/localhost\/wordpress\/2009\/02\/27\/arif-damar-biyografisi\/"},"modified":"2009-02-27T17:00:18","modified_gmt":"2009-02-27T14:00:18","slug":"arif-damar-biyografisi","status":"publish","type":"post","link":"https:\/\/narteks.net\/index.php\/2009\/02\/27\/arif-damar-biyografisi\/","title":{"rendered":"Arif DAMAR Biyografisi"},"content":{"rendered":"<p><img decoding=\"async\" src=\"http:\/\/i43.tinypic.com\/2dkkco.jpg\" border=\"0\" \/><\/p>\n<p style=\"text-align: justify;\">Arif Damar ( d. 23 Temmuz 1925, Gelibolu, \u00c7anakkale &#8211; \u00f6. 20 Ekim 2010, G\u00f6ztepe, \u0130stanbul)<\/p>\n<p>\u00c7anakkale&#8217;nin Gelibolu il\u00e7esi Karainebey k\u00f6y\u00fcnde 23 Temmuz 1925 g\u00fcn\u00fc do\u011fdu. \u0130lkokulu \u00c7anakkale&#8217;de, ortaokulu \u0130stanbul&#8217;daki Yenikap\u0131 Ortaokulu&#8217;nda bitirdi. \u0130stanbul Erkek Lisesi&#8217;ndeki \u00f6\u011frenimini iki y\u0131l sonra b\u0131rakt\u0131.<\/p>\n<p>\u015eiir yazmaya orta birinci s\u0131n\u0131f \u00f6\u011frencisi iken ba\u015flad\u0131. \u0130lk \u015fiiri Edirne&#8217;de Ak\u015fam, 1940 y\u0131l\u0131nda (\u015fair hen\u00fcz 15 ya\u015f\u0131nda iken) Yeni \u0130nsanl\u0131k adl\u0131 dergide alt\u0131nda &#8220;Harika \u00c7ocuk&#8221; diye bir notla yay\u0131mland\u0131. Bu \u015fiiri ilgi g\u00f6rm\u00fc\u015f, yay\u0131mlanmas\u0131ndan sonra d\u00f6nemin \u00fcnl\u00fc \u015fairi Hasan \u0130zzettin Dinamo kendisini g\u00f6rmeye Yenikap\u0131 Ortaokulu&#8217;na gelmi\u015fti.<\/p>\n<p>1944y\u0131l\u0131nda ta\u015f\u0131nd\u0131\u011f\u0131 Ankara&#8217;da 1950 y\u0131l\u0131na kadar ya\u015fad\u0131. 1945 y\u0131l\u0131na Ant Dergisi&#8217;nde yay\u0131mlad\u0131\u011f\u0131 \u015fiirlerle ad\u0131n\u0131 duyurdu. 1944-1947 y\u0131llar\u0131 aras\u0131nda Atat\u00fcrk Orman \u00c7iftli\u011fi&#8217;nde memurluk yapt\u0131. Askerli\u011fini Kayseri ve Sivas&#8217;ta s\u00fcrg\u00fcn alay\u0131nda yapt\u0131ktan sonra 1950&#8217;de \u0130stanbul&#8217;a d\u00f6nd\u00fc, Mahmutpa\u015fa&#8217;da i\u015fportac\u0131l\u0131k yapt\u0131. 1951 Eyl\u00fcl&#8217;\u00fcnden 1952 Mart&#8217;\u0131na kadar T\u00fcrkiye Kom\u00fcnist Partisi \u00f6nc\u00fcl\u00fc\u011f\u00fcnde \u00e7\u0131kan Yery\u00fcz\u00fc adl\u0131 k\u00fclt\u00fcr dergisi&#8217;nin y\u00f6netiminde bulundu. 15 Kas\u0131m 1951\u2019de yay\u0131mlanan &#8220;Dayan\u0131lmaz&#8221; adl\u0131 \u015fiirinin ard\u0131ndan gizli \u00f6rg\u00fct \u00fcyesi oldu\u011fu su\u00e7lamas\u0131yla 5 Aral\u0131k 1951\u2019de tutukland\u0131. 2 y\u0131l cezaevinde kald\u0131, delil yetersizli\u011finden beraat etti. Cezaevinden \u00e7\u0131kt\u0131ktan sonra \u00e7ok \u00e7e\u015fitli i\u015flerde \u00e7al\u0131\u015ft\u0131.<\/p>\n<p>Bir m\u00fcddet Arif &#8216;Barikat&#8217; takma ismiyle toplumsal ger\u00e7ek\u00e7i anlay\u0131\u015fta \u015fiirler yazd\u0131. Bu d\u00f6nem \u015fiirlerini 1956&#8217;da &#8220;G\u00fcnden G\u00fcne&#8221; adl\u0131 kitab\u0131nda toplad\u0131. Kitap bas\u0131ld\u0131ktan 5 ay sonra toplat\u0131ld\u0131 ama beraat etti.<\/p>\n<p>1958 y\u0131l\u0131nda &#8220;\u0130stanbul Bulutu&#8221; adl\u0131 kitab\u0131yla Yeditepe \u015eiir Arma\u011fan\u0131&#8217;n\u0131 Cemal S\u00fcreyya ile birlikte ald\u0131.<\/p>\n<p>Sonralar\u0131 \u0130kinci Yeni \u015fairlerinin yan\u0131nda, imgeye a\u011f\u0131rl\u0131k veren bir \u015fair olarak g\u00f6r\u00fcnd\u00fc. 1969&#8217;da Suadiye&#8217;de Yery\u00fcz\u00fc Kitabevi&#8217;ni kurdu ve y\u00f6netti. Yay\u0131nevinde yasak yay\u0131n bulundurdu\u011fu gerek\u00e7esiyle 1982&#8217;de \u00fc\u00e7 ay hapis cezas\u0131na \u00e7arpt\u0131r\u0131ld\u0131, Bozcaada tutukevi&#8217;nde yatt\u0131. 1984 y\u0131l\u0131nda kitabevini kapat\u0131p kendini b\u00fct\u00fcn\u00fcyle yaz\u0131lar\u0131na verdi. &#8220;Arif H\u00fcsn\u00fc&#8221;, &#8220;Ece Oval\u0131&#8221; takma isinlerini de kulland\u0131. En sevilen \u015fiirlerinden biri &#8220;Halla\u00e7&#8221; t\u0131r.<\/p>\n<p>1985 y\u0131l\u0131nda Melih Cevdet Anday ile ortak imza att\u0131\u011f\u0131 &#8220;Ya\u011fmurlu Sokak&#8221; adl\u0131 roman\u0131 yay\u0131mlad\u0131. Bu kitab\u0131 iki yazar 1959&#8217;da yazm\u0131\u015flar ve Murat Tek takma ad\u0131yla Terc\u00fcman Gazetesi&#8217;nde tefrika edilmi\u015fti. En son Cumhuriyet Gazetesi&#8217;nde &#8216;Ay\u0131n \u015fairi&#8217; b\u00f6l\u00fcm\u00fcn\u00fc haz\u0131rl\u0131yordu.<\/p>\n<p>Bir s\u00fcre Nahit F\u0131ratl\u0131 ile evli kalan Damar, bu evlili\u011fin bitmesinin ard\u0131ndan Meri\u00e7 T\u00fclin ile evlenmi\u015ftir. \u0130stanbul Moda&#8217;da ya\u015fad\u0131. Toplu \u015fiirleri 2004 y\u0131l\u0131nda Alk\u0131m Yay\u0131nevi&#8217;nden \u00e7\u0131kt\u0131.<\/p>\n<p>Arif Damar, 20 Ekim 2010 tarihinde saat 03.00&#8217;da, kald\u0131r\u0131lm\u0131\u015f oldu\u011fu G\u00f6ztepe E\u011fitim ve Ara\u015ft\u0131rma Hastanesi&#8217;nde kalp yetmezli\u011fi sonucu ya\u015fam\u0131n\u0131 yitirdi. Kad\u0131k\u00f6y Moda camii&#8217;nde k\u0131l\u0131nan cenaze namaz\u0131n\u0131n ard\u0131ndan \u00c7engelk\u00f6y mezarl\u0131\u011f\u0131&#8217;nda topra\u011fa verildi.<\/p>\n<p style=\"text-align: justify;\">\u00a0<\/p>\n<p style=\"text-align: justify;\"><strong>Arif DAMAR \u015fiirlerini sitemizde bulabilirsiniz<\/strong><\/p>\n","protected":false},"excerpt":{"rendered":"<p>Arif Damar ( d. 23 Temmuz 1925, Gelibolu, \u00c7anakkale &#8211; \u00f6. 20 Ekim 2010, G\u00f6ztepe, \u0130stanbul) \u00c7anakkale&#8217;nin Gelibolu il\u00e7esi Karainebey k\u00f6y\u00fcnde 23 Temmuz 1925 g\u00fcn\u00fc do\u011fdu. \u0130lkokulu \u00c7anakkale&#8217;de, ortaokulu \u0130stanbul&#8217;daki Yenikap\u0131 Ortaokulu&#8217;nda bitirdi. \u0130stanbul Erkek Lisesi&#8217;ndeki \u00f6\u011frenimini iki y\u0131l sonra b\u0131rakt\u0131. \u015eiir yazmaya orta birinci s\u0131n\u0131f \u00f6\u011frencisi iken ba\u015flad\u0131. \u0130lk \u015fiiri Edirne&#8217;de Ak\u015fam, 1940 y\u0131l\u0131nda [&hellip;]<\/p>\n","protected":false},"author":1,"featured_media":0,"comment_status":"open","ping_status":"open","sticky":false,"template":"","format":"standard","meta":{"footnotes":""},"categories":[8],"tags":[],"class_list":{"0":"post-203","1":"post","2":"type-post","3":"status-publish","4":"format-standard","6":"category-arif-damar"},"yoast_head":"<!-- This site is optimized with the Yoast SEO Premium plugin v24.9 (Yoast SEO v24.9) - https:\/\/yoast.com\/wordpress\/plugins\/seo\/ -->\n<title>Arif DAMAR Biyografisi - narteks.net<\/title>\n<meta name=\"robots\" content=\"index, follow, max-snippet:-1, max-image-preview:large, max-video-preview:-1\" \/>\n<link rel=\"canonical\" href=\"https:\/\/narteks.net\/index.php\/2009\/02\/27\/arif-damar-biyografisi\/\" \/>\n<meta property=\"og:locale\" content=\"tr_TR\" \/>\n<meta property=\"og:type\" content=\"article\" \/>\n<meta property=\"og:title\" content=\"Arif DAMAR Biyografisi\" \/>\n<meta property=\"og:description\" content=\"Arif Damar ( d. 23 Temmuz 1925, Gelibolu, \u00c7anakkale &#8211; \u00f6. 20 Ekim 2010, G\u00f6ztepe, \u0130stanbul) \u00c7anakkale&#8217;nin Gelibolu il\u00e7esi Karainebey k\u00f6y\u00fcnde 23 Temmuz 1925 g\u00fcn\u00fc do\u011fdu. \u0130lkokulu \u00c7anakkale&#8217;de, ortaokulu \u0130stanbul&#8217;daki Yenikap\u0131 Ortaokulu&#8217;nda bitirdi. \u0130stanbul Erkek Lisesi&#8217;ndeki \u00f6\u011frenimini iki y\u0131l sonra b\u0131rakt\u0131. \u015eiir yazmaya orta birinci s\u0131n\u0131f \u00f6\u011frencisi iken ba\u015flad\u0131. \u0130lk \u015fiiri Edirne&#8217;de Ak\u015fam, 1940 y\u0131l\u0131nda [&hellip;]\" \/>\n<meta property=\"og:url\" content=\"https:\/\/narteks.net\/index.php\/2009\/02\/27\/arif-damar-biyografisi\/\" \/>\n<meta property=\"og:site_name\" content=\"narteks.net\" \/>\n<meta property=\"article:published_time\" content=\"2009-02-27T14:00:18+00:00\" \/>\n<meta property=\"og:image\" content=\"http:\/\/i43.tinypic.com\/2dkkco.jpg\" \/>\n<meta name=\"author\" content=\"Tar\u0131k\" \/>\n<meta name=\"twitter:card\" content=\"summary_large_image\" \/>\n<meta name=\"twitter:creator\" content=\"@narteks\" \/>\n<meta name=\"twitter:site\" content=\"@narteks\" \/>\n<meta name=\"twitter:label1\" content=\"Yazan:\" \/>\n\t<meta name=\"twitter:data1\" content=\"Tar\u0131k\" \/>\n\t<meta name=\"twitter:label2\" content=\"Tahmini okuma s\u00fcresi\" \/>\n\t<meta name=\"twitter:data2\" content=\"3 dakika\" \/>\n<script type=\"application\/ld+json\" class=\"yoast-schema-graph\">{\"@context\":\"https:\/\/schema.org\",\"@graph\":[{\"@type\":\"Article\",\"@id\":\"https:\/\/narteks.net\/index.php\/2009\/02\/27\/arif-damar-biyografisi\/#article\",\"isPartOf\":{\"@id\":\"https:\/\/narteks.net\/index.php\/2009\/02\/27\/arif-damar-biyografisi\/\"},\"author\":{\"name\":\"Tar\u0131k\",\"@id\":\"https:\/\/narteks.net\/#\/schema\/person\/61f37d9834294b72d31d274e7ed79bca\"},\"headline\":\"Arif DAMAR Biyografisi\",\"datePublished\":\"2009-02-27T14:00:18+00:00\",\"mainEntityOfPage\":{\"@id\":\"https:\/\/narteks.net\/index.php\/2009\/02\/27\/arif-damar-biyografisi\/\"},\"wordCount\":509,\"commentCount\":0,\"publisher\":{\"@id\":\"https:\/\/narteks.net\/#organization\"},\"image\":{\"@id\":\"https:\/\/narteks.net\/index.php\/2009\/02\/27\/arif-damar-biyografisi\/#primaryimage\"},\"thumbnailUrl\":\"http:\/\/i43.tinypic.com\/2dkkco.jpg\",\"articleSection\":[\"Arif DAMAR\"],\"inLanguage\":\"tr\",\"potentialAction\":[{\"@type\":\"CommentAction\",\"name\":\"Comment\",\"target\":[\"https:\/\/narteks.net\/index.php\/2009\/02\/27\/arif-damar-biyografisi\/#respond\"]}]},{\"@type\":\"WebPage\",\"@id\":\"https:\/\/narteks.net\/index.php\/2009\/02\/27\/arif-damar-biyografisi\/\",\"url\":\"https:\/\/narteks.net\/index.php\/2009\/02\/27\/arif-damar-biyografisi\/\",\"name\":\"Arif DAMAR Biyografisi - narteks.net\",\"isPartOf\":{\"@id\":\"https:\/\/narteks.net\/#website\"},\"primaryImageOfPage\":{\"@id\":\"https:\/\/narteks.net\/index.php\/2009\/02\/27\/arif-damar-biyografisi\/#primaryimage\"},\"image\":{\"@id\":\"https:\/\/narteks.net\/index.php\/2009\/02\/27\/arif-damar-biyografisi\/#primaryimage\"},\"thumbnailUrl\":\"http:\/\/i43.tinypic.com\/2dkkco.jpg\",\"datePublished\":\"2009-02-27T14:00:18+00:00\",\"breadcrumb\":{\"@id\":\"https:\/\/narteks.net\/index.php\/2009\/02\/27\/arif-damar-biyografisi\/#breadcrumb\"},\"inLanguage\":\"tr\",\"potentialAction\":[{\"@type\":\"ReadAction\",\"target\":[\"https:\/\/narteks.net\/index.php\/2009\/02\/27\/arif-damar-biyografisi\/\"]}]},{\"@type\":\"ImageObject\",\"inLanguage\":\"tr\",\"@id\":\"https:\/\/narteks.net\/index.php\/2009\/02\/27\/arif-damar-biyografisi\/#primaryimage\",\"url\":\"http:\/\/i43.tinypic.com\/2dkkco.jpg\",\"contentUrl\":\"http:\/\/i43.tinypic.com\/2dkkco.jpg\"},{\"@type\":\"BreadcrumbList\",\"@id\":\"https:\/\/narteks.net\/index.php\/2009\/02\/27\/arif-damar-biyografisi\/#breadcrumb\",\"itemListElement\":[{\"@type\":\"ListItem\",\"position\":1,\"name\":\"Anasayfa\",\"item\":\"https:\/\/narteks.net\/\"},{\"@type\":\"ListItem\",\"position\":2,\"name\":\"Arif DAMAR Biyografisi\"}]},{\"@type\":\"WebSite\",\"@id\":\"https:\/\/narteks.net\/#website\",\"url\":\"https:\/\/narteks.net\/\",\"name\":\"narteks.net\",\"description\":\"K\u00fclt\u00fcr Sanat Edebiyat Felsefe\",\"publisher\":{\"@id\":\"https:\/\/narteks.net\/#organization\"},\"alternateName\":\"K\u00fclt\u00fcr Sanat Edebiyat Felsefe\",\"potentialAction\":[{\"@type\":\"SearchAction\",\"target\":{\"@type\":\"EntryPoint\",\"urlTemplate\":\"https:\/\/narteks.net\/?s={search_term_string}\"},\"query-input\":{\"@type\":\"PropertyValueSpecification\",\"valueRequired\":true,\"valueName\":\"search_term_string\"}}],\"inLanguage\":\"tr\"},{\"@type\":\"Organization\",\"@id\":\"https:\/\/narteks.net\/#organization\",\"name\":\"narteks.net\",\"url\":\"https:\/\/narteks.net\/\",\"logo\":{\"@type\":\"ImageObject\",\"inLanguage\":\"tr\",\"@id\":\"https:\/\/narteks.net\/#\/schema\/logo\/image\/\",\"url\":\"https:\/\/narteks.net\/wp-content\/uploads\/narteks.png\",\"contentUrl\":\"https:\/\/narteks.net\/wp-content\/uploads\/narteks.png\",\"width\":300,\"height\":90,\"caption\":\"narteks.net\"},\"image\":{\"@id\":\"https:\/\/narteks.net\/#\/schema\/logo\/image\/\"},\"sameAs\":[\"https:\/\/x.com\/narteks\",\"https:\/\/instagram.com\/narteksnet\"]},{\"@type\":\"Person\",\"@id\":\"https:\/\/narteks.net\/#\/schema\/person\/61f37d9834294b72d31d274e7ed79bca\",\"name\":\"Tar\u0131k\",\"image\":{\"@type\":\"ImageObject\",\"inLanguage\":\"tr\",\"@id\":\"https:\/\/narteks.net\/#\/schema\/person\/image\/\",\"url\":\"https:\/\/secure.gravatar.com\/avatar\/50865afb55632c4ae467e0af0930f6510aa2297d8014be502a55b14f3b7550cf?s=96&d=mm&r=g\",\"contentUrl\":\"https:\/\/secure.gravatar.com\/avatar\/50865afb55632c4ae467e0af0930f6510aa2297d8014be502a55b14f3b7550cf?s=96&d=mm&r=g\",\"caption\":\"Tar\u0131k\"},\"sameAs\":[\"http:\/\/narteks.net\"],\"url\":\"https:\/\/narteks.net\/index.php\/author\/narbak\/\"}]}<\/script>\n<!-- \/ Yoast SEO Premium plugin. -->","yoast_head_json":{"title":"Arif DAMAR Biyografisi - narteks.net","robots":{"index":"index","follow":"follow","max-snippet":"max-snippet:-1","max-image-preview":"max-image-preview:large","max-video-preview":"max-video-preview:-1"},"canonical":"https:\/\/narteks.net\/index.php\/2009\/02\/27\/arif-damar-biyografisi\/","og_locale":"tr_TR","og_type":"article","og_title":"Arif DAMAR Biyografisi","og_description":"Arif Damar ( d. 23 Temmuz 1925, Gelibolu, \u00c7anakkale &#8211; \u00f6. 20 Ekim 2010, G\u00f6ztepe, \u0130stanbul) \u00c7anakkale&#8217;nin Gelibolu il\u00e7esi Karainebey k\u00f6y\u00fcnde 23 Temmuz 1925 g\u00fcn\u00fc do\u011fdu. \u0130lkokulu \u00c7anakkale&#8217;de, ortaokulu \u0130stanbul&#8217;daki Yenikap\u0131 Ortaokulu&#8217;nda bitirdi. \u0130stanbul Erkek Lisesi&#8217;ndeki \u00f6\u011frenimini iki y\u0131l sonra b\u0131rakt\u0131. \u015eiir yazmaya orta birinci s\u0131n\u0131f \u00f6\u011frencisi iken ba\u015flad\u0131. \u0130lk \u015fiiri Edirne&#8217;de Ak\u015fam, 1940 y\u0131l\u0131nda [&hellip;]","og_url":"https:\/\/narteks.net\/index.php\/2009\/02\/27\/arif-damar-biyografisi\/","og_site_name":"narteks.net","article_published_time":"2009-02-27T14:00:18+00:00","og_image":[{"url":"http:\/\/i43.tinypic.com\/2dkkco.jpg","type":"","width":"","height":""}],"author":"Tar\u0131k","twitter_card":"summary_large_image","twitter_creator":"@narteks","twitter_site":"@narteks","twitter_misc":{"Yazan:":"Tar\u0131k","Tahmini okuma s\u00fcresi":"3 dakika"},"schema":{"@context":"https:\/\/schema.org","@graph":[{"@type":"Article","@id":"https:\/\/narteks.net\/index.php\/2009\/02\/27\/arif-damar-biyografisi\/#article","isPartOf":{"@id":"https:\/\/narteks.net\/index.php\/2009\/02\/27\/arif-damar-biyografisi\/"},"author":{"name":"Tar\u0131k","@id":"https:\/\/narteks.net\/#\/schema\/person\/61f37d9834294b72d31d274e7ed79bca"},"headline":"Arif DAMAR Biyografisi","datePublished":"2009-02-27T14:00:18+00:00","mainEntityOfPage":{"@id":"https:\/\/narteks.net\/index.php\/2009\/02\/27\/arif-damar-biyografisi\/"},"wordCount":509,"commentCount":0,"publisher":{"@id":"https:\/\/narteks.net\/#organization"},"image":{"@id":"https:\/\/narteks.net\/index.php\/2009\/02\/27\/arif-damar-biyografisi\/#primaryimage"},"thumbnailUrl":"http:\/\/i43.tinypic.com\/2dkkco.jpg","articleSection":["Arif DAMAR"],"inLanguage":"tr","potentialAction":[{"@type":"CommentAction","name":"Comment","target":["https:\/\/narteks.net\/index.php\/2009\/02\/27\/arif-damar-biyografisi\/#respond"]}]},{"@type":"WebPage","@id":"https:\/\/narteks.net\/index.php\/2009\/02\/27\/arif-damar-biyografisi\/","url":"https:\/\/narteks.net\/index.php\/2009\/02\/27\/arif-damar-biyografisi\/","name":"Arif DAMAR Biyografisi - narteks.net","isPartOf":{"@id":"https:\/\/narteks.net\/#website"},"primaryImageOfPage":{"@id":"https:\/\/narteks.net\/index.php\/2009\/02\/27\/arif-damar-biyografisi\/#primaryimage"},"image":{"@id":"https:\/\/narteks.net\/index.php\/2009\/02\/27\/arif-damar-biyografisi\/#primaryimage"},"thumbnailUrl":"http:\/\/i43.tinypic.com\/2dkkco.jpg","datePublished":"2009-02-27T14:00:18+00:00","breadcrumb":{"@id":"https:\/\/narteks.net\/index.php\/2009\/02\/27\/arif-damar-biyografisi\/#breadcrumb"},"inLanguage":"tr","potentialAction":[{"@type":"ReadAction","target":["https:\/\/narteks.net\/index.php\/2009\/02\/27\/arif-damar-biyografisi\/"]}]},{"@type":"ImageObject","inLanguage":"tr","@id":"https:\/\/narteks.net\/index.php\/2009\/02\/27\/arif-damar-biyografisi\/#primaryimage","url":"http:\/\/i43.tinypic.com\/2dkkco.jpg","contentUrl":"http:\/\/i43.tinypic.com\/2dkkco.jpg"},{"@type":"BreadcrumbList","@id":"https:\/\/narteks.net\/index.php\/2009\/02\/27\/arif-damar-biyografisi\/#breadcrumb","itemListElement":[{"@type":"ListItem","position":1,"name":"Anasayfa","item":"https:\/\/narteks.net\/"},{"@type":"ListItem","position":2,"name":"Arif DAMAR Biyografisi"}]},{"@type":"WebSite","@id":"https:\/\/narteks.net\/#website","url":"https:\/\/narteks.net\/","name":"narteks.net","description":"K\u00fclt\u00fcr Sanat Edebiyat Felsefe","publisher":{"@id":"https:\/\/narteks.net\/#organization"},"alternateName":"K\u00fclt\u00fcr Sanat Edebiyat Felsefe","potentialAction":[{"@type":"SearchAction","target":{"@type":"EntryPoint","urlTemplate":"https:\/\/narteks.net\/?s={search_term_string}"},"query-input":{"@type":"PropertyValueSpecification","valueRequired":true,"valueName":"search_term_string"}}],"inLanguage":"tr"},{"@type":"Organization","@id":"https:\/\/narteks.net\/#organization","name":"narteks.net","url":"https:\/\/narteks.net\/","logo":{"@type":"ImageObject","inLanguage":"tr","@id":"https:\/\/narteks.net\/#\/schema\/logo\/image\/","url":"https:\/\/narteks.net\/wp-content\/uploads\/narteks.png","contentUrl":"https:\/\/narteks.net\/wp-content\/uploads\/narteks.png","width":300,"height":90,"caption":"narteks.net"},"image":{"@id":"https:\/\/narteks.net\/#\/schema\/logo\/image\/"},"sameAs":["https:\/\/x.com\/narteks","https:\/\/instagram.com\/narteksnet"]},{"@type":"Person","@id":"https:\/\/narteks.net\/#\/schema\/person\/61f37d9834294b72d31d274e7ed79bca","name":"Tar\u0131k","image":{"@type":"ImageObject","inLanguage":"tr","@id":"https:\/\/narteks.net\/#\/schema\/person\/image\/","url":"https:\/\/secure.gravatar.com\/avatar\/50865afb55632c4ae467e0af0930f6510aa2297d8014be502a55b14f3b7550cf?s=96&d=mm&r=g","contentUrl":"https:\/\/secure.gravatar.com\/avatar\/50865afb55632c4ae467e0af0930f6510aa2297d8014be502a55b14f3b7550cf?s=96&d=mm&r=g","caption":"Tar\u0131k"},"sameAs":["http:\/\/narteks.net"],"url":"https:\/\/narteks.net\/index.php\/author\/narbak\/"}]}},"_links":{"self":[{"href":"https:\/\/narteks.net\/index.php\/wp-json\/wp\/v2\/posts\/203","targetHints":{"allow":["GET"]}}],"collection":[{"href":"https:\/\/narteks.net\/index.php\/wp-json\/wp\/v2\/posts"}],"about":[{"href":"https:\/\/narteks.net\/index.php\/wp-json\/wp\/v2\/types\/post"}],"author":[{"embeddable":true,"href":"https:\/\/narteks.net\/index.php\/wp-json\/wp\/v2\/users\/1"}],"replies":[{"embeddable":true,"href":"https:\/\/narteks.net\/index.php\/wp-json\/wp\/v2\/comments?post=203"}],"version-history":[{"count":0,"href":"https:\/\/narteks.net\/index.php\/wp-json\/wp\/v2\/posts\/203\/revisions"}],"wp:attachment":[{"href":"https:\/\/narteks.net\/index.php\/wp-json\/wp\/v2\/media?parent=203"}],"wp:term":[{"taxonomy":"category","embeddable":true,"href":"https:\/\/narteks.net\/index.php\/wp-json\/wp\/v2\/categories?post=203"},{"taxonomy":"post_tag","embeddable":true,"href":"https:\/\/narteks.net\/index.php\/wp-json\/wp\/v2\/tags?post=203"}],"curies":[{"name":"wp","href":"https:\/\/api.w.org\/{rel}","templated":true}]}}