{"id":2032,"date":"2009-12-04T21:02:17","date_gmt":"2009-12-04T18:02:17","guid":{"rendered":"http:\/\/localhost\/wordpress\/2009\/12\/04\/sen-soylemeden-de-biliyorum\/"},"modified":"2009-12-04T21:02:17","modified_gmt":"2009-12-04T18:02:17","slug":"sen-soylemeden-de-biliyorum","status":"publish","type":"post","link":"https:\/\/narteks.net\/index.php\/2009\/12\/04\/sen-soylemeden-de-biliyorum\/","title":{"rendered":"SEN S\u00d6YLEMEDEN DE B\u0130L\u0130YORUM"},"content":{"rendered":"<p>\u00a0<\/p>\n<p>Seziyorum ki ka\u00e7acaks\u0131n.. <br \/> Yalvaramam ko\u015famam <br \/> Ama sesini b\u0131rak bende <br \/> Biliyorum ki kopacaks\u0131n <br \/> Tutamam sa\u00e7lar\u0131ndan <br \/> Ama kokunu b\u0131rak bende <br \/> Anl\u0131yorum ki ayr\u0131lacaks\u0131n <br \/> \u00c7ok y\u0131kk\u0131n\u0131m y\u0131k\u0131lamam <br \/> Ama rengini b\u0131rak bende <br \/> Duyumsuyorum ki yiteceksin <br \/> En b\u00fcy\u00fck ac\u0131m olacak <br \/> Ama \u0131s\u0131n\u0131 b\u0131rak bende <br \/> Ayr\u0131ms\u0131yorum ki unutacaks\u0131n <br \/> Ac\u0131 kur\u015fun bir okyanus <br \/> Ama tad\u0131n\u0131 b\u0131rak bende <br \/> Nas\u0131l olsa gideceksin <br \/> Hakk\u0131m yok durdurmaya <br \/> Ama kendini b\u0131rak bende.<\/p>\n<p>Aziz NES\u0130N<\/p>\n","protected":false},"excerpt":{"rendered":"<p>\u00a0 Seziyorum ki ka\u00e7acaks\u0131n.. Yalvaramam ko\u015famam Ama sesini b\u0131rak bende Biliyorum ki kopacaks\u0131n Tutamam sa\u00e7lar\u0131ndan Ama kokunu b\u0131rak bende Anl\u0131yorum ki ayr\u0131lacaks\u0131n \u00c7ok y\u0131kk\u0131n\u0131m y\u0131k\u0131lamam Ama rengini b\u0131rak bende Duyumsuyorum ki yiteceksin En b\u00fcy\u00fck ac\u0131m olacak Ama \u0131s\u0131n\u0131 b\u0131rak bende Ayr\u0131ms\u0131yorum ki unutacaks\u0131n Ac\u0131 kur\u015fun bir okyanus Ama tad\u0131n\u0131 b\u0131rak bende Nas\u0131l olsa gideceksin Hakk\u0131m [&hellip;]<\/p>\n","protected":false},"author":1,"featured_media":0,"comment_status":"open","ping_status":"open","sticky":false,"template":"","format":"standard","meta":{"footnotes":""},"categories":[12],"tags":[],"class_list":{"0":"post-2032","1":"post","2":"type-post","3":"status-publish","4":"format-standard","6":"category-aziz-nesin"},"yoast_head":"<!-- This site is optimized with the Yoast SEO Premium plugin v24.9 (Yoast SEO v24.9) - https:\/\/yoast.com\/wordpress\/plugins\/seo\/ -->\n<title>SEN S\u00d6YLEMEDEN DE B\u0130L\u0130YORUM - narteks.net<\/title>\n<meta name=\"robots\" content=\"index, follow, max-snippet:-1, max-image-preview:large, max-video-preview:-1\" \/>\n<link rel=\"canonical\" href=\"https:\/\/narteks.net\/index.php\/2009\/12\/04\/sen-soylemeden-de-biliyorum\/\" \/>\n<meta property=\"og:locale\" content=\"tr_TR\" \/>\n<meta property=\"og:type\" content=\"article\" \/>\n<meta property=\"og:title\" content=\"SEN S\u00d6YLEMEDEN DE B\u0130L\u0130YORUM\" \/>\n<meta property=\"og:description\" content=\"\u00a0 Seziyorum ki ka\u00e7acaks\u0131n.. Yalvaramam ko\u015famam Ama sesini b\u0131rak bende Biliyorum ki kopacaks\u0131n Tutamam sa\u00e7lar\u0131ndan Ama kokunu b\u0131rak bende Anl\u0131yorum ki ayr\u0131lacaks\u0131n \u00c7ok y\u0131kk\u0131n\u0131m y\u0131k\u0131lamam Ama rengini b\u0131rak bende Duyumsuyorum ki yiteceksin En b\u00fcy\u00fck ac\u0131m olacak Ama \u0131s\u0131n\u0131 b\u0131rak bende Ayr\u0131ms\u0131yorum ki unutacaks\u0131n Ac\u0131 kur\u015fun bir okyanus Ama tad\u0131n\u0131 b\u0131rak bende Nas\u0131l olsa gideceksin Hakk\u0131m [&hellip;]\" \/>\n<meta property=\"og:url\" content=\"https:\/\/narteks.net\/index.php\/2009\/12\/04\/sen-soylemeden-de-biliyorum\/\" \/>\n<meta property=\"og:site_name\" content=\"narteks.net\" \/>\n<meta property=\"article:published_time\" content=\"2009-12-04T18:02:17+00:00\" \/>\n<meta property=\"og:image\" content=\"https:\/\/narteks.net\/wp-content\/uploads\/narteks.png\" \/>\n\t<meta property=\"og:image:width\" content=\"300\" \/>\n\t<meta property=\"og:image:height\" content=\"90\" \/>\n\t<meta property=\"og:image:type\" content=\"image\/png\" \/>\n<meta name=\"author\" content=\"Tar\u0131k\" \/>\n<meta name=\"twitter:card\" content=\"summary_large_image\" \/>\n<meta name=\"twitter:creator\" content=\"@narteks\" \/>\n<meta name=\"twitter:site\" content=\"@narteks\" \/>\n<meta name=\"twitter:label1\" content=\"Yazan:\" \/>\n\t<meta name=\"twitter:data1\" content=\"Tar\u0131k\" \/>\n<script type=\"application\/ld+json\" class=\"yoast-schema-graph\">{\"@context\":\"https:\/\/schema.org\",\"@graph\":[{\"@type\":\"Article\",\"@id\":\"https:\/\/narteks.net\/index.php\/2009\/12\/04\/sen-soylemeden-de-biliyorum\/#article\",\"isPartOf\":{\"@id\":\"https:\/\/narteks.net\/index.php\/2009\/12\/04\/sen-soylemeden-de-biliyorum\/\"},\"author\":{\"name\":\"Tar\u0131k\",\"@id\":\"https:\/\/narteks.net\/#\/schema\/person\/61f37d9834294b72d31d274e7ed79bca\"},\"headline\":\"SEN S\u00d6YLEMEDEN DE B\u0130L\u0130YORUM\",\"datePublished\":\"2009-12-04T18:02:17+00:00\",\"mainEntityOfPage\":{\"@id\":\"https:\/\/narteks.net\/index.php\/2009\/12\/04\/sen-soylemeden-de-biliyorum\/\"},\"wordCount\":101,\"commentCount\":0,\"publisher\":{\"@id\":\"https:\/\/narteks.net\/#organization\"},\"articleSection\":[\"Aziz NESIN\"],\"inLanguage\":\"tr\",\"potentialAction\":[{\"@type\":\"CommentAction\",\"name\":\"Comment\",\"target\":[\"https:\/\/narteks.net\/index.php\/2009\/12\/04\/sen-soylemeden-de-biliyorum\/#respond\"]}]},{\"@type\":\"WebPage\",\"@id\":\"https:\/\/narteks.net\/index.php\/2009\/12\/04\/sen-soylemeden-de-biliyorum\/\",\"url\":\"https:\/\/narteks.net\/index.php\/2009\/12\/04\/sen-soylemeden-de-biliyorum\/\",\"name\":\"SEN S\u00d6YLEMEDEN DE B\u0130L\u0130YORUM - narteks.net\",\"isPartOf\":{\"@id\":\"https:\/\/narteks.net\/#website\"},\"datePublished\":\"2009-12-04T18:02:17+00:00\",\"breadcrumb\":{\"@id\":\"https:\/\/narteks.net\/index.php\/2009\/12\/04\/sen-soylemeden-de-biliyorum\/#breadcrumb\"},\"inLanguage\":\"tr\",\"potentialAction\":[{\"@type\":\"ReadAction\",\"target\":[\"https:\/\/narteks.net\/index.php\/2009\/12\/04\/sen-soylemeden-de-biliyorum\/\"]}]},{\"@type\":\"BreadcrumbList\",\"@id\":\"https:\/\/narteks.net\/index.php\/2009\/12\/04\/sen-soylemeden-de-biliyorum\/#breadcrumb\",\"itemListElement\":[{\"@type\":\"ListItem\",\"position\":1,\"name\":\"Anasayfa\",\"item\":\"https:\/\/narteks.net\/\"},{\"@type\":\"ListItem\",\"position\":2,\"name\":\"SEN S\u00d6YLEMEDEN DE B\u0130L\u0130YORUM\"}]},{\"@type\":\"WebSite\",\"@id\":\"https:\/\/narteks.net\/#website\",\"url\":\"https:\/\/narteks.net\/\",\"name\":\"narteks.net\",\"description\":\"K\u00fclt\u00fcr Sanat Edebiyat Felsefe\",\"publisher\":{\"@id\":\"https:\/\/narteks.net\/#organization\"},\"alternateName\":\"K\u00fclt\u00fcr Sanat Edebiyat Felsefe\",\"potentialAction\":[{\"@type\":\"SearchAction\",\"target\":{\"@type\":\"EntryPoint\",\"urlTemplate\":\"https:\/\/narteks.net\/?s={search_term_string}\"},\"query-input\":{\"@type\":\"PropertyValueSpecification\",\"valueRequired\":true,\"valueName\":\"search_term_string\"}}],\"inLanguage\":\"tr\"},{\"@type\":\"Organization\",\"@id\":\"https:\/\/narteks.net\/#organization\",\"name\":\"narteks.net\",\"url\":\"https:\/\/narteks.net\/\",\"logo\":{\"@type\":\"ImageObject\",\"inLanguage\":\"tr\",\"@id\":\"https:\/\/narteks.net\/#\/schema\/logo\/image\/\",\"url\":\"https:\/\/narteks.net\/wp-content\/uploads\/narteks.png\",\"contentUrl\":\"https:\/\/narteks.net\/wp-content\/uploads\/narteks.png\",\"width\":300,\"height\":90,\"caption\":\"narteks.net\"},\"image\":{\"@id\":\"https:\/\/narteks.net\/#\/schema\/logo\/image\/\"},\"sameAs\":[\"https:\/\/x.com\/narteks\",\"https:\/\/instagram.com\/narteksnet\"]},{\"@type\":\"Person\",\"@id\":\"https:\/\/narteks.net\/#\/schema\/person\/61f37d9834294b72d31d274e7ed79bca\",\"name\":\"Tar\u0131k\",\"image\":{\"@type\":\"ImageObject\",\"inLanguage\":\"tr\",\"@id\":\"https:\/\/narteks.net\/#\/schema\/person\/image\/\",\"url\":\"https:\/\/secure.gravatar.com\/avatar\/50865afb55632c4ae467e0af0930f6510aa2297d8014be502a55b14f3b7550cf?s=96&d=mm&r=g\",\"contentUrl\":\"https:\/\/secure.gravatar.com\/avatar\/50865afb55632c4ae467e0af0930f6510aa2297d8014be502a55b14f3b7550cf?s=96&d=mm&r=g\",\"caption\":\"Tar\u0131k\"},\"sameAs\":[\"http:\/\/narteks.net\"],\"url\":\"https:\/\/narteks.net\/index.php\/author\/narbak\/\"}]}<\/script>\n<!-- \/ Yoast SEO Premium plugin. -->","yoast_head_json":{"title":"SEN S\u00d6YLEMEDEN DE B\u0130L\u0130YORUM - narteks.net","robots":{"index":"index","follow":"follow","max-snippet":"max-snippet:-1","max-image-preview":"max-image-preview:large","max-video-preview":"max-video-preview:-1"},"canonical":"https:\/\/narteks.net\/index.php\/2009\/12\/04\/sen-soylemeden-de-biliyorum\/","og_locale":"tr_TR","og_type":"article","og_title":"SEN S\u00d6YLEMEDEN DE B\u0130L\u0130YORUM","og_description":"\u00a0 Seziyorum ki ka\u00e7acaks\u0131n.. Yalvaramam ko\u015famam Ama sesini b\u0131rak bende Biliyorum ki kopacaks\u0131n Tutamam sa\u00e7lar\u0131ndan Ama kokunu b\u0131rak bende Anl\u0131yorum ki ayr\u0131lacaks\u0131n \u00c7ok y\u0131kk\u0131n\u0131m y\u0131k\u0131lamam Ama rengini b\u0131rak bende Duyumsuyorum ki yiteceksin En b\u00fcy\u00fck ac\u0131m olacak Ama \u0131s\u0131n\u0131 b\u0131rak bende Ayr\u0131ms\u0131yorum ki unutacaks\u0131n Ac\u0131 kur\u015fun bir okyanus Ama tad\u0131n\u0131 b\u0131rak bende Nas\u0131l olsa gideceksin Hakk\u0131m [&hellip;]","og_url":"https:\/\/narteks.net\/index.php\/2009\/12\/04\/sen-soylemeden-de-biliyorum\/","og_site_name":"narteks.net","article_published_time":"2009-12-04T18:02:17+00:00","og_image":[{"width":300,"height":90,"url":"https:\/\/narteks.net\/wp-content\/uploads\/narteks.png","type":"image\/png"}],"author":"Tar\u0131k","twitter_card":"summary_large_image","twitter_creator":"@narteks","twitter_site":"@narteks","twitter_misc":{"Yazan:":"Tar\u0131k"},"schema":{"@context":"https:\/\/schema.org","@graph":[{"@type":"Article","@id":"https:\/\/narteks.net\/index.php\/2009\/12\/04\/sen-soylemeden-de-biliyorum\/#article","isPartOf":{"@id":"https:\/\/narteks.net\/index.php\/2009\/12\/04\/sen-soylemeden-de-biliyorum\/"},"author":{"name":"Tar\u0131k","@id":"https:\/\/narteks.net\/#\/schema\/person\/61f37d9834294b72d31d274e7ed79bca"},"headline":"SEN S\u00d6YLEMEDEN DE B\u0130L\u0130YORUM","datePublished":"2009-12-04T18:02:17+00:00","mainEntityOfPage":{"@id":"https:\/\/narteks.net\/index.php\/2009\/12\/04\/sen-soylemeden-de-biliyorum\/"},"wordCount":101,"commentCount":0,"publisher":{"@id":"https:\/\/narteks.net\/#organization"},"articleSection":["Aziz NESIN"],"inLanguage":"tr","potentialAction":[{"@type":"CommentAction","name":"Comment","target":["https:\/\/narteks.net\/index.php\/2009\/12\/04\/sen-soylemeden-de-biliyorum\/#respond"]}]},{"@type":"WebPage","@id":"https:\/\/narteks.net\/index.php\/2009\/12\/04\/sen-soylemeden-de-biliyorum\/","url":"https:\/\/narteks.net\/index.php\/2009\/12\/04\/sen-soylemeden-de-biliyorum\/","name":"SEN S\u00d6YLEMEDEN DE B\u0130L\u0130YORUM - narteks.net","isPartOf":{"@id":"https:\/\/narteks.net\/#website"},"datePublished":"2009-12-04T18:02:17+00:00","breadcrumb":{"@id":"https:\/\/narteks.net\/index.php\/2009\/12\/04\/sen-soylemeden-de-biliyorum\/#breadcrumb"},"inLanguage":"tr","potentialAction":[{"@type":"ReadAction","target":["https:\/\/narteks.net\/index.php\/2009\/12\/04\/sen-soylemeden-de-biliyorum\/"]}]},{"@type":"BreadcrumbList","@id":"https:\/\/narteks.net\/index.php\/2009\/12\/04\/sen-soylemeden-de-biliyorum\/#breadcrumb","itemListElement":[{"@type":"ListItem","position":1,"name":"Anasayfa","item":"https:\/\/narteks.net\/"},{"@type":"ListItem","position":2,"name":"SEN S\u00d6YLEMEDEN DE B\u0130L\u0130YORUM"}]},{"@type":"WebSite","@id":"https:\/\/narteks.net\/#website","url":"https:\/\/narteks.net\/","name":"narteks.net","description":"K\u00fclt\u00fcr Sanat Edebiyat Felsefe","publisher":{"@id":"https:\/\/narteks.net\/#organization"},"alternateName":"K\u00fclt\u00fcr Sanat Edebiyat Felsefe","potentialAction":[{"@type":"SearchAction","target":{"@type":"EntryPoint","urlTemplate":"https:\/\/narteks.net\/?s={search_term_string}"},"query-input":{"@type":"PropertyValueSpecification","valueRequired":true,"valueName":"search_term_string"}}],"inLanguage":"tr"},{"@type":"Organization","@id":"https:\/\/narteks.net\/#organization","name":"narteks.net","url":"https:\/\/narteks.net\/","logo":{"@type":"ImageObject","inLanguage":"tr","@id":"https:\/\/narteks.net\/#\/schema\/logo\/image\/","url":"https:\/\/narteks.net\/wp-content\/uploads\/narteks.png","contentUrl":"https:\/\/narteks.net\/wp-content\/uploads\/narteks.png","width":300,"height":90,"caption":"narteks.net"},"image":{"@id":"https:\/\/narteks.net\/#\/schema\/logo\/image\/"},"sameAs":["https:\/\/x.com\/narteks","https:\/\/instagram.com\/narteksnet"]},{"@type":"Person","@id":"https:\/\/narteks.net\/#\/schema\/person\/61f37d9834294b72d31d274e7ed79bca","name":"Tar\u0131k","image":{"@type":"ImageObject","inLanguage":"tr","@id":"https:\/\/narteks.net\/#\/schema\/person\/image\/","url":"https:\/\/secure.gravatar.com\/avatar\/50865afb55632c4ae467e0af0930f6510aa2297d8014be502a55b14f3b7550cf?s=96&d=mm&r=g","contentUrl":"https:\/\/secure.gravatar.com\/avatar\/50865afb55632c4ae467e0af0930f6510aa2297d8014be502a55b14f3b7550cf?s=96&d=mm&r=g","caption":"Tar\u0131k"},"sameAs":["http:\/\/narteks.net"],"url":"https:\/\/narteks.net\/index.php\/author\/narbak\/"}]}},"_links":{"self":[{"href":"https:\/\/narteks.net\/index.php\/wp-json\/wp\/v2\/posts\/2032","targetHints":{"allow":["GET"]}}],"collection":[{"href":"https:\/\/narteks.net\/index.php\/wp-json\/wp\/v2\/posts"}],"about":[{"href":"https:\/\/narteks.net\/index.php\/wp-json\/wp\/v2\/types\/post"}],"author":[{"embeddable":true,"href":"https:\/\/narteks.net\/index.php\/wp-json\/wp\/v2\/users\/1"}],"replies":[{"embeddable":true,"href":"https:\/\/narteks.net\/index.php\/wp-json\/wp\/v2\/comments?post=2032"}],"version-history":[{"count":0,"href":"https:\/\/narteks.net\/index.php\/wp-json\/wp\/v2\/posts\/2032\/revisions"}],"wp:attachment":[{"href":"https:\/\/narteks.net\/index.php\/wp-json\/wp\/v2\/media?parent=2032"}],"wp:term":[{"taxonomy":"category","embeddable":true,"href":"https:\/\/narteks.net\/index.php\/wp-json\/wp\/v2\/categories?post=2032"},{"taxonomy":"post_tag","embeddable":true,"href":"https:\/\/narteks.net\/index.php\/wp-json\/wp\/v2\/tags?post=2032"}],"curies":[{"name":"wp","href":"https:\/\/api.w.org\/{rel}","templated":true}]}}