{"id":2036,"date":"2009-12-04T21:04:21","date_gmt":"2009-12-04T18:04:21","guid":{"rendered":"http:\/\/localhost\/wordpress\/2009\/12\/04\/sol-el-koncertosu\/"},"modified":"2009-12-04T21:04:21","modified_gmt":"2009-12-04T18:04:21","slug":"sol-el-koncertosu","status":"publish","type":"post","link":"https:\/\/narteks.net\/index.php\/2009\/12\/04\/sol-el-koncertosu\/","title":{"rendered":"SOL EL KON\u00c7ERTOSU"},"content":{"rendered":"<p>\u00a0<\/p>\n<p>Demek yazamadan <br \/> Demek okuyamadan <br \/> Demek konu\u015famadan <br \/> Hem de \u00f6lmeden ya\u015fanabilirmi\u015f <br \/> Ama sevmeden ya\u015fanam\u0131yor \u00dc\u00e7g\u00fcl\u00fcm <\/p>\n<p> Bir \u00f6l\u00fcyle bir canl\u0131 <br \/> Bir bedeni b\u00f6l\u00fc\u015ft\u00fck <br \/> Sa\u011f yan\u0131m \u00f6lm\u00fc\u015f <br \/> Sol yan\u0131m capcanl\u0131 <\/p>\n<p> Demek yazamadan <br \/> Demek okuyamadan <br \/> Demek konu\u015famadan <br \/> Ama d\u00fc\u015f\u00fcnebildi\u011fim i\u00e7in seni ya\u015f\u0131yorum <br \/> Ya\u015fayabildi\u011fim i\u00e7in sevmiyorum <br \/> Sevdi\u011fim i\u00e7in ya\u015f\u0131yorum <\/p>\n<p> Bir kolum bir elim bir baca\u011f\u0131m ve dilim tutmuyor <br \/> \u00d6yle bir sevgi var ki i\u00e7imde <br \/> O beni h\u00e2l\u00e2 diri tutuyor <br \/> Yazamasam da okuyamasam da konu\u015famasam da <br \/> Seviyorum seni \u00dc\u00e7g\u00fcl\u00fcm <br \/> Sevdik\u00e7e ya\u015f\u0131yor ya\u015fad\u0131k\u00e7a seviyorum<\/p>\n<p>Aziz NES\u0130N<\/p>\n","protected":false},"excerpt":{"rendered":"<p>\u00a0 Demek yazamadan Demek okuyamadan Demek konu\u015famadan Hem de \u00f6lmeden ya\u015fanabilirmi\u015f Ama sevmeden ya\u015fanam\u0131yor \u00dc\u00e7g\u00fcl\u00fcm Bir \u00f6l\u00fcyle bir canl\u0131 Bir bedeni b\u00f6l\u00fc\u015ft\u00fck Sa\u011f yan\u0131m \u00f6lm\u00fc\u015f Sol yan\u0131m capcanl\u0131 Demek yazamadan Demek okuyamadan Demek konu\u015famadan Ama d\u00fc\u015f\u00fcnebildi\u011fim i\u00e7in seni ya\u015f\u0131yorum Ya\u015fayabildi\u011fim i\u00e7in sevmiyorum Sevdi\u011fim i\u00e7in ya\u015f\u0131yorum Bir kolum bir elim bir baca\u011f\u0131m ve dilim tutmuyor \u00d6yle [&hellip;]<\/p>\n","protected":false},"author":1,"featured_media":0,"comment_status":"open","ping_status":"open","sticky":false,"template":"","format":"standard","meta":{"footnotes":""},"categories":[12],"tags":[],"class_list":{"0":"post-2036","1":"post","2":"type-post","3":"status-publish","4":"format-standard","6":"category-aziz-nesin"},"yoast_head":"<!-- This site is optimized with the Yoast SEO Premium plugin v24.9 (Yoast SEO v24.9) - https:\/\/yoast.com\/wordpress\/plugins\/seo\/ -->\n<title>SOL EL KON\u00c7ERTOSU - narteks.net<\/title>\n<meta name=\"robots\" content=\"index, follow, max-snippet:-1, max-image-preview:large, max-video-preview:-1\" \/>\n<link rel=\"canonical\" href=\"https:\/\/narteks.net\/index.php\/2009\/12\/04\/sol-el-koncertosu\/\" \/>\n<meta property=\"og:locale\" content=\"tr_TR\" \/>\n<meta property=\"og:type\" content=\"article\" \/>\n<meta property=\"og:title\" content=\"SOL EL KON\u00c7ERTOSU\" \/>\n<meta property=\"og:description\" content=\"\u00a0 Demek yazamadan Demek okuyamadan Demek konu\u015famadan Hem de \u00f6lmeden ya\u015fanabilirmi\u015f Ama sevmeden ya\u015fanam\u0131yor \u00dc\u00e7g\u00fcl\u00fcm Bir \u00f6l\u00fcyle bir canl\u0131 Bir bedeni b\u00f6l\u00fc\u015ft\u00fck Sa\u011f yan\u0131m \u00f6lm\u00fc\u015f Sol yan\u0131m capcanl\u0131 Demek yazamadan Demek okuyamadan Demek konu\u015famadan Ama d\u00fc\u015f\u00fcnebildi\u011fim i\u00e7in seni ya\u015f\u0131yorum Ya\u015fayabildi\u011fim i\u00e7in sevmiyorum Sevdi\u011fim i\u00e7in ya\u015f\u0131yorum Bir kolum bir elim bir baca\u011f\u0131m ve dilim tutmuyor \u00d6yle [&hellip;]\" \/>\n<meta property=\"og:url\" content=\"https:\/\/narteks.net\/index.php\/2009\/12\/04\/sol-el-koncertosu\/\" \/>\n<meta property=\"og:site_name\" content=\"narteks.net\" \/>\n<meta property=\"article:published_time\" content=\"2009-12-04T18:04:21+00:00\" \/>\n<meta property=\"og:image\" content=\"https:\/\/narteks.net\/wp-content\/uploads\/narteks.png\" \/>\n\t<meta property=\"og:image:width\" content=\"300\" \/>\n\t<meta property=\"og:image:height\" content=\"90\" \/>\n\t<meta property=\"og:image:type\" content=\"image\/png\" \/>\n<meta name=\"author\" content=\"Tar\u0131k\" \/>\n<meta name=\"twitter:card\" content=\"summary_large_image\" \/>\n<meta name=\"twitter:creator\" content=\"@narteks\" \/>\n<meta name=\"twitter:site\" content=\"@narteks\" \/>\n<meta name=\"twitter:label1\" content=\"Yazan:\" \/>\n\t<meta name=\"twitter:data1\" content=\"Tar\u0131k\" \/>\n\t<meta name=\"twitter:label2\" content=\"Tahmini okuma s\u00fcresi\" \/>\n\t<meta name=\"twitter:data2\" content=\"1 dakika\" \/>\n<script type=\"application\/ld+json\" class=\"yoast-schema-graph\">{\"@context\":\"https:\/\/schema.org\",\"@graph\":[{\"@type\":\"Article\",\"@id\":\"https:\/\/narteks.net\/index.php\/2009\/12\/04\/sol-el-koncertosu\/#article\",\"isPartOf\":{\"@id\":\"https:\/\/narteks.net\/index.php\/2009\/12\/04\/sol-el-koncertosu\/\"},\"author\":{\"name\":\"Tar\u0131k\",\"@id\":\"https:\/\/narteks.net\/#\/schema\/person\/61f37d9834294b72d31d274e7ed79bca\"},\"headline\":\"SOL EL KON\u00c7ERTOSU\",\"datePublished\":\"2009-12-04T18:04:21+00:00\",\"mainEntityOfPage\":{\"@id\":\"https:\/\/narteks.net\/index.php\/2009\/12\/04\/sol-el-koncertosu\/\"},\"wordCount\":118,\"commentCount\":0,\"publisher\":{\"@id\":\"https:\/\/narteks.net\/#organization\"},\"articleSection\":[\"Aziz NESIN\"],\"inLanguage\":\"tr\",\"potentialAction\":[{\"@type\":\"CommentAction\",\"name\":\"Comment\",\"target\":[\"https:\/\/narteks.net\/index.php\/2009\/12\/04\/sol-el-koncertosu\/#respond\"]}]},{\"@type\":\"WebPage\",\"@id\":\"https:\/\/narteks.net\/index.php\/2009\/12\/04\/sol-el-koncertosu\/\",\"url\":\"https:\/\/narteks.net\/index.php\/2009\/12\/04\/sol-el-koncertosu\/\",\"name\":\"SOL EL KON\u00c7ERTOSU - narteks.net\",\"isPartOf\":{\"@id\":\"https:\/\/narteks.net\/#website\"},\"datePublished\":\"2009-12-04T18:04:21+00:00\",\"breadcrumb\":{\"@id\":\"https:\/\/narteks.net\/index.php\/2009\/12\/04\/sol-el-koncertosu\/#breadcrumb\"},\"inLanguage\":\"tr\",\"potentialAction\":[{\"@type\":\"ReadAction\",\"target\":[\"https:\/\/narteks.net\/index.php\/2009\/12\/04\/sol-el-koncertosu\/\"]}]},{\"@type\":\"BreadcrumbList\",\"@id\":\"https:\/\/narteks.net\/index.php\/2009\/12\/04\/sol-el-koncertosu\/#breadcrumb\",\"itemListElement\":[{\"@type\":\"ListItem\",\"position\":1,\"name\":\"Anasayfa\",\"item\":\"https:\/\/narteks.net\/\"},{\"@type\":\"ListItem\",\"position\":2,\"name\":\"SOL EL KON\u00c7ERTOSU\"}]},{\"@type\":\"WebSite\",\"@id\":\"https:\/\/narteks.net\/#website\",\"url\":\"https:\/\/narteks.net\/\",\"name\":\"narteks.net\",\"description\":\"K\u00fclt\u00fcr Sanat Edebiyat Felsefe\",\"publisher\":{\"@id\":\"https:\/\/narteks.net\/#organization\"},\"alternateName\":\"K\u00fclt\u00fcr Sanat Edebiyat Felsefe\",\"potentialAction\":[{\"@type\":\"SearchAction\",\"target\":{\"@type\":\"EntryPoint\",\"urlTemplate\":\"https:\/\/narteks.net\/?s={search_term_string}\"},\"query-input\":{\"@type\":\"PropertyValueSpecification\",\"valueRequired\":true,\"valueName\":\"search_term_string\"}}],\"inLanguage\":\"tr\"},{\"@type\":\"Organization\",\"@id\":\"https:\/\/narteks.net\/#organization\",\"name\":\"narteks.net\",\"url\":\"https:\/\/narteks.net\/\",\"logo\":{\"@type\":\"ImageObject\",\"inLanguage\":\"tr\",\"@id\":\"https:\/\/narteks.net\/#\/schema\/logo\/image\/\",\"url\":\"https:\/\/narteks.net\/wp-content\/uploads\/narteks.png\",\"contentUrl\":\"https:\/\/narteks.net\/wp-content\/uploads\/narteks.png\",\"width\":300,\"height\":90,\"caption\":\"narteks.net\"},\"image\":{\"@id\":\"https:\/\/narteks.net\/#\/schema\/logo\/image\/\"},\"sameAs\":[\"https:\/\/x.com\/narteks\",\"https:\/\/instagram.com\/narteksnet\"]},{\"@type\":\"Person\",\"@id\":\"https:\/\/narteks.net\/#\/schema\/person\/61f37d9834294b72d31d274e7ed79bca\",\"name\":\"Tar\u0131k\",\"image\":{\"@type\":\"ImageObject\",\"inLanguage\":\"tr\",\"@id\":\"https:\/\/narteks.net\/#\/schema\/person\/image\/\",\"url\":\"https:\/\/secure.gravatar.com\/avatar\/50865afb55632c4ae467e0af0930f6510aa2297d8014be502a55b14f3b7550cf?s=96&d=mm&r=g\",\"contentUrl\":\"https:\/\/secure.gravatar.com\/avatar\/50865afb55632c4ae467e0af0930f6510aa2297d8014be502a55b14f3b7550cf?s=96&d=mm&r=g\",\"caption\":\"Tar\u0131k\"},\"sameAs\":[\"http:\/\/narteks.net\"],\"url\":\"https:\/\/narteks.net\/index.php\/author\/narbak\/\"}]}<\/script>\n<!-- \/ Yoast SEO Premium plugin. -->","yoast_head_json":{"title":"SOL EL KON\u00c7ERTOSU - narteks.net","robots":{"index":"index","follow":"follow","max-snippet":"max-snippet:-1","max-image-preview":"max-image-preview:large","max-video-preview":"max-video-preview:-1"},"canonical":"https:\/\/narteks.net\/index.php\/2009\/12\/04\/sol-el-koncertosu\/","og_locale":"tr_TR","og_type":"article","og_title":"SOL EL KON\u00c7ERTOSU","og_description":"\u00a0 Demek yazamadan Demek okuyamadan Demek konu\u015famadan Hem de \u00f6lmeden ya\u015fanabilirmi\u015f Ama sevmeden ya\u015fanam\u0131yor \u00dc\u00e7g\u00fcl\u00fcm Bir \u00f6l\u00fcyle bir canl\u0131 Bir bedeni b\u00f6l\u00fc\u015ft\u00fck Sa\u011f yan\u0131m \u00f6lm\u00fc\u015f Sol yan\u0131m capcanl\u0131 Demek yazamadan Demek okuyamadan Demek konu\u015famadan Ama d\u00fc\u015f\u00fcnebildi\u011fim i\u00e7in seni ya\u015f\u0131yorum Ya\u015fayabildi\u011fim i\u00e7in sevmiyorum Sevdi\u011fim i\u00e7in ya\u015f\u0131yorum Bir kolum bir elim bir baca\u011f\u0131m ve dilim tutmuyor \u00d6yle [&hellip;]","og_url":"https:\/\/narteks.net\/index.php\/2009\/12\/04\/sol-el-koncertosu\/","og_site_name":"narteks.net","article_published_time":"2009-12-04T18:04:21+00:00","og_image":[{"width":300,"height":90,"url":"https:\/\/narteks.net\/wp-content\/uploads\/narteks.png","type":"image\/png"}],"author":"Tar\u0131k","twitter_card":"summary_large_image","twitter_creator":"@narteks","twitter_site":"@narteks","twitter_misc":{"Yazan:":"Tar\u0131k","Tahmini okuma s\u00fcresi":"1 dakika"},"schema":{"@context":"https:\/\/schema.org","@graph":[{"@type":"Article","@id":"https:\/\/narteks.net\/index.php\/2009\/12\/04\/sol-el-koncertosu\/#article","isPartOf":{"@id":"https:\/\/narteks.net\/index.php\/2009\/12\/04\/sol-el-koncertosu\/"},"author":{"name":"Tar\u0131k","@id":"https:\/\/narteks.net\/#\/schema\/person\/61f37d9834294b72d31d274e7ed79bca"},"headline":"SOL EL KON\u00c7ERTOSU","datePublished":"2009-12-04T18:04:21+00:00","mainEntityOfPage":{"@id":"https:\/\/narteks.net\/index.php\/2009\/12\/04\/sol-el-koncertosu\/"},"wordCount":118,"commentCount":0,"publisher":{"@id":"https:\/\/narteks.net\/#organization"},"articleSection":["Aziz NESIN"],"inLanguage":"tr","potentialAction":[{"@type":"CommentAction","name":"Comment","target":["https:\/\/narteks.net\/index.php\/2009\/12\/04\/sol-el-koncertosu\/#respond"]}]},{"@type":"WebPage","@id":"https:\/\/narteks.net\/index.php\/2009\/12\/04\/sol-el-koncertosu\/","url":"https:\/\/narteks.net\/index.php\/2009\/12\/04\/sol-el-koncertosu\/","name":"SOL EL KON\u00c7ERTOSU - narteks.net","isPartOf":{"@id":"https:\/\/narteks.net\/#website"},"datePublished":"2009-12-04T18:04:21+00:00","breadcrumb":{"@id":"https:\/\/narteks.net\/index.php\/2009\/12\/04\/sol-el-koncertosu\/#breadcrumb"},"inLanguage":"tr","potentialAction":[{"@type":"ReadAction","target":["https:\/\/narteks.net\/index.php\/2009\/12\/04\/sol-el-koncertosu\/"]}]},{"@type":"BreadcrumbList","@id":"https:\/\/narteks.net\/index.php\/2009\/12\/04\/sol-el-koncertosu\/#breadcrumb","itemListElement":[{"@type":"ListItem","position":1,"name":"Anasayfa","item":"https:\/\/narteks.net\/"},{"@type":"ListItem","position":2,"name":"SOL EL KON\u00c7ERTOSU"}]},{"@type":"WebSite","@id":"https:\/\/narteks.net\/#website","url":"https:\/\/narteks.net\/","name":"narteks.net","description":"K\u00fclt\u00fcr Sanat Edebiyat Felsefe","publisher":{"@id":"https:\/\/narteks.net\/#organization"},"alternateName":"K\u00fclt\u00fcr Sanat Edebiyat Felsefe","potentialAction":[{"@type":"SearchAction","target":{"@type":"EntryPoint","urlTemplate":"https:\/\/narteks.net\/?s={search_term_string}"},"query-input":{"@type":"PropertyValueSpecification","valueRequired":true,"valueName":"search_term_string"}}],"inLanguage":"tr"},{"@type":"Organization","@id":"https:\/\/narteks.net\/#organization","name":"narteks.net","url":"https:\/\/narteks.net\/","logo":{"@type":"ImageObject","inLanguage":"tr","@id":"https:\/\/narteks.net\/#\/schema\/logo\/image\/","url":"https:\/\/narteks.net\/wp-content\/uploads\/narteks.png","contentUrl":"https:\/\/narteks.net\/wp-content\/uploads\/narteks.png","width":300,"height":90,"caption":"narteks.net"},"image":{"@id":"https:\/\/narteks.net\/#\/schema\/logo\/image\/"},"sameAs":["https:\/\/x.com\/narteks","https:\/\/instagram.com\/narteksnet"]},{"@type":"Person","@id":"https:\/\/narteks.net\/#\/schema\/person\/61f37d9834294b72d31d274e7ed79bca","name":"Tar\u0131k","image":{"@type":"ImageObject","inLanguage":"tr","@id":"https:\/\/narteks.net\/#\/schema\/person\/image\/","url":"https:\/\/secure.gravatar.com\/avatar\/50865afb55632c4ae467e0af0930f6510aa2297d8014be502a55b14f3b7550cf?s=96&d=mm&r=g","contentUrl":"https:\/\/secure.gravatar.com\/avatar\/50865afb55632c4ae467e0af0930f6510aa2297d8014be502a55b14f3b7550cf?s=96&d=mm&r=g","caption":"Tar\u0131k"},"sameAs":["http:\/\/narteks.net"],"url":"https:\/\/narteks.net\/index.php\/author\/narbak\/"}]}},"_links":{"self":[{"href":"https:\/\/narteks.net\/index.php\/wp-json\/wp\/v2\/posts\/2036","targetHints":{"allow":["GET"]}}],"collection":[{"href":"https:\/\/narteks.net\/index.php\/wp-json\/wp\/v2\/posts"}],"about":[{"href":"https:\/\/narteks.net\/index.php\/wp-json\/wp\/v2\/types\/post"}],"author":[{"embeddable":true,"href":"https:\/\/narteks.net\/index.php\/wp-json\/wp\/v2\/users\/1"}],"replies":[{"embeddable":true,"href":"https:\/\/narteks.net\/index.php\/wp-json\/wp\/v2\/comments?post=2036"}],"version-history":[{"count":0,"href":"https:\/\/narteks.net\/index.php\/wp-json\/wp\/v2\/posts\/2036\/revisions"}],"wp:attachment":[{"href":"https:\/\/narteks.net\/index.php\/wp-json\/wp\/v2\/media?parent=2036"}],"wp:term":[{"taxonomy":"category","embeddable":true,"href":"https:\/\/narteks.net\/index.php\/wp-json\/wp\/v2\/categories?post=2036"},{"taxonomy":"post_tag","embeddable":true,"href":"https:\/\/narteks.net\/index.php\/wp-json\/wp\/v2\/tags?post=2036"}],"curies":[{"name":"wp","href":"https:\/\/api.w.org\/{rel}","templated":true}]}}