{"id":2049,"date":"2009-12-04T21:13:58","date_gmt":"2009-12-04T18:13:58","guid":{"rendered":"http:\/\/localhost\/wordpress\/2009\/12\/04\/ayrilik-takti-canimi\/"},"modified":"2009-12-04T21:13:58","modified_gmt":"2009-12-04T18:13:58","slug":"ayrilik-takti-canimi","status":"publish","type":"post","link":"https:\/\/narteks.net\/index.php\/2009\/12\/04\/ayrilik-takti-canimi\/","title":{"rendered":"AYRILIK TAKTI CANIMI"},"content":{"rendered":"<p>\u00a0<\/p>\n<p><span class=\"title\">ayr\u0131l\u0131k takt\u0131 can\u0131m\u0131<\/span><br \/> ayr\u0131l\u0131k yakt\u0131 can\u0131m\u0131  <br \/>ya\u011fmurlar y\u0131pratt\u0131 sevdam\u0131 <br \/>kendimi avutmam tesellim oldu <br \/>ummad\u0131\u011f\u0131m g\u00f6zya\u015flar\u0131md\u0131 <br \/>tek kelimem yang\u0131n\u0131md\u0131 <br \/>bir zamanlar ba\u011fl\u0131yd\u0131m <br \/>\u00fcrk\u00fcyordum <br \/>\u015fikayet edemezdim <br \/>raz\u0131yd\u0131m ama anlamad\u0131n beni <br \/>seni sevmek kaderimdi <br \/>\u0131ss\u0131z yure\u011fimde <br \/>na\u011fmeler esiyordu <br \/>inkar edemezdim <br \/>kaybetmi\u015ftim seni <br \/>an\u0131larla avundum <br \/>yinede p\u0131\u015fman de\u011fildim <br \/>bir kere olsun sevmedin mi <br \/>e\u015f ruhumdum  <br \/>tek a\u015fk\u0131m  <br \/>tek sevd\u0131\u011fimdin <br \/>istiyordum ama anlamad\u0131n beni<\/p>\n<p>Aziz NES\u0130N<\/p>\n","protected":false},"excerpt":{"rendered":"<p>\u00a0 ayr\u0131l\u0131k takt\u0131 can\u0131m\u0131 ayr\u0131l\u0131k yakt\u0131 can\u0131m\u0131 ya\u011fmurlar y\u0131pratt\u0131 sevdam\u0131 kendimi avutmam tesellim oldu ummad\u0131\u011f\u0131m g\u00f6zya\u015flar\u0131md\u0131 tek kelimem yang\u0131n\u0131md\u0131 bir zamanlar ba\u011fl\u0131yd\u0131m \u00fcrk\u00fcyordum \u015fikayet edemezdim raz\u0131yd\u0131m ama anlamad\u0131n beni seni sevmek kaderimdi \u0131ss\u0131z yure\u011fimde na\u011fmeler esiyordu inkar edemezdim kaybetmi\u015ftim seni an\u0131larla avundum yinede p\u0131\u015fman de\u011fildim bir kere olsun sevmedin mi e\u015f ruhumdum tek a\u015fk\u0131m tek [&hellip;]<\/p>\n","protected":false},"author":1,"featured_media":0,"comment_status":"open","ping_status":"open","sticky":false,"template":"","format":"standard","meta":{"footnotes":""},"categories":[12],"tags":[],"class_list":{"0":"post-2049","1":"post","2":"type-post","3":"status-publish","4":"format-standard","6":"category-aziz-nesin"},"yoast_head":"<!-- This site is optimized with the Yoast SEO Premium plugin v24.9 (Yoast SEO v24.9) - https:\/\/yoast.com\/wordpress\/plugins\/seo\/ -->\n<title>AYRILIK TAKTI CANIMI - narteks.net<\/title>\n<meta name=\"robots\" content=\"index, follow, max-snippet:-1, max-image-preview:large, max-video-preview:-1\" \/>\n<link rel=\"canonical\" href=\"https:\/\/narteks.net\/index.php\/2009\/12\/04\/ayrilik-takti-canimi\/\" \/>\n<meta property=\"og:locale\" content=\"tr_TR\" \/>\n<meta property=\"og:type\" content=\"article\" \/>\n<meta property=\"og:title\" content=\"AYRILIK TAKTI CANIMI\" \/>\n<meta property=\"og:description\" content=\"\u00a0 ayr\u0131l\u0131k takt\u0131 can\u0131m\u0131 ayr\u0131l\u0131k yakt\u0131 can\u0131m\u0131 ya\u011fmurlar y\u0131pratt\u0131 sevdam\u0131 kendimi avutmam tesellim oldu ummad\u0131\u011f\u0131m g\u00f6zya\u015flar\u0131md\u0131 tek kelimem yang\u0131n\u0131md\u0131 bir zamanlar ba\u011fl\u0131yd\u0131m \u00fcrk\u00fcyordum \u015fikayet edemezdim raz\u0131yd\u0131m ama anlamad\u0131n beni seni sevmek kaderimdi \u0131ss\u0131z yure\u011fimde na\u011fmeler esiyordu inkar edemezdim kaybetmi\u015ftim seni an\u0131larla avundum yinede p\u0131\u015fman de\u011fildim bir kere olsun sevmedin mi e\u015f ruhumdum tek a\u015fk\u0131m tek [&hellip;]\" \/>\n<meta property=\"og:url\" content=\"https:\/\/narteks.net\/index.php\/2009\/12\/04\/ayrilik-takti-canimi\/\" \/>\n<meta property=\"og:site_name\" content=\"narteks.net\" \/>\n<meta property=\"article:published_time\" content=\"2009-12-04T18:13:58+00:00\" \/>\n<meta property=\"og:image\" content=\"https:\/\/narteks.net\/wp-content\/uploads\/narteks.png\" \/>\n\t<meta property=\"og:image:width\" content=\"300\" \/>\n\t<meta property=\"og:image:height\" content=\"90\" \/>\n\t<meta property=\"og:image:type\" content=\"image\/png\" \/>\n<meta name=\"author\" content=\"Tar\u0131k\" \/>\n<meta name=\"twitter:card\" content=\"summary_large_image\" \/>\n<meta name=\"twitter:creator\" content=\"@narteks\" \/>\n<meta name=\"twitter:site\" content=\"@narteks\" \/>\n<meta name=\"twitter:label1\" content=\"Yazan:\" \/>\n\t<meta name=\"twitter:data1\" content=\"Tar\u0131k\" \/>\n<script type=\"application\/ld+json\" class=\"yoast-schema-graph\">{\"@context\":\"https:\/\/schema.org\",\"@graph\":[{\"@type\":\"Article\",\"@id\":\"https:\/\/narteks.net\/index.php\/2009\/12\/04\/ayrilik-takti-canimi\/#article\",\"isPartOf\":{\"@id\":\"https:\/\/narteks.net\/index.php\/2009\/12\/04\/ayrilik-takti-canimi\/\"},\"author\":{\"name\":\"Tar\u0131k\",\"@id\":\"https:\/\/narteks.net\/#\/schema\/person\/61f37d9834294b72d31d274e7ed79bca\"},\"headline\":\"AYRILIK TAKTI CANIMI\",\"datePublished\":\"2009-12-04T18:13:58+00:00\",\"mainEntityOfPage\":{\"@id\":\"https:\/\/narteks.net\/index.php\/2009\/12\/04\/ayrilik-takti-canimi\/\"},\"wordCount\":97,\"commentCount\":0,\"publisher\":{\"@id\":\"https:\/\/narteks.net\/#organization\"},\"articleSection\":[\"Aziz NESIN\"],\"inLanguage\":\"tr\",\"potentialAction\":[{\"@type\":\"CommentAction\",\"name\":\"Comment\",\"target\":[\"https:\/\/narteks.net\/index.php\/2009\/12\/04\/ayrilik-takti-canimi\/#respond\"]}]},{\"@type\":\"WebPage\",\"@id\":\"https:\/\/narteks.net\/index.php\/2009\/12\/04\/ayrilik-takti-canimi\/\",\"url\":\"https:\/\/narteks.net\/index.php\/2009\/12\/04\/ayrilik-takti-canimi\/\",\"name\":\"AYRILIK TAKTI CANIMI - narteks.net\",\"isPartOf\":{\"@id\":\"https:\/\/narteks.net\/#website\"},\"datePublished\":\"2009-12-04T18:13:58+00:00\",\"breadcrumb\":{\"@id\":\"https:\/\/narteks.net\/index.php\/2009\/12\/04\/ayrilik-takti-canimi\/#breadcrumb\"},\"inLanguage\":\"tr\",\"potentialAction\":[{\"@type\":\"ReadAction\",\"target\":[\"https:\/\/narteks.net\/index.php\/2009\/12\/04\/ayrilik-takti-canimi\/\"]}]},{\"@type\":\"BreadcrumbList\",\"@id\":\"https:\/\/narteks.net\/index.php\/2009\/12\/04\/ayrilik-takti-canimi\/#breadcrumb\",\"itemListElement\":[{\"@type\":\"ListItem\",\"position\":1,\"name\":\"Anasayfa\",\"item\":\"https:\/\/narteks.net\/\"},{\"@type\":\"ListItem\",\"position\":2,\"name\":\"AYRILIK TAKTI CANIMI\"}]},{\"@type\":\"WebSite\",\"@id\":\"https:\/\/narteks.net\/#website\",\"url\":\"https:\/\/narteks.net\/\",\"name\":\"narteks.net\",\"description\":\"K\u00fclt\u00fcr Sanat Edebiyat Felsefe\",\"publisher\":{\"@id\":\"https:\/\/narteks.net\/#organization\"},\"alternateName\":\"K\u00fclt\u00fcr Sanat Edebiyat Felsefe\",\"potentialAction\":[{\"@type\":\"SearchAction\",\"target\":{\"@type\":\"EntryPoint\",\"urlTemplate\":\"https:\/\/narteks.net\/?s={search_term_string}\"},\"query-input\":{\"@type\":\"PropertyValueSpecification\",\"valueRequired\":true,\"valueName\":\"search_term_string\"}}],\"inLanguage\":\"tr\"},{\"@type\":\"Organization\",\"@id\":\"https:\/\/narteks.net\/#organization\",\"name\":\"narteks.net\",\"url\":\"https:\/\/narteks.net\/\",\"logo\":{\"@type\":\"ImageObject\",\"inLanguage\":\"tr\",\"@id\":\"https:\/\/narteks.net\/#\/schema\/logo\/image\/\",\"url\":\"https:\/\/narteks.net\/wp-content\/uploads\/narteks.png\",\"contentUrl\":\"https:\/\/narteks.net\/wp-content\/uploads\/narteks.png\",\"width\":300,\"height\":90,\"caption\":\"narteks.net\"},\"image\":{\"@id\":\"https:\/\/narteks.net\/#\/schema\/logo\/image\/\"},\"sameAs\":[\"https:\/\/x.com\/narteks\",\"https:\/\/instagram.com\/narteksnet\"]},{\"@type\":\"Person\",\"@id\":\"https:\/\/narteks.net\/#\/schema\/person\/61f37d9834294b72d31d274e7ed79bca\",\"name\":\"Tar\u0131k\",\"image\":{\"@type\":\"ImageObject\",\"inLanguage\":\"tr\",\"@id\":\"https:\/\/narteks.net\/#\/schema\/person\/image\/\",\"url\":\"https:\/\/secure.gravatar.com\/avatar\/50865afb55632c4ae467e0af0930f6510aa2297d8014be502a55b14f3b7550cf?s=96&d=mm&r=g\",\"contentUrl\":\"https:\/\/secure.gravatar.com\/avatar\/50865afb55632c4ae467e0af0930f6510aa2297d8014be502a55b14f3b7550cf?s=96&d=mm&r=g\",\"caption\":\"Tar\u0131k\"},\"sameAs\":[\"http:\/\/narteks.net\"],\"url\":\"https:\/\/narteks.net\/index.php\/author\/narbak\/\"}]}<\/script>\n<!-- \/ Yoast SEO Premium plugin. -->","yoast_head_json":{"title":"AYRILIK TAKTI CANIMI - narteks.net","robots":{"index":"index","follow":"follow","max-snippet":"max-snippet:-1","max-image-preview":"max-image-preview:large","max-video-preview":"max-video-preview:-1"},"canonical":"https:\/\/narteks.net\/index.php\/2009\/12\/04\/ayrilik-takti-canimi\/","og_locale":"tr_TR","og_type":"article","og_title":"AYRILIK TAKTI CANIMI","og_description":"\u00a0 ayr\u0131l\u0131k takt\u0131 can\u0131m\u0131 ayr\u0131l\u0131k yakt\u0131 can\u0131m\u0131 ya\u011fmurlar y\u0131pratt\u0131 sevdam\u0131 kendimi avutmam tesellim oldu ummad\u0131\u011f\u0131m g\u00f6zya\u015flar\u0131md\u0131 tek kelimem yang\u0131n\u0131md\u0131 bir zamanlar ba\u011fl\u0131yd\u0131m \u00fcrk\u00fcyordum \u015fikayet edemezdim raz\u0131yd\u0131m ama anlamad\u0131n beni seni sevmek kaderimdi \u0131ss\u0131z yure\u011fimde na\u011fmeler esiyordu inkar edemezdim kaybetmi\u015ftim seni an\u0131larla avundum yinede p\u0131\u015fman de\u011fildim bir kere olsun sevmedin mi e\u015f ruhumdum tek a\u015fk\u0131m tek [&hellip;]","og_url":"https:\/\/narteks.net\/index.php\/2009\/12\/04\/ayrilik-takti-canimi\/","og_site_name":"narteks.net","article_published_time":"2009-12-04T18:13:58+00:00","og_image":[{"width":300,"height":90,"url":"https:\/\/narteks.net\/wp-content\/uploads\/narteks.png","type":"image\/png"}],"author":"Tar\u0131k","twitter_card":"summary_large_image","twitter_creator":"@narteks","twitter_site":"@narteks","twitter_misc":{"Yazan:":"Tar\u0131k"},"schema":{"@context":"https:\/\/schema.org","@graph":[{"@type":"Article","@id":"https:\/\/narteks.net\/index.php\/2009\/12\/04\/ayrilik-takti-canimi\/#article","isPartOf":{"@id":"https:\/\/narteks.net\/index.php\/2009\/12\/04\/ayrilik-takti-canimi\/"},"author":{"name":"Tar\u0131k","@id":"https:\/\/narteks.net\/#\/schema\/person\/61f37d9834294b72d31d274e7ed79bca"},"headline":"AYRILIK TAKTI CANIMI","datePublished":"2009-12-04T18:13:58+00:00","mainEntityOfPage":{"@id":"https:\/\/narteks.net\/index.php\/2009\/12\/04\/ayrilik-takti-canimi\/"},"wordCount":97,"commentCount":0,"publisher":{"@id":"https:\/\/narteks.net\/#organization"},"articleSection":["Aziz NESIN"],"inLanguage":"tr","potentialAction":[{"@type":"CommentAction","name":"Comment","target":["https:\/\/narteks.net\/index.php\/2009\/12\/04\/ayrilik-takti-canimi\/#respond"]}]},{"@type":"WebPage","@id":"https:\/\/narteks.net\/index.php\/2009\/12\/04\/ayrilik-takti-canimi\/","url":"https:\/\/narteks.net\/index.php\/2009\/12\/04\/ayrilik-takti-canimi\/","name":"AYRILIK TAKTI CANIMI - narteks.net","isPartOf":{"@id":"https:\/\/narteks.net\/#website"},"datePublished":"2009-12-04T18:13:58+00:00","breadcrumb":{"@id":"https:\/\/narteks.net\/index.php\/2009\/12\/04\/ayrilik-takti-canimi\/#breadcrumb"},"inLanguage":"tr","potentialAction":[{"@type":"ReadAction","target":["https:\/\/narteks.net\/index.php\/2009\/12\/04\/ayrilik-takti-canimi\/"]}]},{"@type":"BreadcrumbList","@id":"https:\/\/narteks.net\/index.php\/2009\/12\/04\/ayrilik-takti-canimi\/#breadcrumb","itemListElement":[{"@type":"ListItem","position":1,"name":"Anasayfa","item":"https:\/\/narteks.net\/"},{"@type":"ListItem","position":2,"name":"AYRILIK TAKTI CANIMI"}]},{"@type":"WebSite","@id":"https:\/\/narteks.net\/#website","url":"https:\/\/narteks.net\/","name":"narteks.net","description":"K\u00fclt\u00fcr Sanat Edebiyat Felsefe","publisher":{"@id":"https:\/\/narteks.net\/#organization"},"alternateName":"K\u00fclt\u00fcr Sanat Edebiyat Felsefe","potentialAction":[{"@type":"SearchAction","target":{"@type":"EntryPoint","urlTemplate":"https:\/\/narteks.net\/?s={search_term_string}"},"query-input":{"@type":"PropertyValueSpecification","valueRequired":true,"valueName":"search_term_string"}}],"inLanguage":"tr"},{"@type":"Organization","@id":"https:\/\/narteks.net\/#organization","name":"narteks.net","url":"https:\/\/narteks.net\/","logo":{"@type":"ImageObject","inLanguage":"tr","@id":"https:\/\/narteks.net\/#\/schema\/logo\/image\/","url":"https:\/\/narteks.net\/wp-content\/uploads\/narteks.png","contentUrl":"https:\/\/narteks.net\/wp-content\/uploads\/narteks.png","width":300,"height":90,"caption":"narteks.net"},"image":{"@id":"https:\/\/narteks.net\/#\/schema\/logo\/image\/"},"sameAs":["https:\/\/x.com\/narteks","https:\/\/instagram.com\/narteksnet"]},{"@type":"Person","@id":"https:\/\/narteks.net\/#\/schema\/person\/61f37d9834294b72d31d274e7ed79bca","name":"Tar\u0131k","image":{"@type":"ImageObject","inLanguage":"tr","@id":"https:\/\/narteks.net\/#\/schema\/person\/image\/","url":"https:\/\/secure.gravatar.com\/avatar\/50865afb55632c4ae467e0af0930f6510aa2297d8014be502a55b14f3b7550cf?s=96&d=mm&r=g","contentUrl":"https:\/\/secure.gravatar.com\/avatar\/50865afb55632c4ae467e0af0930f6510aa2297d8014be502a55b14f3b7550cf?s=96&d=mm&r=g","caption":"Tar\u0131k"},"sameAs":["http:\/\/narteks.net"],"url":"https:\/\/narteks.net\/index.php\/author\/narbak\/"}]}},"_links":{"self":[{"href":"https:\/\/narteks.net\/index.php\/wp-json\/wp\/v2\/posts\/2049","targetHints":{"allow":["GET"]}}],"collection":[{"href":"https:\/\/narteks.net\/index.php\/wp-json\/wp\/v2\/posts"}],"about":[{"href":"https:\/\/narteks.net\/index.php\/wp-json\/wp\/v2\/types\/post"}],"author":[{"embeddable":true,"href":"https:\/\/narteks.net\/index.php\/wp-json\/wp\/v2\/users\/1"}],"replies":[{"embeddable":true,"href":"https:\/\/narteks.net\/index.php\/wp-json\/wp\/v2\/comments?post=2049"}],"version-history":[{"count":0,"href":"https:\/\/narteks.net\/index.php\/wp-json\/wp\/v2\/posts\/2049\/revisions"}],"wp:attachment":[{"href":"https:\/\/narteks.net\/index.php\/wp-json\/wp\/v2\/media?parent=2049"}],"wp:term":[{"taxonomy":"category","embeddable":true,"href":"https:\/\/narteks.net\/index.php\/wp-json\/wp\/v2\/categories?post=2049"},{"taxonomy":"post_tag","embeddable":true,"href":"https:\/\/narteks.net\/index.php\/wp-json\/wp\/v2\/tags?post=2049"}],"curies":[{"name":"wp","href":"https:\/\/api.w.org\/{rel}","templated":true}]}}