{"id":205,"date":"2009-02-27T17:03:13","date_gmt":"2009-02-27T14:03:13","guid":{"rendered":"http:\/\/localhost\/wordpress\/2009\/02\/27\/alici-kus\/"},"modified":"2009-02-27T17:03:13","modified_gmt":"2009-02-27T14:03:13","slug":"alici-kus","status":"publish","type":"post","link":"https:\/\/narteks.net\/index.php\/2009\/02\/27\/alici-kus\/","title":{"rendered":"ALICI KU\u015e"},"content":{"rendered":"<p>\u00a0<\/p>\n<p>Vurur d\u00fc\u015flerine ozan\u0131n <br \/>G\u00fcne\u015f k\u0131zg\u0131nl\u0131\u011f\u0131ndan birka\u00e7 a\u011fustos <br \/>Birka\u00e7 a\u011fa\u00e7 <br \/>Y\u00fcksek ormanlar kuytusundan <\/p>\n<p>Karde\u015fli\u011fin al\u0131c\u0131 ku\u015fu <br \/>Kalkar konar <\/p>\n<p>K\u00f6yl\u00fc <br \/>Bi\u00e7er ayr\u0131k otlar\u0131n\u0131 ay\u0131r\u0131r ba\u015faklardan <br \/>Kalkar konar <br \/>Karde\u015fli\u011fin al\u0131c\u0131 ku\u015fu <\/p>\n<p>\u0130\u015f\u00e7i <br \/>Tutar ucundan en acar bi\u00e7imlerin <br \/>S\u00fcrer <br \/>Bin ba\u015f\u0131bo\u015f at\u0131 bin cehennemi birden <br \/>Karde\u015fli\u011fin al\u0131c\u0131 ku\u015fu <br \/>Kalkar konar <\/p>\n<p>Duran el <br \/>Gitmeyen ayak <br \/>Bir g\u00f6z ki <br \/>Arkas\u0131nda bir \u00f6l\u00fc g\u00f6z\u00fc <br \/>Bir ses ki <br \/>Arkas\u0131nda bir \u00f6l\u00fc sesi <br \/>D\u00f6ner durur <br \/>Karde\u015fli\u011fin al\u0131c\u0131 ku\u015fu <br \/>Kalkar konar <br \/>Bir a\u00e7\u0131k y\u00fcrekten bir \u00f6tekine <br \/>Bir bug\u00fcne bir yar\u0131na <br \/>Al\u0131c\u0131 ku\u015fu karde\u015fli\u011fin<\/p>\n<p>Arif DAMAR<\/p>\n","protected":false},"excerpt":{"rendered":"<p>\u00a0 Vurur d\u00fc\u015flerine ozan\u0131n G\u00fcne\u015f k\u0131zg\u0131nl\u0131\u011f\u0131ndan birka\u00e7 a\u011fustos Birka\u00e7 a\u011fa\u00e7 Y\u00fcksek ormanlar kuytusundan Karde\u015fli\u011fin al\u0131c\u0131 ku\u015fu Kalkar konar K\u00f6yl\u00fc Bi\u00e7er ayr\u0131k otlar\u0131n\u0131 ay\u0131r\u0131r ba\u015faklardan Kalkar konar Karde\u015fli\u011fin al\u0131c\u0131 ku\u015fu \u0130\u015f\u00e7i Tutar ucundan en acar bi\u00e7imlerin S\u00fcrer Bin ba\u015f\u0131bo\u015f at\u0131 bin cehennemi birden Karde\u015fli\u011fin al\u0131c\u0131 ku\u015fu Kalkar konar Duran el Gitmeyen ayak Bir g\u00f6z ki Arkas\u0131nda [&hellip;]<\/p>\n","protected":false},"author":1,"featured_media":0,"comment_status":"open","ping_status":"open","sticky":false,"template":"","format":"standard","meta":{"footnotes":""},"categories":[8],"tags":[],"class_list":{"0":"post-205","1":"post","2":"type-post","3":"status-publish","4":"format-standard","6":"category-arif-damar"},"yoast_head":"<!-- This site is optimized with the Yoast SEO Premium plugin v24.9 (Yoast SEO v24.9) - https:\/\/yoast.com\/wordpress\/plugins\/seo\/ -->\n<title>ALICI KU\u015e - narteks.net<\/title>\n<meta name=\"robots\" content=\"index, follow, max-snippet:-1, max-image-preview:large, max-video-preview:-1\" \/>\n<link rel=\"canonical\" href=\"https:\/\/narteks.net\/index.php\/2009\/02\/27\/alici-kus\/\" \/>\n<meta property=\"og:locale\" content=\"tr_TR\" \/>\n<meta property=\"og:type\" content=\"article\" \/>\n<meta property=\"og:title\" content=\"ALICI KU\u015e\" \/>\n<meta property=\"og:description\" content=\"\u00a0 Vurur d\u00fc\u015flerine ozan\u0131n G\u00fcne\u015f k\u0131zg\u0131nl\u0131\u011f\u0131ndan birka\u00e7 a\u011fustos Birka\u00e7 a\u011fa\u00e7 Y\u00fcksek ormanlar kuytusundan Karde\u015fli\u011fin al\u0131c\u0131 ku\u015fu Kalkar konar K\u00f6yl\u00fc Bi\u00e7er ayr\u0131k otlar\u0131n\u0131 ay\u0131r\u0131r ba\u015faklardan Kalkar konar Karde\u015fli\u011fin al\u0131c\u0131 ku\u015fu \u0130\u015f\u00e7i Tutar ucundan en acar bi\u00e7imlerin S\u00fcrer Bin ba\u015f\u0131bo\u015f at\u0131 bin cehennemi birden Karde\u015fli\u011fin al\u0131c\u0131 ku\u015fu Kalkar konar Duran el Gitmeyen ayak Bir g\u00f6z ki Arkas\u0131nda [&hellip;]\" \/>\n<meta property=\"og:url\" content=\"https:\/\/narteks.net\/index.php\/2009\/02\/27\/alici-kus\/\" \/>\n<meta property=\"og:site_name\" content=\"narteks.net\" \/>\n<meta property=\"article:published_time\" content=\"2009-02-27T14:03:13+00:00\" \/>\n<meta property=\"og:image\" content=\"https:\/\/narteks.net\/wp-content\/uploads\/narteks.png\" \/>\n\t<meta property=\"og:image:width\" content=\"300\" \/>\n\t<meta property=\"og:image:height\" content=\"90\" \/>\n\t<meta property=\"og:image:type\" content=\"image\/png\" \/>\n<meta name=\"author\" content=\"Tar\u0131k\" \/>\n<meta name=\"twitter:card\" content=\"summary_large_image\" \/>\n<meta name=\"twitter:creator\" content=\"@narteks\" \/>\n<meta name=\"twitter:site\" content=\"@narteks\" \/>\n<meta name=\"twitter:label1\" content=\"Yazan:\" \/>\n\t<meta name=\"twitter:data1\" content=\"Tar\u0131k\" \/>\n\t<meta name=\"twitter:label2\" content=\"Tahmini okuma s\u00fcresi\" \/>\n\t<meta name=\"twitter:data2\" content=\"1 dakika\" \/>\n<script type=\"application\/ld+json\" class=\"yoast-schema-graph\">{\"@context\":\"https:\/\/schema.org\",\"@graph\":[{\"@type\":\"Article\",\"@id\":\"https:\/\/narteks.net\/index.php\/2009\/02\/27\/alici-kus\/#article\",\"isPartOf\":{\"@id\":\"https:\/\/narteks.net\/index.php\/2009\/02\/27\/alici-kus\/\"},\"author\":{\"name\":\"Tar\u0131k\",\"@id\":\"https:\/\/narteks.net\/#\/schema\/person\/61f37d9834294b72d31d274e7ed79bca\"},\"headline\":\"ALICI KU\u015e\",\"datePublished\":\"2009-02-27T14:03:13+00:00\",\"mainEntityOfPage\":{\"@id\":\"https:\/\/narteks.net\/index.php\/2009\/02\/27\/alici-kus\/\"},\"wordCount\":135,\"commentCount\":0,\"publisher\":{\"@id\":\"https:\/\/narteks.net\/#organization\"},\"articleSection\":[\"Arif DAMAR\"],\"inLanguage\":\"tr\",\"potentialAction\":[{\"@type\":\"CommentAction\",\"name\":\"Comment\",\"target\":[\"https:\/\/narteks.net\/index.php\/2009\/02\/27\/alici-kus\/#respond\"]}]},{\"@type\":\"WebPage\",\"@id\":\"https:\/\/narteks.net\/index.php\/2009\/02\/27\/alici-kus\/\",\"url\":\"https:\/\/narteks.net\/index.php\/2009\/02\/27\/alici-kus\/\",\"name\":\"ALICI KU\u015e - narteks.net\",\"isPartOf\":{\"@id\":\"https:\/\/narteks.net\/#website\"},\"datePublished\":\"2009-02-27T14:03:13+00:00\",\"breadcrumb\":{\"@id\":\"https:\/\/narteks.net\/index.php\/2009\/02\/27\/alici-kus\/#breadcrumb\"},\"inLanguage\":\"tr\",\"potentialAction\":[{\"@type\":\"ReadAction\",\"target\":[\"https:\/\/narteks.net\/index.php\/2009\/02\/27\/alici-kus\/\"]}]},{\"@type\":\"BreadcrumbList\",\"@id\":\"https:\/\/narteks.net\/index.php\/2009\/02\/27\/alici-kus\/#breadcrumb\",\"itemListElement\":[{\"@type\":\"ListItem\",\"position\":1,\"name\":\"Anasayfa\",\"item\":\"https:\/\/narteks.net\/\"},{\"@type\":\"ListItem\",\"position\":2,\"name\":\"ALICI KU\u015e\"}]},{\"@type\":\"WebSite\",\"@id\":\"https:\/\/narteks.net\/#website\",\"url\":\"https:\/\/narteks.net\/\",\"name\":\"narteks.net\",\"description\":\"K\u00fclt\u00fcr Sanat Edebiyat Felsefe\",\"publisher\":{\"@id\":\"https:\/\/narteks.net\/#organization\"},\"alternateName\":\"K\u00fclt\u00fcr Sanat Edebiyat Felsefe\",\"potentialAction\":[{\"@type\":\"SearchAction\",\"target\":{\"@type\":\"EntryPoint\",\"urlTemplate\":\"https:\/\/narteks.net\/?s={search_term_string}\"},\"query-input\":{\"@type\":\"PropertyValueSpecification\",\"valueRequired\":true,\"valueName\":\"search_term_string\"}}],\"inLanguage\":\"tr\"},{\"@type\":\"Organization\",\"@id\":\"https:\/\/narteks.net\/#organization\",\"name\":\"narteks.net\",\"url\":\"https:\/\/narteks.net\/\",\"logo\":{\"@type\":\"ImageObject\",\"inLanguage\":\"tr\",\"@id\":\"https:\/\/narteks.net\/#\/schema\/logo\/image\/\",\"url\":\"https:\/\/narteks.net\/wp-content\/uploads\/narteks.png\",\"contentUrl\":\"https:\/\/narteks.net\/wp-content\/uploads\/narteks.png\",\"width\":300,\"height\":90,\"caption\":\"narteks.net\"},\"image\":{\"@id\":\"https:\/\/narteks.net\/#\/schema\/logo\/image\/\"},\"sameAs\":[\"https:\/\/x.com\/narteks\",\"https:\/\/instagram.com\/narteksnet\"]},{\"@type\":\"Person\",\"@id\":\"https:\/\/narteks.net\/#\/schema\/person\/61f37d9834294b72d31d274e7ed79bca\",\"name\":\"Tar\u0131k\",\"image\":{\"@type\":\"ImageObject\",\"inLanguage\":\"tr\",\"@id\":\"https:\/\/narteks.net\/#\/schema\/person\/image\/\",\"url\":\"https:\/\/secure.gravatar.com\/avatar\/50865afb55632c4ae467e0af0930f6510aa2297d8014be502a55b14f3b7550cf?s=96&d=mm&r=g\",\"contentUrl\":\"https:\/\/secure.gravatar.com\/avatar\/50865afb55632c4ae467e0af0930f6510aa2297d8014be502a55b14f3b7550cf?s=96&d=mm&r=g\",\"caption\":\"Tar\u0131k\"},\"sameAs\":[\"http:\/\/narteks.net\"],\"url\":\"https:\/\/narteks.net\/index.php\/author\/narbak\/\"}]}<\/script>\n<!-- \/ Yoast SEO Premium plugin. -->","yoast_head_json":{"title":"ALICI KU\u015e - narteks.net","robots":{"index":"index","follow":"follow","max-snippet":"max-snippet:-1","max-image-preview":"max-image-preview:large","max-video-preview":"max-video-preview:-1"},"canonical":"https:\/\/narteks.net\/index.php\/2009\/02\/27\/alici-kus\/","og_locale":"tr_TR","og_type":"article","og_title":"ALICI KU\u015e","og_description":"\u00a0 Vurur d\u00fc\u015flerine ozan\u0131n G\u00fcne\u015f k\u0131zg\u0131nl\u0131\u011f\u0131ndan birka\u00e7 a\u011fustos Birka\u00e7 a\u011fa\u00e7 Y\u00fcksek ormanlar kuytusundan Karde\u015fli\u011fin al\u0131c\u0131 ku\u015fu Kalkar konar K\u00f6yl\u00fc Bi\u00e7er ayr\u0131k otlar\u0131n\u0131 ay\u0131r\u0131r ba\u015faklardan Kalkar konar Karde\u015fli\u011fin al\u0131c\u0131 ku\u015fu \u0130\u015f\u00e7i Tutar ucundan en acar bi\u00e7imlerin S\u00fcrer Bin ba\u015f\u0131bo\u015f at\u0131 bin cehennemi birden Karde\u015fli\u011fin al\u0131c\u0131 ku\u015fu Kalkar konar Duran el Gitmeyen ayak Bir g\u00f6z ki Arkas\u0131nda [&hellip;]","og_url":"https:\/\/narteks.net\/index.php\/2009\/02\/27\/alici-kus\/","og_site_name":"narteks.net","article_published_time":"2009-02-27T14:03:13+00:00","og_image":[{"width":300,"height":90,"url":"https:\/\/narteks.net\/wp-content\/uploads\/narteks.png","type":"image\/png"}],"author":"Tar\u0131k","twitter_card":"summary_large_image","twitter_creator":"@narteks","twitter_site":"@narteks","twitter_misc":{"Yazan:":"Tar\u0131k","Tahmini okuma s\u00fcresi":"1 dakika"},"schema":{"@context":"https:\/\/schema.org","@graph":[{"@type":"Article","@id":"https:\/\/narteks.net\/index.php\/2009\/02\/27\/alici-kus\/#article","isPartOf":{"@id":"https:\/\/narteks.net\/index.php\/2009\/02\/27\/alici-kus\/"},"author":{"name":"Tar\u0131k","@id":"https:\/\/narteks.net\/#\/schema\/person\/61f37d9834294b72d31d274e7ed79bca"},"headline":"ALICI KU\u015e","datePublished":"2009-02-27T14:03:13+00:00","mainEntityOfPage":{"@id":"https:\/\/narteks.net\/index.php\/2009\/02\/27\/alici-kus\/"},"wordCount":135,"commentCount":0,"publisher":{"@id":"https:\/\/narteks.net\/#organization"},"articleSection":["Arif DAMAR"],"inLanguage":"tr","potentialAction":[{"@type":"CommentAction","name":"Comment","target":["https:\/\/narteks.net\/index.php\/2009\/02\/27\/alici-kus\/#respond"]}]},{"@type":"WebPage","@id":"https:\/\/narteks.net\/index.php\/2009\/02\/27\/alici-kus\/","url":"https:\/\/narteks.net\/index.php\/2009\/02\/27\/alici-kus\/","name":"ALICI KU\u015e - narteks.net","isPartOf":{"@id":"https:\/\/narteks.net\/#website"},"datePublished":"2009-02-27T14:03:13+00:00","breadcrumb":{"@id":"https:\/\/narteks.net\/index.php\/2009\/02\/27\/alici-kus\/#breadcrumb"},"inLanguage":"tr","potentialAction":[{"@type":"ReadAction","target":["https:\/\/narteks.net\/index.php\/2009\/02\/27\/alici-kus\/"]}]},{"@type":"BreadcrumbList","@id":"https:\/\/narteks.net\/index.php\/2009\/02\/27\/alici-kus\/#breadcrumb","itemListElement":[{"@type":"ListItem","position":1,"name":"Anasayfa","item":"https:\/\/narteks.net\/"},{"@type":"ListItem","position":2,"name":"ALICI KU\u015e"}]},{"@type":"WebSite","@id":"https:\/\/narteks.net\/#website","url":"https:\/\/narteks.net\/","name":"narteks.net","description":"K\u00fclt\u00fcr Sanat Edebiyat Felsefe","publisher":{"@id":"https:\/\/narteks.net\/#organization"},"alternateName":"K\u00fclt\u00fcr Sanat Edebiyat Felsefe","potentialAction":[{"@type":"SearchAction","target":{"@type":"EntryPoint","urlTemplate":"https:\/\/narteks.net\/?s={search_term_string}"},"query-input":{"@type":"PropertyValueSpecification","valueRequired":true,"valueName":"search_term_string"}}],"inLanguage":"tr"},{"@type":"Organization","@id":"https:\/\/narteks.net\/#organization","name":"narteks.net","url":"https:\/\/narteks.net\/","logo":{"@type":"ImageObject","inLanguage":"tr","@id":"https:\/\/narteks.net\/#\/schema\/logo\/image\/","url":"https:\/\/narteks.net\/wp-content\/uploads\/narteks.png","contentUrl":"https:\/\/narteks.net\/wp-content\/uploads\/narteks.png","width":300,"height":90,"caption":"narteks.net"},"image":{"@id":"https:\/\/narteks.net\/#\/schema\/logo\/image\/"},"sameAs":["https:\/\/x.com\/narteks","https:\/\/instagram.com\/narteksnet"]},{"@type":"Person","@id":"https:\/\/narteks.net\/#\/schema\/person\/61f37d9834294b72d31d274e7ed79bca","name":"Tar\u0131k","image":{"@type":"ImageObject","inLanguage":"tr","@id":"https:\/\/narteks.net\/#\/schema\/person\/image\/","url":"https:\/\/secure.gravatar.com\/avatar\/50865afb55632c4ae467e0af0930f6510aa2297d8014be502a55b14f3b7550cf?s=96&d=mm&r=g","contentUrl":"https:\/\/secure.gravatar.com\/avatar\/50865afb55632c4ae467e0af0930f6510aa2297d8014be502a55b14f3b7550cf?s=96&d=mm&r=g","caption":"Tar\u0131k"},"sameAs":["http:\/\/narteks.net"],"url":"https:\/\/narteks.net\/index.php\/author\/narbak\/"}]}},"_links":{"self":[{"href":"https:\/\/narteks.net\/index.php\/wp-json\/wp\/v2\/posts\/205","targetHints":{"allow":["GET"]}}],"collection":[{"href":"https:\/\/narteks.net\/index.php\/wp-json\/wp\/v2\/posts"}],"about":[{"href":"https:\/\/narteks.net\/index.php\/wp-json\/wp\/v2\/types\/post"}],"author":[{"embeddable":true,"href":"https:\/\/narteks.net\/index.php\/wp-json\/wp\/v2\/users\/1"}],"replies":[{"embeddable":true,"href":"https:\/\/narteks.net\/index.php\/wp-json\/wp\/v2\/comments?post=205"}],"version-history":[{"count":0,"href":"https:\/\/narteks.net\/index.php\/wp-json\/wp\/v2\/posts\/205\/revisions"}],"wp:attachment":[{"href":"https:\/\/narteks.net\/index.php\/wp-json\/wp\/v2\/media?parent=205"}],"wp:term":[{"taxonomy":"category","embeddable":true,"href":"https:\/\/narteks.net\/index.php\/wp-json\/wp\/v2\/categories?post=205"},{"taxonomy":"post_tag","embeddable":true,"href":"https:\/\/narteks.net\/index.php\/wp-json\/wp\/v2\/tags?post=205"}],"curies":[{"name":"wp","href":"https:\/\/api.w.org\/{rel}","templated":true}]}}