{"id":2060,"date":"2009-12-04T21:30:22","date_gmt":"2009-12-04T18:30:22","guid":{"rendered":"http:\/\/localhost\/wordpress\/2009\/12\/04\/istanbul-destani\/"},"modified":"2009-12-04T21:30:22","modified_gmt":"2009-12-04T18:30:22","slug":"istanbul-destani","status":"publish","type":"post","link":"https:\/\/narteks.net\/index.php\/2009\/12\/04\/istanbul-destani\/","title":{"rendered":"\u0130STANBUL DESTANI"},"content":{"rendered":"<p>\u00a0<\/p>\n<p>\u0130stanbul deyince akl\u0131ma mart\u0131 gelir <br \/> Yar\u0131s\u0131 g\u00fcm\u00fc\u015f, yar\u0131s\u0131 k\u00f6p\u00fck <br \/> Yar\u0131s\u0131 bal\u0131k yar\u0131s\u0131 ku\u015f <br \/> \u0130stanbul deyince akl\u0131ma bir masal gelir <br \/> Bir varm\u0131\u015f, bir yokmu\u015f <\/p>\n<p> \u0130stanbul deyince akl\u0131ma G\u00fclcemal gelir <br \/> Anadolu&#8217;da toprak daml\u0131 bir evde <br \/> G\u00fclcemal \u00fcst\u00fcne t\u00fcrk\u00fcler s\u00f6ylenir <br \/> S\u00fct akar c\u00fcmle musluklar\u0131ndan <br \/> Direklerinde g\u00fcller tomurcuklan\u0131r <br \/> Anadolu&#8217;da toprak daml\u0131 bir evde \u00e7ocuklu\u011fum <br \/> G\u00fclcemalle gider \u0130stanbul&#8217;a <br \/> G\u00fclcemalle gelir <\/p>\n<p> \u0130stanbul deyince akl\u0131ma <br \/> Bir sepet k\u0131nal\u0131 yap\u0131ncak gelir <br \/> \u015eehzadeba\u015f\u0131&#8217;nda ak\u015fam \u00fcst\u00fc <br \/> Sepetin \u00fcst\u00fcnde \u00fc\u00e7 tane mum <br \/> Bir k\u0131z yana\u015f\u0131r insafs\u0131zca di\u015fi <br \/> Boyuna bosuna kurban oldu\u011fum <br \/> Kal\u0131n dudaklar\u0131nda yap\u0131nca\u011f\u0131n bal\u0131 <br \/> Tepeden t\u0131rna\u011fa arzu dolu <br \/> Sam yeli, s\u00f6\u011f\u00fct dal\u0131, harmandal\u0131 <br \/> Bir \u015farap mahzeninde do\u011fmu\u015f olmal\u0131 <br \/> \u015eehzadeba\u015f\u0131&#8217;nda ak\u015fam \u00fcst\u00fc <br \/> Yine zevrak-\u0131 derunum <br \/> K\u0131r\u0131l\u0131p kenara d\u00fc\u015ft\u00fc <\/p>\n<p> \u0130stanbul deyince akl\u0131ma Kapal\u0131\u00e7ar\u015f\u0131 gelir <br \/> Dokuzuncu Senfoniyle kolkola <br \/> Cezayir mar\u015f\u0131 gelir <br \/> D\u00f6rt ba\u015f\u0131 mamur bir gelin odas\u0131 <br \/> Hara\u00e7 mezat sat\u0131lmakta <br \/> Bir gelinle g\u00fcvey eksik yatakta <br \/> K\u00f6\u015fede sedef kakmal\u0131 tombul bir ut <br \/> Tamburi Cemil Bey \u00e7al\u0131yor eski plakta <br \/> Sonra ellerinde \u015famdanlar nargileler <br \/> Pasl\u0131 Acem k\u0131l\u0131\u00e7lar\u0131 <br \/> Amerikan kovboylar\u0131 <br \/> Eller yukar\u0131 <\/p>\n<p> Ne kadar da beyaz elbiseleri <br \/> Amerikan deniz erleri <br \/> Kocaman bir papatyadan yolunmu\u015flar gibi <br \/> S\u00fctten duru buluttan beyaz <br \/> Beyaz\u0131n b\u00f6ylesine \u00f6l\u00fcm yak\u0131\u015f\u0131r m\u0131 dersin <br \/> Yak\u0131\u015fmaz <br \/> Ama harbederken onlara <br \/> Bamba\u015fka elbiseler giydirirler <br \/> Kan rengi, barut rengi, duman rengi <br \/> Kin tutar, kir tutmaz <\/p>\n<p> \u0130stanbul deyince akl\u0131ma <br \/> Kocaman bir dalyan gelir <br \/> Kimi pasl\u0131 bir \u00f6r\u00fcmcek a\u011f\u0131 gibi <br \/> Gerinir Beykoz&#8217;da <br \/> Kimi Fenerbah\u00e7e&#8217;de yan gelir <br \/> Dalyanda k\u0131rk tane Orkinos <br \/> K\u0131rk de\u011firmen ta\u015f\u0131 gibi d\u00f6nmektedir <br \/> Orkinos dedi\u011fin bal\u0131klar\u0131n \u015fah\u0131 Orkinos mavzerle g\u00f6z\u00fcnden vurulur <br \/> Denizin i\u00e7inde a\u011fa\u00e7lar devrilir <br \/> Kan \u00e7ana\u011f\u0131na d\u00f6ner dalyan\u0131n y\u00fcz\u00fc <br \/> Camg\u00f6be\u011fi ye\u015fili bulan\u0131r <br \/> Bir \u00e7\u0131rp\u0131da k\u0131rk Orkinos <br \/> Reisin sevin\u00e7ten dili dolan\u0131r <br \/> Bir mart\u0131 gelir konar dire\u011fe <br \/> At\u0131lan Kolyosu havada yutar <br \/> Bir ba\u015fkas\u0131n\u0131 beklemez gider <br \/> Bal\u0131k\u00e7\u0131 g\u00fcl\u00fcmser tatl\u0131 tatl\u0131 <br \/> Ad\u0131 Marikad\u0131r bu mart\u0131n\u0131n der <br \/> Her zaman b\u00f6yle gelir b\u00f6yle gider <\/p>\n<p> \u0130stanbul deyince akl\u0131ma Adalar gelir <br \/> D\u00fcnyan\u0131n en k\u00f6t\u00fc Frans\u0131zcas\u0131 orda harcan\u0131r <br \/> \u00c7al\u0131m\u0131ndan ge\u00e7ilmez altm\u0131\u015fl\u0131k madamlar\u0131n <br \/> A\u011fz\u0131 dili olsa da tenhadaki \u00e7amlar\u0131n <br \/> G\u00f6r\u00fcp g\u00f6rece\u011fi rahmeti anlatsa insanlar\u0131n <\/p>\n<p> \u0130stanbul deyince akl\u0131ma kuleler gelir <br \/> Ne zaman birinin resmini yapsam \u00f6teki k\u0131skan\u0131r <br \/> Ama \u015fu K\u0131zkulesinin akl\u0131 olsa <br \/> Galata kulesine var\u0131r <br \/> Bir s\u00fcr\u00fc \u00e7ocuklar\u0131 olur <\/p>\n<p> \u0130stanbul deyince akl\u0131ma <br \/> Tophane&#8217;de k\u00fc\u00e7\u00fcc\u00fck bir sokak gelir <br \/> Her Allah\u0131n g\u00fcn\u00fc kahvelerine <br \/> Anadolu&#8217;dan bir s\u00fcr\u00fc fakir fukara gelir <br \/> Kimi dilenecek dilenmesine utan\u0131r <br \/> Kiminin elinde bir s\u00fcp\u00fcrge peyda olur uzun <br \/> Dudaklar\u0131nda kirli pasl\u0131 bir tebess\u00fcm <br \/> \u00c7\u00f6p\u00e7\u00fc olmu\u015ftur bug\u00fcne bug\u00fcn <br \/> Kiminin s\u0131rt\u0131nda peri\u015fan bir k\u00fcfe <br \/> Kiminin s\u0131rt\u0131nda nak\u0131\u015fl\u0131 semer <br \/> \u015eehrin c\u00fcmb\u00fc\u015f\u00fcne kat\u0131l\u0131r gider <br \/> Kal\u0131n ya\u011fl\u0131 bir kolana ko\u015fulur <br \/> Piyano ta\u015f\u0131rlar omuz omuza <br \/> Kendinden a\u011f\u0131r y\u00fck\u00fcn alt\u0131nda adamlar <br \/> Balmumu gibi erir dururlar <br \/> Sonra kanter i\u00e7inde soluk al\u0131rlar <br \/> Nazik e\u015fya nazik hamallar ister neylersin <br \/> Ama onlar kadar piyanoyu ciddiye al\u0131rlar m\u0131 dersin <br \/> Nazdan nazik \u00e7iniden bilezik eller <br \/> Derken <br \/> Kar\u015f\u0131 radyoda gayetle m\u00fclayim bir ses <br \/> Evlere \u015fenlik \u00dcstad Sinir Zulmettin <br \/> Hac\u0131ya\u011f\u0131na bulanm\u0131\u015f sesiyle esner: <br \/> Gam\u0131 \u015fadiyi felek <br \/> B\u00f6yle gelir b\u00f6yle gider <\/p>\n<p> \u0130stanbul deyince akl\u0131ma <br \/> Stadyum gelir <br \/> G\u00fcne g\u00fcne\u015fe kar\u015f\u0131 yirmibe\u015fbin ki\u015fi <br \/> Hepsinin duda\u011f\u0131nda \u0130stiklal Mar\u015f\u0131 <br \/> Bulutlar at\u0131l\u0131r top top pare pare <br \/> Yirmibe\u015fbin ki\u015filik bir ayd\u0131nl\u0131k i\u00e7inde eririm <br \/> Can\u0131m a\u011fz\u0131ma gelir sevin\u00e7ten hilafs\u0131z <br \/> \u0130steseler bir gelincik gibi kopar\u0131r veririm <\/p>\n<p> \u0130stanbul deyince akl\u0131ma <br \/> Stadyum gelir <br \/> Kan\u0131m\u0131n kar\u0131\u015ft\u0131\u011f\u0131n\u0131 duyar\u0131m \u0131l\u0131k \u0131l\u0131k <br \/> Memleketimin insanlar\u0131na <br \/> Daha fazla sokulmak isterim yanlar\u0131na <br \/> Ben de ba\u011f\u0131r\u0131r\u0131m birlikte <br \/> Avaz\u0131m \u00e7\u0131kt\u0131\u011f\u0131 kadar <br \/> G\u00f6\u011fs\u00fcm\u00fc gere gere <br \/> Ver Lefter&#8217;e yaz deftere <br \/> Stadyum gelir <br \/> \u0130stanbul deyince akl\u0131ma <br \/> Binlerce insan\u0131n ayn\u0131 anda <br \/> Ayn\u0131 \u015feyi duymas\u0131ndan do\u011fan sevincin <br \/> Heybetini d\u00fc\u015f\u00fcn\u00fcr\u00fcm <br \/> Birbirine eklenir kafamda <br \/> Binler y\u00fczbinler milyonlar <br \/> Sonra bir m\u0131sra havalan\u0131r \u00fcrkek <br \/> Bir uykuyu cananla beraber uyuyanlar <\/p>\n<p> \u0130stanbul deyince akl\u0131ma <br \/> Yahya Kemal gelirdi bir eyyam <br \/> \u015eimdi Orhan Veli gelir <br \/> Demindenberi dilimin ucundas\u0131n Orhan Veli <br \/> Demindenberi senin tad\u0131n senin tuzun <br \/> Senin \u015fiirin senin y\u00fcz\u00fcn <br \/> Yaral\u0131 bir g\u00fcvercin misali <br \/> Ba\u015f\u0131m\u0131n \u00fcst\u00fcnde dolan\u0131r durur <br \/> Gelir sessizce konar bu \u015fiirin bir yerine <br \/> Neresine mi arayan bulur <br \/> Erbab\u0131 bilir <br \/> Deli eder insan\u0131 bu \u015fehir deli <br \/> Kadehlerin \u00e7\u0131nlas\u0131n Orhan Veli <\/p>\n<p> \u0130stanbul deyince akl\u0131ma Sait Faik gelir <br \/> Burgaz adas\u0131nda k\u0131y\u0131da <br \/> Mavi g\u00f6zl\u00fc bir \u00e7ocuk b\u00fcy\u00fcr d\u00f6ne d\u00f6ne <br \/> Mavi g\u00f6zl\u00fc bir ihtiyar bal\u0131k\u00e7\u0131 gencelir k\u00fc\u00e7\u00fcl\u00fcr <br \/> \u0130kisi bir boya geldi mi Sait kesilirler <br \/> B\u00fct\u00fcn \u0130stanbul&#8217;u dola\u015f\u0131rlar elele ba\u015fba\u015fa <br \/> Ana avrat k\u00fcfrederler u\u00e7an ku\u015fa e\u015fe dosta <br \/> Sivriadada da mart\u0131 yumurtas\u0131 toplarlar \u00e7illi \u00e7illi <br \/> Ziba mahallesinde gece yar\u0131s\u0131 <br \/> Sabaha Galata&#8217;dan ge\u00e7er yollar\u0131 <br \/> Maytaba alacaklar\u0131 tutar kahvede <br \/> Zarars\u0131z bir deliyi <br \/> Ula Hasan derler gazeteyi ters tutaysun <br \/> \u00c7akt\u0131rmadan gazetesini tutu\u015ftururlar fakirin <br \/> Sonra oturup sessizce a\u011flarlar <\/p>\n<p> \u0130stanbul deyince akl\u0131ma <br \/> Sait Faik gelir <br \/> Ta\u015f\u0131nda topra\u011f\u0131nda suyunda <br \/> Fakirin fukaran\u0131n yan\u0131ba\u015f\u0131nda <br \/> Bir kalem bir bilek bilendik\u00e7e bilenir <br \/> K\u0131ldan ince k\u0131l\u0131\u00e7tan keskin <br \/> Hep iyiden g\u00fczelden yana <br \/> Hep kimsesizlerin <\/p>\n<p> \u0130stanbul deyince akl\u0131ma <br \/> Said&#8217;in son y\u0131llar\u0131 gelir <br \/> Hey Allah\u0131m en g\u00fczel \u00e7a\u011f\u0131nda Said&#8217;e <br \/> D\u00f6rt be\u015f y\u0131l \u00f6mr\u00fcn kald\u0131 denir <br \/> Sait Sait olur da nas\u0131l dayan\u0131r <br \/> Mavi g\u00f6zl\u00fc \u00e7ocuk bo\u015fverir \u00f6l\u00fcm haberine <br \/> \u0130htiyar bal\u0131k\u00e7\u0131 pis pis d\u00fc\u015f\u00fcn\u00fcr <br \/> Bir zehir ye\u015filidir a\u00e7\u0131l\u0131r <br \/> Bir ye\u015fil ki ci\u011ferine i\u015fler adam\u0131n <br \/> Bir ye\u015fil ki kas\u0131p kavurur <br \/> K\u00fc\u00e7\u00fck mavi \u00e7ocuk <br \/> \u0130htiyar bal\u0131k\u00e7\u0131 <br \/> Ve dilimize bula\u015fan zehir ye\u015fili <br \/> \u0130stanbul \u00e7alkaland\u0131k\u00e7a bu denizlerde dipdiri <br \/> Dilimiz ya\u015fad\u0131k\u00e7a ya\u015fas\u0131n Said&#8217;in \u015fiiri <\/p>\n<p> \u0130stanbul deyince akl\u0131ma <br \/> Sabiyem gelir <br \/> Sabiyem boynundan b\u00fcy\u00fck bir demetle <br \/> Sar\u0131yer&#8217;den gelir Pendik&#8217;ten gelir <br \/> Bahar nereden gelirse velhas\u0131l <br \/> Sabiyem oradan gelir <br \/> Ne delidir ne divane <br \/> Asl\u0131n\u0131 ararsan \u00e7ingenedir <br \/> Tepeden t\u0131rna\u011fa g\u00fcne\u015ftir <br \/> Toprakt\u0131r <br \/> Anad\u0131r <br \/> Analar i\u00e7inde bir tanedir <br \/> Biri s\u0131rt\u0131nda biri memesinde biri karn\u0131nda <br \/> Karn\u0131 her daim burnundad\u0131r <br \/> Can\u0131n\u0131 mendil gibi takar di\u015fine <br \/> Y\u00fcrekten bir\u015feyler katar i\u015fine <br \/> Bir ucundan girer \u015fehrin \u00f6tekinden \u00e7\u0131kar <br \/> Al\u00e7akg\u00f6n\u00fcll\u00fcd\u00fcr Sabiyem <br \/> Hem ma\u015fa satar, hem g\u00f6bek atar <br \/> Ver bir \u00e7eyrek g\u00fczelim der <br \/> Neyse halin o \u00e7\u0131ks\u0131n falin <br \/> Can\u0131 \u00e7\u0131kar Sabiyemin fal\u0131 \u00e7\u0131kmaz <br \/> Sonra anlat\u0131r d\u00fcn gece ba\u015f\u0131na gelenleri <br \/> G\u00f6r\u00fcr\u00fcm \u00fcryamda bir sar\u0131 y\u0131lan <br \/> Cenabet u\u011fra\u015f\u0131r durur benimlen <br \/> Uyan\u0131r bakar\u0131m benim bebeler <br \/> Yata\u011f\u0131n ucuna kaym\u0131\u015f <br \/> Aya\u011f\u0131m\u0131n parmaklar\u0131n\u0131 emer <\/p>\n<p> \u0130stanbul deyince akl\u0131ma <br \/> Bir basma fabrikas\u0131 gelir <br \/> Duvarlar\u0131 uzun masalar\u0131 uzun sobalar\u0131 uzun <br \/> Dal gibi dalyan gibi k\u0131zlar \u00e7al\u0131\u015f\u0131r b\u00fct\u00fcn g\u00fcn ayakta <br \/> Kanter i\u00e7inde mahzun <br \/> Y\u00fczleri uzun elleri uzun g\u00fcnleri uzun <br \/> Fabrikada pencereler tavana yak\u0131n <br \/> Al topuklu beyaz k\u0131zlar dalga ge\u00e7meyin <br \/> D\u0131\u015farda a\u011fa\u00e7lar dizi dizi <br \/> Duvarlar duvarlar uzun duvarlar <br \/> Ni\u00e7in a\u011fa\u00e7lardan ay\u0131rd\u0131n\u0131z bizi <br \/> D\u0131\u015farda tarlalar turuncu asfalt mosmor <br \/> D\u0131\u015farda d\u0131\u015farda d\u0131\u015farda <br \/> Mevsim g\u00fcr\u00fcl g\u00fcr\u00fcl ak\u0131p gidiyor <br \/> Ondokuz ya\u015f\u0131nda Ey\u00fcpl\u00fc G\u00fcls\u00fcm <br \/> Dalm\u0131\u015f beyaz k\u00f6p\u00fckl\u00fc ak\u0131\u015f\u0131na ipeklilerin <br \/> K\u00f6t\u00fc k\u00f6t\u00fc d\u00fc\u015f\u00fcn\u00fcyor <br \/> \u0130pe\u011fin ak\u0131\u015f\u0131na doyum olmaz <br \/> Ama gel g\u00f6r ki ipekli emprimeden o\u011flana don olmaz <br \/> Bir top Amerikan bezi sak\u0131z gibi beyaz <br \/> Bir top Amerikandan neler \u00e7\u0131kmaz <br \/> Perdeler yatak \u00e7ar\u015faflar\u0131 \u00e7olu\u011fa \u00e7ocu\u011fa \u00e7ama\u015f\u0131r <br \/> Sak\u0131z gibi a\u011farm\u0131\u015f bir top Amerikan bezi <br \/> G\u00fcls\u00fcm&#8217;\u00fcn g\u00f6zleri kama\u015f\u0131r <br \/> \u00dc\u00e7\u00fcnc\u00fc o\u011flan\u0131 do\u011fururken G\u00fcls\u00fcm <br \/> Bir top Amerikana hasret sizlere \u00f6m\u00fcr <br \/> G\u00fcls\u00fcm&#8217;lerin s\u00fcr\u00fcs\u00fcne bereket <br \/> Yerine bir G\u00fcls\u00fcm&#8217;c\u00fck bulunur elbet <br \/> Gider G\u00fcls\u00fcm gelir G\u00fcls\u00fcm <br \/> Azrail etti\u011fin bulsun <\/p>\n<p> \u0130stanbul deyince akl\u0131ma <br \/> A\u011fz\u0131na kadar so\u011fan y\u00fckl\u00fc bir taka gelir <br \/> S\u00fclyen k\u0131rm\u0131z\u0131s\u0131 \u00fcst\u00fcne zehir gibi ye\u015fil <br \/> Samsun&#8217;dan S\u00fcrmene&#8217;den Sinop&#8217;tan <br \/> Yaz demez k\u0131\u015f demez mutlaka gelir <br \/> Kirli yelkeninde yeni bir yama <br \/> Demirinin pas\u0131 gelir dilime <br \/> Nabz\u0131mda duyar\u0131m motorunun h\u0131z\u0131n\u0131 <br \/> Can\u0131m\u0131n i\u00e7ine sokas\u0131m gelir <br \/> \u0130ri kal\u00e7alar\u0131 pullu denizk\u0131z\u0131n\u0131 <\/p>\n<p> \u0130stanbul deyince akl\u0131ma <br \/> Takalar gelir <br \/> Al\u00e7akg\u00f6n\u00fcll\u00fc kalender <br \/> Ya Peleng-i Deryad\u0131r adlar\u0131 ya \u015eim\u015fir-i Zafer <br \/> \u0130stanbul deyince akl\u0131ma <br \/> Koca Sinan gelir <br \/> On parma\u011f\u0131 on ulu \u00e7\u0131nar gibi <br \/> Her yandan y\u00fckselir <br \/> Sonra gecekondular gelir ard\u0131s\u0131ra <br \/> \u0130sli pasl\u0131 yetim <br \/> Eyy benim dev memesinde c\u00fcceler emziren <br \/> acayip memleketim<\/p>\n<p>Bedri Rahmi EY\u00dcBO\u011eLU<\/p>\n","protected":false},"excerpt":{"rendered":"<p>\u00a0 \u0130stanbul deyince akl\u0131ma mart\u0131 gelir Yar\u0131s\u0131 g\u00fcm\u00fc\u015f, yar\u0131s\u0131 k\u00f6p\u00fck Yar\u0131s\u0131 bal\u0131k yar\u0131s\u0131 ku\u015f \u0130stanbul deyince akl\u0131ma bir masal gelir Bir varm\u0131\u015f, bir yokmu\u015f \u0130stanbul deyince akl\u0131ma G\u00fclcemal gelir Anadolu&#8217;da toprak daml\u0131 bir evde G\u00fclcemal \u00fcst\u00fcne t\u00fcrk\u00fcler s\u00f6ylenir S\u00fct akar c\u00fcmle musluklar\u0131ndan Direklerinde g\u00fcller tomurcuklan\u0131r Anadolu&#8217;da toprak daml\u0131 bir evde \u00e7ocuklu\u011fum G\u00fclcemalle gider \u0130stanbul&#8217;a G\u00fclcemalle [&hellip;]<\/p>\n","protected":false},"author":1,"featured_media":0,"comment_status":"open","ping_status":"open","sticky":false,"template":"","format":"standard","meta":{"footnotes":""},"categories":[13],"tags":[],"class_list":{"0":"post-2060","1":"post","2":"type-post","3":"status-publish","4":"format-standard","6":"category-b-rahmi-eyuboglu"},"yoast_head":"<!-- This site is optimized with the Yoast SEO Premium plugin v24.9 (Yoast SEO v24.9) - https:\/\/yoast.com\/wordpress\/plugins\/seo\/ -->\n<title>\u0130STANBUL DESTANI - narteks.net<\/title>\n<meta name=\"robots\" content=\"index, follow, max-snippet:-1, max-image-preview:large, max-video-preview:-1\" \/>\n<link rel=\"canonical\" href=\"https:\/\/narteks.net\/index.php\/2009\/12\/04\/istanbul-destani\/\" \/>\n<meta property=\"og:locale\" content=\"tr_TR\" \/>\n<meta property=\"og:type\" content=\"article\" \/>\n<meta property=\"og:title\" content=\"\u0130STANBUL DESTANI\" \/>\n<meta property=\"og:description\" content=\"\u00a0 \u0130stanbul deyince akl\u0131ma mart\u0131 gelir Yar\u0131s\u0131 g\u00fcm\u00fc\u015f, yar\u0131s\u0131 k\u00f6p\u00fck Yar\u0131s\u0131 bal\u0131k yar\u0131s\u0131 ku\u015f \u0130stanbul deyince akl\u0131ma bir masal gelir Bir varm\u0131\u015f, bir yokmu\u015f \u0130stanbul deyince akl\u0131ma G\u00fclcemal gelir Anadolu&#8217;da toprak daml\u0131 bir evde G\u00fclcemal \u00fcst\u00fcne t\u00fcrk\u00fcler s\u00f6ylenir S\u00fct akar c\u00fcmle musluklar\u0131ndan Direklerinde g\u00fcller tomurcuklan\u0131r Anadolu&#8217;da toprak daml\u0131 bir evde \u00e7ocuklu\u011fum G\u00fclcemalle gider \u0130stanbul&#8217;a G\u00fclcemalle [&hellip;]\" \/>\n<meta property=\"og:url\" content=\"https:\/\/narteks.net\/index.php\/2009\/12\/04\/istanbul-destani\/\" \/>\n<meta property=\"og:site_name\" content=\"narteks.net\" \/>\n<meta property=\"article:published_time\" content=\"2009-12-04T18:30:22+00:00\" \/>\n<meta property=\"og:image\" content=\"https:\/\/narteks.net\/wp-content\/uploads\/narteks.png\" \/>\n\t<meta property=\"og:image:width\" content=\"300\" \/>\n\t<meta property=\"og:image:height\" content=\"90\" \/>\n\t<meta property=\"og:image:type\" content=\"image\/png\" \/>\n<meta name=\"author\" content=\"Tar\u0131k\" \/>\n<meta name=\"twitter:card\" content=\"summary_large_image\" \/>\n<meta name=\"twitter:creator\" content=\"@narteks\" \/>\n<meta name=\"twitter:site\" content=\"@narteks\" \/>\n<meta name=\"twitter:label1\" content=\"Yazan:\" \/>\n\t<meta name=\"twitter:data1\" content=\"Tar\u0131k\" \/>\n\t<meta name=\"twitter:label2\" content=\"Tahmini okuma s\u00fcresi\" \/>\n\t<meta name=\"twitter:data2\" content=\"8 dakika\" \/>\n<script type=\"application\/ld+json\" class=\"yoast-schema-graph\">{\"@context\":\"https:\/\/schema.org\",\"@graph\":[{\"@type\":\"Article\",\"@id\":\"https:\/\/narteks.net\/index.php\/2009\/12\/04\/istanbul-destani\/#article\",\"isPartOf\":{\"@id\":\"https:\/\/narteks.net\/index.php\/2009\/12\/04\/istanbul-destani\/\"},\"author\":{\"name\":\"Tar\u0131k\",\"@id\":\"https:\/\/narteks.net\/#\/schema\/person\/61f37d9834294b72d31d274e7ed79bca\"},\"headline\":\"\u0130STANBUL DESTANI\",\"datePublished\":\"2009-12-04T18:30:22+00:00\",\"mainEntityOfPage\":{\"@id\":\"https:\/\/narteks.net\/index.php\/2009\/12\/04\/istanbul-destani\/\"},\"wordCount\":1589,\"commentCount\":0,\"publisher\":{\"@id\":\"https:\/\/narteks.net\/#organization\"},\"articleSection\":[\"B.Rahmi EY\u00dcBOGLU\"],\"inLanguage\":\"tr\",\"potentialAction\":[{\"@type\":\"CommentAction\",\"name\":\"Comment\",\"target\":[\"https:\/\/narteks.net\/index.php\/2009\/12\/04\/istanbul-destani\/#respond\"]}]},{\"@type\":\"WebPage\",\"@id\":\"https:\/\/narteks.net\/index.php\/2009\/12\/04\/istanbul-destani\/\",\"url\":\"https:\/\/narteks.net\/index.php\/2009\/12\/04\/istanbul-destani\/\",\"name\":\"\u0130STANBUL DESTANI - narteks.net\",\"isPartOf\":{\"@id\":\"https:\/\/narteks.net\/#website\"},\"datePublished\":\"2009-12-04T18:30:22+00:00\",\"breadcrumb\":{\"@id\":\"https:\/\/narteks.net\/index.php\/2009\/12\/04\/istanbul-destani\/#breadcrumb\"},\"inLanguage\":\"tr\",\"potentialAction\":[{\"@type\":\"ReadAction\",\"target\":[\"https:\/\/narteks.net\/index.php\/2009\/12\/04\/istanbul-destani\/\"]}]},{\"@type\":\"BreadcrumbList\",\"@id\":\"https:\/\/narteks.net\/index.php\/2009\/12\/04\/istanbul-destani\/#breadcrumb\",\"itemListElement\":[{\"@type\":\"ListItem\",\"position\":1,\"name\":\"Anasayfa\",\"item\":\"https:\/\/narteks.net\/\"},{\"@type\":\"ListItem\",\"position\":2,\"name\":\"\u0130STANBUL DESTANI\"}]},{\"@type\":\"WebSite\",\"@id\":\"https:\/\/narteks.net\/#website\",\"url\":\"https:\/\/narteks.net\/\",\"name\":\"narteks.net\",\"description\":\"K\u00fclt\u00fcr Sanat Edebiyat Felsefe\",\"publisher\":{\"@id\":\"https:\/\/narteks.net\/#organization\"},\"alternateName\":\"K\u00fclt\u00fcr Sanat Edebiyat Felsefe\",\"potentialAction\":[{\"@type\":\"SearchAction\",\"target\":{\"@type\":\"EntryPoint\",\"urlTemplate\":\"https:\/\/narteks.net\/?s={search_term_string}\"},\"query-input\":{\"@type\":\"PropertyValueSpecification\",\"valueRequired\":true,\"valueName\":\"search_term_string\"}}],\"inLanguage\":\"tr\"},{\"@type\":\"Organization\",\"@id\":\"https:\/\/narteks.net\/#organization\",\"name\":\"narteks.net\",\"url\":\"https:\/\/narteks.net\/\",\"logo\":{\"@type\":\"ImageObject\",\"inLanguage\":\"tr\",\"@id\":\"https:\/\/narteks.net\/#\/schema\/logo\/image\/\",\"url\":\"https:\/\/narteks.net\/wp-content\/uploads\/narteks.png\",\"contentUrl\":\"https:\/\/narteks.net\/wp-content\/uploads\/narteks.png\",\"width\":300,\"height\":90,\"caption\":\"narteks.net\"},\"image\":{\"@id\":\"https:\/\/narteks.net\/#\/schema\/logo\/image\/\"},\"sameAs\":[\"https:\/\/x.com\/narteks\",\"https:\/\/instagram.com\/narteksnet\"]},{\"@type\":\"Person\",\"@id\":\"https:\/\/narteks.net\/#\/schema\/person\/61f37d9834294b72d31d274e7ed79bca\",\"name\":\"Tar\u0131k\",\"image\":{\"@type\":\"ImageObject\",\"inLanguage\":\"tr\",\"@id\":\"https:\/\/narteks.net\/#\/schema\/person\/image\/\",\"url\":\"https:\/\/secure.gravatar.com\/avatar\/50865afb55632c4ae467e0af0930f6510aa2297d8014be502a55b14f3b7550cf?s=96&d=mm&r=g\",\"contentUrl\":\"https:\/\/secure.gravatar.com\/avatar\/50865afb55632c4ae467e0af0930f6510aa2297d8014be502a55b14f3b7550cf?s=96&d=mm&r=g\",\"caption\":\"Tar\u0131k\"},\"sameAs\":[\"http:\/\/narteks.net\"],\"url\":\"https:\/\/narteks.net\/index.php\/author\/narbak\/\"}]}<\/script>\n<!-- \/ Yoast SEO Premium plugin. -->","yoast_head_json":{"title":"\u0130STANBUL DESTANI - narteks.net","robots":{"index":"index","follow":"follow","max-snippet":"max-snippet:-1","max-image-preview":"max-image-preview:large","max-video-preview":"max-video-preview:-1"},"canonical":"https:\/\/narteks.net\/index.php\/2009\/12\/04\/istanbul-destani\/","og_locale":"tr_TR","og_type":"article","og_title":"\u0130STANBUL DESTANI","og_description":"\u00a0 \u0130stanbul deyince akl\u0131ma mart\u0131 gelir Yar\u0131s\u0131 g\u00fcm\u00fc\u015f, yar\u0131s\u0131 k\u00f6p\u00fck Yar\u0131s\u0131 bal\u0131k yar\u0131s\u0131 ku\u015f \u0130stanbul deyince akl\u0131ma bir masal gelir Bir varm\u0131\u015f, bir yokmu\u015f \u0130stanbul deyince akl\u0131ma G\u00fclcemal gelir Anadolu&#8217;da toprak daml\u0131 bir evde G\u00fclcemal \u00fcst\u00fcne t\u00fcrk\u00fcler s\u00f6ylenir S\u00fct akar c\u00fcmle musluklar\u0131ndan Direklerinde g\u00fcller tomurcuklan\u0131r Anadolu&#8217;da toprak daml\u0131 bir evde \u00e7ocuklu\u011fum G\u00fclcemalle gider \u0130stanbul&#8217;a G\u00fclcemalle [&hellip;]","og_url":"https:\/\/narteks.net\/index.php\/2009\/12\/04\/istanbul-destani\/","og_site_name":"narteks.net","article_published_time":"2009-12-04T18:30:22+00:00","og_image":[{"width":300,"height":90,"url":"https:\/\/narteks.net\/wp-content\/uploads\/narteks.png","type":"image\/png"}],"author":"Tar\u0131k","twitter_card":"summary_large_image","twitter_creator":"@narteks","twitter_site":"@narteks","twitter_misc":{"Yazan:":"Tar\u0131k","Tahmini okuma s\u00fcresi":"8 dakika"},"schema":{"@context":"https:\/\/schema.org","@graph":[{"@type":"Article","@id":"https:\/\/narteks.net\/index.php\/2009\/12\/04\/istanbul-destani\/#article","isPartOf":{"@id":"https:\/\/narteks.net\/index.php\/2009\/12\/04\/istanbul-destani\/"},"author":{"name":"Tar\u0131k","@id":"https:\/\/narteks.net\/#\/schema\/person\/61f37d9834294b72d31d274e7ed79bca"},"headline":"\u0130STANBUL DESTANI","datePublished":"2009-12-04T18:30:22+00:00","mainEntityOfPage":{"@id":"https:\/\/narteks.net\/index.php\/2009\/12\/04\/istanbul-destani\/"},"wordCount":1589,"commentCount":0,"publisher":{"@id":"https:\/\/narteks.net\/#organization"},"articleSection":["B.Rahmi EY\u00dcBOGLU"],"inLanguage":"tr","potentialAction":[{"@type":"CommentAction","name":"Comment","target":["https:\/\/narteks.net\/index.php\/2009\/12\/04\/istanbul-destani\/#respond"]}]},{"@type":"WebPage","@id":"https:\/\/narteks.net\/index.php\/2009\/12\/04\/istanbul-destani\/","url":"https:\/\/narteks.net\/index.php\/2009\/12\/04\/istanbul-destani\/","name":"\u0130STANBUL DESTANI - narteks.net","isPartOf":{"@id":"https:\/\/narteks.net\/#website"},"datePublished":"2009-12-04T18:30:22+00:00","breadcrumb":{"@id":"https:\/\/narteks.net\/index.php\/2009\/12\/04\/istanbul-destani\/#breadcrumb"},"inLanguage":"tr","potentialAction":[{"@type":"ReadAction","target":["https:\/\/narteks.net\/index.php\/2009\/12\/04\/istanbul-destani\/"]}]},{"@type":"BreadcrumbList","@id":"https:\/\/narteks.net\/index.php\/2009\/12\/04\/istanbul-destani\/#breadcrumb","itemListElement":[{"@type":"ListItem","position":1,"name":"Anasayfa","item":"https:\/\/narteks.net\/"},{"@type":"ListItem","position":2,"name":"\u0130STANBUL DESTANI"}]},{"@type":"WebSite","@id":"https:\/\/narteks.net\/#website","url":"https:\/\/narteks.net\/","name":"narteks.net","description":"K\u00fclt\u00fcr Sanat Edebiyat Felsefe","publisher":{"@id":"https:\/\/narteks.net\/#organization"},"alternateName":"K\u00fclt\u00fcr Sanat Edebiyat Felsefe","potentialAction":[{"@type":"SearchAction","target":{"@type":"EntryPoint","urlTemplate":"https:\/\/narteks.net\/?s={search_term_string}"},"query-input":{"@type":"PropertyValueSpecification","valueRequired":true,"valueName":"search_term_string"}}],"inLanguage":"tr"},{"@type":"Organization","@id":"https:\/\/narteks.net\/#organization","name":"narteks.net","url":"https:\/\/narteks.net\/","logo":{"@type":"ImageObject","inLanguage":"tr","@id":"https:\/\/narteks.net\/#\/schema\/logo\/image\/","url":"https:\/\/narteks.net\/wp-content\/uploads\/narteks.png","contentUrl":"https:\/\/narteks.net\/wp-content\/uploads\/narteks.png","width":300,"height":90,"caption":"narteks.net"},"image":{"@id":"https:\/\/narteks.net\/#\/schema\/logo\/image\/"},"sameAs":["https:\/\/x.com\/narteks","https:\/\/instagram.com\/narteksnet"]},{"@type":"Person","@id":"https:\/\/narteks.net\/#\/schema\/person\/61f37d9834294b72d31d274e7ed79bca","name":"Tar\u0131k","image":{"@type":"ImageObject","inLanguage":"tr","@id":"https:\/\/narteks.net\/#\/schema\/person\/image\/","url":"https:\/\/secure.gravatar.com\/avatar\/50865afb55632c4ae467e0af0930f6510aa2297d8014be502a55b14f3b7550cf?s=96&d=mm&r=g","contentUrl":"https:\/\/secure.gravatar.com\/avatar\/50865afb55632c4ae467e0af0930f6510aa2297d8014be502a55b14f3b7550cf?s=96&d=mm&r=g","caption":"Tar\u0131k"},"sameAs":["http:\/\/narteks.net"],"url":"https:\/\/narteks.net\/index.php\/author\/narbak\/"}]}},"_links":{"self":[{"href":"https:\/\/narteks.net\/index.php\/wp-json\/wp\/v2\/posts\/2060","targetHints":{"allow":["GET"]}}],"collection":[{"href":"https:\/\/narteks.net\/index.php\/wp-json\/wp\/v2\/posts"}],"about":[{"href":"https:\/\/narteks.net\/index.php\/wp-json\/wp\/v2\/types\/post"}],"author":[{"embeddable":true,"href":"https:\/\/narteks.net\/index.php\/wp-json\/wp\/v2\/users\/1"}],"replies":[{"embeddable":true,"href":"https:\/\/narteks.net\/index.php\/wp-json\/wp\/v2\/comments?post=2060"}],"version-history":[{"count":0,"href":"https:\/\/narteks.net\/index.php\/wp-json\/wp\/v2\/posts\/2060\/revisions"}],"wp:attachment":[{"href":"https:\/\/narteks.net\/index.php\/wp-json\/wp\/v2\/media?parent=2060"}],"wp:term":[{"taxonomy":"category","embeddable":true,"href":"https:\/\/narteks.net\/index.php\/wp-json\/wp\/v2\/categories?post=2060"},{"taxonomy":"post_tag","embeddable":true,"href":"https:\/\/narteks.net\/index.php\/wp-json\/wp\/v2\/tags?post=2060"}],"curies":[{"name":"wp","href":"https:\/\/api.w.org\/{rel}","templated":true}]}}