{"id":2073,"date":"2009-12-04T21:40:06","date_gmt":"2009-12-04T18:40:06","guid":{"rendered":"http:\/\/localhost\/wordpress\/2009\/12\/04\/turkuler-dolusu\/"},"modified":"2009-12-04T21:40:06","modified_gmt":"2009-12-04T18:40:06","slug":"turkuler-dolusu","status":"publish","type":"post","link":"https:\/\/narteks.net\/index.php\/2009\/12\/04\/turkuler-dolusu\/","title":{"rendered":"T\u00dcRK\u00dcLER DOLUSU"},"content":{"rendered":"<p>\u00a0<\/p>\n<p>Kiraz\u0131n derisinin alt\u0131nda kiraz <br \/> Nar\u0131n i\u00e7inde nar <br \/> Benim y\u00fcre\u011fimde boylu boyunca <br \/> Memleketim var <br \/> Can\u0131ma ci\u011ferime dek i\u015flemi\u015f  <br \/> Can\u0131ma ci\u011ferime <br \/> Sap\u0131na kadar. <br \/> Elma dal\u0131ndan uza\u011fa d\u00fc\u015fmez <br \/> Ne yana gitsem nafile. <br \/> Memleketin hali g\u00f6z\u00fcmden gitmez <br \/> Binbir yerimden ba\u011flanm\u0131\u015f\u0131m  <br \/> Bundan \u00f6tesine akl\u0131m ermez. <\/p>\n<p> Yerliyim yerli olmas\u0131na <br \/> ilmik ilmik, damar damar <br \/> Yerliyim. <br \/> Bir dilim Trabzon peyniri <br \/> Bir avu\u00e7 tiftik <br \/> Bir \u00e7imdik \u00e7avdar <br \/> Bir tutam \u015file bezi gibi <br \/> Di\u015fimden t\u0131rna\u011f\u0131ma kadar <br \/> Ressam\u0131m. <br \/> Yurdumun ta\u015f\u0131ndan topra\u011f\u0131ndan \u015furup gelir nak\u0131\u015flar\u0131m <br \/> Ta\u015f\u0131ma topra\u011f\u0131ma toz konduran\u0131n <br \/> Aln\u0131n\u0131 kar\u0131\u015flar\u0131m  <br \/> \u015eairim \u015fair olmas\u0131na <br \/> Can\u0131m kurban \u015fiirin ger\u00e7e\u011fine has\u0131na  <br \/> i\u00e7erisine insan kokusu sinmi\u015f m\u0131sralara vurgunum <br \/> B\u0131\u00e7ak gibi kemi\u011fe dayans\u0131n yeter <br \/> E\u011fri b\u00fc\u011fr\u00fc , k\u00f6r topal kabulum <br \/> \u015eairim <br \/> Zifiri karanl\u0131kta gelse \u015fiirin has\u0131 <br \/> Ayak seslerinden tan\u0131r\u0131m  <br \/> Ne zaman bir k\u00f6y t\u00fcrk\u00fcs\u00fc duysam <br \/> \u015eairli\u011fimden utan\u0131r\u0131m <br \/> \u015eairim <br \/> \u015eiirin ger\u00e7e\u011fini k\u00f6y t\u00fcrk\u00fclerimizde bulmu\u015fum <br \/> T\u00fcrk\u00fclerle yunmu\u015f y\u0131kanm\u0131\u015f dilim <br \/> Onlarla a\u011flam\u0131\u015f, onlarla g\u00fclm\u00fc\u015f\u00fcm  <\/p>\n<p> Hey hey, yine de hey hey <br \/> Sal\u0131ns\u0131n t\u00fcrk\u00fcler bir u\u00e7tan bir uca <br \/> Evelallah hepsinde var\u0131m <br \/> Onlar kadar sahici <br \/> Onlar kadar ger\u00e7ek <br \/> insancas\u0131na, erkek\u00e7esine <br \/> &#8216;Bana bir bardak su&#8217; dercesine <br \/> Bir t\u00fcrk\u00fc s\u00f6ylemeden gidersem yanar\u0131m. <\/p>\n<p> Ah bu t\u00fcrk\u00fcler <br \/> T\u00fcrk\u00fclerimiz <br \/> Ana s\u00fct\u00fc gibi candan <br \/> Ana s\u00fct\u00fc gibi temiz <br \/> T\u00fcrk\u00fclerde t\u00fcter da\u011f da\u011f, yayla yayla <br \/> K\u00f6y\u00fcm\u00fcz, k\u00f6yl\u00fcm\u00fcz, memleketimiz. <br \/> Ah bu t\u00fcrk\u00fcler, <br \/> K\u00f6y t\u00fcrk\u00fcleri <br \/> Dilimizin tuzu biberi <br \/> Memleket ahvalini onlardan sor <br \/> Kitaplarda de\u011fil, t\u00fcrk\u00fclerde ara Yemen&#8217;i <br \/> \u00d6leni, kalan\u0131, gidip gelmeyeni&#8230; <br \/> Ben t\u00fcrk\u00fclerden ald\u0131m haberi. <\/p>\n<p> Ah bu t\u00fcrk\u00fcler, k\u00f6y t\u00fcrk\u00fcleri <br \/> Mis gibi insan kokar, mis gibi toprak <br \/> Hilesiz hurdas\u0131z, \u00e7\u0131r\u0131l\u00e7\u0131plak  <br \/> Di\u015fisi di\u015fi, erke\u011fi erkek <br \/> Ka\u015f\u0131 ka\u015f, g\u00f6z\u00fc g\u00f6z, yaras\u0131 yara <br \/> B\u0131\u00e7a\u011f\u0131 b\u0131\u00e7ak . <br \/> Ah bu t\u00fcrk\u00fcler k\u00f6y t\u00fcrk\u00fcleri  <br \/> Karanl\u0131k kuyularda a\u00e7\u0131lm\u0131\u015f \u00e7i\u00e7ekler gibi <br \/> Kiminin reyhas\u0131ndan ge\u00e7ilmez <br \/> Kimi zehir, kimi zemberek gibi. <\/p>\n<p> Ah bu t\u00fcrk\u00fcler, k\u00f6y t\u00fcrk\u00fcleri<br \/> Olgun bir karpuz gibi yar\u0131r\u0131l\u0131r i\u00e7im <br \/> Kan damlar ucundan, murekkep de\u011fil <br \/> i\u015fte s\u00f6z, i\u015fte ses, i\u015fte bi\u00e7im: <br \/> &#8216;Uzun kavak g\u0131c\u0131m g\u0131c\u0131m g\u0131c\u0131lar&#8217; <br \/> iliklerine kadar i\u015flemi\u015f s\u0131z\u0131 <br \/> Art\u0131k iflah olmaz kavak a\u011fac\u0131 <br \/> Bu t\u00fcrk\u00fcn\u00fcn y\u00fcre\u011finde sanc\u0131 var. <\/p>\n<p> Ah bu t\u00fcrk\u00fcler, k\u00f6y t\u00fcrk\u00fcleri <br \/> Ne d\u00fczeni belli, ne yazan\u0131 <br \/> Altlar\u0131nda imza yok ama <br \/> i\u00e7lerinde y\u00fcrek var <br \/> Cennet misali sevi\u015fen <br \/> Cehennemler gibi d\u00f6v\u00fc\u015fen <br \/> Bir \u00e7ocuk gibi g\u00fcl\u00fcp <br \/> Ma\u011faralar gibi inleyen <br \/> Nas\u0131l unutur nas\u0131l <br \/> \u00d6mrunde bir kez olsun <br \/> Halk t\u00fcrk\u00fcs\u00fc dinleyen&#8230;<\/p>\n<p>Bedri Rahmi EY\u00dcBO\u011eLU<\/p>\n","protected":false},"excerpt":{"rendered":"<p>\u00a0 Kiraz\u0131n derisinin alt\u0131nda kiraz Nar\u0131n i\u00e7inde nar Benim y\u00fcre\u011fimde boylu boyunca Memleketim var Can\u0131ma ci\u011ferime dek i\u015flemi\u015f Can\u0131ma ci\u011ferime Sap\u0131na kadar. Elma dal\u0131ndan uza\u011fa d\u00fc\u015fmez Ne yana gitsem nafile. Memleketin hali g\u00f6z\u00fcmden gitmez Binbir yerimden ba\u011flanm\u0131\u015f\u0131m Bundan \u00f6tesine akl\u0131m ermez. Yerliyim yerli olmas\u0131na ilmik ilmik, damar damar Yerliyim. Bir dilim Trabzon peyniri Bir avu\u00e7 [&hellip;]<\/p>\n","protected":false},"author":1,"featured_media":0,"comment_status":"open","ping_status":"open","sticky":false,"template":"","format":"standard","meta":{"footnotes":""},"categories":[13],"tags":[],"class_list":{"0":"post-2073","1":"post","2":"type-post","3":"status-publish","4":"format-standard","6":"category-b-rahmi-eyuboglu"},"yoast_head":"<!-- This site is optimized with the Yoast SEO Premium plugin v24.9 (Yoast SEO v24.9) - https:\/\/yoast.com\/wordpress\/plugins\/seo\/ -->\n<title>T\u00dcRK\u00dcLER DOLUSU - narteks.net<\/title>\n<meta name=\"robots\" content=\"index, follow, max-snippet:-1, max-image-preview:large, max-video-preview:-1\" \/>\n<link rel=\"canonical\" href=\"https:\/\/narteks.net\/index.php\/2009\/12\/04\/turkuler-dolusu\/\" \/>\n<meta property=\"og:locale\" content=\"tr_TR\" \/>\n<meta property=\"og:type\" content=\"article\" \/>\n<meta property=\"og:title\" content=\"T\u00dcRK\u00dcLER DOLUSU\" \/>\n<meta property=\"og:description\" content=\"\u00a0 Kiraz\u0131n derisinin alt\u0131nda kiraz Nar\u0131n i\u00e7inde nar Benim y\u00fcre\u011fimde boylu boyunca Memleketim var Can\u0131ma ci\u011ferime dek i\u015flemi\u015f Can\u0131ma ci\u011ferime Sap\u0131na kadar. Elma dal\u0131ndan uza\u011fa d\u00fc\u015fmez Ne yana gitsem nafile. Memleketin hali g\u00f6z\u00fcmden gitmez Binbir yerimden ba\u011flanm\u0131\u015f\u0131m Bundan \u00f6tesine akl\u0131m ermez. Yerliyim yerli olmas\u0131na ilmik ilmik, damar damar Yerliyim. Bir dilim Trabzon peyniri Bir avu\u00e7 [&hellip;]\" \/>\n<meta property=\"og:url\" content=\"https:\/\/narteks.net\/index.php\/2009\/12\/04\/turkuler-dolusu\/\" \/>\n<meta property=\"og:site_name\" content=\"narteks.net\" \/>\n<meta property=\"article:published_time\" content=\"2009-12-04T18:40:06+00:00\" \/>\n<meta property=\"og:image\" content=\"https:\/\/narteks.net\/wp-content\/uploads\/narteks.png\" \/>\n\t<meta property=\"og:image:width\" content=\"300\" \/>\n\t<meta property=\"og:image:height\" content=\"90\" \/>\n\t<meta property=\"og:image:type\" content=\"image\/png\" \/>\n<meta name=\"author\" content=\"Tar\u0131k\" \/>\n<meta name=\"twitter:card\" content=\"summary_large_image\" \/>\n<meta name=\"twitter:creator\" content=\"@narteks\" \/>\n<meta name=\"twitter:site\" content=\"@narteks\" \/>\n<meta name=\"twitter:label1\" content=\"Yazan:\" \/>\n\t<meta name=\"twitter:data1\" content=\"Tar\u0131k\" \/>\n\t<meta name=\"twitter:label2\" content=\"Tahmini okuma s\u00fcresi\" \/>\n\t<meta name=\"twitter:data2\" content=\"3 dakika\" \/>\n<script type=\"application\/ld+json\" class=\"yoast-schema-graph\">{\"@context\":\"https:\/\/schema.org\",\"@graph\":[{\"@type\":\"Article\",\"@id\":\"https:\/\/narteks.net\/index.php\/2009\/12\/04\/turkuler-dolusu\/#article\",\"isPartOf\":{\"@id\":\"https:\/\/narteks.net\/index.php\/2009\/12\/04\/turkuler-dolusu\/\"},\"author\":{\"name\":\"Tar\u0131k\",\"@id\":\"https:\/\/narteks.net\/#\/schema\/person\/61f37d9834294b72d31d274e7ed79bca\"},\"headline\":\"T\u00dcRK\u00dcLER DOLUSU\",\"datePublished\":\"2009-12-04T18:40:06+00:00\",\"mainEntityOfPage\":{\"@id\":\"https:\/\/narteks.net\/index.php\/2009\/12\/04\/turkuler-dolusu\/\"},\"wordCount\":529,\"commentCount\":0,\"publisher\":{\"@id\":\"https:\/\/narteks.net\/#organization\"},\"articleSection\":[\"B.Rahmi EY\u00dcBOGLU\"],\"inLanguage\":\"tr\",\"potentialAction\":[{\"@type\":\"CommentAction\",\"name\":\"Comment\",\"target\":[\"https:\/\/narteks.net\/index.php\/2009\/12\/04\/turkuler-dolusu\/#respond\"]}]},{\"@type\":\"WebPage\",\"@id\":\"https:\/\/narteks.net\/index.php\/2009\/12\/04\/turkuler-dolusu\/\",\"url\":\"https:\/\/narteks.net\/index.php\/2009\/12\/04\/turkuler-dolusu\/\",\"name\":\"T\u00dcRK\u00dcLER DOLUSU - narteks.net\",\"isPartOf\":{\"@id\":\"https:\/\/narteks.net\/#website\"},\"datePublished\":\"2009-12-04T18:40:06+00:00\",\"breadcrumb\":{\"@id\":\"https:\/\/narteks.net\/index.php\/2009\/12\/04\/turkuler-dolusu\/#breadcrumb\"},\"inLanguage\":\"tr\",\"potentialAction\":[{\"@type\":\"ReadAction\",\"target\":[\"https:\/\/narteks.net\/index.php\/2009\/12\/04\/turkuler-dolusu\/\"]}]},{\"@type\":\"BreadcrumbList\",\"@id\":\"https:\/\/narteks.net\/index.php\/2009\/12\/04\/turkuler-dolusu\/#breadcrumb\",\"itemListElement\":[{\"@type\":\"ListItem\",\"position\":1,\"name\":\"Anasayfa\",\"item\":\"https:\/\/narteks.net\/\"},{\"@type\":\"ListItem\",\"position\":2,\"name\":\"T\u00dcRK\u00dcLER DOLUSU\"}]},{\"@type\":\"WebSite\",\"@id\":\"https:\/\/narteks.net\/#website\",\"url\":\"https:\/\/narteks.net\/\",\"name\":\"narteks.net\",\"description\":\"K\u00fclt\u00fcr Sanat Edebiyat Felsefe\",\"publisher\":{\"@id\":\"https:\/\/narteks.net\/#organization\"},\"alternateName\":\"K\u00fclt\u00fcr Sanat Edebiyat Felsefe\",\"potentialAction\":[{\"@type\":\"SearchAction\",\"target\":{\"@type\":\"EntryPoint\",\"urlTemplate\":\"https:\/\/narteks.net\/?s={search_term_string}\"},\"query-input\":{\"@type\":\"PropertyValueSpecification\",\"valueRequired\":true,\"valueName\":\"search_term_string\"}}],\"inLanguage\":\"tr\"},{\"@type\":\"Organization\",\"@id\":\"https:\/\/narteks.net\/#organization\",\"name\":\"narteks.net\",\"url\":\"https:\/\/narteks.net\/\",\"logo\":{\"@type\":\"ImageObject\",\"inLanguage\":\"tr\",\"@id\":\"https:\/\/narteks.net\/#\/schema\/logo\/image\/\",\"url\":\"https:\/\/narteks.net\/wp-content\/uploads\/narteks.png\",\"contentUrl\":\"https:\/\/narteks.net\/wp-content\/uploads\/narteks.png\",\"width\":300,\"height\":90,\"caption\":\"narteks.net\"},\"image\":{\"@id\":\"https:\/\/narteks.net\/#\/schema\/logo\/image\/\"},\"sameAs\":[\"https:\/\/x.com\/narteks\",\"https:\/\/instagram.com\/narteksnet\"]},{\"@type\":\"Person\",\"@id\":\"https:\/\/narteks.net\/#\/schema\/person\/61f37d9834294b72d31d274e7ed79bca\",\"name\":\"Tar\u0131k\",\"image\":{\"@type\":\"ImageObject\",\"inLanguage\":\"tr\",\"@id\":\"https:\/\/narteks.net\/#\/schema\/person\/image\/\",\"url\":\"https:\/\/secure.gravatar.com\/avatar\/50865afb55632c4ae467e0af0930f6510aa2297d8014be502a55b14f3b7550cf?s=96&d=mm&r=g\",\"contentUrl\":\"https:\/\/secure.gravatar.com\/avatar\/50865afb55632c4ae467e0af0930f6510aa2297d8014be502a55b14f3b7550cf?s=96&d=mm&r=g\",\"caption\":\"Tar\u0131k\"},\"sameAs\":[\"http:\/\/narteks.net\"],\"url\":\"https:\/\/narteks.net\/index.php\/author\/narbak\/\"}]}<\/script>\n<!-- \/ Yoast SEO Premium plugin. -->","yoast_head_json":{"title":"T\u00dcRK\u00dcLER DOLUSU - narteks.net","robots":{"index":"index","follow":"follow","max-snippet":"max-snippet:-1","max-image-preview":"max-image-preview:large","max-video-preview":"max-video-preview:-1"},"canonical":"https:\/\/narteks.net\/index.php\/2009\/12\/04\/turkuler-dolusu\/","og_locale":"tr_TR","og_type":"article","og_title":"T\u00dcRK\u00dcLER DOLUSU","og_description":"\u00a0 Kiraz\u0131n derisinin alt\u0131nda kiraz Nar\u0131n i\u00e7inde nar Benim y\u00fcre\u011fimde boylu boyunca Memleketim var Can\u0131ma ci\u011ferime dek i\u015flemi\u015f Can\u0131ma ci\u011ferime Sap\u0131na kadar. Elma dal\u0131ndan uza\u011fa d\u00fc\u015fmez Ne yana gitsem nafile. Memleketin hali g\u00f6z\u00fcmden gitmez Binbir yerimden ba\u011flanm\u0131\u015f\u0131m Bundan \u00f6tesine akl\u0131m ermez. Yerliyim yerli olmas\u0131na ilmik ilmik, damar damar Yerliyim. Bir dilim Trabzon peyniri Bir avu\u00e7 [&hellip;]","og_url":"https:\/\/narteks.net\/index.php\/2009\/12\/04\/turkuler-dolusu\/","og_site_name":"narteks.net","article_published_time":"2009-12-04T18:40:06+00:00","og_image":[{"width":300,"height":90,"url":"https:\/\/narteks.net\/wp-content\/uploads\/narteks.png","type":"image\/png"}],"author":"Tar\u0131k","twitter_card":"summary_large_image","twitter_creator":"@narteks","twitter_site":"@narteks","twitter_misc":{"Yazan:":"Tar\u0131k","Tahmini okuma s\u00fcresi":"3 dakika"},"schema":{"@context":"https:\/\/schema.org","@graph":[{"@type":"Article","@id":"https:\/\/narteks.net\/index.php\/2009\/12\/04\/turkuler-dolusu\/#article","isPartOf":{"@id":"https:\/\/narteks.net\/index.php\/2009\/12\/04\/turkuler-dolusu\/"},"author":{"name":"Tar\u0131k","@id":"https:\/\/narteks.net\/#\/schema\/person\/61f37d9834294b72d31d274e7ed79bca"},"headline":"T\u00dcRK\u00dcLER DOLUSU","datePublished":"2009-12-04T18:40:06+00:00","mainEntityOfPage":{"@id":"https:\/\/narteks.net\/index.php\/2009\/12\/04\/turkuler-dolusu\/"},"wordCount":529,"commentCount":0,"publisher":{"@id":"https:\/\/narteks.net\/#organization"},"articleSection":["B.Rahmi EY\u00dcBOGLU"],"inLanguage":"tr","potentialAction":[{"@type":"CommentAction","name":"Comment","target":["https:\/\/narteks.net\/index.php\/2009\/12\/04\/turkuler-dolusu\/#respond"]}]},{"@type":"WebPage","@id":"https:\/\/narteks.net\/index.php\/2009\/12\/04\/turkuler-dolusu\/","url":"https:\/\/narteks.net\/index.php\/2009\/12\/04\/turkuler-dolusu\/","name":"T\u00dcRK\u00dcLER DOLUSU - narteks.net","isPartOf":{"@id":"https:\/\/narteks.net\/#website"},"datePublished":"2009-12-04T18:40:06+00:00","breadcrumb":{"@id":"https:\/\/narteks.net\/index.php\/2009\/12\/04\/turkuler-dolusu\/#breadcrumb"},"inLanguage":"tr","potentialAction":[{"@type":"ReadAction","target":["https:\/\/narteks.net\/index.php\/2009\/12\/04\/turkuler-dolusu\/"]}]},{"@type":"BreadcrumbList","@id":"https:\/\/narteks.net\/index.php\/2009\/12\/04\/turkuler-dolusu\/#breadcrumb","itemListElement":[{"@type":"ListItem","position":1,"name":"Anasayfa","item":"https:\/\/narteks.net\/"},{"@type":"ListItem","position":2,"name":"T\u00dcRK\u00dcLER DOLUSU"}]},{"@type":"WebSite","@id":"https:\/\/narteks.net\/#website","url":"https:\/\/narteks.net\/","name":"narteks.net","description":"K\u00fclt\u00fcr Sanat Edebiyat Felsefe","publisher":{"@id":"https:\/\/narteks.net\/#organization"},"alternateName":"K\u00fclt\u00fcr Sanat Edebiyat Felsefe","potentialAction":[{"@type":"SearchAction","target":{"@type":"EntryPoint","urlTemplate":"https:\/\/narteks.net\/?s={search_term_string}"},"query-input":{"@type":"PropertyValueSpecification","valueRequired":true,"valueName":"search_term_string"}}],"inLanguage":"tr"},{"@type":"Organization","@id":"https:\/\/narteks.net\/#organization","name":"narteks.net","url":"https:\/\/narteks.net\/","logo":{"@type":"ImageObject","inLanguage":"tr","@id":"https:\/\/narteks.net\/#\/schema\/logo\/image\/","url":"https:\/\/narteks.net\/wp-content\/uploads\/narteks.png","contentUrl":"https:\/\/narteks.net\/wp-content\/uploads\/narteks.png","width":300,"height":90,"caption":"narteks.net"},"image":{"@id":"https:\/\/narteks.net\/#\/schema\/logo\/image\/"},"sameAs":["https:\/\/x.com\/narteks","https:\/\/instagram.com\/narteksnet"]},{"@type":"Person","@id":"https:\/\/narteks.net\/#\/schema\/person\/61f37d9834294b72d31d274e7ed79bca","name":"Tar\u0131k","image":{"@type":"ImageObject","inLanguage":"tr","@id":"https:\/\/narteks.net\/#\/schema\/person\/image\/","url":"https:\/\/secure.gravatar.com\/avatar\/50865afb55632c4ae467e0af0930f6510aa2297d8014be502a55b14f3b7550cf?s=96&d=mm&r=g","contentUrl":"https:\/\/secure.gravatar.com\/avatar\/50865afb55632c4ae467e0af0930f6510aa2297d8014be502a55b14f3b7550cf?s=96&d=mm&r=g","caption":"Tar\u0131k"},"sameAs":["http:\/\/narteks.net"],"url":"https:\/\/narteks.net\/index.php\/author\/narbak\/"}]}},"_links":{"self":[{"href":"https:\/\/narteks.net\/index.php\/wp-json\/wp\/v2\/posts\/2073","targetHints":{"allow":["GET"]}}],"collection":[{"href":"https:\/\/narteks.net\/index.php\/wp-json\/wp\/v2\/posts"}],"about":[{"href":"https:\/\/narteks.net\/index.php\/wp-json\/wp\/v2\/types\/post"}],"author":[{"embeddable":true,"href":"https:\/\/narteks.net\/index.php\/wp-json\/wp\/v2\/users\/1"}],"replies":[{"embeddable":true,"href":"https:\/\/narteks.net\/index.php\/wp-json\/wp\/v2\/comments?post=2073"}],"version-history":[{"count":0,"href":"https:\/\/narteks.net\/index.php\/wp-json\/wp\/v2\/posts\/2073\/revisions"}],"wp:attachment":[{"href":"https:\/\/narteks.net\/index.php\/wp-json\/wp\/v2\/media?parent=2073"}],"wp:term":[{"taxonomy":"category","embeddable":true,"href":"https:\/\/narteks.net\/index.php\/wp-json\/wp\/v2\/categories?post=2073"},{"taxonomy":"post_tag","embeddable":true,"href":"https:\/\/narteks.net\/index.php\/wp-json\/wp\/v2\/tags?post=2073"}],"curies":[{"name":"wp","href":"https:\/\/api.w.org\/{rel}","templated":true}]}}