{"id":2076,"date":"2009-12-04T21:41:50","date_gmt":"2009-12-04T18:41:50","guid":{"rendered":"http:\/\/localhost\/wordpress\/2009\/12\/04\/yar-yuregin-yar\/"},"modified":"2009-12-04T21:41:50","modified_gmt":"2009-12-04T18:41:50","slug":"yar-yuregin-yar","status":"publish","type":"post","link":"https:\/\/narteks.net\/index.php\/2009\/12\/04\/yar-yuregin-yar\/","title":{"rendered":"YAR Y\u00dcRE\u011e\u0130N YAR"},"content":{"rendered":"<p>\u00a0<\/p>\n<p>elmay\u0131 ikiye b\u00f6ld\u00fcler <br \/> i\u00e7inden kurt \u00e7\u0131kt\u0131\u011f\u0131n g\u00f6rd\u00fcler <br \/> a\u011fac\u0131 lime lime dildiler <br \/> b\u00f6ce\u011fin halinden bildiler <br \/> ferman padi\u015fah\u0131nsa da\u011flar bizimdir denildi <br \/> da\u011flar\u0131n ba\u011fr\u0131 de\u015fildi <br \/> \u00e7\u00f6z\u00fcld\u00fc mevsimlerin s\u0131rr\u0131 yaprak yaprak <br \/> yedi kat yerin dibinden haber getirdi <br \/> g\u00f6z\u00fcn\u00fc sevdi\u011fim tohum, g\u00f6z\u00fcn\u00fc sevdi\u011fim toprak <br \/> k\u0131l\u0131 k\u0131rka yard\u0131lar o\u011ful <br \/> suyun sudan gizlisi kalmad\u0131 <br \/> suyun sudan gizlisi kalmad\u0131 <br \/> bu\u011fday\u0131n maceras\u0131 meydanda <br \/> y\u0131ld\u0131zlar\u0131n s\u0131rr\u0131 a\u015fikar oldu <br \/> ar\u0131 g\u00f6z\u00fcm\u00fcz\u00fcn \u00f6n\u00fcnde s\u0131zd\u0131 bal\u0131n\u0131 <br \/> karanfil alevini <br \/> k\u0131rlang\u0131c\u0131n al\u0131nyaz\u0131s\u0131 <br \/> penceremzin \u00f6n\u00fcnde yaz\u0131ld\u0131 <br \/> bir sensin gizlenen o\u011ful <br \/> a\u011flars\u0131n gizli gizli <br \/> seversin gizli gizli <br \/> \u00f6l\u00fcrs\u00fcn gizli gizli <br \/> \u00e7atlars\u0131n arzudan, i\u015ftihadan <br \/> yer yar\u0131l\u0131r yere ge\u00e7ersin <br \/> s\u00f6yleyemezsin <br \/> yar y\u00fcre\u011fin yar vakit tamamd\u0131r <br \/> neler ald\u0131n d\u00fcnyam\u0131zdan bunca zamand\u0131r <br \/> yar y\u00fcre\u011fin yar g\u00f6r ki neler var <br \/> belki seyyar ku\u015flar\u0131n \u00f6mr\u00fc kadar sade ayd\u0131nl\u0131k <br \/> belki vi\u015fne \u00e7i\u00e7ekleri kadar beyaz \u0131l\u0131k <br \/> belki \u00e7\u00fcr\u00fcm\u00fc\u015f y\u0131lanlar kadar mundar <br \/> belki mahzende y\u0131llanm\u0131\u015f \u015farap kadar lezzetli <br \/> bir a\u015fkt\u0131r f\u0131\u015fk\u0131r\u0131p \u00e7\u0131kacak <br \/> ne \u00e7\u0131karsa baht\u0131m\u0131za <br \/> yar y\u00fcre\u011fin yar b\u00f6l\u00fc\u015felim <br \/> beraber a\u011flayal\u0131m dertle\u015felim <br \/> yar y\u00fcre\u011fin yar yarma\u011fa de\u011fer <br \/> bir insan tan\u0131mak o\u011ful, bir cihan tan\u0131ma\u011fa bedel&#8230;<\/p>\n<p>Bedri Rahmi EY\u00dcBO\u011eLU<\/p>\n","protected":false},"excerpt":{"rendered":"<p>\u00a0 elmay\u0131 ikiye b\u00f6ld\u00fcler i\u00e7inden kurt \u00e7\u0131kt\u0131\u011f\u0131n g\u00f6rd\u00fcler a\u011fac\u0131 lime lime dildiler b\u00f6ce\u011fin halinden bildiler ferman padi\u015fah\u0131nsa da\u011flar bizimdir denildi da\u011flar\u0131n ba\u011fr\u0131 de\u015fildi \u00e7\u00f6z\u00fcld\u00fc mevsimlerin s\u0131rr\u0131 yaprak yaprak yedi kat yerin dibinden haber getirdi g\u00f6z\u00fcn\u00fc sevdi\u011fim tohum, g\u00f6z\u00fcn\u00fc sevdi\u011fim toprak k\u0131l\u0131 k\u0131rka yard\u0131lar o\u011ful suyun sudan gizlisi kalmad\u0131 suyun sudan gizlisi kalmad\u0131 bu\u011fday\u0131n maceras\u0131 meydanda [&hellip;]<\/p>\n","protected":false},"author":1,"featured_media":0,"comment_status":"open","ping_status":"open","sticky":false,"template":"","format":"standard","meta":{"footnotes":""},"categories":[13],"tags":[],"class_list":{"0":"post-2076","1":"post","2":"type-post","3":"status-publish","4":"format-standard","6":"category-b-rahmi-eyuboglu"},"yoast_head":"<!-- This site is optimized with the Yoast SEO Premium plugin v24.9 (Yoast SEO v24.9) - https:\/\/yoast.com\/wordpress\/plugins\/seo\/ -->\n<title>YAR Y\u00dcRE\u011e\u0130N YAR - narteks.net<\/title>\n<meta name=\"robots\" content=\"index, follow, max-snippet:-1, max-image-preview:large, max-video-preview:-1\" \/>\n<link rel=\"canonical\" href=\"https:\/\/narteks.net\/index.php\/2009\/12\/04\/yar-yuregin-yar\/\" \/>\n<meta property=\"og:locale\" content=\"tr_TR\" \/>\n<meta property=\"og:type\" content=\"article\" \/>\n<meta property=\"og:title\" content=\"YAR Y\u00dcRE\u011e\u0130N YAR\" \/>\n<meta property=\"og:description\" content=\"\u00a0 elmay\u0131 ikiye b\u00f6ld\u00fcler i\u00e7inden kurt \u00e7\u0131kt\u0131\u011f\u0131n g\u00f6rd\u00fcler a\u011fac\u0131 lime lime dildiler b\u00f6ce\u011fin halinden bildiler ferman padi\u015fah\u0131nsa da\u011flar bizimdir denildi da\u011flar\u0131n ba\u011fr\u0131 de\u015fildi \u00e7\u00f6z\u00fcld\u00fc mevsimlerin s\u0131rr\u0131 yaprak yaprak yedi kat yerin dibinden haber getirdi g\u00f6z\u00fcn\u00fc sevdi\u011fim tohum, g\u00f6z\u00fcn\u00fc sevdi\u011fim toprak k\u0131l\u0131 k\u0131rka yard\u0131lar o\u011ful suyun sudan gizlisi kalmad\u0131 suyun sudan gizlisi kalmad\u0131 bu\u011fday\u0131n maceras\u0131 meydanda [&hellip;]\" \/>\n<meta property=\"og:url\" content=\"https:\/\/narteks.net\/index.php\/2009\/12\/04\/yar-yuregin-yar\/\" \/>\n<meta property=\"og:site_name\" content=\"narteks.net\" \/>\n<meta property=\"article:published_time\" content=\"2009-12-04T18:41:50+00:00\" \/>\n<meta property=\"og:image\" content=\"https:\/\/narteks.net\/wp-content\/uploads\/narteks.png\" \/>\n\t<meta property=\"og:image:width\" content=\"300\" \/>\n\t<meta property=\"og:image:height\" content=\"90\" \/>\n\t<meta property=\"og:image:type\" content=\"image\/png\" \/>\n<meta name=\"author\" content=\"Tar\u0131k\" \/>\n<meta name=\"twitter:card\" content=\"summary_large_image\" \/>\n<meta name=\"twitter:creator\" content=\"@narteks\" \/>\n<meta name=\"twitter:site\" content=\"@narteks\" \/>\n<meta name=\"twitter:label1\" content=\"Yazan:\" \/>\n\t<meta name=\"twitter:data1\" content=\"Tar\u0131k\" \/>\n\t<meta name=\"twitter:label2\" content=\"Tahmini okuma s\u00fcresi\" \/>\n\t<meta name=\"twitter:data2\" content=\"1 dakika\" \/>\n<script type=\"application\/ld+json\" class=\"yoast-schema-graph\">{\"@context\":\"https:\/\/schema.org\",\"@graph\":[{\"@type\":\"Article\",\"@id\":\"https:\/\/narteks.net\/index.php\/2009\/12\/04\/yar-yuregin-yar\/#article\",\"isPartOf\":{\"@id\":\"https:\/\/narteks.net\/index.php\/2009\/12\/04\/yar-yuregin-yar\/\"},\"author\":{\"name\":\"Tar\u0131k\",\"@id\":\"https:\/\/narteks.net\/#\/schema\/person\/61f37d9834294b72d31d274e7ed79bca\"},\"headline\":\"YAR Y\u00dcRE\u011e\u0130N YAR\",\"datePublished\":\"2009-12-04T18:41:50+00:00\",\"mainEntityOfPage\":{\"@id\":\"https:\/\/narteks.net\/index.php\/2009\/12\/04\/yar-yuregin-yar\/\"},\"wordCount\":271,\"commentCount\":0,\"publisher\":{\"@id\":\"https:\/\/narteks.net\/#organization\"},\"articleSection\":[\"B.Rahmi EY\u00dcBOGLU\"],\"inLanguage\":\"tr\",\"potentialAction\":[{\"@type\":\"CommentAction\",\"name\":\"Comment\",\"target\":[\"https:\/\/narteks.net\/index.php\/2009\/12\/04\/yar-yuregin-yar\/#respond\"]}]},{\"@type\":\"WebPage\",\"@id\":\"https:\/\/narteks.net\/index.php\/2009\/12\/04\/yar-yuregin-yar\/\",\"url\":\"https:\/\/narteks.net\/index.php\/2009\/12\/04\/yar-yuregin-yar\/\",\"name\":\"YAR Y\u00dcRE\u011e\u0130N YAR - narteks.net\",\"isPartOf\":{\"@id\":\"https:\/\/narteks.net\/#website\"},\"datePublished\":\"2009-12-04T18:41:50+00:00\",\"breadcrumb\":{\"@id\":\"https:\/\/narteks.net\/index.php\/2009\/12\/04\/yar-yuregin-yar\/#breadcrumb\"},\"inLanguage\":\"tr\",\"potentialAction\":[{\"@type\":\"ReadAction\",\"target\":[\"https:\/\/narteks.net\/index.php\/2009\/12\/04\/yar-yuregin-yar\/\"]}]},{\"@type\":\"BreadcrumbList\",\"@id\":\"https:\/\/narteks.net\/index.php\/2009\/12\/04\/yar-yuregin-yar\/#breadcrumb\",\"itemListElement\":[{\"@type\":\"ListItem\",\"position\":1,\"name\":\"Anasayfa\",\"item\":\"https:\/\/narteks.net\/\"},{\"@type\":\"ListItem\",\"position\":2,\"name\":\"YAR Y\u00dcRE\u011e\u0130N YAR\"}]},{\"@type\":\"WebSite\",\"@id\":\"https:\/\/narteks.net\/#website\",\"url\":\"https:\/\/narteks.net\/\",\"name\":\"narteks.net\",\"description\":\"K\u00fclt\u00fcr Sanat Edebiyat Felsefe\",\"publisher\":{\"@id\":\"https:\/\/narteks.net\/#organization\"},\"alternateName\":\"K\u00fclt\u00fcr Sanat Edebiyat Felsefe\",\"potentialAction\":[{\"@type\":\"SearchAction\",\"target\":{\"@type\":\"EntryPoint\",\"urlTemplate\":\"https:\/\/narteks.net\/?s={search_term_string}\"},\"query-input\":{\"@type\":\"PropertyValueSpecification\",\"valueRequired\":true,\"valueName\":\"search_term_string\"}}],\"inLanguage\":\"tr\"},{\"@type\":\"Organization\",\"@id\":\"https:\/\/narteks.net\/#organization\",\"name\":\"narteks.net\",\"url\":\"https:\/\/narteks.net\/\",\"logo\":{\"@type\":\"ImageObject\",\"inLanguage\":\"tr\",\"@id\":\"https:\/\/narteks.net\/#\/schema\/logo\/image\/\",\"url\":\"https:\/\/narteks.net\/wp-content\/uploads\/narteks.png\",\"contentUrl\":\"https:\/\/narteks.net\/wp-content\/uploads\/narteks.png\",\"width\":300,\"height\":90,\"caption\":\"narteks.net\"},\"image\":{\"@id\":\"https:\/\/narteks.net\/#\/schema\/logo\/image\/\"},\"sameAs\":[\"https:\/\/x.com\/narteks\",\"https:\/\/instagram.com\/narteksnet\"]},{\"@type\":\"Person\",\"@id\":\"https:\/\/narteks.net\/#\/schema\/person\/61f37d9834294b72d31d274e7ed79bca\",\"name\":\"Tar\u0131k\",\"image\":{\"@type\":\"ImageObject\",\"inLanguage\":\"tr\",\"@id\":\"https:\/\/narteks.net\/#\/schema\/person\/image\/\",\"url\":\"https:\/\/secure.gravatar.com\/avatar\/50865afb55632c4ae467e0af0930f6510aa2297d8014be502a55b14f3b7550cf?s=96&d=mm&r=g\",\"contentUrl\":\"https:\/\/secure.gravatar.com\/avatar\/50865afb55632c4ae467e0af0930f6510aa2297d8014be502a55b14f3b7550cf?s=96&d=mm&r=g\",\"caption\":\"Tar\u0131k\"},\"sameAs\":[\"http:\/\/narteks.net\"],\"url\":\"https:\/\/narteks.net\/index.php\/author\/narbak\/\"}]}<\/script>\n<!-- \/ Yoast SEO Premium plugin. -->","yoast_head_json":{"title":"YAR Y\u00dcRE\u011e\u0130N YAR - narteks.net","robots":{"index":"index","follow":"follow","max-snippet":"max-snippet:-1","max-image-preview":"max-image-preview:large","max-video-preview":"max-video-preview:-1"},"canonical":"https:\/\/narteks.net\/index.php\/2009\/12\/04\/yar-yuregin-yar\/","og_locale":"tr_TR","og_type":"article","og_title":"YAR Y\u00dcRE\u011e\u0130N YAR","og_description":"\u00a0 elmay\u0131 ikiye b\u00f6ld\u00fcler i\u00e7inden kurt \u00e7\u0131kt\u0131\u011f\u0131n g\u00f6rd\u00fcler a\u011fac\u0131 lime lime dildiler b\u00f6ce\u011fin halinden bildiler ferman padi\u015fah\u0131nsa da\u011flar bizimdir denildi da\u011flar\u0131n ba\u011fr\u0131 de\u015fildi \u00e7\u00f6z\u00fcld\u00fc mevsimlerin s\u0131rr\u0131 yaprak yaprak yedi kat yerin dibinden haber getirdi g\u00f6z\u00fcn\u00fc sevdi\u011fim tohum, g\u00f6z\u00fcn\u00fc sevdi\u011fim toprak k\u0131l\u0131 k\u0131rka yard\u0131lar o\u011ful suyun sudan gizlisi kalmad\u0131 suyun sudan gizlisi kalmad\u0131 bu\u011fday\u0131n maceras\u0131 meydanda [&hellip;]","og_url":"https:\/\/narteks.net\/index.php\/2009\/12\/04\/yar-yuregin-yar\/","og_site_name":"narteks.net","article_published_time":"2009-12-04T18:41:50+00:00","og_image":[{"width":300,"height":90,"url":"https:\/\/narteks.net\/wp-content\/uploads\/narteks.png","type":"image\/png"}],"author":"Tar\u0131k","twitter_card":"summary_large_image","twitter_creator":"@narteks","twitter_site":"@narteks","twitter_misc":{"Yazan:":"Tar\u0131k","Tahmini okuma s\u00fcresi":"1 dakika"},"schema":{"@context":"https:\/\/schema.org","@graph":[{"@type":"Article","@id":"https:\/\/narteks.net\/index.php\/2009\/12\/04\/yar-yuregin-yar\/#article","isPartOf":{"@id":"https:\/\/narteks.net\/index.php\/2009\/12\/04\/yar-yuregin-yar\/"},"author":{"name":"Tar\u0131k","@id":"https:\/\/narteks.net\/#\/schema\/person\/61f37d9834294b72d31d274e7ed79bca"},"headline":"YAR Y\u00dcRE\u011e\u0130N YAR","datePublished":"2009-12-04T18:41:50+00:00","mainEntityOfPage":{"@id":"https:\/\/narteks.net\/index.php\/2009\/12\/04\/yar-yuregin-yar\/"},"wordCount":271,"commentCount":0,"publisher":{"@id":"https:\/\/narteks.net\/#organization"},"articleSection":["B.Rahmi EY\u00dcBOGLU"],"inLanguage":"tr","potentialAction":[{"@type":"CommentAction","name":"Comment","target":["https:\/\/narteks.net\/index.php\/2009\/12\/04\/yar-yuregin-yar\/#respond"]}]},{"@type":"WebPage","@id":"https:\/\/narteks.net\/index.php\/2009\/12\/04\/yar-yuregin-yar\/","url":"https:\/\/narteks.net\/index.php\/2009\/12\/04\/yar-yuregin-yar\/","name":"YAR Y\u00dcRE\u011e\u0130N YAR - narteks.net","isPartOf":{"@id":"https:\/\/narteks.net\/#website"},"datePublished":"2009-12-04T18:41:50+00:00","breadcrumb":{"@id":"https:\/\/narteks.net\/index.php\/2009\/12\/04\/yar-yuregin-yar\/#breadcrumb"},"inLanguage":"tr","potentialAction":[{"@type":"ReadAction","target":["https:\/\/narteks.net\/index.php\/2009\/12\/04\/yar-yuregin-yar\/"]}]},{"@type":"BreadcrumbList","@id":"https:\/\/narteks.net\/index.php\/2009\/12\/04\/yar-yuregin-yar\/#breadcrumb","itemListElement":[{"@type":"ListItem","position":1,"name":"Anasayfa","item":"https:\/\/narteks.net\/"},{"@type":"ListItem","position":2,"name":"YAR Y\u00dcRE\u011e\u0130N YAR"}]},{"@type":"WebSite","@id":"https:\/\/narteks.net\/#website","url":"https:\/\/narteks.net\/","name":"narteks.net","description":"K\u00fclt\u00fcr Sanat Edebiyat Felsefe","publisher":{"@id":"https:\/\/narteks.net\/#organization"},"alternateName":"K\u00fclt\u00fcr Sanat Edebiyat Felsefe","potentialAction":[{"@type":"SearchAction","target":{"@type":"EntryPoint","urlTemplate":"https:\/\/narteks.net\/?s={search_term_string}"},"query-input":{"@type":"PropertyValueSpecification","valueRequired":true,"valueName":"search_term_string"}}],"inLanguage":"tr"},{"@type":"Organization","@id":"https:\/\/narteks.net\/#organization","name":"narteks.net","url":"https:\/\/narteks.net\/","logo":{"@type":"ImageObject","inLanguage":"tr","@id":"https:\/\/narteks.net\/#\/schema\/logo\/image\/","url":"https:\/\/narteks.net\/wp-content\/uploads\/narteks.png","contentUrl":"https:\/\/narteks.net\/wp-content\/uploads\/narteks.png","width":300,"height":90,"caption":"narteks.net"},"image":{"@id":"https:\/\/narteks.net\/#\/schema\/logo\/image\/"},"sameAs":["https:\/\/x.com\/narteks","https:\/\/instagram.com\/narteksnet"]},{"@type":"Person","@id":"https:\/\/narteks.net\/#\/schema\/person\/61f37d9834294b72d31d274e7ed79bca","name":"Tar\u0131k","image":{"@type":"ImageObject","inLanguage":"tr","@id":"https:\/\/narteks.net\/#\/schema\/person\/image\/","url":"https:\/\/secure.gravatar.com\/avatar\/50865afb55632c4ae467e0af0930f6510aa2297d8014be502a55b14f3b7550cf?s=96&d=mm&r=g","contentUrl":"https:\/\/secure.gravatar.com\/avatar\/50865afb55632c4ae467e0af0930f6510aa2297d8014be502a55b14f3b7550cf?s=96&d=mm&r=g","caption":"Tar\u0131k"},"sameAs":["http:\/\/narteks.net"],"url":"https:\/\/narteks.net\/index.php\/author\/narbak\/"}]}},"_links":{"self":[{"href":"https:\/\/narteks.net\/index.php\/wp-json\/wp\/v2\/posts\/2076","targetHints":{"allow":["GET"]}}],"collection":[{"href":"https:\/\/narteks.net\/index.php\/wp-json\/wp\/v2\/posts"}],"about":[{"href":"https:\/\/narteks.net\/index.php\/wp-json\/wp\/v2\/types\/post"}],"author":[{"embeddable":true,"href":"https:\/\/narteks.net\/index.php\/wp-json\/wp\/v2\/users\/1"}],"replies":[{"embeddable":true,"href":"https:\/\/narteks.net\/index.php\/wp-json\/wp\/v2\/comments?post=2076"}],"version-history":[{"count":0,"href":"https:\/\/narteks.net\/index.php\/wp-json\/wp\/v2\/posts\/2076\/revisions"}],"wp:attachment":[{"href":"https:\/\/narteks.net\/index.php\/wp-json\/wp\/v2\/media?parent=2076"}],"wp:term":[{"taxonomy":"category","embeddable":true,"href":"https:\/\/narteks.net\/index.php\/wp-json\/wp\/v2\/categories?post=2076"},{"taxonomy":"post_tag","embeddable":true,"href":"https:\/\/narteks.net\/index.php\/wp-json\/wp\/v2\/tags?post=2076"}],"curies":[{"name":"wp","href":"https:\/\/api.w.org\/{rel}","templated":true}]}}