{"id":2088,"date":"2009-12-04T21:56:16","date_gmt":"2009-12-04T18:56:16","guid":{"rendered":"http:\/\/localhost\/wordpress\/2009\/12\/04\/nen-var-kardesim-kirmayanin\/"},"modified":"2009-12-04T21:56:16","modified_gmt":"2009-12-04T18:56:16","slug":"nen-var-kardesim-kirmayanin","status":"publish","type":"post","link":"https:\/\/narteks.net\/index.php\/2009\/12\/04\/nen-var-kardesim-kirmayanin\/","title":{"rendered":"NEN VAR KARDE\u015e\u0130M (KIRMAYANIN)"},"content":{"rendered":"<p>\u00a0<\/p>\n<p>bir salk\u0131m \u00fcz\u00fcm bir bardak \u015faraba<br \/>ne kadar benzerse<br \/>bir nefes t\u00fct\u00fcn bir demet yapra\u011fa<br \/>ne kadar benzerse<br \/>nen var can\u0131m karde\u015fim?<br \/>her nefeste biraz daha bu\u011fulan\u0131yor cam<br \/>hep bir buzlu cam\u0131n arkas\u0131ndan<br \/>bak\u0131yormu\u015fsun gibi geliyor y\u00fcz\u00fcme<br \/>\u00e7\u0131ld\u0131racam<br \/>iki nokta bir benek g\u00f6zlerim<br \/>erimi\u015f uzanm\u0131\u015f d\u00f6k\u00fclm\u00fc\u015f ellerim<br \/>nen var can\u0131m karde\u015fim?<\/p>\n<p>hay cam\u0131na camekan\u0131na b\u00fcy\u00fcs\u00fcne bu\u011fusuna ald\u0131ran\u0131n<br \/>k\u0131rmak m\u0131 dedin<br \/>k\u0131rmayan\u0131n..<\/p>\n<p>Bedri Rahmi EY\u00dcBO\u011eLU<\/p>\n","protected":false},"excerpt":{"rendered":"<p>\u00a0 bir salk\u0131m \u00fcz\u00fcm bir bardak \u015farabane kadar benzersebir nefes t\u00fct\u00fcn bir demet yapra\u011fane kadar benzersenen var can\u0131m karde\u015fim?her nefeste biraz daha bu\u011fulan\u0131yor camhep bir buzlu cam\u0131n arkas\u0131ndanbak\u0131yormu\u015fsun gibi geliyor y\u00fcz\u00fcme\u00e7\u0131ld\u0131racamiki nokta bir benek g\u00f6zlerimerimi\u015f uzanm\u0131\u015f d\u00f6k\u00fclm\u00fc\u015f ellerimnen var can\u0131m karde\u015fim? hay cam\u0131na camekan\u0131na b\u00fcy\u00fcs\u00fcne bu\u011fusuna ald\u0131ran\u0131nk\u0131rmak m\u0131 dedink\u0131rmayan\u0131n.. Bedri Rahmi EY\u00dcBO\u011eLU<\/p>\n","protected":false},"author":1,"featured_media":0,"comment_status":"open","ping_status":"open","sticky":false,"template":"","format":"standard","meta":{"footnotes":""},"categories":[13],"tags":[],"class_list":{"0":"post-2088","1":"post","2":"type-post","3":"status-publish","4":"format-standard","6":"category-b-rahmi-eyuboglu"},"yoast_head":"<!-- This site is optimized with the Yoast SEO Premium plugin v24.9 (Yoast SEO v24.9) - https:\/\/yoast.com\/wordpress\/plugins\/seo\/ -->\n<title>NEN VAR KARDE\u015e\u0130M (KIRMAYANIN) - narteks.net<\/title>\n<meta name=\"robots\" content=\"index, follow, max-snippet:-1, max-image-preview:large, max-video-preview:-1\" \/>\n<link rel=\"canonical\" href=\"https:\/\/narteks.net\/index.php\/2009\/12\/04\/nen-var-kardesim-kirmayanin\/\" \/>\n<meta property=\"og:locale\" content=\"tr_TR\" \/>\n<meta property=\"og:type\" content=\"article\" \/>\n<meta property=\"og:title\" content=\"NEN VAR KARDE\u015e\u0130M (KIRMAYANIN)\" \/>\n<meta property=\"og:description\" content=\"\u00a0 bir salk\u0131m \u00fcz\u00fcm bir bardak \u015farabane kadar benzersebir nefes t\u00fct\u00fcn bir demet yapra\u011fane kadar benzersenen var can\u0131m karde\u015fim?her nefeste biraz daha bu\u011fulan\u0131yor camhep bir buzlu cam\u0131n arkas\u0131ndanbak\u0131yormu\u015fsun gibi geliyor y\u00fcz\u00fcme\u00e7\u0131ld\u0131racamiki nokta bir benek g\u00f6zlerimerimi\u015f uzanm\u0131\u015f d\u00f6k\u00fclm\u00fc\u015f ellerimnen var can\u0131m karde\u015fim? hay cam\u0131na camekan\u0131na b\u00fcy\u00fcs\u00fcne bu\u011fusuna ald\u0131ran\u0131nk\u0131rmak m\u0131 dedink\u0131rmayan\u0131n.. Bedri Rahmi EY\u00dcBO\u011eLU\" \/>\n<meta property=\"og:url\" content=\"https:\/\/narteks.net\/index.php\/2009\/12\/04\/nen-var-kardesim-kirmayanin\/\" \/>\n<meta property=\"og:site_name\" content=\"narteks.net\" \/>\n<meta property=\"article:published_time\" content=\"2009-12-04T18:56:16+00:00\" \/>\n<meta property=\"og:image\" content=\"https:\/\/narteks.net\/wp-content\/uploads\/narteks.png\" \/>\n\t<meta property=\"og:image:width\" content=\"300\" \/>\n\t<meta property=\"og:image:height\" content=\"90\" \/>\n\t<meta property=\"og:image:type\" content=\"image\/png\" \/>\n<meta name=\"author\" content=\"Tar\u0131k\" \/>\n<meta name=\"twitter:card\" content=\"summary_large_image\" \/>\n<meta name=\"twitter:creator\" content=\"@narteks\" \/>\n<meta name=\"twitter:site\" content=\"@narteks\" \/>\n<meta name=\"twitter:label1\" content=\"Yazan:\" \/>\n\t<meta name=\"twitter:data1\" content=\"Tar\u0131k\" \/>\n<script type=\"application\/ld+json\" class=\"yoast-schema-graph\">{\"@context\":\"https:\/\/schema.org\",\"@graph\":[{\"@type\":\"Article\",\"@id\":\"https:\/\/narteks.net\/index.php\/2009\/12\/04\/nen-var-kardesim-kirmayanin\/#article\",\"isPartOf\":{\"@id\":\"https:\/\/narteks.net\/index.php\/2009\/12\/04\/nen-var-kardesim-kirmayanin\/\"},\"author\":{\"name\":\"Tar\u0131k\",\"@id\":\"https:\/\/narteks.net\/#\/schema\/person\/61f37d9834294b72d31d274e7ed79bca\"},\"headline\":\"NEN VAR KARDE\u015e\u0130M (KIRMAYANIN)\",\"datePublished\":\"2009-12-04T18:56:16+00:00\",\"mainEntityOfPage\":{\"@id\":\"https:\/\/narteks.net\/index.php\/2009\/12\/04\/nen-var-kardesim-kirmayanin\/\"},\"wordCount\":92,\"commentCount\":0,\"publisher\":{\"@id\":\"https:\/\/narteks.net\/#organization\"},\"articleSection\":[\"B.Rahmi EY\u00dcBOGLU\"],\"inLanguage\":\"tr\",\"potentialAction\":[{\"@type\":\"CommentAction\",\"name\":\"Comment\",\"target\":[\"https:\/\/narteks.net\/index.php\/2009\/12\/04\/nen-var-kardesim-kirmayanin\/#respond\"]}]},{\"@type\":\"WebPage\",\"@id\":\"https:\/\/narteks.net\/index.php\/2009\/12\/04\/nen-var-kardesim-kirmayanin\/\",\"url\":\"https:\/\/narteks.net\/index.php\/2009\/12\/04\/nen-var-kardesim-kirmayanin\/\",\"name\":\"NEN VAR KARDE\u015e\u0130M (KIRMAYANIN) - narteks.net\",\"isPartOf\":{\"@id\":\"https:\/\/narteks.net\/#website\"},\"datePublished\":\"2009-12-04T18:56:16+00:00\",\"breadcrumb\":{\"@id\":\"https:\/\/narteks.net\/index.php\/2009\/12\/04\/nen-var-kardesim-kirmayanin\/#breadcrumb\"},\"inLanguage\":\"tr\",\"potentialAction\":[{\"@type\":\"ReadAction\",\"target\":[\"https:\/\/narteks.net\/index.php\/2009\/12\/04\/nen-var-kardesim-kirmayanin\/\"]}]},{\"@type\":\"BreadcrumbList\",\"@id\":\"https:\/\/narteks.net\/index.php\/2009\/12\/04\/nen-var-kardesim-kirmayanin\/#breadcrumb\",\"itemListElement\":[{\"@type\":\"ListItem\",\"position\":1,\"name\":\"Anasayfa\",\"item\":\"https:\/\/narteks.net\/\"},{\"@type\":\"ListItem\",\"position\":2,\"name\":\"NEN VAR KARDE\u015e\u0130M (KIRMAYANIN)\"}]},{\"@type\":\"WebSite\",\"@id\":\"https:\/\/narteks.net\/#website\",\"url\":\"https:\/\/narteks.net\/\",\"name\":\"narteks.net\",\"description\":\"K\u00fclt\u00fcr Sanat Edebiyat Felsefe\",\"publisher\":{\"@id\":\"https:\/\/narteks.net\/#organization\"},\"alternateName\":\"K\u00fclt\u00fcr Sanat Edebiyat Felsefe\",\"potentialAction\":[{\"@type\":\"SearchAction\",\"target\":{\"@type\":\"EntryPoint\",\"urlTemplate\":\"https:\/\/narteks.net\/?s={search_term_string}\"},\"query-input\":{\"@type\":\"PropertyValueSpecification\",\"valueRequired\":true,\"valueName\":\"search_term_string\"}}],\"inLanguage\":\"tr\"},{\"@type\":\"Organization\",\"@id\":\"https:\/\/narteks.net\/#organization\",\"name\":\"narteks.net\",\"url\":\"https:\/\/narteks.net\/\",\"logo\":{\"@type\":\"ImageObject\",\"inLanguage\":\"tr\",\"@id\":\"https:\/\/narteks.net\/#\/schema\/logo\/image\/\",\"url\":\"https:\/\/narteks.net\/wp-content\/uploads\/narteks.png\",\"contentUrl\":\"https:\/\/narteks.net\/wp-content\/uploads\/narteks.png\",\"width\":300,\"height\":90,\"caption\":\"narteks.net\"},\"image\":{\"@id\":\"https:\/\/narteks.net\/#\/schema\/logo\/image\/\"},\"sameAs\":[\"https:\/\/x.com\/narteks\",\"https:\/\/instagram.com\/narteksnet\"]},{\"@type\":\"Person\",\"@id\":\"https:\/\/narteks.net\/#\/schema\/person\/61f37d9834294b72d31d274e7ed79bca\",\"name\":\"Tar\u0131k\",\"image\":{\"@type\":\"ImageObject\",\"inLanguage\":\"tr\",\"@id\":\"https:\/\/narteks.net\/#\/schema\/person\/image\/\",\"url\":\"https:\/\/secure.gravatar.com\/avatar\/50865afb55632c4ae467e0af0930f6510aa2297d8014be502a55b14f3b7550cf?s=96&d=mm&r=g\",\"contentUrl\":\"https:\/\/secure.gravatar.com\/avatar\/50865afb55632c4ae467e0af0930f6510aa2297d8014be502a55b14f3b7550cf?s=96&d=mm&r=g\",\"caption\":\"Tar\u0131k\"},\"sameAs\":[\"http:\/\/narteks.net\"],\"url\":\"https:\/\/narteks.net\/index.php\/author\/narbak\/\"}]}<\/script>\n<!-- \/ Yoast SEO Premium plugin. -->","yoast_head_json":{"title":"NEN VAR KARDE\u015e\u0130M (KIRMAYANIN) - narteks.net","robots":{"index":"index","follow":"follow","max-snippet":"max-snippet:-1","max-image-preview":"max-image-preview:large","max-video-preview":"max-video-preview:-1"},"canonical":"https:\/\/narteks.net\/index.php\/2009\/12\/04\/nen-var-kardesim-kirmayanin\/","og_locale":"tr_TR","og_type":"article","og_title":"NEN VAR KARDE\u015e\u0130M (KIRMAYANIN)","og_description":"\u00a0 bir salk\u0131m \u00fcz\u00fcm bir bardak \u015farabane kadar benzersebir nefes t\u00fct\u00fcn bir demet yapra\u011fane kadar benzersenen var can\u0131m karde\u015fim?her nefeste biraz daha bu\u011fulan\u0131yor camhep bir buzlu cam\u0131n arkas\u0131ndanbak\u0131yormu\u015fsun gibi geliyor y\u00fcz\u00fcme\u00e7\u0131ld\u0131racamiki nokta bir benek g\u00f6zlerimerimi\u015f uzanm\u0131\u015f d\u00f6k\u00fclm\u00fc\u015f ellerimnen var can\u0131m karde\u015fim? hay cam\u0131na camekan\u0131na b\u00fcy\u00fcs\u00fcne bu\u011fusuna ald\u0131ran\u0131nk\u0131rmak m\u0131 dedink\u0131rmayan\u0131n.. Bedri Rahmi EY\u00dcBO\u011eLU","og_url":"https:\/\/narteks.net\/index.php\/2009\/12\/04\/nen-var-kardesim-kirmayanin\/","og_site_name":"narteks.net","article_published_time":"2009-12-04T18:56:16+00:00","og_image":[{"width":300,"height":90,"url":"https:\/\/narteks.net\/wp-content\/uploads\/narteks.png","type":"image\/png"}],"author":"Tar\u0131k","twitter_card":"summary_large_image","twitter_creator":"@narteks","twitter_site":"@narteks","twitter_misc":{"Yazan:":"Tar\u0131k"},"schema":{"@context":"https:\/\/schema.org","@graph":[{"@type":"Article","@id":"https:\/\/narteks.net\/index.php\/2009\/12\/04\/nen-var-kardesim-kirmayanin\/#article","isPartOf":{"@id":"https:\/\/narteks.net\/index.php\/2009\/12\/04\/nen-var-kardesim-kirmayanin\/"},"author":{"name":"Tar\u0131k","@id":"https:\/\/narteks.net\/#\/schema\/person\/61f37d9834294b72d31d274e7ed79bca"},"headline":"NEN VAR KARDE\u015e\u0130M (KIRMAYANIN)","datePublished":"2009-12-04T18:56:16+00:00","mainEntityOfPage":{"@id":"https:\/\/narteks.net\/index.php\/2009\/12\/04\/nen-var-kardesim-kirmayanin\/"},"wordCount":92,"commentCount":0,"publisher":{"@id":"https:\/\/narteks.net\/#organization"},"articleSection":["B.Rahmi EY\u00dcBOGLU"],"inLanguage":"tr","potentialAction":[{"@type":"CommentAction","name":"Comment","target":["https:\/\/narteks.net\/index.php\/2009\/12\/04\/nen-var-kardesim-kirmayanin\/#respond"]}]},{"@type":"WebPage","@id":"https:\/\/narteks.net\/index.php\/2009\/12\/04\/nen-var-kardesim-kirmayanin\/","url":"https:\/\/narteks.net\/index.php\/2009\/12\/04\/nen-var-kardesim-kirmayanin\/","name":"NEN VAR KARDE\u015e\u0130M (KIRMAYANIN) - narteks.net","isPartOf":{"@id":"https:\/\/narteks.net\/#website"},"datePublished":"2009-12-04T18:56:16+00:00","breadcrumb":{"@id":"https:\/\/narteks.net\/index.php\/2009\/12\/04\/nen-var-kardesim-kirmayanin\/#breadcrumb"},"inLanguage":"tr","potentialAction":[{"@type":"ReadAction","target":["https:\/\/narteks.net\/index.php\/2009\/12\/04\/nen-var-kardesim-kirmayanin\/"]}]},{"@type":"BreadcrumbList","@id":"https:\/\/narteks.net\/index.php\/2009\/12\/04\/nen-var-kardesim-kirmayanin\/#breadcrumb","itemListElement":[{"@type":"ListItem","position":1,"name":"Anasayfa","item":"https:\/\/narteks.net\/"},{"@type":"ListItem","position":2,"name":"NEN VAR KARDE\u015e\u0130M (KIRMAYANIN)"}]},{"@type":"WebSite","@id":"https:\/\/narteks.net\/#website","url":"https:\/\/narteks.net\/","name":"narteks.net","description":"K\u00fclt\u00fcr Sanat Edebiyat Felsefe","publisher":{"@id":"https:\/\/narteks.net\/#organization"},"alternateName":"K\u00fclt\u00fcr Sanat Edebiyat Felsefe","potentialAction":[{"@type":"SearchAction","target":{"@type":"EntryPoint","urlTemplate":"https:\/\/narteks.net\/?s={search_term_string}"},"query-input":{"@type":"PropertyValueSpecification","valueRequired":true,"valueName":"search_term_string"}}],"inLanguage":"tr"},{"@type":"Organization","@id":"https:\/\/narteks.net\/#organization","name":"narteks.net","url":"https:\/\/narteks.net\/","logo":{"@type":"ImageObject","inLanguage":"tr","@id":"https:\/\/narteks.net\/#\/schema\/logo\/image\/","url":"https:\/\/narteks.net\/wp-content\/uploads\/narteks.png","contentUrl":"https:\/\/narteks.net\/wp-content\/uploads\/narteks.png","width":300,"height":90,"caption":"narteks.net"},"image":{"@id":"https:\/\/narteks.net\/#\/schema\/logo\/image\/"},"sameAs":["https:\/\/x.com\/narteks","https:\/\/instagram.com\/narteksnet"]},{"@type":"Person","@id":"https:\/\/narteks.net\/#\/schema\/person\/61f37d9834294b72d31d274e7ed79bca","name":"Tar\u0131k","image":{"@type":"ImageObject","inLanguage":"tr","@id":"https:\/\/narteks.net\/#\/schema\/person\/image\/","url":"https:\/\/secure.gravatar.com\/avatar\/50865afb55632c4ae467e0af0930f6510aa2297d8014be502a55b14f3b7550cf?s=96&d=mm&r=g","contentUrl":"https:\/\/secure.gravatar.com\/avatar\/50865afb55632c4ae467e0af0930f6510aa2297d8014be502a55b14f3b7550cf?s=96&d=mm&r=g","caption":"Tar\u0131k"},"sameAs":["http:\/\/narteks.net"],"url":"https:\/\/narteks.net\/index.php\/author\/narbak\/"}]}},"_links":{"self":[{"href":"https:\/\/narteks.net\/index.php\/wp-json\/wp\/v2\/posts\/2088","targetHints":{"allow":["GET"]}}],"collection":[{"href":"https:\/\/narteks.net\/index.php\/wp-json\/wp\/v2\/posts"}],"about":[{"href":"https:\/\/narteks.net\/index.php\/wp-json\/wp\/v2\/types\/post"}],"author":[{"embeddable":true,"href":"https:\/\/narteks.net\/index.php\/wp-json\/wp\/v2\/users\/1"}],"replies":[{"embeddable":true,"href":"https:\/\/narteks.net\/index.php\/wp-json\/wp\/v2\/comments?post=2088"}],"version-history":[{"count":0,"href":"https:\/\/narteks.net\/index.php\/wp-json\/wp\/v2\/posts\/2088\/revisions"}],"wp:attachment":[{"href":"https:\/\/narteks.net\/index.php\/wp-json\/wp\/v2\/media?parent=2088"}],"wp:term":[{"taxonomy":"category","embeddable":true,"href":"https:\/\/narteks.net\/index.php\/wp-json\/wp\/v2\/categories?post=2088"},{"taxonomy":"post_tag","embeddable":true,"href":"https:\/\/narteks.net\/index.php\/wp-json\/wp\/v2\/tags?post=2088"}],"curies":[{"name":"wp","href":"https:\/\/api.w.org\/{rel}","templated":true}]}}