{"id":21,"date":"2009-02-27T13:19:42","date_gmt":"2009-02-27T10:19:42","guid":{"rendered":"http:\/\/localhost\/wordpress\/2009\/02\/27\/kus-mitingi\/"},"modified":"2009-02-27T13:19:42","modified_gmt":"2009-02-27T10:19:42","slug":"kus-mitingi","status":"publish","type":"post","link":"https:\/\/narteks.net\/index.php\/2009\/02\/27\/kus-mitingi\/","title":{"rendered":"KU\u015e MITINGI"},"content":{"rendered":"<p>\u00a0<\/p>\n<p>Sonbahardan sonra a\u011fa\u00e7lar <br \/> Hep duman a\u00e7ar Ankara&#8217;da <br \/> Saks\u0131larda ye\u015fil bir yaln\u0131zl\u0131k <br \/> Uzay\u0131p gider ev tutsakl\u0131\u011f\u0131nda <br \/> K\u0131\u015f boyu r\u00fczgars\u0131z ve \u00e7i\u00e7eksiz <br \/> Ne g\u00fcn kal\u0131r g\u00fcne\u015fin y\u00fcre\u011finde <br \/> Ne \u015fafak ne sabah <br \/> Kar alt\u0131nda dilsiz ve sessiz <br \/> Bir tohum gibi bekler bahar\u0131 <br \/> Ta\u015f \u00fcst\u00fcnde topraks\u0131z \u00e7aresiz <\/p>\n<p> Sonbahardan sonra Ankara&#8217;ya dair <br \/> Hep ayn\u0131 s\u00f6zler s\u00f6ylenir <br \/> Ama ya\u011fmur <br \/> Yine utan\u0131r ya\u011farken <br \/> Kar yine ya\u011fmadan kirlenir <\/p>\n<p> Sonbaharda sonra Ankara&#8217;da <br \/> Yaln\u0131zca ku\u015flar\u0131n isyan\u0131 vard\u0131r <br \/> Bakars\u0131n\u0131z bir ak\u015fam\u00fcst\u00fc <br \/> B\u00fct\u00fcn a\u011fa\u00e7lar ku\u015f a\u00e7m\u0131\u015ft\u0131r <br \/> Ve g\u00f6ky\u00fcz\u00fc meydan\u0131nda <br \/> Ku\u015f dilinde bir miting ba\u015flam\u0131\u015ft\u0131r <\/p>\n<p> Bir \u00e7\u0131\u011fl\u0131kt\u0131r art\u0131k ya\u015fanan <br \/> S\u00f6zc\u00fckler yetmez anlatmaya <br \/> Notalar f\u0131r\u00e7alar susar <br \/> \u00c7\u00fcnk\u00fc mitingden sonra ku\u015flar <br \/> K\u0131r\u0131p kanatlar\u0131n\u0131 <br \/> Ankara&#8217; ya \u00f6l\u00fcm b\u0131rak\u0131rlar<\/p>\n<p>Adnan Y\u00dcCEL<\/p>\n<p>\u00a0<\/p>\n","protected":false},"excerpt":{"rendered":"<p>\u00a0 Sonbahardan sonra a\u011fa\u00e7lar Hep duman a\u00e7ar Ankara&#8217;da Saks\u0131larda ye\u015fil bir yaln\u0131zl\u0131k Uzay\u0131p gider ev tutsakl\u0131\u011f\u0131nda K\u0131\u015f boyu r\u00fczgars\u0131z ve \u00e7i\u00e7eksiz Ne g\u00fcn kal\u0131r g\u00fcne\u015fin y\u00fcre\u011finde Ne \u015fafak ne sabah Kar alt\u0131nda dilsiz ve sessiz Bir tohum gibi bekler bahar\u0131 Ta\u015f \u00fcst\u00fcnde topraks\u0131z \u00e7aresiz Sonbahardan sonra Ankara&#8217;ya dair Hep ayn\u0131 s\u00f6zler s\u00f6ylenir Ama ya\u011fmur Yine [&hellip;]<\/p>\n","protected":false},"author":1,"featured_media":0,"comment_status":"open","ping_status":"open","sticky":false,"template":"","format":"standard","meta":{"footnotes":""},"categories":[3],"tags":[],"class_list":{"0":"post-21","1":"post","2":"type-post","3":"status-publish","4":"format-standard","6":"category-adnan-yucel"},"yoast_head":"<!-- This site is optimized with the Yoast SEO Premium plugin v24.9 (Yoast SEO v24.9) - https:\/\/yoast.com\/wordpress\/plugins\/seo\/ -->\n<title>KU\u015e MITINGI - narteks.net<\/title>\n<meta name=\"robots\" content=\"index, follow, max-snippet:-1, max-image-preview:large, max-video-preview:-1\" \/>\n<link rel=\"canonical\" href=\"https:\/\/narteks.net\/index.php\/2009\/02\/27\/kus-mitingi\/\" \/>\n<meta property=\"og:locale\" content=\"tr_TR\" \/>\n<meta property=\"og:type\" content=\"article\" \/>\n<meta property=\"og:title\" content=\"KU\u015e MITINGI\" \/>\n<meta property=\"og:description\" content=\"\u00a0 Sonbahardan sonra a\u011fa\u00e7lar Hep duman a\u00e7ar Ankara&#8217;da Saks\u0131larda ye\u015fil bir yaln\u0131zl\u0131k Uzay\u0131p gider ev tutsakl\u0131\u011f\u0131nda K\u0131\u015f boyu r\u00fczgars\u0131z ve \u00e7i\u00e7eksiz Ne g\u00fcn kal\u0131r g\u00fcne\u015fin y\u00fcre\u011finde Ne \u015fafak ne sabah Kar alt\u0131nda dilsiz ve sessiz Bir tohum gibi bekler bahar\u0131 Ta\u015f \u00fcst\u00fcnde topraks\u0131z \u00e7aresiz Sonbahardan sonra Ankara&#8217;ya dair Hep ayn\u0131 s\u00f6zler s\u00f6ylenir Ama ya\u011fmur Yine [&hellip;]\" \/>\n<meta property=\"og:url\" content=\"https:\/\/narteks.net\/index.php\/2009\/02\/27\/kus-mitingi\/\" \/>\n<meta property=\"og:site_name\" content=\"narteks.net\" \/>\n<meta property=\"article:published_time\" content=\"2009-02-27T10:19:42+00:00\" \/>\n<meta property=\"og:image\" content=\"https:\/\/narteks.net\/wp-content\/uploads\/narteks.png\" \/>\n\t<meta property=\"og:image:width\" content=\"300\" \/>\n\t<meta property=\"og:image:height\" content=\"90\" \/>\n\t<meta property=\"og:image:type\" content=\"image\/png\" \/>\n<meta name=\"author\" content=\"Tar\u0131k\" \/>\n<meta name=\"twitter:card\" content=\"summary_large_image\" \/>\n<meta name=\"twitter:creator\" content=\"@narteks\" \/>\n<meta name=\"twitter:site\" content=\"@narteks\" \/>\n<meta name=\"twitter:label1\" content=\"Yazan:\" \/>\n\t<meta name=\"twitter:data1\" content=\"Tar\u0131k\" \/>\n\t<meta name=\"twitter:label2\" content=\"Tahmini okuma s\u00fcresi\" \/>\n\t<meta name=\"twitter:data2\" content=\"1 dakika\" \/>\n<script type=\"application\/ld+json\" class=\"yoast-schema-graph\">{\"@context\":\"https:\/\/schema.org\",\"@graph\":[{\"@type\":\"Article\",\"@id\":\"https:\/\/narteks.net\/index.php\/2009\/02\/27\/kus-mitingi\/#article\",\"isPartOf\":{\"@id\":\"https:\/\/narteks.net\/index.php\/2009\/02\/27\/kus-mitingi\/\"},\"author\":{\"name\":\"Tar\u0131k\",\"@id\":\"https:\/\/narteks.net\/#\/schema\/person\/61f37d9834294b72d31d274e7ed79bca\"},\"headline\":\"KU\u015e MITINGI\",\"datePublished\":\"2009-02-27T10:19:42+00:00\",\"mainEntityOfPage\":{\"@id\":\"https:\/\/narteks.net\/index.php\/2009\/02\/27\/kus-mitingi\/\"},\"wordCount\":170,\"commentCount\":0,\"publisher\":{\"@id\":\"https:\/\/narteks.net\/#organization\"},\"articleSection\":[\"Adnan Y\u00dcCEL\"],\"inLanguage\":\"tr\",\"potentialAction\":[{\"@type\":\"CommentAction\",\"name\":\"Comment\",\"target\":[\"https:\/\/narteks.net\/index.php\/2009\/02\/27\/kus-mitingi\/#respond\"]}]},{\"@type\":\"WebPage\",\"@id\":\"https:\/\/narteks.net\/index.php\/2009\/02\/27\/kus-mitingi\/\",\"url\":\"https:\/\/narteks.net\/index.php\/2009\/02\/27\/kus-mitingi\/\",\"name\":\"KU\u015e MITINGI - narteks.net\",\"isPartOf\":{\"@id\":\"https:\/\/narteks.net\/#website\"},\"datePublished\":\"2009-02-27T10:19:42+00:00\",\"breadcrumb\":{\"@id\":\"https:\/\/narteks.net\/index.php\/2009\/02\/27\/kus-mitingi\/#breadcrumb\"},\"inLanguage\":\"tr\",\"potentialAction\":[{\"@type\":\"ReadAction\",\"target\":[\"https:\/\/narteks.net\/index.php\/2009\/02\/27\/kus-mitingi\/\"]}]},{\"@type\":\"BreadcrumbList\",\"@id\":\"https:\/\/narteks.net\/index.php\/2009\/02\/27\/kus-mitingi\/#breadcrumb\",\"itemListElement\":[{\"@type\":\"ListItem\",\"position\":1,\"name\":\"Anasayfa\",\"item\":\"https:\/\/narteks.net\/\"},{\"@type\":\"ListItem\",\"position\":2,\"name\":\"KU\u015e MITINGI\"}]},{\"@type\":\"WebSite\",\"@id\":\"https:\/\/narteks.net\/#website\",\"url\":\"https:\/\/narteks.net\/\",\"name\":\"narteks.net\",\"description\":\"K\u00fclt\u00fcr Sanat Edebiyat Felsefe\",\"publisher\":{\"@id\":\"https:\/\/narteks.net\/#organization\"},\"alternateName\":\"K\u00fclt\u00fcr Sanat Edebiyat Felsefe\",\"potentialAction\":[{\"@type\":\"SearchAction\",\"target\":{\"@type\":\"EntryPoint\",\"urlTemplate\":\"https:\/\/narteks.net\/?s={search_term_string}\"},\"query-input\":{\"@type\":\"PropertyValueSpecification\",\"valueRequired\":true,\"valueName\":\"search_term_string\"}}],\"inLanguage\":\"tr\"},{\"@type\":\"Organization\",\"@id\":\"https:\/\/narteks.net\/#organization\",\"name\":\"narteks.net\",\"url\":\"https:\/\/narteks.net\/\",\"logo\":{\"@type\":\"ImageObject\",\"inLanguage\":\"tr\",\"@id\":\"https:\/\/narteks.net\/#\/schema\/logo\/image\/\",\"url\":\"https:\/\/narteks.net\/wp-content\/uploads\/narteks.png\",\"contentUrl\":\"https:\/\/narteks.net\/wp-content\/uploads\/narteks.png\",\"width\":300,\"height\":90,\"caption\":\"narteks.net\"},\"image\":{\"@id\":\"https:\/\/narteks.net\/#\/schema\/logo\/image\/\"},\"sameAs\":[\"https:\/\/x.com\/narteks\",\"https:\/\/instagram.com\/narteksnet\"]},{\"@type\":\"Person\",\"@id\":\"https:\/\/narteks.net\/#\/schema\/person\/61f37d9834294b72d31d274e7ed79bca\",\"name\":\"Tar\u0131k\",\"image\":{\"@type\":\"ImageObject\",\"inLanguage\":\"tr\",\"@id\":\"https:\/\/narteks.net\/#\/schema\/person\/image\/\",\"url\":\"https:\/\/secure.gravatar.com\/avatar\/50865afb55632c4ae467e0af0930f6510aa2297d8014be502a55b14f3b7550cf?s=96&d=mm&r=g\",\"contentUrl\":\"https:\/\/secure.gravatar.com\/avatar\/50865afb55632c4ae467e0af0930f6510aa2297d8014be502a55b14f3b7550cf?s=96&d=mm&r=g\",\"caption\":\"Tar\u0131k\"},\"sameAs\":[\"http:\/\/narteks.net\"],\"url\":\"https:\/\/narteks.net\/index.php\/author\/narbak\/\"}]}<\/script>\n<!-- \/ Yoast SEO Premium plugin. -->","yoast_head_json":{"title":"KU\u015e MITINGI - narteks.net","robots":{"index":"index","follow":"follow","max-snippet":"max-snippet:-1","max-image-preview":"max-image-preview:large","max-video-preview":"max-video-preview:-1"},"canonical":"https:\/\/narteks.net\/index.php\/2009\/02\/27\/kus-mitingi\/","og_locale":"tr_TR","og_type":"article","og_title":"KU\u015e MITINGI","og_description":"\u00a0 Sonbahardan sonra a\u011fa\u00e7lar Hep duman a\u00e7ar Ankara&#8217;da Saks\u0131larda ye\u015fil bir yaln\u0131zl\u0131k Uzay\u0131p gider ev tutsakl\u0131\u011f\u0131nda K\u0131\u015f boyu r\u00fczgars\u0131z ve \u00e7i\u00e7eksiz Ne g\u00fcn kal\u0131r g\u00fcne\u015fin y\u00fcre\u011finde Ne \u015fafak ne sabah Kar alt\u0131nda dilsiz ve sessiz Bir tohum gibi bekler bahar\u0131 Ta\u015f \u00fcst\u00fcnde topraks\u0131z \u00e7aresiz Sonbahardan sonra Ankara&#8217;ya dair Hep ayn\u0131 s\u00f6zler s\u00f6ylenir Ama ya\u011fmur Yine [&hellip;]","og_url":"https:\/\/narteks.net\/index.php\/2009\/02\/27\/kus-mitingi\/","og_site_name":"narteks.net","article_published_time":"2009-02-27T10:19:42+00:00","og_image":[{"width":300,"height":90,"url":"https:\/\/narteks.net\/wp-content\/uploads\/narteks.png","type":"image\/png"}],"author":"Tar\u0131k","twitter_card":"summary_large_image","twitter_creator":"@narteks","twitter_site":"@narteks","twitter_misc":{"Yazan:":"Tar\u0131k","Tahmini okuma s\u00fcresi":"1 dakika"},"schema":{"@context":"https:\/\/schema.org","@graph":[{"@type":"Article","@id":"https:\/\/narteks.net\/index.php\/2009\/02\/27\/kus-mitingi\/#article","isPartOf":{"@id":"https:\/\/narteks.net\/index.php\/2009\/02\/27\/kus-mitingi\/"},"author":{"name":"Tar\u0131k","@id":"https:\/\/narteks.net\/#\/schema\/person\/61f37d9834294b72d31d274e7ed79bca"},"headline":"KU\u015e MITINGI","datePublished":"2009-02-27T10:19:42+00:00","mainEntityOfPage":{"@id":"https:\/\/narteks.net\/index.php\/2009\/02\/27\/kus-mitingi\/"},"wordCount":170,"commentCount":0,"publisher":{"@id":"https:\/\/narteks.net\/#organization"},"articleSection":["Adnan Y\u00dcCEL"],"inLanguage":"tr","potentialAction":[{"@type":"CommentAction","name":"Comment","target":["https:\/\/narteks.net\/index.php\/2009\/02\/27\/kus-mitingi\/#respond"]}]},{"@type":"WebPage","@id":"https:\/\/narteks.net\/index.php\/2009\/02\/27\/kus-mitingi\/","url":"https:\/\/narteks.net\/index.php\/2009\/02\/27\/kus-mitingi\/","name":"KU\u015e MITINGI - narteks.net","isPartOf":{"@id":"https:\/\/narteks.net\/#website"},"datePublished":"2009-02-27T10:19:42+00:00","breadcrumb":{"@id":"https:\/\/narteks.net\/index.php\/2009\/02\/27\/kus-mitingi\/#breadcrumb"},"inLanguage":"tr","potentialAction":[{"@type":"ReadAction","target":["https:\/\/narteks.net\/index.php\/2009\/02\/27\/kus-mitingi\/"]}]},{"@type":"BreadcrumbList","@id":"https:\/\/narteks.net\/index.php\/2009\/02\/27\/kus-mitingi\/#breadcrumb","itemListElement":[{"@type":"ListItem","position":1,"name":"Anasayfa","item":"https:\/\/narteks.net\/"},{"@type":"ListItem","position":2,"name":"KU\u015e MITINGI"}]},{"@type":"WebSite","@id":"https:\/\/narteks.net\/#website","url":"https:\/\/narteks.net\/","name":"narteks.net","description":"K\u00fclt\u00fcr Sanat Edebiyat Felsefe","publisher":{"@id":"https:\/\/narteks.net\/#organization"},"alternateName":"K\u00fclt\u00fcr Sanat Edebiyat Felsefe","potentialAction":[{"@type":"SearchAction","target":{"@type":"EntryPoint","urlTemplate":"https:\/\/narteks.net\/?s={search_term_string}"},"query-input":{"@type":"PropertyValueSpecification","valueRequired":true,"valueName":"search_term_string"}}],"inLanguage":"tr"},{"@type":"Organization","@id":"https:\/\/narteks.net\/#organization","name":"narteks.net","url":"https:\/\/narteks.net\/","logo":{"@type":"ImageObject","inLanguage":"tr","@id":"https:\/\/narteks.net\/#\/schema\/logo\/image\/","url":"https:\/\/narteks.net\/wp-content\/uploads\/narteks.png","contentUrl":"https:\/\/narteks.net\/wp-content\/uploads\/narteks.png","width":300,"height":90,"caption":"narteks.net"},"image":{"@id":"https:\/\/narteks.net\/#\/schema\/logo\/image\/"},"sameAs":["https:\/\/x.com\/narteks","https:\/\/instagram.com\/narteksnet"]},{"@type":"Person","@id":"https:\/\/narteks.net\/#\/schema\/person\/61f37d9834294b72d31d274e7ed79bca","name":"Tar\u0131k","image":{"@type":"ImageObject","inLanguage":"tr","@id":"https:\/\/narteks.net\/#\/schema\/person\/image\/","url":"https:\/\/secure.gravatar.com\/avatar\/50865afb55632c4ae467e0af0930f6510aa2297d8014be502a55b14f3b7550cf?s=96&d=mm&r=g","contentUrl":"https:\/\/secure.gravatar.com\/avatar\/50865afb55632c4ae467e0af0930f6510aa2297d8014be502a55b14f3b7550cf?s=96&d=mm&r=g","caption":"Tar\u0131k"},"sameAs":["http:\/\/narteks.net"],"url":"https:\/\/narteks.net\/index.php\/author\/narbak\/"}]}},"_links":{"self":[{"href":"https:\/\/narteks.net\/index.php\/wp-json\/wp\/v2\/posts\/21","targetHints":{"allow":["GET"]}}],"collection":[{"href":"https:\/\/narteks.net\/index.php\/wp-json\/wp\/v2\/posts"}],"about":[{"href":"https:\/\/narteks.net\/index.php\/wp-json\/wp\/v2\/types\/post"}],"author":[{"embeddable":true,"href":"https:\/\/narteks.net\/index.php\/wp-json\/wp\/v2\/users\/1"}],"replies":[{"embeddable":true,"href":"https:\/\/narteks.net\/index.php\/wp-json\/wp\/v2\/comments?post=21"}],"version-history":[{"count":0,"href":"https:\/\/narteks.net\/index.php\/wp-json\/wp\/v2\/posts\/21\/revisions"}],"wp:attachment":[{"href":"https:\/\/narteks.net\/index.php\/wp-json\/wp\/v2\/media?parent=21"}],"wp:term":[{"taxonomy":"category","embeddable":true,"href":"https:\/\/narteks.net\/index.php\/wp-json\/wp\/v2\/categories?post=21"},{"taxonomy":"post_tag","embeddable":true,"href":"https:\/\/narteks.net\/index.php\/wp-json\/wp\/v2\/tags?post=21"}],"curies":[{"name":"wp","href":"https:\/\/api.w.org\/{rel}","templated":true}]}}