{"id":2101,"date":"2009-12-04T22:15:22","date_gmt":"2009-12-04T19:15:22","guid":{"rendered":"http:\/\/localhost\/wordpress\/2009\/12\/04\/almanyadan-rapor\/"},"modified":"2009-12-04T22:15:22","modified_gmt":"2009-12-04T19:15:22","slug":"almanyadan-rapor","status":"publish","type":"post","link":"https:\/\/narteks.net\/index.php\/2009\/12\/04\/almanyadan-rapor\/","title":{"rendered":"ALMANYA&#8217;DAN RAPOR"},"content":{"rendered":"<p>\u00a0<\/p>\n<p>\u00d6\u011frendi\u011fimize g\u00f6re, Almanya&#8217;da  <br \/>kahverengi veba g\u00fcnlerinde  <br \/>bir makine fabrikas\u0131n\u0131n \u00e7at\u0131s\u0131nda birdenbire  <br \/>bir k\u0131z\u0131l bayrak dalgaland\u0131 Kas\u0131m r\u00fczgar\u0131nda,  <br \/>\u00f6zg\u00fcrl\u00fc\u011f\u00fcn yasad\u0131\u015f\u0131 bayra\u011f\u0131!  <br \/>Sulu kar d\u00fc\u015ft\u00fc g\u00f6kten  <br \/>kasvetli Kas\u0131m ortas\u0131nda,  <br \/>ay\u0131n yedisiydi ama,  <br \/>devrimin y\u0131ld\u00f6n\u00fcm\u00fc!  <\/p>\n<p>Bak\u0131n hele! K\u0131z\u0131l bayrak!  <\/p>\n<p>Avluda i\u015f\u00e7iler dinelmi\u015fler,  <br \/>g\u00f6zlerine siper edip ellerini  <br \/>bak\u0131yorlar \u00e7at\u0131ya  <br \/>buzlu r\u00fczgara kar\u015f\u0131.  <\/p>\n<p>Birden kamyonlar geliyor  <br \/>&#8220;F\u0131rt\u0131na Birlikleri&#8221;yle t\u0131kl\u0131m t\u0131kl\u0131m,  <br \/>ve s\u00fcr\u00fcyorlar duvara do\u011fru  <br \/>i\u015f\u00e7i tulumu giyen kim varsa,  <br \/>ve ba\u011fl\u0131yorlar iplerle nas\u0131rl\u0131 yumruklar\u0131,  <br \/>ve sorgular\u0131ndan sonra  <br \/>d\u00f6v\u00fclm\u00fc\u015f insanlar \u00e7\u0131k\u0131yor barakalardan  <br \/>sendeleyerek, kanlar i\u00e7inde.  <br \/>Ad\u0131n\u0131 s\u00f6ylememi\u015fti bir teki bile  <br \/>\u00e7at\u0131ya bayra\u011f\u0131 \u00e7eken adam\u0131n.  <\/p>\n<p>B\u00f6ylece s\u00fcrd\u00fcler g\u0131k demeyenleri.  <br \/>Geri kalanlar da paylar\u0131n\u0131 ald\u0131lar yeterince.  <br \/>Ama ertesi g\u00fcn yeniden dalgaland\u0131  <br \/>makine fabrikas\u0131n\u0131n \u00e7at\u0131s\u0131nda  <br \/>proletaryan\u0131n k\u0131z\u0131l bayra\u011f\u0131.  <br \/>Yeniden duyuldu \u00f6l\u00fc gibi sessiz kentte  <br \/>&#8220;F\u0131rt\u0131na Birlikleri&#8221;nin ayak pat\u0131rt\u0131lar\u0131.  <br \/>Avlularda g\u00f6r\u00fclmez oldu hi\u00e7bir erkek.  <br \/>Yaln\u0131z kad\u0131nlar, y\u00fczleri ta\u015f gibi,  <br \/>bak\u0131yorlar \u00e7at\u0131ya  <br \/>buzlu r\u00fczgara kar\u015f\u0131  <br \/>g\u00f6zlerine siper edip ellerini.  <\/p>\n<p>Ve ba\u015fl\u0131yor dayaklar bir kez daha.  <br \/>Sorgularda kad\u0131nlar\u0131n dedikleri hep \u015fu:  <br \/>Bir yatak \u00e7ar\u015faf\u0131d\u0131r o bayrak,  <br \/>i\u00e7inde d\u00fcn \u00f6len birini ta\u015f\u0131d\u0131k.  <br \/>Rengi y\u00fcz\u00fcnden su\u00e7layamazs\u0131n\u0131z bizi.  <br \/>\u00d6ld\u00fcr\u00fclen adam\u0131n kan\u0131 bulanm\u0131\u015ft\u0131r ona,  <br \/>rengi ondan k\u0131rm\u0131z\u0131.<\/p>\n<p>Bertolt BRECTH<\/p>\n","protected":false},"excerpt":{"rendered":"<p>\u00a0 \u00d6\u011frendi\u011fimize g\u00f6re, Almanya&#8217;da kahverengi veba g\u00fcnlerinde bir makine fabrikas\u0131n\u0131n \u00e7at\u0131s\u0131nda birdenbire bir k\u0131z\u0131l bayrak dalgaland\u0131 Kas\u0131m r\u00fczgar\u0131nda, \u00f6zg\u00fcrl\u00fc\u011f\u00fcn yasad\u0131\u015f\u0131 bayra\u011f\u0131! Sulu kar d\u00fc\u015ft\u00fc g\u00f6kten kasvetli Kas\u0131m ortas\u0131nda, ay\u0131n yedisiydi ama, devrimin y\u0131ld\u00f6n\u00fcm\u00fc! Bak\u0131n hele! K\u0131z\u0131l bayrak! Avluda i\u015f\u00e7iler dinelmi\u015fler, g\u00f6zlerine siper edip ellerini bak\u0131yorlar \u00e7at\u0131ya buzlu r\u00fczgara kar\u015f\u0131. Birden kamyonlar geliyor &#8220;F\u0131rt\u0131na Birlikleri&#8221;yle t\u0131kl\u0131m [&hellip;]<\/p>\n","protected":false},"author":1,"featured_media":0,"comment_status":"open","ping_status":"open","sticky":false,"template":"","format":"standard","meta":{"footnotes":""},"categories":[14],"tags":[],"class_list":{"0":"post-2101","1":"post","2":"type-post","3":"status-publish","4":"format-standard","6":"category-bertolt-brecth"},"yoast_head":"<!-- This site is optimized with the Yoast SEO Premium plugin v24.9 (Yoast SEO v24.9) - https:\/\/yoast.com\/wordpress\/plugins\/seo\/ -->\n<title>ALMANYA&#039;DAN RAPOR - narteks.net<\/title>\n<meta name=\"robots\" content=\"index, follow, max-snippet:-1, max-image-preview:large, max-video-preview:-1\" \/>\n<link rel=\"canonical\" href=\"https:\/\/narteks.net\/index.php\/2009\/12\/04\/almanyadan-rapor\/\" \/>\n<meta property=\"og:locale\" content=\"tr_TR\" \/>\n<meta property=\"og:type\" content=\"article\" \/>\n<meta property=\"og:title\" content=\"ALMANYA&#039;DAN RAPOR\" \/>\n<meta property=\"og:description\" content=\"\u00a0 \u00d6\u011frendi\u011fimize g\u00f6re, Almanya&#8217;da kahverengi veba g\u00fcnlerinde bir makine fabrikas\u0131n\u0131n \u00e7at\u0131s\u0131nda birdenbire bir k\u0131z\u0131l bayrak dalgaland\u0131 Kas\u0131m r\u00fczgar\u0131nda, \u00f6zg\u00fcrl\u00fc\u011f\u00fcn yasad\u0131\u015f\u0131 bayra\u011f\u0131! Sulu kar d\u00fc\u015ft\u00fc g\u00f6kten kasvetli Kas\u0131m ortas\u0131nda, ay\u0131n yedisiydi ama, devrimin y\u0131ld\u00f6n\u00fcm\u00fc! Bak\u0131n hele! K\u0131z\u0131l bayrak! Avluda i\u015f\u00e7iler dinelmi\u015fler, g\u00f6zlerine siper edip ellerini bak\u0131yorlar \u00e7at\u0131ya buzlu r\u00fczgara kar\u015f\u0131. Birden kamyonlar geliyor &#8220;F\u0131rt\u0131na Birlikleri&#8221;yle t\u0131kl\u0131m [&hellip;]\" \/>\n<meta property=\"og:url\" content=\"https:\/\/narteks.net\/index.php\/2009\/12\/04\/almanyadan-rapor\/\" \/>\n<meta property=\"og:site_name\" content=\"narteks.net\" \/>\n<meta property=\"article:published_time\" content=\"2009-12-04T19:15:22+00:00\" \/>\n<meta property=\"og:image\" content=\"https:\/\/narteks.net\/wp-content\/uploads\/narteks.png\" \/>\n\t<meta property=\"og:image:width\" content=\"300\" \/>\n\t<meta property=\"og:image:height\" content=\"90\" \/>\n\t<meta property=\"og:image:type\" content=\"image\/png\" \/>\n<meta name=\"author\" content=\"Tar\u0131k\" \/>\n<meta name=\"twitter:card\" content=\"summary_large_image\" \/>\n<meta name=\"twitter:creator\" content=\"@narteks\" \/>\n<meta name=\"twitter:site\" content=\"@narteks\" \/>\n<meta name=\"twitter:label1\" content=\"Yazan:\" \/>\n\t<meta name=\"twitter:data1\" content=\"Tar\u0131k\" \/>\n\t<meta name=\"twitter:label2\" content=\"Tahmini okuma s\u00fcresi\" \/>\n\t<meta name=\"twitter:data2\" content=\"1 dakika\" \/>\n<script type=\"application\/ld+json\" class=\"yoast-schema-graph\">{\"@context\":\"https:\/\/schema.org\",\"@graph\":[{\"@type\":\"Article\",\"@id\":\"https:\/\/narteks.net\/index.php\/2009\/12\/04\/almanyadan-rapor\/#article\",\"isPartOf\":{\"@id\":\"https:\/\/narteks.net\/index.php\/2009\/12\/04\/almanyadan-rapor\/\"},\"author\":{\"name\":\"Tar\u0131k\",\"@id\":\"https:\/\/narteks.net\/#\/schema\/person\/61f37d9834294b72d31d274e7ed79bca\"},\"headline\":\"ALMANYA&#8217;DAN RAPOR\",\"datePublished\":\"2009-12-04T19:15:22+00:00\",\"mainEntityOfPage\":{\"@id\":\"https:\/\/narteks.net\/index.php\/2009\/12\/04\/almanyadan-rapor\/\"},\"wordCount\":282,\"commentCount\":0,\"publisher\":{\"@id\":\"https:\/\/narteks.net\/#organization\"},\"articleSection\":[\"Bertolt BRECTH\"],\"inLanguage\":\"tr\",\"potentialAction\":[{\"@type\":\"CommentAction\",\"name\":\"Comment\",\"target\":[\"https:\/\/narteks.net\/index.php\/2009\/12\/04\/almanyadan-rapor\/#respond\"]}]},{\"@type\":\"WebPage\",\"@id\":\"https:\/\/narteks.net\/index.php\/2009\/12\/04\/almanyadan-rapor\/\",\"url\":\"https:\/\/narteks.net\/index.php\/2009\/12\/04\/almanyadan-rapor\/\",\"name\":\"ALMANYA'DAN RAPOR - narteks.net\",\"isPartOf\":{\"@id\":\"https:\/\/narteks.net\/#website\"},\"datePublished\":\"2009-12-04T19:15:22+00:00\",\"breadcrumb\":{\"@id\":\"https:\/\/narteks.net\/index.php\/2009\/12\/04\/almanyadan-rapor\/#breadcrumb\"},\"inLanguage\":\"tr\",\"potentialAction\":[{\"@type\":\"ReadAction\",\"target\":[\"https:\/\/narteks.net\/index.php\/2009\/12\/04\/almanyadan-rapor\/\"]}]},{\"@type\":\"BreadcrumbList\",\"@id\":\"https:\/\/narteks.net\/index.php\/2009\/12\/04\/almanyadan-rapor\/#breadcrumb\",\"itemListElement\":[{\"@type\":\"ListItem\",\"position\":1,\"name\":\"Anasayfa\",\"item\":\"https:\/\/narteks.net\/\"},{\"@type\":\"ListItem\",\"position\":2,\"name\":\"ALMANYA&#8217;DAN RAPOR\"}]},{\"@type\":\"WebSite\",\"@id\":\"https:\/\/narteks.net\/#website\",\"url\":\"https:\/\/narteks.net\/\",\"name\":\"narteks.net\",\"description\":\"K\u00fclt\u00fcr Sanat Edebiyat Felsefe\",\"publisher\":{\"@id\":\"https:\/\/narteks.net\/#organization\"},\"alternateName\":\"K\u00fclt\u00fcr Sanat Edebiyat Felsefe\",\"potentialAction\":[{\"@type\":\"SearchAction\",\"target\":{\"@type\":\"EntryPoint\",\"urlTemplate\":\"https:\/\/narteks.net\/?s={search_term_string}\"},\"query-input\":{\"@type\":\"PropertyValueSpecification\",\"valueRequired\":true,\"valueName\":\"search_term_string\"}}],\"inLanguage\":\"tr\"},{\"@type\":\"Organization\",\"@id\":\"https:\/\/narteks.net\/#organization\",\"name\":\"narteks.net\",\"url\":\"https:\/\/narteks.net\/\",\"logo\":{\"@type\":\"ImageObject\",\"inLanguage\":\"tr\",\"@id\":\"https:\/\/narteks.net\/#\/schema\/logo\/image\/\",\"url\":\"https:\/\/narteks.net\/wp-content\/uploads\/narteks.png\",\"contentUrl\":\"https:\/\/narteks.net\/wp-content\/uploads\/narteks.png\",\"width\":300,\"height\":90,\"caption\":\"narteks.net\"},\"image\":{\"@id\":\"https:\/\/narteks.net\/#\/schema\/logo\/image\/\"},\"sameAs\":[\"https:\/\/x.com\/narteks\",\"https:\/\/instagram.com\/narteksnet\"]},{\"@type\":\"Person\",\"@id\":\"https:\/\/narteks.net\/#\/schema\/person\/61f37d9834294b72d31d274e7ed79bca\",\"name\":\"Tar\u0131k\",\"image\":{\"@type\":\"ImageObject\",\"inLanguage\":\"tr\",\"@id\":\"https:\/\/narteks.net\/#\/schema\/person\/image\/\",\"url\":\"https:\/\/secure.gravatar.com\/avatar\/50865afb55632c4ae467e0af0930f6510aa2297d8014be502a55b14f3b7550cf?s=96&d=mm&r=g\",\"contentUrl\":\"https:\/\/secure.gravatar.com\/avatar\/50865afb55632c4ae467e0af0930f6510aa2297d8014be502a55b14f3b7550cf?s=96&d=mm&r=g\",\"caption\":\"Tar\u0131k\"},\"sameAs\":[\"http:\/\/narteks.net\"],\"url\":\"https:\/\/narteks.net\/index.php\/author\/narbak\/\"}]}<\/script>\n<!-- \/ Yoast SEO Premium plugin. -->","yoast_head_json":{"title":"ALMANYA'DAN RAPOR - narteks.net","robots":{"index":"index","follow":"follow","max-snippet":"max-snippet:-1","max-image-preview":"max-image-preview:large","max-video-preview":"max-video-preview:-1"},"canonical":"https:\/\/narteks.net\/index.php\/2009\/12\/04\/almanyadan-rapor\/","og_locale":"tr_TR","og_type":"article","og_title":"ALMANYA'DAN RAPOR","og_description":"\u00a0 \u00d6\u011frendi\u011fimize g\u00f6re, Almanya&#8217;da kahverengi veba g\u00fcnlerinde bir makine fabrikas\u0131n\u0131n \u00e7at\u0131s\u0131nda birdenbire bir k\u0131z\u0131l bayrak dalgaland\u0131 Kas\u0131m r\u00fczgar\u0131nda, \u00f6zg\u00fcrl\u00fc\u011f\u00fcn yasad\u0131\u015f\u0131 bayra\u011f\u0131! Sulu kar d\u00fc\u015ft\u00fc g\u00f6kten kasvetli Kas\u0131m ortas\u0131nda, ay\u0131n yedisiydi ama, devrimin y\u0131ld\u00f6n\u00fcm\u00fc! Bak\u0131n hele! K\u0131z\u0131l bayrak! Avluda i\u015f\u00e7iler dinelmi\u015fler, g\u00f6zlerine siper edip ellerini bak\u0131yorlar \u00e7at\u0131ya buzlu r\u00fczgara kar\u015f\u0131. Birden kamyonlar geliyor &#8220;F\u0131rt\u0131na Birlikleri&#8221;yle t\u0131kl\u0131m [&hellip;]","og_url":"https:\/\/narteks.net\/index.php\/2009\/12\/04\/almanyadan-rapor\/","og_site_name":"narteks.net","article_published_time":"2009-12-04T19:15:22+00:00","og_image":[{"width":300,"height":90,"url":"https:\/\/narteks.net\/wp-content\/uploads\/narteks.png","type":"image\/png"}],"author":"Tar\u0131k","twitter_card":"summary_large_image","twitter_creator":"@narteks","twitter_site":"@narteks","twitter_misc":{"Yazan:":"Tar\u0131k","Tahmini okuma s\u00fcresi":"1 dakika"},"schema":{"@context":"https:\/\/schema.org","@graph":[{"@type":"Article","@id":"https:\/\/narteks.net\/index.php\/2009\/12\/04\/almanyadan-rapor\/#article","isPartOf":{"@id":"https:\/\/narteks.net\/index.php\/2009\/12\/04\/almanyadan-rapor\/"},"author":{"name":"Tar\u0131k","@id":"https:\/\/narteks.net\/#\/schema\/person\/61f37d9834294b72d31d274e7ed79bca"},"headline":"ALMANYA&#8217;DAN RAPOR","datePublished":"2009-12-04T19:15:22+00:00","mainEntityOfPage":{"@id":"https:\/\/narteks.net\/index.php\/2009\/12\/04\/almanyadan-rapor\/"},"wordCount":282,"commentCount":0,"publisher":{"@id":"https:\/\/narteks.net\/#organization"},"articleSection":["Bertolt BRECTH"],"inLanguage":"tr","potentialAction":[{"@type":"CommentAction","name":"Comment","target":["https:\/\/narteks.net\/index.php\/2009\/12\/04\/almanyadan-rapor\/#respond"]}]},{"@type":"WebPage","@id":"https:\/\/narteks.net\/index.php\/2009\/12\/04\/almanyadan-rapor\/","url":"https:\/\/narteks.net\/index.php\/2009\/12\/04\/almanyadan-rapor\/","name":"ALMANYA'DAN RAPOR - narteks.net","isPartOf":{"@id":"https:\/\/narteks.net\/#website"},"datePublished":"2009-12-04T19:15:22+00:00","breadcrumb":{"@id":"https:\/\/narteks.net\/index.php\/2009\/12\/04\/almanyadan-rapor\/#breadcrumb"},"inLanguage":"tr","potentialAction":[{"@type":"ReadAction","target":["https:\/\/narteks.net\/index.php\/2009\/12\/04\/almanyadan-rapor\/"]}]},{"@type":"BreadcrumbList","@id":"https:\/\/narteks.net\/index.php\/2009\/12\/04\/almanyadan-rapor\/#breadcrumb","itemListElement":[{"@type":"ListItem","position":1,"name":"Anasayfa","item":"https:\/\/narteks.net\/"},{"@type":"ListItem","position":2,"name":"ALMANYA&#8217;DAN RAPOR"}]},{"@type":"WebSite","@id":"https:\/\/narteks.net\/#website","url":"https:\/\/narteks.net\/","name":"narteks.net","description":"K\u00fclt\u00fcr Sanat Edebiyat Felsefe","publisher":{"@id":"https:\/\/narteks.net\/#organization"},"alternateName":"K\u00fclt\u00fcr Sanat Edebiyat Felsefe","potentialAction":[{"@type":"SearchAction","target":{"@type":"EntryPoint","urlTemplate":"https:\/\/narteks.net\/?s={search_term_string}"},"query-input":{"@type":"PropertyValueSpecification","valueRequired":true,"valueName":"search_term_string"}}],"inLanguage":"tr"},{"@type":"Organization","@id":"https:\/\/narteks.net\/#organization","name":"narteks.net","url":"https:\/\/narteks.net\/","logo":{"@type":"ImageObject","inLanguage":"tr","@id":"https:\/\/narteks.net\/#\/schema\/logo\/image\/","url":"https:\/\/narteks.net\/wp-content\/uploads\/narteks.png","contentUrl":"https:\/\/narteks.net\/wp-content\/uploads\/narteks.png","width":300,"height":90,"caption":"narteks.net"},"image":{"@id":"https:\/\/narteks.net\/#\/schema\/logo\/image\/"},"sameAs":["https:\/\/x.com\/narteks","https:\/\/instagram.com\/narteksnet"]},{"@type":"Person","@id":"https:\/\/narteks.net\/#\/schema\/person\/61f37d9834294b72d31d274e7ed79bca","name":"Tar\u0131k","image":{"@type":"ImageObject","inLanguage":"tr","@id":"https:\/\/narteks.net\/#\/schema\/person\/image\/","url":"https:\/\/secure.gravatar.com\/avatar\/50865afb55632c4ae467e0af0930f6510aa2297d8014be502a55b14f3b7550cf?s=96&d=mm&r=g","contentUrl":"https:\/\/secure.gravatar.com\/avatar\/50865afb55632c4ae467e0af0930f6510aa2297d8014be502a55b14f3b7550cf?s=96&d=mm&r=g","caption":"Tar\u0131k"},"sameAs":["http:\/\/narteks.net"],"url":"https:\/\/narteks.net\/index.php\/author\/narbak\/"}]}},"_links":{"self":[{"href":"https:\/\/narteks.net\/index.php\/wp-json\/wp\/v2\/posts\/2101","targetHints":{"allow":["GET"]}}],"collection":[{"href":"https:\/\/narteks.net\/index.php\/wp-json\/wp\/v2\/posts"}],"about":[{"href":"https:\/\/narteks.net\/index.php\/wp-json\/wp\/v2\/types\/post"}],"author":[{"embeddable":true,"href":"https:\/\/narteks.net\/index.php\/wp-json\/wp\/v2\/users\/1"}],"replies":[{"embeddable":true,"href":"https:\/\/narteks.net\/index.php\/wp-json\/wp\/v2\/comments?post=2101"}],"version-history":[{"count":0,"href":"https:\/\/narteks.net\/index.php\/wp-json\/wp\/v2\/posts\/2101\/revisions"}],"wp:attachment":[{"href":"https:\/\/narteks.net\/index.php\/wp-json\/wp\/v2\/media?parent=2101"}],"wp:term":[{"taxonomy":"category","embeddable":true,"href":"https:\/\/narteks.net\/index.php\/wp-json\/wp\/v2\/categories?post=2101"},{"taxonomy":"post_tag","embeddable":true,"href":"https:\/\/narteks.net\/index.php\/wp-json\/wp\/v2\/tags?post=2101"}],"curies":[{"name":"wp","href":"https:\/\/api.w.org\/{rel}","templated":true}]}}