{"id":2102,"date":"2009-12-04T22:15:52","date_gmt":"2009-12-04T19:15:52","guid":{"rendered":"http:\/\/localhost\/wordpress\/2009\/12\/04\/budanin-yanan-ev-kissasi\/"},"modified":"2009-12-04T22:15:52","modified_gmt":"2009-12-04T19:15:52","slug":"budanin-yanan-ev-kissasi","status":"publish","type":"post","link":"https:\/\/narteks.net\/index.php\/2009\/12\/04\/budanin-yanan-ev-kissasi\/","title":{"rendered":"BUDA&#8217;NIN YANAN EV KISSASI"},"content":{"rendered":"<p>\u00a0<\/p>\n<p>Gotama Buda, <br \/>ba\u011fland\u0131\u011f\u0131m\u0131z h\u0131rs \u00e7ark\u0131n\u0131 verdi <br \/>ve \u015funu \u00f6\u011f\u00fctledi: <br \/>B\u0131rak\u0131n bir yana t\u00fcm h\u0131rslar\u0131n\u0131z\u0131 <br \/>ve girin Nirvana dedi\u011fim hi\u00e7li\u011fe <br \/>t\u00fcm isteklerden ar\u0131narak. <br \/>Sonra bir g\u00fcn \u00f6\u011frenciler ona sordu: <br \/>Neye benzer bu hi\u00e7lik \u00fcstat? <br \/>\u00d6\u011f\u00fctledi\u011fin gibi, b\u00fct\u00fcn h\u0131rslar\u0131m\u0131z\u0131 <br \/>hepimiz bir bir atabiliriz bir yana, <br \/>ama s\u00f6yle bize, <br \/>bu i\u00e7ine girdi\u011fimiz hi\u00e7lik <br \/>t\u00fcm yarad\u0131l\u0131\u015fla b\u00fct\u00fcnle\u015fmek gibi bir \u015fey mi acaba? <br \/>Yatarken suyun i\u00e7inde, bedeniniz a\u011f\u0131rl\u0131ks\u0131z, \u00f6\u011fle vakti, <br \/>tembel tembel yatars\u0131n\u0131z suda, hi\u00e7bir \u015fey d\u00fc\u015f\u00fcnmeden hani, <br \/>ya da uyuklar gibisiniz, d\u00fczeltti\u011finizin pek fark\u0131nda <br \/> olamadan battaniyeyi, <br \/>kendinizden ge\u00e7erken h\u0131zla- <br \/>hi\u00e7lik bu t\u00fcr mutlu bir \u015fey mi acaba, <br \/>tatl\u0131 bir hi\u00e7lik mi yani, <br \/>yoksa duygusuz, so\u011fuk, bo\u015f bir hi\u00e7lik mi bu hi\u00e7li\u011fin senin? <\/p>\n<p>Uzun s\u00fcre sessiz kald\u0131 Buda, <br \/>sonra, umursuz, dedi ki: <br \/>Yan\u0131t\u0131 yok sorunuzun. <br \/>Ama onlar gittikten sonra, ak\u015fam\u00fcst\u00fc, <br \/>meyvalar\u0131 ekmek olan a\u011fac\u0131n alt\u0131nda oturuyordu Buda hala, <br \/>ve \u00f6b\u00fcrlerine, soru sormayanlara, anlat\u0131yordu \u015fu \u00f6yk\u00fcy\u00fc: <br \/>Ge\u00e7enlerde bir ev g\u00f6rd\u00fcm. Yan\u0131yordu. <br \/>Alevler \u00e7at\u0131s\u0131n\u0131 yal\u0131yordu evin. <br \/>Yan\u0131na vard\u0131m, bakt\u0131m i\u00e7inde hala insanlar var.<br \/>A\u00e7t\u0131m kap\u0131y\u0131, seslendim onlara, <br \/>dedim, yan\u0131yor \u00e7at\u0131, ve buyurdum, <br \/>haydi, \u00e7\u0131k\u0131n d\u0131\u015far\u0131 \u00e7abuk. <br \/>Ama insanlar hi\u00e7 oral\u0131 de\u011fil gibiydiler. <\/p>\n<p>\u0130\u00e7lerinden biri, s\u0131cakl\u0131k ka\u015flar\u0131n\u0131 kavurdu kavuracak, <br \/>d\u0131\u015far\u0131s\u0131n\u0131n nas\u0131l oldu\u011funu sordu bana, <br \/>d\u0131\u015farda ya\u011fmur ya\u011f\u0131yor muydu, ya\u011fmuyor muydu, <br \/>r\u00fczgar esiyor muydu, esmiyor muydu, <br \/>d\u0131\u015farda bir ba\u015fka ev var m\u0131yd\u0131 ba\u015flar\u0131n\u0131 sokacak, <br \/>ve buna benzer  <br \/>daha bir s\u00fcr\u00fc soru. <br \/>Bir \u015fey demeden ayr\u0131ld\u0131m ordan. <br \/>Bu evdeki insanlar, dedim, kendi kendime, <br \/>soru sormaktan vazge\u00e7meden \u00f6nce yan\u0131p \u00f6lmeyi<br \/> hak etmi\u015fler.<br \/>Do\u011frusu, dostlar\u0131m, bir insan, <br \/>bast\u0131\u011f\u0131 yerin ne denli k\u0131zd\u0131\u011f\u0131n\u0131n fark\u0131nda de\u011filse <br \/>ve orada durmaktansa, neresi olursa olsun <br \/>ba\u015fka bir yere gitmek zorunlulu\u011funu duymuyorsa <br \/>s\u00f6yleyecek hi\u00e7bir s\u00f6z\u00fcm yok o insana. <br \/>\u0130\u015fte, Gotama Buda buraya kadar. <\/p>\n<p>Ama bizler de, art\u0131k bundan b\u00f6yle, <br \/>boyun e\u011fme zaat\u0131yla de\u011fil de <br \/>boyun e\u011fmeme zaat\u0131yla ilgilenen bizler de, <br \/>somut \u00f6neriler \u00f6ne s\u00fcrerek <br \/>etten kemikten i\u015fkencecileri ala\u015fa\u011f\u0131 etsinler diye <br \/>insanlara ders veren bizler de, <br \/>inan\u0131yoruz ki <br \/>yakla\u015fan bombard\u0131man filolar\u0131 kar\u015f\u0131s\u0131nda parababalar\u0131n\u0131n, <br \/>yok \u015fu sorunu nas\u0131l \u00e7\u00f6zece\u011fimizi, <br \/>yok \u015fu konuda ne \u00f6nerdi\u011fimizi, <br \/>ve devrimden sonra, <br \/>biriktirdikleri paralar\u0131n ve bayraml\u0131klar\u0131n\u0131n ne olaca\u011f\u0131n\u0131 <br \/>durup durup soranlara <br \/>fazla bir s\u00f6z\u00fcm\u00fcz yok s\u00f6yleyecek.<\/p>\n<p>Bertolt BRECTH<\/p>\n","protected":false},"excerpt":{"rendered":"<p>\u00a0 Gotama Buda, ba\u011fland\u0131\u011f\u0131m\u0131z h\u0131rs \u00e7ark\u0131n\u0131 verdi ve \u015funu \u00f6\u011f\u00fctledi: B\u0131rak\u0131n bir yana t\u00fcm h\u0131rslar\u0131n\u0131z\u0131 ve girin Nirvana dedi\u011fim hi\u00e7li\u011fe t\u00fcm isteklerden ar\u0131narak. Sonra bir g\u00fcn \u00f6\u011frenciler ona sordu: Neye benzer bu hi\u00e7lik \u00fcstat? \u00d6\u011f\u00fctledi\u011fin gibi, b\u00fct\u00fcn h\u0131rslar\u0131m\u0131z\u0131 hepimiz bir bir atabiliriz bir yana, ama s\u00f6yle bize, bu i\u00e7ine girdi\u011fimiz hi\u00e7lik t\u00fcm yarad\u0131l\u0131\u015fla b\u00fct\u00fcnle\u015fmek gibi [&hellip;]<\/p>\n","protected":false},"author":1,"featured_media":0,"comment_status":"open","ping_status":"open","sticky":false,"template":"","format":"standard","meta":{"footnotes":""},"categories":[14],"tags":[],"class_list":{"0":"post-2102","1":"post","2":"type-post","3":"status-publish","4":"format-standard","6":"category-bertolt-brecth"},"yoast_head":"<!-- This site is optimized with the Yoast SEO Premium plugin v24.9 (Yoast SEO v24.9) - https:\/\/yoast.com\/wordpress\/plugins\/seo\/ -->\n<title>BUDA&#039;NIN YANAN EV KISSASI - narteks.net<\/title>\n<meta name=\"robots\" content=\"index, follow, max-snippet:-1, max-image-preview:large, max-video-preview:-1\" \/>\n<link rel=\"canonical\" href=\"https:\/\/narteks.net\/index.php\/2009\/12\/04\/budanin-yanan-ev-kissasi\/\" \/>\n<meta property=\"og:locale\" content=\"tr_TR\" \/>\n<meta property=\"og:type\" content=\"article\" \/>\n<meta property=\"og:title\" content=\"BUDA&#039;NIN YANAN EV KISSASI\" \/>\n<meta property=\"og:description\" content=\"\u00a0 Gotama Buda, ba\u011fland\u0131\u011f\u0131m\u0131z h\u0131rs \u00e7ark\u0131n\u0131 verdi ve \u015funu \u00f6\u011f\u00fctledi: B\u0131rak\u0131n bir yana t\u00fcm h\u0131rslar\u0131n\u0131z\u0131 ve girin Nirvana dedi\u011fim hi\u00e7li\u011fe t\u00fcm isteklerden ar\u0131narak. Sonra bir g\u00fcn \u00f6\u011frenciler ona sordu: Neye benzer bu hi\u00e7lik \u00fcstat? \u00d6\u011f\u00fctledi\u011fin gibi, b\u00fct\u00fcn h\u0131rslar\u0131m\u0131z\u0131 hepimiz bir bir atabiliriz bir yana, ama s\u00f6yle bize, bu i\u00e7ine girdi\u011fimiz hi\u00e7lik t\u00fcm yarad\u0131l\u0131\u015fla b\u00fct\u00fcnle\u015fmek gibi [&hellip;]\" \/>\n<meta property=\"og:url\" content=\"https:\/\/narteks.net\/index.php\/2009\/12\/04\/budanin-yanan-ev-kissasi\/\" \/>\n<meta property=\"og:site_name\" content=\"narteks.net\" \/>\n<meta property=\"article:published_time\" content=\"2009-12-04T19:15:52+00:00\" \/>\n<meta property=\"og:image\" content=\"https:\/\/narteks.net\/wp-content\/uploads\/narteks.png\" \/>\n\t<meta property=\"og:image:width\" content=\"300\" \/>\n\t<meta property=\"og:image:height\" content=\"90\" \/>\n\t<meta property=\"og:image:type\" content=\"image\/png\" \/>\n<meta name=\"author\" content=\"Tar\u0131k\" \/>\n<meta name=\"twitter:card\" content=\"summary_large_image\" \/>\n<meta name=\"twitter:creator\" content=\"@narteks\" \/>\n<meta name=\"twitter:site\" content=\"@narteks\" \/>\n<meta name=\"twitter:label1\" content=\"Yazan:\" \/>\n\t<meta name=\"twitter:data1\" content=\"Tar\u0131k\" \/>\n\t<meta name=\"twitter:label2\" content=\"Tahmini okuma s\u00fcresi\" \/>\n\t<meta name=\"twitter:data2\" content=\"2 dakika\" \/>\n<script type=\"application\/ld+json\" class=\"yoast-schema-graph\">{\"@context\":\"https:\/\/schema.org\",\"@graph\":[{\"@type\":\"Article\",\"@id\":\"https:\/\/narteks.net\/index.php\/2009\/12\/04\/budanin-yanan-ev-kissasi\/#article\",\"isPartOf\":{\"@id\":\"https:\/\/narteks.net\/index.php\/2009\/12\/04\/budanin-yanan-ev-kissasi\/\"},\"author\":{\"name\":\"Tar\u0131k\",\"@id\":\"https:\/\/narteks.net\/#\/schema\/person\/61f37d9834294b72d31d274e7ed79bca\"},\"headline\":\"BUDA&#8217;NIN YANAN EV KISSASI\",\"datePublished\":\"2009-12-04T19:15:52+00:00\",\"mainEntityOfPage\":{\"@id\":\"https:\/\/narteks.net\/index.php\/2009\/12\/04\/budanin-yanan-ev-kissasi\/\"},\"wordCount\":487,\"commentCount\":0,\"publisher\":{\"@id\":\"https:\/\/narteks.net\/#organization\"},\"articleSection\":[\"Bertolt BRECTH\"],\"inLanguage\":\"tr\",\"potentialAction\":[{\"@type\":\"CommentAction\",\"name\":\"Comment\",\"target\":[\"https:\/\/narteks.net\/index.php\/2009\/12\/04\/budanin-yanan-ev-kissasi\/#respond\"]}]},{\"@type\":\"WebPage\",\"@id\":\"https:\/\/narteks.net\/index.php\/2009\/12\/04\/budanin-yanan-ev-kissasi\/\",\"url\":\"https:\/\/narteks.net\/index.php\/2009\/12\/04\/budanin-yanan-ev-kissasi\/\",\"name\":\"BUDA'NIN YANAN EV KISSASI - narteks.net\",\"isPartOf\":{\"@id\":\"https:\/\/narteks.net\/#website\"},\"datePublished\":\"2009-12-04T19:15:52+00:00\",\"breadcrumb\":{\"@id\":\"https:\/\/narteks.net\/index.php\/2009\/12\/04\/budanin-yanan-ev-kissasi\/#breadcrumb\"},\"inLanguage\":\"tr\",\"potentialAction\":[{\"@type\":\"ReadAction\",\"target\":[\"https:\/\/narteks.net\/index.php\/2009\/12\/04\/budanin-yanan-ev-kissasi\/\"]}]},{\"@type\":\"BreadcrumbList\",\"@id\":\"https:\/\/narteks.net\/index.php\/2009\/12\/04\/budanin-yanan-ev-kissasi\/#breadcrumb\",\"itemListElement\":[{\"@type\":\"ListItem\",\"position\":1,\"name\":\"Anasayfa\",\"item\":\"https:\/\/narteks.net\/\"},{\"@type\":\"ListItem\",\"position\":2,\"name\":\"BUDA&#8217;NIN YANAN EV KISSASI\"}]},{\"@type\":\"WebSite\",\"@id\":\"https:\/\/narteks.net\/#website\",\"url\":\"https:\/\/narteks.net\/\",\"name\":\"narteks.net\",\"description\":\"K\u00fclt\u00fcr Sanat Edebiyat Felsefe\",\"publisher\":{\"@id\":\"https:\/\/narteks.net\/#organization\"},\"alternateName\":\"K\u00fclt\u00fcr Sanat Edebiyat Felsefe\",\"potentialAction\":[{\"@type\":\"SearchAction\",\"target\":{\"@type\":\"EntryPoint\",\"urlTemplate\":\"https:\/\/narteks.net\/?s={search_term_string}\"},\"query-input\":{\"@type\":\"PropertyValueSpecification\",\"valueRequired\":true,\"valueName\":\"search_term_string\"}}],\"inLanguage\":\"tr\"},{\"@type\":\"Organization\",\"@id\":\"https:\/\/narteks.net\/#organization\",\"name\":\"narteks.net\",\"url\":\"https:\/\/narteks.net\/\",\"logo\":{\"@type\":\"ImageObject\",\"inLanguage\":\"tr\",\"@id\":\"https:\/\/narteks.net\/#\/schema\/logo\/image\/\",\"url\":\"https:\/\/narteks.net\/wp-content\/uploads\/narteks.png\",\"contentUrl\":\"https:\/\/narteks.net\/wp-content\/uploads\/narteks.png\",\"width\":300,\"height\":90,\"caption\":\"narteks.net\"},\"image\":{\"@id\":\"https:\/\/narteks.net\/#\/schema\/logo\/image\/\"},\"sameAs\":[\"https:\/\/x.com\/narteks\",\"https:\/\/instagram.com\/narteksnet\"]},{\"@type\":\"Person\",\"@id\":\"https:\/\/narteks.net\/#\/schema\/person\/61f37d9834294b72d31d274e7ed79bca\",\"name\":\"Tar\u0131k\",\"image\":{\"@type\":\"ImageObject\",\"inLanguage\":\"tr\",\"@id\":\"https:\/\/narteks.net\/#\/schema\/person\/image\/\",\"url\":\"https:\/\/secure.gravatar.com\/avatar\/50865afb55632c4ae467e0af0930f6510aa2297d8014be502a55b14f3b7550cf?s=96&d=mm&r=g\",\"contentUrl\":\"https:\/\/secure.gravatar.com\/avatar\/50865afb55632c4ae467e0af0930f6510aa2297d8014be502a55b14f3b7550cf?s=96&d=mm&r=g\",\"caption\":\"Tar\u0131k\"},\"sameAs\":[\"http:\/\/narteks.net\"],\"url\":\"https:\/\/narteks.net\/index.php\/author\/narbak\/\"}]}<\/script>\n<!-- \/ Yoast SEO Premium plugin. -->","yoast_head_json":{"title":"BUDA'NIN YANAN EV KISSASI - narteks.net","robots":{"index":"index","follow":"follow","max-snippet":"max-snippet:-1","max-image-preview":"max-image-preview:large","max-video-preview":"max-video-preview:-1"},"canonical":"https:\/\/narteks.net\/index.php\/2009\/12\/04\/budanin-yanan-ev-kissasi\/","og_locale":"tr_TR","og_type":"article","og_title":"BUDA'NIN YANAN EV KISSASI","og_description":"\u00a0 Gotama Buda, ba\u011fland\u0131\u011f\u0131m\u0131z h\u0131rs \u00e7ark\u0131n\u0131 verdi ve \u015funu \u00f6\u011f\u00fctledi: B\u0131rak\u0131n bir yana t\u00fcm h\u0131rslar\u0131n\u0131z\u0131 ve girin Nirvana dedi\u011fim hi\u00e7li\u011fe t\u00fcm isteklerden ar\u0131narak. Sonra bir g\u00fcn \u00f6\u011frenciler ona sordu: Neye benzer bu hi\u00e7lik \u00fcstat? \u00d6\u011f\u00fctledi\u011fin gibi, b\u00fct\u00fcn h\u0131rslar\u0131m\u0131z\u0131 hepimiz bir bir atabiliriz bir yana, ama s\u00f6yle bize, bu i\u00e7ine girdi\u011fimiz hi\u00e7lik t\u00fcm yarad\u0131l\u0131\u015fla b\u00fct\u00fcnle\u015fmek gibi [&hellip;]","og_url":"https:\/\/narteks.net\/index.php\/2009\/12\/04\/budanin-yanan-ev-kissasi\/","og_site_name":"narteks.net","article_published_time":"2009-12-04T19:15:52+00:00","og_image":[{"width":300,"height":90,"url":"https:\/\/narteks.net\/wp-content\/uploads\/narteks.png","type":"image\/png"}],"author":"Tar\u0131k","twitter_card":"summary_large_image","twitter_creator":"@narteks","twitter_site":"@narteks","twitter_misc":{"Yazan:":"Tar\u0131k","Tahmini okuma s\u00fcresi":"2 dakika"},"schema":{"@context":"https:\/\/schema.org","@graph":[{"@type":"Article","@id":"https:\/\/narteks.net\/index.php\/2009\/12\/04\/budanin-yanan-ev-kissasi\/#article","isPartOf":{"@id":"https:\/\/narteks.net\/index.php\/2009\/12\/04\/budanin-yanan-ev-kissasi\/"},"author":{"name":"Tar\u0131k","@id":"https:\/\/narteks.net\/#\/schema\/person\/61f37d9834294b72d31d274e7ed79bca"},"headline":"BUDA&#8217;NIN YANAN EV KISSASI","datePublished":"2009-12-04T19:15:52+00:00","mainEntityOfPage":{"@id":"https:\/\/narteks.net\/index.php\/2009\/12\/04\/budanin-yanan-ev-kissasi\/"},"wordCount":487,"commentCount":0,"publisher":{"@id":"https:\/\/narteks.net\/#organization"},"articleSection":["Bertolt BRECTH"],"inLanguage":"tr","potentialAction":[{"@type":"CommentAction","name":"Comment","target":["https:\/\/narteks.net\/index.php\/2009\/12\/04\/budanin-yanan-ev-kissasi\/#respond"]}]},{"@type":"WebPage","@id":"https:\/\/narteks.net\/index.php\/2009\/12\/04\/budanin-yanan-ev-kissasi\/","url":"https:\/\/narteks.net\/index.php\/2009\/12\/04\/budanin-yanan-ev-kissasi\/","name":"BUDA'NIN YANAN EV KISSASI - narteks.net","isPartOf":{"@id":"https:\/\/narteks.net\/#website"},"datePublished":"2009-12-04T19:15:52+00:00","breadcrumb":{"@id":"https:\/\/narteks.net\/index.php\/2009\/12\/04\/budanin-yanan-ev-kissasi\/#breadcrumb"},"inLanguage":"tr","potentialAction":[{"@type":"ReadAction","target":["https:\/\/narteks.net\/index.php\/2009\/12\/04\/budanin-yanan-ev-kissasi\/"]}]},{"@type":"BreadcrumbList","@id":"https:\/\/narteks.net\/index.php\/2009\/12\/04\/budanin-yanan-ev-kissasi\/#breadcrumb","itemListElement":[{"@type":"ListItem","position":1,"name":"Anasayfa","item":"https:\/\/narteks.net\/"},{"@type":"ListItem","position":2,"name":"BUDA&#8217;NIN YANAN EV KISSASI"}]},{"@type":"WebSite","@id":"https:\/\/narteks.net\/#website","url":"https:\/\/narteks.net\/","name":"narteks.net","description":"K\u00fclt\u00fcr Sanat Edebiyat Felsefe","publisher":{"@id":"https:\/\/narteks.net\/#organization"},"alternateName":"K\u00fclt\u00fcr Sanat Edebiyat Felsefe","potentialAction":[{"@type":"SearchAction","target":{"@type":"EntryPoint","urlTemplate":"https:\/\/narteks.net\/?s={search_term_string}"},"query-input":{"@type":"PropertyValueSpecification","valueRequired":true,"valueName":"search_term_string"}}],"inLanguage":"tr"},{"@type":"Organization","@id":"https:\/\/narteks.net\/#organization","name":"narteks.net","url":"https:\/\/narteks.net\/","logo":{"@type":"ImageObject","inLanguage":"tr","@id":"https:\/\/narteks.net\/#\/schema\/logo\/image\/","url":"https:\/\/narteks.net\/wp-content\/uploads\/narteks.png","contentUrl":"https:\/\/narteks.net\/wp-content\/uploads\/narteks.png","width":300,"height":90,"caption":"narteks.net"},"image":{"@id":"https:\/\/narteks.net\/#\/schema\/logo\/image\/"},"sameAs":["https:\/\/x.com\/narteks","https:\/\/instagram.com\/narteksnet"]},{"@type":"Person","@id":"https:\/\/narteks.net\/#\/schema\/person\/61f37d9834294b72d31d274e7ed79bca","name":"Tar\u0131k","image":{"@type":"ImageObject","inLanguage":"tr","@id":"https:\/\/narteks.net\/#\/schema\/person\/image\/","url":"https:\/\/secure.gravatar.com\/avatar\/50865afb55632c4ae467e0af0930f6510aa2297d8014be502a55b14f3b7550cf?s=96&d=mm&r=g","contentUrl":"https:\/\/secure.gravatar.com\/avatar\/50865afb55632c4ae467e0af0930f6510aa2297d8014be502a55b14f3b7550cf?s=96&d=mm&r=g","caption":"Tar\u0131k"},"sameAs":["http:\/\/narteks.net"],"url":"https:\/\/narteks.net\/index.php\/author\/narbak\/"}]}},"_links":{"self":[{"href":"https:\/\/narteks.net\/index.php\/wp-json\/wp\/v2\/posts\/2102","targetHints":{"allow":["GET"]}}],"collection":[{"href":"https:\/\/narteks.net\/index.php\/wp-json\/wp\/v2\/posts"}],"about":[{"href":"https:\/\/narteks.net\/index.php\/wp-json\/wp\/v2\/types\/post"}],"author":[{"embeddable":true,"href":"https:\/\/narteks.net\/index.php\/wp-json\/wp\/v2\/users\/1"}],"replies":[{"embeddable":true,"href":"https:\/\/narteks.net\/index.php\/wp-json\/wp\/v2\/comments?post=2102"}],"version-history":[{"count":0,"href":"https:\/\/narteks.net\/index.php\/wp-json\/wp\/v2\/posts\/2102\/revisions"}],"wp:attachment":[{"href":"https:\/\/narteks.net\/index.php\/wp-json\/wp\/v2\/media?parent=2102"}],"wp:term":[{"taxonomy":"category","embeddable":true,"href":"https:\/\/narteks.net\/index.php\/wp-json\/wp\/v2\/categories?post=2102"},{"taxonomy":"post_tag","embeddable":true,"href":"https:\/\/narteks.net\/index.php\/wp-json\/wp\/v2\/tags?post=2102"}],"curies":[{"name":"wp","href":"https:\/\/api.w.org\/{rel}","templated":true}]}}