{"id":2103,"date":"2009-12-04T22:16:54","date_gmt":"2009-12-04T19:16:54","guid":{"rendered":"http:\/\/localhost\/wordpress\/2009\/12\/04\/bir-alman-anasinin-agiti\/"},"modified":"2009-12-04T22:16:54","modified_gmt":"2009-12-04T19:16:54","slug":"bir-alman-anasinin-agiti","status":"publish","type":"post","link":"https:\/\/narteks.net\/index.php\/2009\/12\/04\/bir-alman-anasinin-agiti\/","title":{"rendered":"B\u0130R ALMAN ANASININ A\u011eITI"},"content":{"rendered":"<p>\u00a0<\/p>\n<p>Bu \u00e7izmeleri bendim sana giy diyen, o\u011flum,  <br \/>bu haki g\u00f6mle\u011fi bendim sana giy diyen.  <br \/>Nerden bilecektim bu kara g\u00fcnleri g\u00f6rece\u011fimi,  <br \/>bilseydim, giydirmem, derdim, giydirmem,  <br \/>as\u0131n beni, derdim, daha iyi.  <\/p>\n<p>Elini g\u00f6r\u00fcrd\u00fcm hani ben senin, o\u011flum,  <br \/>&#8220;Hayl Hitler!&#8221; diyerek kald\u0131rd\u0131\u011f\u0131n elini,  <br \/>Hitler&#8217; i selamlad\u0131n diye, nerden bilecektim,  <br \/>kuruyaca\u011f\u0131n\u0131 bir g\u00fcn elinin.  <\/p>\n<p>Duyard\u0131m, o\u011flum, s\u00f6z etti\u011fini senin   <br \/>\u00fcst\u00fcn bir \u0131rktan.  <br \/>Nas\u0131l varacakt\u0131m fark\u0131na, nerden bilecektim, nerden  <br \/>cellad\u0131ym\u0131\u015fs\u0131n me\u011fer sen kendinin.  <\/p>\n<p>Gitti\u011fini g\u00f6r\u00fcrd\u00fcm senin, o\u011flum,  <br \/>uygun ad\u0131mla Hitler&#8217; in ard\u0131ndan.  <br \/>Nerden bilecektim, onu izleyenin  <br \/>art\u0131k bir daha geri d\u00f6nmeyece\u011fini.  <\/p>\n<p>Bana derdin ki, o\u011flum, derdin ki:Almanya  <br \/>gelecek bir g\u00fcn atn\u0131nmaz hale.  <br \/>Nerden bilecektim, o\u011flum, bu yerin nerden bilecektim,  <br \/>k\u00fcller ve kanl\u0131 ta\u015flar aras\u0131nda kalaca\u011f\u0131n\u0131 b\u00f6yle.  <\/p>\n<p>Haki g\u00f6mlek vard\u0131 her zaman s\u0131rt\u0131nda senin.  <br \/>Giyme \u015fu g\u00f6mle\u011fi demedim sana, demedim, o\u011flum.  <br \/>Bu g\u00fcnleri g\u00f6rece\u011fimi bilmiyordum, ne yapay\u0131m,  <br \/>sana o g\u00f6mle\u011fin kefen olaca\u011f\u0131n\u0131 bilmiyordum.<\/p>\n<p>Bertolt BRECTH<\/p>\n","protected":false},"excerpt":{"rendered":"<p>\u00a0 Bu \u00e7izmeleri bendim sana giy diyen, o\u011flum, bu haki g\u00f6mle\u011fi bendim sana giy diyen. Nerden bilecektim bu kara g\u00fcnleri g\u00f6rece\u011fimi, bilseydim, giydirmem, derdim, giydirmem, as\u0131n beni, derdim, daha iyi. Elini g\u00f6r\u00fcrd\u00fcm hani ben senin, o\u011flum, &#8220;Hayl Hitler!&#8221; diyerek kald\u0131rd\u0131\u011f\u0131n elini, Hitler&#8217; i selamlad\u0131n diye, nerden bilecektim, kuruyaca\u011f\u0131n\u0131 bir g\u00fcn elinin. Duyard\u0131m, o\u011flum, s\u00f6z etti\u011fini [&hellip;]<\/p>\n","protected":false},"author":1,"featured_media":0,"comment_status":"open","ping_status":"open","sticky":false,"template":"","format":"standard","meta":{"footnotes":""},"categories":[14],"tags":[],"class_list":{"0":"post-2103","1":"post","2":"type-post","3":"status-publish","4":"format-standard","6":"category-bertolt-brecth"},"yoast_head":"<!-- This site is optimized with the Yoast SEO Premium plugin v24.9 (Yoast SEO v24.9) - https:\/\/yoast.com\/wordpress\/plugins\/seo\/ -->\n<title>B\u0130R ALMAN ANASININ A\u011eITI - narteks.net<\/title>\n<meta name=\"robots\" content=\"index, follow, max-snippet:-1, max-image-preview:large, max-video-preview:-1\" \/>\n<link rel=\"canonical\" href=\"https:\/\/narteks.net\/index.php\/2009\/12\/04\/bir-alman-anasinin-agiti\/\" \/>\n<meta property=\"og:locale\" content=\"tr_TR\" \/>\n<meta property=\"og:type\" content=\"article\" \/>\n<meta property=\"og:title\" content=\"B\u0130R ALMAN ANASININ A\u011eITI\" \/>\n<meta property=\"og:description\" content=\"\u00a0 Bu \u00e7izmeleri bendim sana giy diyen, o\u011flum, bu haki g\u00f6mle\u011fi bendim sana giy diyen. Nerden bilecektim bu kara g\u00fcnleri g\u00f6rece\u011fimi, bilseydim, giydirmem, derdim, giydirmem, as\u0131n beni, derdim, daha iyi. Elini g\u00f6r\u00fcrd\u00fcm hani ben senin, o\u011flum, &#8220;Hayl Hitler!&#8221; diyerek kald\u0131rd\u0131\u011f\u0131n elini, Hitler&#8217; i selamlad\u0131n diye, nerden bilecektim, kuruyaca\u011f\u0131n\u0131 bir g\u00fcn elinin. Duyard\u0131m, o\u011flum, s\u00f6z etti\u011fini [&hellip;]\" \/>\n<meta property=\"og:url\" content=\"https:\/\/narteks.net\/index.php\/2009\/12\/04\/bir-alman-anasinin-agiti\/\" \/>\n<meta property=\"og:site_name\" content=\"narteks.net\" \/>\n<meta property=\"article:published_time\" content=\"2009-12-04T19:16:54+00:00\" \/>\n<meta property=\"og:image\" content=\"https:\/\/narteks.net\/wp-content\/uploads\/narteks.png\" \/>\n\t<meta property=\"og:image:width\" content=\"300\" \/>\n\t<meta property=\"og:image:height\" content=\"90\" \/>\n\t<meta property=\"og:image:type\" content=\"image\/png\" \/>\n<meta name=\"author\" content=\"Tar\u0131k\" \/>\n<meta name=\"twitter:card\" content=\"summary_large_image\" \/>\n<meta name=\"twitter:creator\" content=\"@narteks\" \/>\n<meta name=\"twitter:site\" content=\"@narteks\" \/>\n<meta name=\"twitter:label1\" content=\"Yazan:\" \/>\n\t<meta name=\"twitter:data1\" content=\"Tar\u0131k\" \/>\n\t<meta name=\"twitter:label2\" content=\"Tahmini okuma s\u00fcresi\" \/>\n\t<meta name=\"twitter:data2\" content=\"1 dakika\" \/>\n<script type=\"application\/ld+json\" class=\"yoast-schema-graph\">{\"@context\":\"https:\/\/schema.org\",\"@graph\":[{\"@type\":\"Article\",\"@id\":\"https:\/\/narteks.net\/index.php\/2009\/12\/04\/bir-alman-anasinin-agiti\/#article\",\"isPartOf\":{\"@id\":\"https:\/\/narteks.net\/index.php\/2009\/12\/04\/bir-alman-anasinin-agiti\/\"},\"author\":{\"name\":\"Tar\u0131k\",\"@id\":\"https:\/\/narteks.net\/#\/schema\/person\/61f37d9834294b72d31d274e7ed79bca\"},\"headline\":\"B\u0130R ALMAN ANASININ A\u011eITI\",\"datePublished\":\"2009-12-04T19:16:54+00:00\",\"mainEntityOfPage\":{\"@id\":\"https:\/\/narteks.net\/index.php\/2009\/12\/04\/bir-alman-anasinin-agiti\/\"},\"wordCount\":206,\"commentCount\":0,\"publisher\":{\"@id\":\"https:\/\/narteks.net\/#organization\"},\"articleSection\":[\"Bertolt BRECTH\"],\"inLanguage\":\"tr\",\"potentialAction\":[{\"@type\":\"CommentAction\",\"name\":\"Comment\",\"target\":[\"https:\/\/narteks.net\/index.php\/2009\/12\/04\/bir-alman-anasinin-agiti\/#respond\"]}]},{\"@type\":\"WebPage\",\"@id\":\"https:\/\/narteks.net\/index.php\/2009\/12\/04\/bir-alman-anasinin-agiti\/\",\"url\":\"https:\/\/narteks.net\/index.php\/2009\/12\/04\/bir-alman-anasinin-agiti\/\",\"name\":\"B\u0130R ALMAN ANASININ A\u011eITI - narteks.net\",\"isPartOf\":{\"@id\":\"https:\/\/narteks.net\/#website\"},\"datePublished\":\"2009-12-04T19:16:54+00:00\",\"breadcrumb\":{\"@id\":\"https:\/\/narteks.net\/index.php\/2009\/12\/04\/bir-alman-anasinin-agiti\/#breadcrumb\"},\"inLanguage\":\"tr\",\"potentialAction\":[{\"@type\":\"ReadAction\",\"target\":[\"https:\/\/narteks.net\/index.php\/2009\/12\/04\/bir-alman-anasinin-agiti\/\"]}]},{\"@type\":\"BreadcrumbList\",\"@id\":\"https:\/\/narteks.net\/index.php\/2009\/12\/04\/bir-alman-anasinin-agiti\/#breadcrumb\",\"itemListElement\":[{\"@type\":\"ListItem\",\"position\":1,\"name\":\"Anasayfa\",\"item\":\"https:\/\/narteks.net\/\"},{\"@type\":\"ListItem\",\"position\":2,\"name\":\"B\u0130R ALMAN ANASININ A\u011eITI\"}]},{\"@type\":\"WebSite\",\"@id\":\"https:\/\/narteks.net\/#website\",\"url\":\"https:\/\/narteks.net\/\",\"name\":\"narteks.net\",\"description\":\"K\u00fclt\u00fcr Sanat Edebiyat Felsefe\",\"publisher\":{\"@id\":\"https:\/\/narteks.net\/#organization\"},\"alternateName\":\"K\u00fclt\u00fcr Sanat Edebiyat Felsefe\",\"potentialAction\":[{\"@type\":\"SearchAction\",\"target\":{\"@type\":\"EntryPoint\",\"urlTemplate\":\"https:\/\/narteks.net\/?s={search_term_string}\"},\"query-input\":{\"@type\":\"PropertyValueSpecification\",\"valueRequired\":true,\"valueName\":\"search_term_string\"}}],\"inLanguage\":\"tr\"},{\"@type\":\"Organization\",\"@id\":\"https:\/\/narteks.net\/#organization\",\"name\":\"narteks.net\",\"url\":\"https:\/\/narteks.net\/\",\"logo\":{\"@type\":\"ImageObject\",\"inLanguage\":\"tr\",\"@id\":\"https:\/\/narteks.net\/#\/schema\/logo\/image\/\",\"url\":\"https:\/\/narteks.net\/wp-content\/uploads\/narteks.png\",\"contentUrl\":\"https:\/\/narteks.net\/wp-content\/uploads\/narteks.png\",\"width\":300,\"height\":90,\"caption\":\"narteks.net\"},\"image\":{\"@id\":\"https:\/\/narteks.net\/#\/schema\/logo\/image\/\"},\"sameAs\":[\"https:\/\/x.com\/narteks\",\"https:\/\/instagram.com\/narteksnet\"]},{\"@type\":\"Person\",\"@id\":\"https:\/\/narteks.net\/#\/schema\/person\/61f37d9834294b72d31d274e7ed79bca\",\"name\":\"Tar\u0131k\",\"image\":{\"@type\":\"ImageObject\",\"inLanguage\":\"tr\",\"@id\":\"https:\/\/narteks.net\/#\/schema\/person\/image\/\",\"url\":\"https:\/\/secure.gravatar.com\/avatar\/50865afb55632c4ae467e0af0930f6510aa2297d8014be502a55b14f3b7550cf?s=96&d=mm&r=g\",\"contentUrl\":\"https:\/\/secure.gravatar.com\/avatar\/50865afb55632c4ae467e0af0930f6510aa2297d8014be502a55b14f3b7550cf?s=96&d=mm&r=g\",\"caption\":\"Tar\u0131k\"},\"sameAs\":[\"http:\/\/narteks.net\"],\"url\":\"https:\/\/narteks.net\/index.php\/author\/narbak\/\"}]}<\/script>\n<!-- \/ Yoast SEO Premium plugin. -->","yoast_head_json":{"title":"B\u0130R ALMAN ANASININ A\u011eITI - narteks.net","robots":{"index":"index","follow":"follow","max-snippet":"max-snippet:-1","max-image-preview":"max-image-preview:large","max-video-preview":"max-video-preview:-1"},"canonical":"https:\/\/narteks.net\/index.php\/2009\/12\/04\/bir-alman-anasinin-agiti\/","og_locale":"tr_TR","og_type":"article","og_title":"B\u0130R ALMAN ANASININ A\u011eITI","og_description":"\u00a0 Bu \u00e7izmeleri bendim sana giy diyen, o\u011flum, bu haki g\u00f6mle\u011fi bendim sana giy diyen. Nerden bilecektim bu kara g\u00fcnleri g\u00f6rece\u011fimi, bilseydim, giydirmem, derdim, giydirmem, as\u0131n beni, derdim, daha iyi. Elini g\u00f6r\u00fcrd\u00fcm hani ben senin, o\u011flum, &#8220;Hayl Hitler!&#8221; diyerek kald\u0131rd\u0131\u011f\u0131n elini, Hitler&#8217; i selamlad\u0131n diye, nerden bilecektim, kuruyaca\u011f\u0131n\u0131 bir g\u00fcn elinin. Duyard\u0131m, o\u011flum, s\u00f6z etti\u011fini [&hellip;]","og_url":"https:\/\/narteks.net\/index.php\/2009\/12\/04\/bir-alman-anasinin-agiti\/","og_site_name":"narteks.net","article_published_time":"2009-12-04T19:16:54+00:00","og_image":[{"width":300,"height":90,"url":"https:\/\/narteks.net\/wp-content\/uploads\/narteks.png","type":"image\/png"}],"author":"Tar\u0131k","twitter_card":"summary_large_image","twitter_creator":"@narteks","twitter_site":"@narteks","twitter_misc":{"Yazan:":"Tar\u0131k","Tahmini okuma s\u00fcresi":"1 dakika"},"schema":{"@context":"https:\/\/schema.org","@graph":[{"@type":"Article","@id":"https:\/\/narteks.net\/index.php\/2009\/12\/04\/bir-alman-anasinin-agiti\/#article","isPartOf":{"@id":"https:\/\/narteks.net\/index.php\/2009\/12\/04\/bir-alman-anasinin-agiti\/"},"author":{"name":"Tar\u0131k","@id":"https:\/\/narteks.net\/#\/schema\/person\/61f37d9834294b72d31d274e7ed79bca"},"headline":"B\u0130R ALMAN ANASININ A\u011eITI","datePublished":"2009-12-04T19:16:54+00:00","mainEntityOfPage":{"@id":"https:\/\/narteks.net\/index.php\/2009\/12\/04\/bir-alman-anasinin-agiti\/"},"wordCount":206,"commentCount":0,"publisher":{"@id":"https:\/\/narteks.net\/#organization"},"articleSection":["Bertolt BRECTH"],"inLanguage":"tr","potentialAction":[{"@type":"CommentAction","name":"Comment","target":["https:\/\/narteks.net\/index.php\/2009\/12\/04\/bir-alman-anasinin-agiti\/#respond"]}]},{"@type":"WebPage","@id":"https:\/\/narteks.net\/index.php\/2009\/12\/04\/bir-alman-anasinin-agiti\/","url":"https:\/\/narteks.net\/index.php\/2009\/12\/04\/bir-alman-anasinin-agiti\/","name":"B\u0130R ALMAN ANASININ A\u011eITI - narteks.net","isPartOf":{"@id":"https:\/\/narteks.net\/#website"},"datePublished":"2009-12-04T19:16:54+00:00","breadcrumb":{"@id":"https:\/\/narteks.net\/index.php\/2009\/12\/04\/bir-alman-anasinin-agiti\/#breadcrumb"},"inLanguage":"tr","potentialAction":[{"@type":"ReadAction","target":["https:\/\/narteks.net\/index.php\/2009\/12\/04\/bir-alman-anasinin-agiti\/"]}]},{"@type":"BreadcrumbList","@id":"https:\/\/narteks.net\/index.php\/2009\/12\/04\/bir-alman-anasinin-agiti\/#breadcrumb","itemListElement":[{"@type":"ListItem","position":1,"name":"Anasayfa","item":"https:\/\/narteks.net\/"},{"@type":"ListItem","position":2,"name":"B\u0130R ALMAN ANASININ A\u011eITI"}]},{"@type":"WebSite","@id":"https:\/\/narteks.net\/#website","url":"https:\/\/narteks.net\/","name":"narteks.net","description":"K\u00fclt\u00fcr Sanat Edebiyat Felsefe","publisher":{"@id":"https:\/\/narteks.net\/#organization"},"alternateName":"K\u00fclt\u00fcr Sanat Edebiyat Felsefe","potentialAction":[{"@type":"SearchAction","target":{"@type":"EntryPoint","urlTemplate":"https:\/\/narteks.net\/?s={search_term_string}"},"query-input":{"@type":"PropertyValueSpecification","valueRequired":true,"valueName":"search_term_string"}}],"inLanguage":"tr"},{"@type":"Organization","@id":"https:\/\/narteks.net\/#organization","name":"narteks.net","url":"https:\/\/narteks.net\/","logo":{"@type":"ImageObject","inLanguage":"tr","@id":"https:\/\/narteks.net\/#\/schema\/logo\/image\/","url":"https:\/\/narteks.net\/wp-content\/uploads\/narteks.png","contentUrl":"https:\/\/narteks.net\/wp-content\/uploads\/narteks.png","width":300,"height":90,"caption":"narteks.net"},"image":{"@id":"https:\/\/narteks.net\/#\/schema\/logo\/image\/"},"sameAs":["https:\/\/x.com\/narteks","https:\/\/instagram.com\/narteksnet"]},{"@type":"Person","@id":"https:\/\/narteks.net\/#\/schema\/person\/61f37d9834294b72d31d274e7ed79bca","name":"Tar\u0131k","image":{"@type":"ImageObject","inLanguage":"tr","@id":"https:\/\/narteks.net\/#\/schema\/person\/image\/","url":"https:\/\/secure.gravatar.com\/avatar\/50865afb55632c4ae467e0af0930f6510aa2297d8014be502a55b14f3b7550cf?s=96&d=mm&r=g","contentUrl":"https:\/\/secure.gravatar.com\/avatar\/50865afb55632c4ae467e0af0930f6510aa2297d8014be502a55b14f3b7550cf?s=96&d=mm&r=g","caption":"Tar\u0131k"},"sameAs":["http:\/\/narteks.net"],"url":"https:\/\/narteks.net\/index.php\/author\/narbak\/"}]}},"_links":{"self":[{"href":"https:\/\/narteks.net\/index.php\/wp-json\/wp\/v2\/posts\/2103","targetHints":{"allow":["GET"]}}],"collection":[{"href":"https:\/\/narteks.net\/index.php\/wp-json\/wp\/v2\/posts"}],"about":[{"href":"https:\/\/narteks.net\/index.php\/wp-json\/wp\/v2\/types\/post"}],"author":[{"embeddable":true,"href":"https:\/\/narteks.net\/index.php\/wp-json\/wp\/v2\/users\/1"}],"replies":[{"embeddable":true,"href":"https:\/\/narteks.net\/index.php\/wp-json\/wp\/v2\/comments?post=2103"}],"version-history":[{"count":0,"href":"https:\/\/narteks.net\/index.php\/wp-json\/wp\/v2\/posts\/2103\/revisions"}],"wp:attachment":[{"href":"https:\/\/narteks.net\/index.php\/wp-json\/wp\/v2\/media?parent=2103"}],"wp:term":[{"taxonomy":"category","embeddable":true,"href":"https:\/\/narteks.net\/index.php\/wp-json\/wp\/v2\/categories?post=2103"},{"taxonomy":"post_tag","embeddable":true,"href":"https:\/\/narteks.net\/index.php\/wp-json\/wp\/v2\/tags?post=2103"}],"curies":[{"name":"wp","href":"https:\/\/api.w.org\/{rel}","templated":true}]}}