{"id":2111,"date":"2009-12-04T22:26:54","date_gmt":"2009-12-04T19:26:54","guid":{"rendered":"http:\/\/localhost\/wordpress\/2009\/12\/04\/devrim-askeriyle-alay-ediliyor-ve-devrim-askerinin-yaniti\/"},"modified":"2009-12-04T22:26:54","modified_gmt":"2009-12-04T19:26:54","slug":"devrim-askeriyle-alay-ediliyor-ve-devrim-askerinin-yaniti","status":"publish","type":"post","link":"https:\/\/narteks.net\/index.php\/2009\/12\/04\/devrim-askeriyle-alay-ediliyor-ve-devrim-askerinin-yaniti\/","title":{"rendered":"DEVR\u0130M ASKER\u0130YLE ALAY ED\u0130L\u0130YOR VE DEVR\u0130M ASKER\u0130N\u0130N YANITI"},"content":{"rendered":"<p>\u00a0<\/p>\n<p>1. <br \/>\u00c7izmeleri su alan general , <br \/>de bana: Kimden gelir  <br \/>bu buyruklar? Laf aram\u0131zda: <br \/>Bug\u00fcn \u00f6\u011fle yeme\u011fi yedin mi? <\/p>\n<p>Kafanda planlar var m\u0131? <br \/>Miden bo\u015f sadece? <br \/>Bir bayra\u011f\u0131m var, dersin, <br \/>ama ordun hani nerde? <\/p>\n<p>Tek pantolonlu devlet adam\u0131, <br \/>bir \u00fct\u00fc tahtas\u0131 ister misin? <br \/>Bakanlar\u0131n nerde toplan\u0131rlar? <br \/>Yoksa k\u00f6pr\u00fc alt\u0131nda m\u0131? <\/p>\n<p>Papaz o\u011flan\u0131 al\u0131r, <br \/>as al\u0131r papaz\u0131. <br \/>Ad\u0131n tarihe ge\u00e7er ama <br \/>kimli\u011fin nerde hani? <\/p>\n<p>D\u00f6rt ediyorsa iki kere iki, <br \/>tamam, g\u00fc\u00e7 sende olacak, <br \/>(ayaklar ba\u015f olacak) ama: <br \/>Bu gece bir yata\u011f\u0131n var m\u0131 yatacak? <\/p>\n<p>2. <br \/>E\u011fer ben, su almayan \u00e7izmeler giymek istiyorsam bir g\u00fcn, <br \/>\u00e7\u00fcnk\u00fc parmaklar\u0131m\u0131 bile \u00f6rtm\u00fcyor \u015fu aya\u011f\u0131mdakiler, <br \/>kovmal\u0131y\u0131m bana \u00e7izme vermeyenleri,<br \/>ve t\u00fcm deri piyasas\u0131n\u0131 d\u00fczenlemeliyim.<\/p>\n<p>Pantolonum d\u00f6k\u00fcl\u00fcyor.<br \/>K\u0131\u00e7\u0131ma bir pantolon gerek <br \/>k\u0131\u015f\u0131 ge\u00e7irebilmem i\u00e7in zar zor. <br \/>Onun i\u00e7in, pantolonlar\u0131n nerde oldu\u011funu bilmeliyim <br \/> ilk pe\u015fin, <br \/>ve t\u00fcm tekstil sanayiini d\u00fczenlemeliyim <\/p>\n<p>E\u011fer istiyorsam has ekmek yemek, <br \/>\u00f6nce k\u0131rmal\u0131y\u0131m tah\u0131l borsas\u0131n\u0131<br \/>ve gidip g\u00f6r\u00fc\u015fmeliyim \u00e7ift\u00e7iyle ben kendim <br \/>ve trakt\u00f6rler g\u00f6ndermeliyim tarlalara, <br \/>ve ekini geni\u015f \u00e7apta \u00fcretmeliyim.<\/p>\n<p>\u0130stemiyorsam benmi hor g\u00f6renlerin<br \/>sava\u015flar\u0131nda askerlik yapmak, <br \/>onlar\u0131n laflar\u0131na g\u00fcl\u00fcp ge\u00e7meliyim <br \/>ve kendi bayra\u011f\u0131m\u0131 a\u00e7mal\u0131y\u0131m, <br \/>ve sava\u015f\u0131m\u0131 ilan etmeliyim onlara.<\/p>\n<p>Bertolt BRECTH<\/p>\n","protected":false},"excerpt":{"rendered":"<p>\u00a0 1. \u00c7izmeleri su alan general , de bana: Kimden gelir bu buyruklar? Laf aram\u0131zda: Bug\u00fcn \u00f6\u011fle yeme\u011fi yedin mi? Kafanda planlar var m\u0131? Miden bo\u015f sadece? Bir bayra\u011f\u0131m var, dersin, ama ordun hani nerde? Tek pantolonlu devlet adam\u0131, bir \u00fct\u00fc tahtas\u0131 ister misin? Bakanlar\u0131n nerde toplan\u0131rlar? Yoksa k\u00f6pr\u00fc alt\u0131nda m\u0131? Papaz o\u011flan\u0131 al\u0131r, as [&hellip;]<\/p>\n","protected":false},"author":1,"featured_media":0,"comment_status":"open","ping_status":"open","sticky":false,"template":"","format":"standard","meta":{"footnotes":""},"categories":[14],"tags":[],"class_list":{"0":"post-2111","1":"post","2":"type-post","3":"status-publish","4":"format-standard","6":"category-bertolt-brecth"},"yoast_head":"<!-- This site is optimized with the Yoast SEO Premium plugin v24.9 (Yoast SEO v24.9) - https:\/\/yoast.com\/wordpress\/plugins\/seo\/ -->\n<title>DEVR\u0130M ASKER\u0130YLE ALAY ED\u0130L\u0130YOR VE DEVR\u0130M ASKER\u0130N\u0130N YANITI - narteks.net<\/title>\n<meta name=\"robots\" content=\"index, follow, max-snippet:-1, max-image-preview:large, max-video-preview:-1\" \/>\n<link rel=\"canonical\" href=\"https:\/\/narteks.net\/index.php\/2009\/12\/04\/devrim-askeriyle-alay-ediliyor-ve-devrim-askerinin-yaniti\/\" \/>\n<meta property=\"og:locale\" content=\"tr_TR\" \/>\n<meta property=\"og:type\" content=\"article\" \/>\n<meta property=\"og:title\" content=\"DEVR\u0130M ASKER\u0130YLE ALAY ED\u0130L\u0130YOR VE DEVR\u0130M ASKER\u0130N\u0130N YANITI\" \/>\n<meta property=\"og:description\" content=\"\u00a0 1. \u00c7izmeleri su alan general , de bana: Kimden gelir bu buyruklar? Laf aram\u0131zda: Bug\u00fcn \u00f6\u011fle yeme\u011fi yedin mi? Kafanda planlar var m\u0131? Miden bo\u015f sadece? Bir bayra\u011f\u0131m var, dersin, ama ordun hani nerde? Tek pantolonlu devlet adam\u0131, bir \u00fct\u00fc tahtas\u0131 ister misin? Bakanlar\u0131n nerde toplan\u0131rlar? Yoksa k\u00f6pr\u00fc alt\u0131nda m\u0131? Papaz o\u011flan\u0131 al\u0131r, as [&hellip;]\" \/>\n<meta property=\"og:url\" content=\"https:\/\/narteks.net\/index.php\/2009\/12\/04\/devrim-askeriyle-alay-ediliyor-ve-devrim-askerinin-yaniti\/\" \/>\n<meta property=\"og:site_name\" content=\"narteks.net\" \/>\n<meta property=\"article:published_time\" content=\"2009-12-04T19:26:54+00:00\" \/>\n<meta property=\"og:image\" content=\"https:\/\/narteks.net\/wp-content\/uploads\/narteks.png\" \/>\n\t<meta property=\"og:image:width\" content=\"300\" \/>\n\t<meta property=\"og:image:height\" content=\"90\" \/>\n\t<meta property=\"og:image:type\" content=\"image\/png\" \/>\n<meta name=\"author\" content=\"Tar\u0131k\" \/>\n<meta name=\"twitter:card\" content=\"summary_large_image\" \/>\n<meta name=\"twitter:creator\" content=\"@narteks\" \/>\n<meta name=\"twitter:site\" content=\"@narteks\" \/>\n<meta name=\"twitter:label1\" content=\"Yazan:\" \/>\n\t<meta name=\"twitter:data1\" content=\"Tar\u0131k\" \/>\n\t<meta name=\"twitter:label2\" content=\"Tahmini okuma s\u00fcresi\" \/>\n\t<meta name=\"twitter:data2\" content=\"1 dakika\" \/>\n<script type=\"application\/ld+json\" class=\"yoast-schema-graph\">{\"@context\":\"https:\/\/schema.org\",\"@graph\":[{\"@type\":\"Article\",\"@id\":\"https:\/\/narteks.net\/index.php\/2009\/12\/04\/devrim-askeriyle-alay-ediliyor-ve-devrim-askerinin-yaniti\/#article\",\"isPartOf\":{\"@id\":\"https:\/\/narteks.net\/index.php\/2009\/12\/04\/devrim-askeriyle-alay-ediliyor-ve-devrim-askerinin-yaniti\/\"},\"author\":{\"name\":\"Tar\u0131k\",\"@id\":\"https:\/\/narteks.net\/#\/schema\/person\/61f37d9834294b72d31d274e7ed79bca\"},\"headline\":\"DEVR\u0130M ASKER\u0130YLE ALAY ED\u0130L\u0130YOR VE DEVR\u0130M ASKER\u0130N\u0130N YANITI\",\"datePublished\":\"2009-12-04T19:26:54+00:00\",\"mainEntityOfPage\":{\"@id\":\"https:\/\/narteks.net\/index.php\/2009\/12\/04\/devrim-askeriyle-alay-ediliyor-ve-devrim-askerinin-yaniti\/\"},\"wordCount\":251,\"commentCount\":0,\"publisher\":{\"@id\":\"https:\/\/narteks.net\/#organization\"},\"articleSection\":[\"Bertolt BRECTH\"],\"inLanguage\":\"tr\",\"potentialAction\":[{\"@type\":\"CommentAction\",\"name\":\"Comment\",\"target\":[\"https:\/\/narteks.net\/index.php\/2009\/12\/04\/devrim-askeriyle-alay-ediliyor-ve-devrim-askerinin-yaniti\/#respond\"]}]},{\"@type\":\"WebPage\",\"@id\":\"https:\/\/narteks.net\/index.php\/2009\/12\/04\/devrim-askeriyle-alay-ediliyor-ve-devrim-askerinin-yaniti\/\",\"url\":\"https:\/\/narteks.net\/index.php\/2009\/12\/04\/devrim-askeriyle-alay-ediliyor-ve-devrim-askerinin-yaniti\/\",\"name\":\"DEVR\u0130M ASKER\u0130YLE ALAY ED\u0130L\u0130YOR VE DEVR\u0130M ASKER\u0130N\u0130N YANITI - narteks.net\",\"isPartOf\":{\"@id\":\"https:\/\/narteks.net\/#website\"},\"datePublished\":\"2009-12-04T19:26:54+00:00\",\"breadcrumb\":{\"@id\":\"https:\/\/narteks.net\/index.php\/2009\/12\/04\/devrim-askeriyle-alay-ediliyor-ve-devrim-askerinin-yaniti\/#breadcrumb\"},\"inLanguage\":\"tr\",\"potentialAction\":[{\"@type\":\"ReadAction\",\"target\":[\"https:\/\/narteks.net\/index.php\/2009\/12\/04\/devrim-askeriyle-alay-ediliyor-ve-devrim-askerinin-yaniti\/\"]}]},{\"@type\":\"BreadcrumbList\",\"@id\":\"https:\/\/narteks.net\/index.php\/2009\/12\/04\/devrim-askeriyle-alay-ediliyor-ve-devrim-askerinin-yaniti\/#breadcrumb\",\"itemListElement\":[{\"@type\":\"ListItem\",\"position\":1,\"name\":\"Anasayfa\",\"item\":\"https:\/\/narteks.net\/\"},{\"@type\":\"ListItem\",\"position\":2,\"name\":\"DEVR\u0130M ASKER\u0130YLE ALAY ED\u0130L\u0130YOR VE DEVR\u0130M ASKER\u0130N\u0130N YANITI\"}]},{\"@type\":\"WebSite\",\"@id\":\"https:\/\/narteks.net\/#website\",\"url\":\"https:\/\/narteks.net\/\",\"name\":\"narteks.net\",\"description\":\"K\u00fclt\u00fcr Sanat Edebiyat Felsefe\",\"publisher\":{\"@id\":\"https:\/\/narteks.net\/#organization\"},\"alternateName\":\"K\u00fclt\u00fcr Sanat Edebiyat Felsefe\",\"potentialAction\":[{\"@type\":\"SearchAction\",\"target\":{\"@type\":\"EntryPoint\",\"urlTemplate\":\"https:\/\/narteks.net\/?s={search_term_string}\"},\"query-input\":{\"@type\":\"PropertyValueSpecification\",\"valueRequired\":true,\"valueName\":\"search_term_string\"}}],\"inLanguage\":\"tr\"},{\"@type\":\"Organization\",\"@id\":\"https:\/\/narteks.net\/#organization\",\"name\":\"narteks.net\",\"url\":\"https:\/\/narteks.net\/\",\"logo\":{\"@type\":\"ImageObject\",\"inLanguage\":\"tr\",\"@id\":\"https:\/\/narteks.net\/#\/schema\/logo\/image\/\",\"url\":\"https:\/\/narteks.net\/wp-content\/uploads\/narteks.png\",\"contentUrl\":\"https:\/\/narteks.net\/wp-content\/uploads\/narteks.png\",\"width\":300,\"height\":90,\"caption\":\"narteks.net\"},\"image\":{\"@id\":\"https:\/\/narteks.net\/#\/schema\/logo\/image\/\"},\"sameAs\":[\"https:\/\/x.com\/narteks\",\"https:\/\/instagram.com\/narteksnet\"]},{\"@type\":\"Person\",\"@id\":\"https:\/\/narteks.net\/#\/schema\/person\/61f37d9834294b72d31d274e7ed79bca\",\"name\":\"Tar\u0131k\",\"image\":{\"@type\":\"ImageObject\",\"inLanguage\":\"tr\",\"@id\":\"https:\/\/narteks.net\/#\/schema\/person\/image\/\",\"url\":\"https:\/\/secure.gravatar.com\/avatar\/50865afb55632c4ae467e0af0930f6510aa2297d8014be502a55b14f3b7550cf?s=96&d=mm&r=g\",\"contentUrl\":\"https:\/\/secure.gravatar.com\/avatar\/50865afb55632c4ae467e0af0930f6510aa2297d8014be502a55b14f3b7550cf?s=96&d=mm&r=g\",\"caption\":\"Tar\u0131k\"},\"sameAs\":[\"http:\/\/narteks.net\"],\"url\":\"https:\/\/narteks.net\/index.php\/author\/narbak\/\"}]}<\/script>\n<!-- \/ Yoast SEO Premium plugin. -->","yoast_head_json":{"title":"DEVR\u0130M ASKER\u0130YLE ALAY ED\u0130L\u0130YOR VE DEVR\u0130M ASKER\u0130N\u0130N YANITI - narteks.net","robots":{"index":"index","follow":"follow","max-snippet":"max-snippet:-1","max-image-preview":"max-image-preview:large","max-video-preview":"max-video-preview:-1"},"canonical":"https:\/\/narteks.net\/index.php\/2009\/12\/04\/devrim-askeriyle-alay-ediliyor-ve-devrim-askerinin-yaniti\/","og_locale":"tr_TR","og_type":"article","og_title":"DEVR\u0130M ASKER\u0130YLE ALAY ED\u0130L\u0130YOR VE DEVR\u0130M ASKER\u0130N\u0130N YANITI","og_description":"\u00a0 1. \u00c7izmeleri su alan general , de bana: Kimden gelir bu buyruklar? Laf aram\u0131zda: Bug\u00fcn \u00f6\u011fle yeme\u011fi yedin mi? Kafanda planlar var m\u0131? Miden bo\u015f sadece? Bir bayra\u011f\u0131m var, dersin, ama ordun hani nerde? Tek pantolonlu devlet adam\u0131, bir \u00fct\u00fc tahtas\u0131 ister misin? Bakanlar\u0131n nerde toplan\u0131rlar? Yoksa k\u00f6pr\u00fc alt\u0131nda m\u0131? Papaz o\u011flan\u0131 al\u0131r, as [&hellip;]","og_url":"https:\/\/narteks.net\/index.php\/2009\/12\/04\/devrim-askeriyle-alay-ediliyor-ve-devrim-askerinin-yaniti\/","og_site_name":"narteks.net","article_published_time":"2009-12-04T19:26:54+00:00","og_image":[{"width":300,"height":90,"url":"https:\/\/narteks.net\/wp-content\/uploads\/narteks.png","type":"image\/png"}],"author":"Tar\u0131k","twitter_card":"summary_large_image","twitter_creator":"@narteks","twitter_site":"@narteks","twitter_misc":{"Yazan:":"Tar\u0131k","Tahmini okuma s\u00fcresi":"1 dakika"},"schema":{"@context":"https:\/\/schema.org","@graph":[{"@type":"Article","@id":"https:\/\/narteks.net\/index.php\/2009\/12\/04\/devrim-askeriyle-alay-ediliyor-ve-devrim-askerinin-yaniti\/#article","isPartOf":{"@id":"https:\/\/narteks.net\/index.php\/2009\/12\/04\/devrim-askeriyle-alay-ediliyor-ve-devrim-askerinin-yaniti\/"},"author":{"name":"Tar\u0131k","@id":"https:\/\/narteks.net\/#\/schema\/person\/61f37d9834294b72d31d274e7ed79bca"},"headline":"DEVR\u0130M ASKER\u0130YLE ALAY ED\u0130L\u0130YOR VE DEVR\u0130M ASKER\u0130N\u0130N YANITI","datePublished":"2009-12-04T19:26:54+00:00","mainEntityOfPage":{"@id":"https:\/\/narteks.net\/index.php\/2009\/12\/04\/devrim-askeriyle-alay-ediliyor-ve-devrim-askerinin-yaniti\/"},"wordCount":251,"commentCount":0,"publisher":{"@id":"https:\/\/narteks.net\/#organization"},"articleSection":["Bertolt BRECTH"],"inLanguage":"tr","potentialAction":[{"@type":"CommentAction","name":"Comment","target":["https:\/\/narteks.net\/index.php\/2009\/12\/04\/devrim-askeriyle-alay-ediliyor-ve-devrim-askerinin-yaniti\/#respond"]}]},{"@type":"WebPage","@id":"https:\/\/narteks.net\/index.php\/2009\/12\/04\/devrim-askeriyle-alay-ediliyor-ve-devrim-askerinin-yaniti\/","url":"https:\/\/narteks.net\/index.php\/2009\/12\/04\/devrim-askeriyle-alay-ediliyor-ve-devrim-askerinin-yaniti\/","name":"DEVR\u0130M ASKER\u0130YLE ALAY ED\u0130L\u0130YOR VE DEVR\u0130M ASKER\u0130N\u0130N YANITI - narteks.net","isPartOf":{"@id":"https:\/\/narteks.net\/#website"},"datePublished":"2009-12-04T19:26:54+00:00","breadcrumb":{"@id":"https:\/\/narteks.net\/index.php\/2009\/12\/04\/devrim-askeriyle-alay-ediliyor-ve-devrim-askerinin-yaniti\/#breadcrumb"},"inLanguage":"tr","potentialAction":[{"@type":"ReadAction","target":["https:\/\/narteks.net\/index.php\/2009\/12\/04\/devrim-askeriyle-alay-ediliyor-ve-devrim-askerinin-yaniti\/"]}]},{"@type":"BreadcrumbList","@id":"https:\/\/narteks.net\/index.php\/2009\/12\/04\/devrim-askeriyle-alay-ediliyor-ve-devrim-askerinin-yaniti\/#breadcrumb","itemListElement":[{"@type":"ListItem","position":1,"name":"Anasayfa","item":"https:\/\/narteks.net\/"},{"@type":"ListItem","position":2,"name":"DEVR\u0130M ASKER\u0130YLE ALAY ED\u0130L\u0130YOR VE DEVR\u0130M ASKER\u0130N\u0130N YANITI"}]},{"@type":"WebSite","@id":"https:\/\/narteks.net\/#website","url":"https:\/\/narteks.net\/","name":"narteks.net","description":"K\u00fclt\u00fcr Sanat Edebiyat Felsefe","publisher":{"@id":"https:\/\/narteks.net\/#organization"},"alternateName":"K\u00fclt\u00fcr Sanat Edebiyat Felsefe","potentialAction":[{"@type":"SearchAction","target":{"@type":"EntryPoint","urlTemplate":"https:\/\/narteks.net\/?s={search_term_string}"},"query-input":{"@type":"PropertyValueSpecification","valueRequired":true,"valueName":"search_term_string"}}],"inLanguage":"tr"},{"@type":"Organization","@id":"https:\/\/narteks.net\/#organization","name":"narteks.net","url":"https:\/\/narteks.net\/","logo":{"@type":"ImageObject","inLanguage":"tr","@id":"https:\/\/narteks.net\/#\/schema\/logo\/image\/","url":"https:\/\/narteks.net\/wp-content\/uploads\/narteks.png","contentUrl":"https:\/\/narteks.net\/wp-content\/uploads\/narteks.png","width":300,"height":90,"caption":"narteks.net"},"image":{"@id":"https:\/\/narteks.net\/#\/schema\/logo\/image\/"},"sameAs":["https:\/\/x.com\/narteks","https:\/\/instagram.com\/narteksnet"]},{"@type":"Person","@id":"https:\/\/narteks.net\/#\/schema\/person\/61f37d9834294b72d31d274e7ed79bca","name":"Tar\u0131k","image":{"@type":"ImageObject","inLanguage":"tr","@id":"https:\/\/narteks.net\/#\/schema\/person\/image\/","url":"https:\/\/secure.gravatar.com\/avatar\/50865afb55632c4ae467e0af0930f6510aa2297d8014be502a55b14f3b7550cf?s=96&d=mm&r=g","contentUrl":"https:\/\/secure.gravatar.com\/avatar\/50865afb55632c4ae467e0af0930f6510aa2297d8014be502a55b14f3b7550cf?s=96&d=mm&r=g","caption":"Tar\u0131k"},"sameAs":["http:\/\/narteks.net"],"url":"https:\/\/narteks.net\/index.php\/author\/narbak\/"}]}},"_links":{"self":[{"href":"https:\/\/narteks.net\/index.php\/wp-json\/wp\/v2\/posts\/2111","targetHints":{"allow":["GET"]}}],"collection":[{"href":"https:\/\/narteks.net\/index.php\/wp-json\/wp\/v2\/posts"}],"about":[{"href":"https:\/\/narteks.net\/index.php\/wp-json\/wp\/v2\/types\/post"}],"author":[{"embeddable":true,"href":"https:\/\/narteks.net\/index.php\/wp-json\/wp\/v2\/users\/1"}],"replies":[{"embeddable":true,"href":"https:\/\/narteks.net\/index.php\/wp-json\/wp\/v2\/comments?post=2111"}],"version-history":[{"count":0,"href":"https:\/\/narteks.net\/index.php\/wp-json\/wp\/v2\/posts\/2111\/revisions"}],"wp:attachment":[{"href":"https:\/\/narteks.net\/index.php\/wp-json\/wp\/v2\/media?parent=2111"}],"wp:term":[{"taxonomy":"category","embeddable":true,"href":"https:\/\/narteks.net\/index.php\/wp-json\/wp\/v2\/categories?post=2111"},{"taxonomy":"post_tag","embeddable":true,"href":"https:\/\/narteks.net\/index.php\/wp-json\/wp\/v2\/tags?post=2111"}],"curies":[{"name":"wp","href":"https:\/\/api.w.org\/{rel}","templated":true}]}}