{"id":2121,"date":"2009-12-04T22:34:57","date_gmt":"2009-12-04T19:34:57","guid":{"rendered":"http:\/\/localhost\/wordpress\/2009\/12\/04\/kuskucu\/"},"modified":"2009-12-04T22:34:57","modified_gmt":"2009-12-04T19:34:57","slug":"kuskucu","status":"publish","type":"post","link":"https:\/\/narteks.net\/index.php\/2009\/12\/04\/kuskucu\/","title":{"rendered":"KU\u015eKUCU"},"content":{"rendered":"<p>\u00a0<\/p>\n<p>Bir sorunun yan\u0131t\u0131n\u0131 buldu\u011fumuzu <br \/>sand\u0131ysak ne zaman, <br \/>i\u00e7imizden biri \u00e7\u00f6z\u00fcverdi <br \/>duvardaki eski <br \/>\u00c7in perdesinin ipini, <br \/>ve a\u00e7\u0131lan perde g\u00f6sterdi bize <br \/>bir s\u0131ra \u00fczerinde oturmu\u015f olan <br \/>ku\u015fkucu adam\u0131. <\/p>\n<p>Ben, dedi bize o,  <br \/>ku\u015fkucuyum. <br \/>Ku\u015fku duyar\u0131m  <br \/>iyi yap\u0131p yapmad\u0131\u011f\u0131m\u0131zdan <br \/>g\u00fcnlerinizi yutan i\u015fi.  <br \/>S\u00f6yledikleriniz daha k\u00f6t\u00fc s\u00f6ylenseydi  <br \/>de\u011ferli olup olmayaca\u011f\u0131ndan. <br \/>Ku\u015fku duyar\u0131m  <br \/>kendinizi s\u00f6yledi\u011finizin do\u011frulu\u011funa b\u0131rak\u0131p  <br \/>iyi s\u00f6yleyip s\u00f6ylemedi\u011finizden. <br \/>\u00c7ok anlaml\u0131 olmas\u0131ndan ku\u015fku duyar\u0131m;  <br \/>her yanl\u0131\u015f anlamadan siz sorumlusunuz \u00e7\u00fcnk\u00fc. <br \/>Ama tek anlaml\u0131 da olabilir  <br \/>ve nesnelerin \u00e7eli\u015fkisini \u00f6rtebilir;  <br \/>gere\u011finden fazla tek anlaml\u0131 m\u0131 yoksa?  <br \/>\u00d6yleyse, yarars\u0131zd\u0131r s\u00f6yledi\u011finiz \u015fey. <br \/>Ya\u015fam yok demektir s\u00f6yledi\u011finizin i\u00e7inde.  <\/p>\n<p>Olaylar\u0131n ak\u0131\u015f\u0131 i\u00e7inde misiniz ger\u00e7ekten?  <br \/>Geli\u015fen her \u015feye eyvallah m\u0131 diyorsunuz?  <br \/>Siz geli\u015fiyor musunuz? Kimsiniz siz? <br \/>Kimdir konu\u015ftu\u011funuz?  <br \/>S\u00f6ylediklerinizden yararlanan kim?  <br \/>Ha, bir de \u015fu var: <br \/>Ay\u0131lt\u0131c\u0131 m\u0131? Okunabilir mi sabahlar\u0131?  <br \/>Bir ba\u011flant\u0131s\u0131 var m\u0131 varolanla?  <br \/>C\u00fcmlecikler kullan\u0131ld\u0131 m\u0131, sizden \u00f6nce s\u00f6ylenen? <br \/>Ya da \u00e7\u00fcr\u00fct\u00fcld\u00fc m\u00fc en az\u0131ndan? <br \/>Her \u015fey do\u011frulanabilir mi?  <br \/>Deneyimle mi? Hangi deneyimle?  <br \/>Ama hepsinden \u00f6nemlisi,  <br \/>her zaman, her \u015feyden \u00f6nemlisi \u015fu: <br \/>O nas\u0131l davran\u0131r?  <br \/>\u0130\u015fte hepsinden \u00f6nemlisi.  <\/p>\n<p>D\u00fc\u015f\u00fcnerek, merakla izledik  <br \/>perdenin \u00fcst\u00fcndeki ku\u015fkucu mavi adam\u0131,  <br \/>sonra birbirimize bakt\u0131k ve  <br \/>hadi, dedik, sil ba\u015ftan.<\/p>\n<p>Bertolt BRECTH<\/p>\n","protected":false},"excerpt":{"rendered":"<p>\u00a0 Bir sorunun yan\u0131t\u0131n\u0131 buldu\u011fumuzu sand\u0131ysak ne zaman, i\u00e7imizden biri \u00e7\u00f6z\u00fcverdi duvardaki eski \u00c7in perdesinin ipini, ve a\u00e7\u0131lan perde g\u00f6sterdi bize bir s\u0131ra \u00fczerinde oturmu\u015f olan ku\u015fkucu adam\u0131. Ben, dedi bize o, ku\u015fkucuyum. Ku\u015fku duyar\u0131m iyi yap\u0131p yapmad\u0131\u011f\u0131m\u0131zdan g\u00fcnlerinizi yutan i\u015fi. S\u00f6yledikleriniz daha k\u00f6t\u00fc s\u00f6ylenseydi de\u011ferli olup olmayaca\u011f\u0131ndan. Ku\u015fku duyar\u0131m kendinizi s\u00f6yledi\u011finizin do\u011frulu\u011funa b\u0131rak\u0131p iyi [&hellip;]<\/p>\n","protected":false},"author":1,"featured_media":0,"comment_status":"open","ping_status":"open","sticky":false,"template":"","format":"standard","meta":{"footnotes":""},"categories":[14],"tags":[],"class_list":{"0":"post-2121","1":"post","2":"type-post","3":"status-publish","4":"format-standard","6":"category-bertolt-brecth"},"yoast_head":"<!-- This site is optimized with the Yoast SEO Premium plugin v24.9 (Yoast SEO v24.9) - https:\/\/yoast.com\/wordpress\/plugins\/seo\/ -->\n<title>KU\u015eKUCU - narteks.net<\/title>\n<meta name=\"robots\" content=\"index, follow, max-snippet:-1, max-image-preview:large, max-video-preview:-1\" \/>\n<link rel=\"canonical\" href=\"https:\/\/narteks.net\/index.php\/2009\/12\/04\/kuskucu\/\" \/>\n<meta property=\"og:locale\" content=\"tr_TR\" \/>\n<meta property=\"og:type\" content=\"article\" \/>\n<meta property=\"og:title\" content=\"KU\u015eKUCU\" \/>\n<meta property=\"og:description\" content=\"\u00a0 Bir sorunun yan\u0131t\u0131n\u0131 buldu\u011fumuzu sand\u0131ysak ne zaman, i\u00e7imizden biri \u00e7\u00f6z\u00fcverdi duvardaki eski \u00c7in perdesinin ipini, ve a\u00e7\u0131lan perde g\u00f6sterdi bize bir s\u0131ra \u00fczerinde oturmu\u015f olan ku\u015fkucu adam\u0131. Ben, dedi bize o, ku\u015fkucuyum. Ku\u015fku duyar\u0131m iyi yap\u0131p yapmad\u0131\u011f\u0131m\u0131zdan g\u00fcnlerinizi yutan i\u015fi. S\u00f6yledikleriniz daha k\u00f6t\u00fc s\u00f6ylenseydi de\u011ferli olup olmayaca\u011f\u0131ndan. Ku\u015fku duyar\u0131m kendinizi s\u00f6yledi\u011finizin do\u011frulu\u011funa b\u0131rak\u0131p iyi [&hellip;]\" \/>\n<meta property=\"og:url\" content=\"https:\/\/narteks.net\/index.php\/2009\/12\/04\/kuskucu\/\" \/>\n<meta property=\"og:site_name\" content=\"narteks.net\" \/>\n<meta property=\"article:published_time\" content=\"2009-12-04T19:34:57+00:00\" \/>\n<meta property=\"og:image\" content=\"https:\/\/narteks.net\/wp-content\/uploads\/narteks.png\" \/>\n\t<meta property=\"og:image:width\" content=\"300\" \/>\n\t<meta property=\"og:image:height\" content=\"90\" \/>\n\t<meta property=\"og:image:type\" content=\"image\/png\" \/>\n<meta name=\"author\" content=\"Tar\u0131k\" \/>\n<meta name=\"twitter:card\" content=\"summary_large_image\" \/>\n<meta name=\"twitter:creator\" content=\"@narteks\" \/>\n<meta name=\"twitter:site\" content=\"@narteks\" \/>\n<meta name=\"twitter:label1\" content=\"Yazan:\" \/>\n\t<meta name=\"twitter:data1\" content=\"Tar\u0131k\" \/>\n\t<meta name=\"twitter:label2\" content=\"Tahmini okuma s\u00fcresi\" \/>\n\t<meta name=\"twitter:data2\" content=\"1 dakika\" \/>\n<script type=\"application\/ld+json\" class=\"yoast-schema-graph\">{\"@context\":\"https:\/\/schema.org\",\"@graph\":[{\"@type\":\"Article\",\"@id\":\"https:\/\/narteks.net\/index.php\/2009\/12\/04\/kuskucu\/#article\",\"isPartOf\":{\"@id\":\"https:\/\/narteks.net\/index.php\/2009\/12\/04\/kuskucu\/\"},\"author\":{\"name\":\"Tar\u0131k\",\"@id\":\"https:\/\/narteks.net\/#\/schema\/person\/61f37d9834294b72d31d274e7ed79bca\"},\"headline\":\"KU\u015eKUCU\",\"datePublished\":\"2009-12-04T19:34:57+00:00\",\"mainEntityOfPage\":{\"@id\":\"https:\/\/narteks.net\/index.php\/2009\/12\/04\/kuskucu\/\"},\"wordCount\":255,\"commentCount\":0,\"publisher\":{\"@id\":\"https:\/\/narteks.net\/#organization\"},\"articleSection\":[\"Bertolt BRECTH\"],\"inLanguage\":\"tr\",\"potentialAction\":[{\"@type\":\"CommentAction\",\"name\":\"Comment\",\"target\":[\"https:\/\/narteks.net\/index.php\/2009\/12\/04\/kuskucu\/#respond\"]}]},{\"@type\":\"WebPage\",\"@id\":\"https:\/\/narteks.net\/index.php\/2009\/12\/04\/kuskucu\/\",\"url\":\"https:\/\/narteks.net\/index.php\/2009\/12\/04\/kuskucu\/\",\"name\":\"KU\u015eKUCU - narteks.net\",\"isPartOf\":{\"@id\":\"https:\/\/narteks.net\/#website\"},\"datePublished\":\"2009-12-04T19:34:57+00:00\",\"breadcrumb\":{\"@id\":\"https:\/\/narteks.net\/index.php\/2009\/12\/04\/kuskucu\/#breadcrumb\"},\"inLanguage\":\"tr\",\"potentialAction\":[{\"@type\":\"ReadAction\",\"target\":[\"https:\/\/narteks.net\/index.php\/2009\/12\/04\/kuskucu\/\"]}]},{\"@type\":\"BreadcrumbList\",\"@id\":\"https:\/\/narteks.net\/index.php\/2009\/12\/04\/kuskucu\/#breadcrumb\",\"itemListElement\":[{\"@type\":\"ListItem\",\"position\":1,\"name\":\"Anasayfa\",\"item\":\"https:\/\/narteks.net\/\"},{\"@type\":\"ListItem\",\"position\":2,\"name\":\"KU\u015eKUCU\"}]},{\"@type\":\"WebSite\",\"@id\":\"https:\/\/narteks.net\/#website\",\"url\":\"https:\/\/narteks.net\/\",\"name\":\"narteks.net\",\"description\":\"K\u00fclt\u00fcr Sanat Edebiyat Felsefe\",\"publisher\":{\"@id\":\"https:\/\/narteks.net\/#organization\"},\"alternateName\":\"K\u00fclt\u00fcr Sanat Edebiyat Felsefe\",\"potentialAction\":[{\"@type\":\"SearchAction\",\"target\":{\"@type\":\"EntryPoint\",\"urlTemplate\":\"https:\/\/narteks.net\/?s={search_term_string}\"},\"query-input\":{\"@type\":\"PropertyValueSpecification\",\"valueRequired\":true,\"valueName\":\"search_term_string\"}}],\"inLanguage\":\"tr\"},{\"@type\":\"Organization\",\"@id\":\"https:\/\/narteks.net\/#organization\",\"name\":\"narteks.net\",\"url\":\"https:\/\/narteks.net\/\",\"logo\":{\"@type\":\"ImageObject\",\"inLanguage\":\"tr\",\"@id\":\"https:\/\/narteks.net\/#\/schema\/logo\/image\/\",\"url\":\"https:\/\/narteks.net\/wp-content\/uploads\/narteks.png\",\"contentUrl\":\"https:\/\/narteks.net\/wp-content\/uploads\/narteks.png\",\"width\":300,\"height\":90,\"caption\":\"narteks.net\"},\"image\":{\"@id\":\"https:\/\/narteks.net\/#\/schema\/logo\/image\/\"},\"sameAs\":[\"https:\/\/x.com\/narteks\",\"https:\/\/instagram.com\/narteksnet\"]},{\"@type\":\"Person\",\"@id\":\"https:\/\/narteks.net\/#\/schema\/person\/61f37d9834294b72d31d274e7ed79bca\",\"name\":\"Tar\u0131k\",\"image\":{\"@type\":\"ImageObject\",\"inLanguage\":\"tr\",\"@id\":\"https:\/\/narteks.net\/#\/schema\/person\/image\/\",\"url\":\"https:\/\/secure.gravatar.com\/avatar\/50865afb55632c4ae467e0af0930f6510aa2297d8014be502a55b14f3b7550cf?s=96&d=mm&r=g\",\"contentUrl\":\"https:\/\/secure.gravatar.com\/avatar\/50865afb55632c4ae467e0af0930f6510aa2297d8014be502a55b14f3b7550cf?s=96&d=mm&r=g\",\"caption\":\"Tar\u0131k\"},\"sameAs\":[\"http:\/\/narteks.net\"],\"url\":\"https:\/\/narteks.net\/index.php\/author\/narbak\/\"}]}<\/script>\n<!-- \/ Yoast SEO Premium plugin. -->","yoast_head_json":{"title":"KU\u015eKUCU - narteks.net","robots":{"index":"index","follow":"follow","max-snippet":"max-snippet:-1","max-image-preview":"max-image-preview:large","max-video-preview":"max-video-preview:-1"},"canonical":"https:\/\/narteks.net\/index.php\/2009\/12\/04\/kuskucu\/","og_locale":"tr_TR","og_type":"article","og_title":"KU\u015eKUCU","og_description":"\u00a0 Bir sorunun yan\u0131t\u0131n\u0131 buldu\u011fumuzu sand\u0131ysak ne zaman, i\u00e7imizden biri \u00e7\u00f6z\u00fcverdi duvardaki eski \u00c7in perdesinin ipini, ve a\u00e7\u0131lan perde g\u00f6sterdi bize bir s\u0131ra \u00fczerinde oturmu\u015f olan ku\u015fkucu adam\u0131. Ben, dedi bize o, ku\u015fkucuyum. Ku\u015fku duyar\u0131m iyi yap\u0131p yapmad\u0131\u011f\u0131m\u0131zdan g\u00fcnlerinizi yutan i\u015fi. S\u00f6yledikleriniz daha k\u00f6t\u00fc s\u00f6ylenseydi de\u011ferli olup olmayaca\u011f\u0131ndan. Ku\u015fku duyar\u0131m kendinizi s\u00f6yledi\u011finizin do\u011frulu\u011funa b\u0131rak\u0131p iyi [&hellip;]","og_url":"https:\/\/narteks.net\/index.php\/2009\/12\/04\/kuskucu\/","og_site_name":"narteks.net","article_published_time":"2009-12-04T19:34:57+00:00","og_image":[{"width":300,"height":90,"url":"https:\/\/narteks.net\/wp-content\/uploads\/narteks.png","type":"image\/png"}],"author":"Tar\u0131k","twitter_card":"summary_large_image","twitter_creator":"@narteks","twitter_site":"@narteks","twitter_misc":{"Yazan:":"Tar\u0131k","Tahmini okuma s\u00fcresi":"1 dakika"},"schema":{"@context":"https:\/\/schema.org","@graph":[{"@type":"Article","@id":"https:\/\/narteks.net\/index.php\/2009\/12\/04\/kuskucu\/#article","isPartOf":{"@id":"https:\/\/narteks.net\/index.php\/2009\/12\/04\/kuskucu\/"},"author":{"name":"Tar\u0131k","@id":"https:\/\/narteks.net\/#\/schema\/person\/61f37d9834294b72d31d274e7ed79bca"},"headline":"KU\u015eKUCU","datePublished":"2009-12-04T19:34:57+00:00","mainEntityOfPage":{"@id":"https:\/\/narteks.net\/index.php\/2009\/12\/04\/kuskucu\/"},"wordCount":255,"commentCount":0,"publisher":{"@id":"https:\/\/narteks.net\/#organization"},"articleSection":["Bertolt BRECTH"],"inLanguage":"tr","potentialAction":[{"@type":"CommentAction","name":"Comment","target":["https:\/\/narteks.net\/index.php\/2009\/12\/04\/kuskucu\/#respond"]}]},{"@type":"WebPage","@id":"https:\/\/narteks.net\/index.php\/2009\/12\/04\/kuskucu\/","url":"https:\/\/narteks.net\/index.php\/2009\/12\/04\/kuskucu\/","name":"KU\u015eKUCU - narteks.net","isPartOf":{"@id":"https:\/\/narteks.net\/#website"},"datePublished":"2009-12-04T19:34:57+00:00","breadcrumb":{"@id":"https:\/\/narteks.net\/index.php\/2009\/12\/04\/kuskucu\/#breadcrumb"},"inLanguage":"tr","potentialAction":[{"@type":"ReadAction","target":["https:\/\/narteks.net\/index.php\/2009\/12\/04\/kuskucu\/"]}]},{"@type":"BreadcrumbList","@id":"https:\/\/narteks.net\/index.php\/2009\/12\/04\/kuskucu\/#breadcrumb","itemListElement":[{"@type":"ListItem","position":1,"name":"Anasayfa","item":"https:\/\/narteks.net\/"},{"@type":"ListItem","position":2,"name":"KU\u015eKUCU"}]},{"@type":"WebSite","@id":"https:\/\/narteks.net\/#website","url":"https:\/\/narteks.net\/","name":"narteks.net","description":"K\u00fclt\u00fcr Sanat Edebiyat Felsefe","publisher":{"@id":"https:\/\/narteks.net\/#organization"},"alternateName":"K\u00fclt\u00fcr Sanat Edebiyat Felsefe","potentialAction":[{"@type":"SearchAction","target":{"@type":"EntryPoint","urlTemplate":"https:\/\/narteks.net\/?s={search_term_string}"},"query-input":{"@type":"PropertyValueSpecification","valueRequired":true,"valueName":"search_term_string"}}],"inLanguage":"tr"},{"@type":"Organization","@id":"https:\/\/narteks.net\/#organization","name":"narteks.net","url":"https:\/\/narteks.net\/","logo":{"@type":"ImageObject","inLanguage":"tr","@id":"https:\/\/narteks.net\/#\/schema\/logo\/image\/","url":"https:\/\/narteks.net\/wp-content\/uploads\/narteks.png","contentUrl":"https:\/\/narteks.net\/wp-content\/uploads\/narteks.png","width":300,"height":90,"caption":"narteks.net"},"image":{"@id":"https:\/\/narteks.net\/#\/schema\/logo\/image\/"},"sameAs":["https:\/\/x.com\/narteks","https:\/\/instagram.com\/narteksnet"]},{"@type":"Person","@id":"https:\/\/narteks.net\/#\/schema\/person\/61f37d9834294b72d31d274e7ed79bca","name":"Tar\u0131k","image":{"@type":"ImageObject","inLanguage":"tr","@id":"https:\/\/narteks.net\/#\/schema\/person\/image\/","url":"https:\/\/secure.gravatar.com\/avatar\/50865afb55632c4ae467e0af0930f6510aa2297d8014be502a55b14f3b7550cf?s=96&d=mm&r=g","contentUrl":"https:\/\/secure.gravatar.com\/avatar\/50865afb55632c4ae467e0af0930f6510aa2297d8014be502a55b14f3b7550cf?s=96&d=mm&r=g","caption":"Tar\u0131k"},"sameAs":["http:\/\/narteks.net"],"url":"https:\/\/narteks.net\/index.php\/author\/narbak\/"}]}},"_links":{"self":[{"href":"https:\/\/narteks.net\/index.php\/wp-json\/wp\/v2\/posts\/2121","targetHints":{"allow":["GET"]}}],"collection":[{"href":"https:\/\/narteks.net\/index.php\/wp-json\/wp\/v2\/posts"}],"about":[{"href":"https:\/\/narteks.net\/index.php\/wp-json\/wp\/v2\/types\/post"}],"author":[{"embeddable":true,"href":"https:\/\/narteks.net\/index.php\/wp-json\/wp\/v2\/users\/1"}],"replies":[{"embeddable":true,"href":"https:\/\/narteks.net\/index.php\/wp-json\/wp\/v2\/comments?post=2121"}],"version-history":[{"count":0,"href":"https:\/\/narteks.net\/index.php\/wp-json\/wp\/v2\/posts\/2121\/revisions"}],"wp:attachment":[{"href":"https:\/\/narteks.net\/index.php\/wp-json\/wp\/v2\/media?parent=2121"}],"wp:term":[{"taxonomy":"category","embeddable":true,"href":"https:\/\/narteks.net\/index.php\/wp-json\/wp\/v2\/categories?post=2121"},{"taxonomy":"post_tag","embeddable":true,"href":"https:\/\/narteks.net\/index.php\/wp-json\/wp\/v2\/tags?post=2121"}],"curies":[{"name":"wp","href":"https:\/\/api.w.org\/{rel}","templated":true}]}}