{"id":2129,"date":"2009-12-04T22:41:04","date_gmt":"2009-12-04T19:41:04","guid":{"rendered":"http:\/\/localhost\/wordpress\/2009\/12\/04\/sirf-artan-duzensizlik-yuzunden\/"},"modified":"2009-12-04T22:41:04","modified_gmt":"2009-12-04T19:41:04","slug":"sirf-artan-duzensizlik-yuzunden","status":"publish","type":"post","link":"https:\/\/narteks.net\/index.php\/2009\/12\/04\/sirf-artan-duzensizlik-yuzunden\/","title":{"rendered":"SIRF ARTAN D\u00dcZENS\u0130ZL\u0130K Y\u00dcZ\u00dcNDEN"},"content":{"rendered":"<p>\u00a0<\/p>\n<p>S\u0131rf artan d\u00fczensizlik y\u00fcz\u00fcnden  <br \/>bizim s\u0131n\u0131f kavgas\u0131 kentlerimizde  <br \/>\u00e7o\u011fumuz \u015fu y\u0131llarda karar verdik  <br \/>daha fazla s\u00f6z etmemeye  <br \/>deniz k\u0131y\u0131s\u0131ndaki kentlerden, \u00e7at\u0131lardaki kardan,  <br \/> kad\u0131nlardan,  <br \/>mahzendeki olgun elmalar\u0131n kokusundan,  <br \/> etin duygular\u0131ndan  <br \/>bir insan\u0131 insan yapan ve onu \u015fi\u015fmanlatan t\u00fcm \u015feylerden.  <\/p>\n<p>Ama gelecekte yaln\u0131z d\u00fczensizlikten s\u00f6z etmeye  <br \/>ve b\u00f6ylece tek yanl\u0131, k\u0131s\u0131r olmaya karar verdik,  <br \/>ve politika i\u015fine adamak\u0131ll\u0131 dalmaya,  <br \/>ve diyalektik ekonominin kuru ve &#8220;a\u015fa\u011f\u0131l\u0131k&#8221; s\u00f6zc\u00fcklerini  <br \/> kullanmaya.  <br \/>Kar tipilerinin (bu tipiler, biliyoruz, sadece so\u011fuk de\u011fil)  <br \/>s\u00f6m\u00fcr\u00fcn\u00fcn, \u00e7ekici kad\u0131n etinin, s\u0131n\u0131fl\u0131 adaletin  <br \/>b\u00f6ylesine korkun\u00e7, b\u00f6ylesine s\u0131k\u0131\u015f\u0131k, bir arada ya\u015famalar\u0131  <br \/>bu kadar \u00e7ok y\u00f6nl\u00fc bir d\u00fcnyan\u0131n i\u00e7imizde onaylanmas\u0131n\u0131  <br \/> do\u011furmas\u0131n diye  <br \/>ve zevk al\u0131nmas\u0131n diye \u00e7eli\u015fkilerinden  <br \/>b\u00f6ylesine kanl\u0131 bir ya\u015fam\u0131n.  <br \/>Anl\u0131yorsunuz.<\/p>\n<p>Bertolt BRECTH<\/p>\n","protected":false},"excerpt":{"rendered":"<p>\u00a0 S\u0131rf artan d\u00fczensizlik y\u00fcz\u00fcnden bizim s\u0131n\u0131f kavgas\u0131 kentlerimizde \u00e7o\u011fumuz \u015fu y\u0131llarda karar verdik daha fazla s\u00f6z etmemeye deniz k\u0131y\u0131s\u0131ndaki kentlerden, \u00e7at\u0131lardaki kardan, kad\u0131nlardan, mahzendeki olgun elmalar\u0131n kokusundan, etin duygular\u0131ndan bir insan\u0131 insan yapan ve onu \u015fi\u015fmanlatan t\u00fcm \u015feylerden. Ama gelecekte yaln\u0131z d\u00fczensizlikten s\u00f6z etmeye ve b\u00f6ylece tek yanl\u0131, k\u0131s\u0131r olmaya karar verdik, ve politika [&hellip;]<\/p>\n","protected":false},"author":1,"featured_media":0,"comment_status":"open","ping_status":"open","sticky":false,"template":"","format":"standard","meta":{"footnotes":""},"categories":[14],"tags":[],"class_list":{"0":"post-2129","1":"post","2":"type-post","3":"status-publish","4":"format-standard","6":"category-bertolt-brecth"},"yoast_head":"<!-- This site is optimized with the Yoast SEO Premium plugin v24.9 (Yoast SEO v24.9) - https:\/\/yoast.com\/wordpress\/plugins\/seo\/ -->\n<title>SIRF ARTAN D\u00dcZENS\u0130ZL\u0130K Y\u00dcZ\u00dcNDEN - narteks.net<\/title>\n<meta name=\"robots\" content=\"index, follow, max-snippet:-1, max-image-preview:large, max-video-preview:-1\" \/>\n<link rel=\"canonical\" href=\"https:\/\/narteks.net\/index.php\/2009\/12\/04\/sirf-artan-duzensizlik-yuzunden\/\" \/>\n<meta property=\"og:locale\" content=\"tr_TR\" \/>\n<meta property=\"og:type\" content=\"article\" \/>\n<meta property=\"og:title\" content=\"SIRF ARTAN D\u00dcZENS\u0130ZL\u0130K Y\u00dcZ\u00dcNDEN\" \/>\n<meta property=\"og:description\" content=\"\u00a0 S\u0131rf artan d\u00fczensizlik y\u00fcz\u00fcnden bizim s\u0131n\u0131f kavgas\u0131 kentlerimizde \u00e7o\u011fumuz \u015fu y\u0131llarda karar verdik daha fazla s\u00f6z etmemeye deniz k\u0131y\u0131s\u0131ndaki kentlerden, \u00e7at\u0131lardaki kardan, kad\u0131nlardan, mahzendeki olgun elmalar\u0131n kokusundan, etin duygular\u0131ndan bir insan\u0131 insan yapan ve onu \u015fi\u015fmanlatan t\u00fcm \u015feylerden. Ama gelecekte yaln\u0131z d\u00fczensizlikten s\u00f6z etmeye ve b\u00f6ylece tek yanl\u0131, k\u0131s\u0131r olmaya karar verdik, ve politika [&hellip;]\" \/>\n<meta property=\"og:url\" content=\"https:\/\/narteks.net\/index.php\/2009\/12\/04\/sirf-artan-duzensizlik-yuzunden\/\" \/>\n<meta property=\"og:site_name\" content=\"narteks.net\" \/>\n<meta property=\"article:published_time\" content=\"2009-12-04T19:41:04+00:00\" \/>\n<meta property=\"og:image\" content=\"https:\/\/narteks.net\/wp-content\/uploads\/narteks.png\" \/>\n\t<meta property=\"og:image:width\" content=\"300\" \/>\n\t<meta property=\"og:image:height\" content=\"90\" \/>\n\t<meta property=\"og:image:type\" content=\"image\/png\" \/>\n<meta name=\"author\" content=\"Tar\u0131k\" \/>\n<meta name=\"twitter:card\" content=\"summary_large_image\" \/>\n<meta name=\"twitter:creator\" content=\"@narteks\" \/>\n<meta name=\"twitter:site\" content=\"@narteks\" \/>\n<meta name=\"twitter:label1\" content=\"Yazan:\" \/>\n\t<meta name=\"twitter:data1\" content=\"Tar\u0131k\" \/>\n\t<meta name=\"twitter:label2\" content=\"Tahmini okuma s\u00fcresi\" \/>\n\t<meta name=\"twitter:data2\" content=\"1 dakika\" \/>\n<script type=\"application\/ld+json\" class=\"yoast-schema-graph\">{\"@context\":\"https:\/\/schema.org\",\"@graph\":[{\"@type\":\"Article\",\"@id\":\"https:\/\/narteks.net\/index.php\/2009\/12\/04\/sirf-artan-duzensizlik-yuzunden\/#article\",\"isPartOf\":{\"@id\":\"https:\/\/narteks.net\/index.php\/2009\/12\/04\/sirf-artan-duzensizlik-yuzunden\/\"},\"author\":{\"name\":\"Tar\u0131k\",\"@id\":\"https:\/\/narteks.net\/#\/schema\/person\/61f37d9834294b72d31d274e7ed79bca\"},\"headline\":\"SIRF ARTAN D\u00dcZENS\u0130ZL\u0130K Y\u00dcZ\u00dcNDEN\",\"datePublished\":\"2009-12-04T19:41:04+00:00\",\"mainEntityOfPage\":{\"@id\":\"https:\/\/narteks.net\/index.php\/2009\/12\/04\/sirf-artan-duzensizlik-yuzunden\/\"},\"wordCount\":176,\"commentCount\":0,\"publisher\":{\"@id\":\"https:\/\/narteks.net\/#organization\"},\"articleSection\":[\"Bertolt BRECTH\"],\"inLanguage\":\"tr\",\"potentialAction\":[{\"@type\":\"CommentAction\",\"name\":\"Comment\",\"target\":[\"https:\/\/narteks.net\/index.php\/2009\/12\/04\/sirf-artan-duzensizlik-yuzunden\/#respond\"]}]},{\"@type\":\"WebPage\",\"@id\":\"https:\/\/narteks.net\/index.php\/2009\/12\/04\/sirf-artan-duzensizlik-yuzunden\/\",\"url\":\"https:\/\/narteks.net\/index.php\/2009\/12\/04\/sirf-artan-duzensizlik-yuzunden\/\",\"name\":\"SIRF ARTAN D\u00dcZENS\u0130ZL\u0130K Y\u00dcZ\u00dcNDEN - narteks.net\",\"isPartOf\":{\"@id\":\"https:\/\/narteks.net\/#website\"},\"datePublished\":\"2009-12-04T19:41:04+00:00\",\"breadcrumb\":{\"@id\":\"https:\/\/narteks.net\/index.php\/2009\/12\/04\/sirf-artan-duzensizlik-yuzunden\/#breadcrumb\"},\"inLanguage\":\"tr\",\"potentialAction\":[{\"@type\":\"ReadAction\",\"target\":[\"https:\/\/narteks.net\/index.php\/2009\/12\/04\/sirf-artan-duzensizlik-yuzunden\/\"]}]},{\"@type\":\"BreadcrumbList\",\"@id\":\"https:\/\/narteks.net\/index.php\/2009\/12\/04\/sirf-artan-duzensizlik-yuzunden\/#breadcrumb\",\"itemListElement\":[{\"@type\":\"ListItem\",\"position\":1,\"name\":\"Anasayfa\",\"item\":\"https:\/\/narteks.net\/\"},{\"@type\":\"ListItem\",\"position\":2,\"name\":\"SIRF ARTAN D\u00dcZENS\u0130ZL\u0130K Y\u00dcZ\u00dcNDEN\"}]},{\"@type\":\"WebSite\",\"@id\":\"https:\/\/narteks.net\/#website\",\"url\":\"https:\/\/narteks.net\/\",\"name\":\"narteks.net\",\"description\":\"K\u00fclt\u00fcr Sanat Edebiyat Felsefe\",\"publisher\":{\"@id\":\"https:\/\/narteks.net\/#organization\"},\"alternateName\":\"K\u00fclt\u00fcr Sanat Edebiyat Felsefe\",\"potentialAction\":[{\"@type\":\"SearchAction\",\"target\":{\"@type\":\"EntryPoint\",\"urlTemplate\":\"https:\/\/narteks.net\/?s={search_term_string}\"},\"query-input\":{\"@type\":\"PropertyValueSpecification\",\"valueRequired\":true,\"valueName\":\"search_term_string\"}}],\"inLanguage\":\"tr\"},{\"@type\":\"Organization\",\"@id\":\"https:\/\/narteks.net\/#organization\",\"name\":\"narteks.net\",\"url\":\"https:\/\/narteks.net\/\",\"logo\":{\"@type\":\"ImageObject\",\"inLanguage\":\"tr\",\"@id\":\"https:\/\/narteks.net\/#\/schema\/logo\/image\/\",\"url\":\"https:\/\/narteks.net\/wp-content\/uploads\/narteks.png\",\"contentUrl\":\"https:\/\/narteks.net\/wp-content\/uploads\/narteks.png\",\"width\":300,\"height\":90,\"caption\":\"narteks.net\"},\"image\":{\"@id\":\"https:\/\/narteks.net\/#\/schema\/logo\/image\/\"},\"sameAs\":[\"https:\/\/x.com\/narteks\",\"https:\/\/instagram.com\/narteksnet\"]},{\"@type\":\"Person\",\"@id\":\"https:\/\/narteks.net\/#\/schema\/person\/61f37d9834294b72d31d274e7ed79bca\",\"name\":\"Tar\u0131k\",\"image\":{\"@type\":\"ImageObject\",\"inLanguage\":\"tr\",\"@id\":\"https:\/\/narteks.net\/#\/schema\/person\/image\/\",\"url\":\"https:\/\/secure.gravatar.com\/avatar\/50865afb55632c4ae467e0af0930f6510aa2297d8014be502a55b14f3b7550cf?s=96&d=mm&r=g\",\"contentUrl\":\"https:\/\/secure.gravatar.com\/avatar\/50865afb55632c4ae467e0af0930f6510aa2297d8014be502a55b14f3b7550cf?s=96&d=mm&r=g\",\"caption\":\"Tar\u0131k\"},\"sameAs\":[\"http:\/\/narteks.net\"],\"url\":\"https:\/\/narteks.net\/index.php\/author\/narbak\/\"}]}<\/script>\n<!-- \/ Yoast SEO Premium plugin. -->","yoast_head_json":{"title":"SIRF ARTAN D\u00dcZENS\u0130ZL\u0130K Y\u00dcZ\u00dcNDEN - narteks.net","robots":{"index":"index","follow":"follow","max-snippet":"max-snippet:-1","max-image-preview":"max-image-preview:large","max-video-preview":"max-video-preview:-1"},"canonical":"https:\/\/narteks.net\/index.php\/2009\/12\/04\/sirf-artan-duzensizlik-yuzunden\/","og_locale":"tr_TR","og_type":"article","og_title":"SIRF ARTAN D\u00dcZENS\u0130ZL\u0130K Y\u00dcZ\u00dcNDEN","og_description":"\u00a0 S\u0131rf artan d\u00fczensizlik y\u00fcz\u00fcnden bizim s\u0131n\u0131f kavgas\u0131 kentlerimizde \u00e7o\u011fumuz \u015fu y\u0131llarda karar verdik daha fazla s\u00f6z etmemeye deniz k\u0131y\u0131s\u0131ndaki kentlerden, \u00e7at\u0131lardaki kardan, kad\u0131nlardan, mahzendeki olgun elmalar\u0131n kokusundan, etin duygular\u0131ndan bir insan\u0131 insan yapan ve onu \u015fi\u015fmanlatan t\u00fcm \u015feylerden. Ama gelecekte yaln\u0131z d\u00fczensizlikten s\u00f6z etmeye ve b\u00f6ylece tek yanl\u0131, k\u0131s\u0131r olmaya karar verdik, ve politika [&hellip;]","og_url":"https:\/\/narteks.net\/index.php\/2009\/12\/04\/sirf-artan-duzensizlik-yuzunden\/","og_site_name":"narteks.net","article_published_time":"2009-12-04T19:41:04+00:00","og_image":[{"width":300,"height":90,"url":"https:\/\/narteks.net\/wp-content\/uploads\/narteks.png","type":"image\/png"}],"author":"Tar\u0131k","twitter_card":"summary_large_image","twitter_creator":"@narteks","twitter_site":"@narteks","twitter_misc":{"Yazan:":"Tar\u0131k","Tahmini okuma s\u00fcresi":"1 dakika"},"schema":{"@context":"https:\/\/schema.org","@graph":[{"@type":"Article","@id":"https:\/\/narteks.net\/index.php\/2009\/12\/04\/sirf-artan-duzensizlik-yuzunden\/#article","isPartOf":{"@id":"https:\/\/narteks.net\/index.php\/2009\/12\/04\/sirf-artan-duzensizlik-yuzunden\/"},"author":{"name":"Tar\u0131k","@id":"https:\/\/narteks.net\/#\/schema\/person\/61f37d9834294b72d31d274e7ed79bca"},"headline":"SIRF ARTAN D\u00dcZENS\u0130ZL\u0130K Y\u00dcZ\u00dcNDEN","datePublished":"2009-12-04T19:41:04+00:00","mainEntityOfPage":{"@id":"https:\/\/narteks.net\/index.php\/2009\/12\/04\/sirf-artan-duzensizlik-yuzunden\/"},"wordCount":176,"commentCount":0,"publisher":{"@id":"https:\/\/narteks.net\/#organization"},"articleSection":["Bertolt BRECTH"],"inLanguage":"tr","potentialAction":[{"@type":"CommentAction","name":"Comment","target":["https:\/\/narteks.net\/index.php\/2009\/12\/04\/sirf-artan-duzensizlik-yuzunden\/#respond"]}]},{"@type":"WebPage","@id":"https:\/\/narteks.net\/index.php\/2009\/12\/04\/sirf-artan-duzensizlik-yuzunden\/","url":"https:\/\/narteks.net\/index.php\/2009\/12\/04\/sirf-artan-duzensizlik-yuzunden\/","name":"SIRF ARTAN D\u00dcZENS\u0130ZL\u0130K Y\u00dcZ\u00dcNDEN - narteks.net","isPartOf":{"@id":"https:\/\/narteks.net\/#website"},"datePublished":"2009-12-04T19:41:04+00:00","breadcrumb":{"@id":"https:\/\/narteks.net\/index.php\/2009\/12\/04\/sirf-artan-duzensizlik-yuzunden\/#breadcrumb"},"inLanguage":"tr","potentialAction":[{"@type":"ReadAction","target":["https:\/\/narteks.net\/index.php\/2009\/12\/04\/sirf-artan-duzensizlik-yuzunden\/"]}]},{"@type":"BreadcrumbList","@id":"https:\/\/narteks.net\/index.php\/2009\/12\/04\/sirf-artan-duzensizlik-yuzunden\/#breadcrumb","itemListElement":[{"@type":"ListItem","position":1,"name":"Anasayfa","item":"https:\/\/narteks.net\/"},{"@type":"ListItem","position":2,"name":"SIRF ARTAN D\u00dcZENS\u0130ZL\u0130K Y\u00dcZ\u00dcNDEN"}]},{"@type":"WebSite","@id":"https:\/\/narteks.net\/#website","url":"https:\/\/narteks.net\/","name":"narteks.net","description":"K\u00fclt\u00fcr Sanat Edebiyat Felsefe","publisher":{"@id":"https:\/\/narteks.net\/#organization"},"alternateName":"K\u00fclt\u00fcr Sanat Edebiyat Felsefe","potentialAction":[{"@type":"SearchAction","target":{"@type":"EntryPoint","urlTemplate":"https:\/\/narteks.net\/?s={search_term_string}"},"query-input":{"@type":"PropertyValueSpecification","valueRequired":true,"valueName":"search_term_string"}}],"inLanguage":"tr"},{"@type":"Organization","@id":"https:\/\/narteks.net\/#organization","name":"narteks.net","url":"https:\/\/narteks.net\/","logo":{"@type":"ImageObject","inLanguage":"tr","@id":"https:\/\/narteks.net\/#\/schema\/logo\/image\/","url":"https:\/\/narteks.net\/wp-content\/uploads\/narteks.png","contentUrl":"https:\/\/narteks.net\/wp-content\/uploads\/narteks.png","width":300,"height":90,"caption":"narteks.net"},"image":{"@id":"https:\/\/narteks.net\/#\/schema\/logo\/image\/"},"sameAs":["https:\/\/x.com\/narteks","https:\/\/instagram.com\/narteksnet"]},{"@type":"Person","@id":"https:\/\/narteks.net\/#\/schema\/person\/61f37d9834294b72d31d274e7ed79bca","name":"Tar\u0131k","image":{"@type":"ImageObject","inLanguage":"tr","@id":"https:\/\/narteks.net\/#\/schema\/person\/image\/","url":"https:\/\/secure.gravatar.com\/avatar\/50865afb55632c4ae467e0af0930f6510aa2297d8014be502a55b14f3b7550cf?s=96&d=mm&r=g","contentUrl":"https:\/\/secure.gravatar.com\/avatar\/50865afb55632c4ae467e0af0930f6510aa2297d8014be502a55b14f3b7550cf?s=96&d=mm&r=g","caption":"Tar\u0131k"},"sameAs":["http:\/\/narteks.net"],"url":"https:\/\/narteks.net\/index.php\/author\/narbak\/"}]}},"_links":{"self":[{"href":"https:\/\/narteks.net\/index.php\/wp-json\/wp\/v2\/posts\/2129","targetHints":{"allow":["GET"]}}],"collection":[{"href":"https:\/\/narteks.net\/index.php\/wp-json\/wp\/v2\/posts"}],"about":[{"href":"https:\/\/narteks.net\/index.php\/wp-json\/wp\/v2\/types\/post"}],"author":[{"embeddable":true,"href":"https:\/\/narteks.net\/index.php\/wp-json\/wp\/v2\/users\/1"}],"replies":[{"embeddable":true,"href":"https:\/\/narteks.net\/index.php\/wp-json\/wp\/v2\/comments?post=2129"}],"version-history":[{"count":0,"href":"https:\/\/narteks.net\/index.php\/wp-json\/wp\/v2\/posts\/2129\/revisions"}],"wp:attachment":[{"href":"https:\/\/narteks.net\/index.php\/wp-json\/wp\/v2\/media?parent=2129"}],"wp:term":[{"taxonomy":"category","embeddable":true,"href":"https:\/\/narteks.net\/index.php\/wp-json\/wp\/v2\/categories?post=2129"},{"taxonomy":"post_tag","embeddable":true,"href":"https:\/\/narteks.net\/index.php\/wp-json\/wp\/v2\/tags?post=2129"}],"curies":[{"name":"wp","href":"https:\/\/api.w.org\/{rel}","templated":true}]}}