{"id":214,"date":"2009-02-27T17:15:06","date_gmt":"2009-02-27T14:15:06","guid":{"rendered":"http:\/\/localhost\/wordpress\/2009\/02\/27\/ikinci-dunya-harbinden-portreler\/"},"modified":"2009-02-27T17:15:06","modified_gmt":"2009-02-27T14:15:06","slug":"ikinci-dunya-harbinden-portreler","status":"publish","type":"post","link":"https:\/\/narteks.net\/index.php\/2009\/02\/27\/ikinci-dunya-harbinden-portreler\/","title":{"rendered":"IKINCI D\u00dcNYA HARBINDEN PORTRELER"},"content":{"rendered":"<p>1<\/p>\n<p>Belli s\u00f6yledi\u011fin t\u00fcrk\u00fcden<br \/>yabanc\u0131s\u0131s\u0131n bu topraklar\u0131n.<br \/>&#8220;Limanlar&#8221; &#8220;kay\u0131klar&#8221; ve &#8220;bal\u0131k\u00e7\u0131lar&#8221;<br \/>ve &#8220;gece vakti \u0131l\u0131k esen r\u00fczg\u00e2r&#8221;<br \/>uzak buralara.<\/p>\n<p>Sana,<br \/>istedi\u011fin zaman<br \/>istedi\u011fin a\u011fac\u0131n alt\u0131na oturup<br \/>dinlenebilmek kadar uzak<br \/>ve a\u011f\u0131r yumru\u011funu so\u011fana vurup<br \/>ekme\u011fini yiyebilmek kadar uzak<br \/>uzaklar,<br \/>uzak buralara.<\/p>\n<p>Biraz evvel t\u00fcrk\u00fcs\u00fcn\u00fc bitirip<br \/>ve d\u00fc\u015fman elindeki<br \/>kar\u015f\u0131 da\u011flar\u0131<br \/>kilometrelerce uza\u011fa itip<br \/>g\u00f6\u011f\u00fcs ge\u00e7iren arkada\u015f<br \/>belki biz de birbirimizden uza\u011f\u0131z<br \/>fakat seninle \u00e7ok defa<br \/>b\u00fcy\u00fck kitaplar\u0131m\u0131z\u0131 okurken<br \/>ayn\u0131 sat\u0131rlarda \u00f6fkelenip<br \/>ayn\u0131 sat\u0131rlarda g\u00fcld\u00fc\u011f\u00fcm\u00fcz i\u00e7in<br \/>ve son sayfay\u0131 bitirince<br \/>\u0131\u015f\u0131kl\u0131 ve geni\u015f bir d\u00fcnyaya<br \/>bir avu\u00e7 nar tanesi sevinciyle<br \/>d\u00f6k\u00fcld\u00fc\u011f\u00fcm\u00fcz i\u00e7in<br \/>d\u00fc\u015f\u00fcncelerimizde daima biraraday\u0131z.<\/p>\n<p>M\u0131sralar\u0131m\u0131n siperinde de<br \/>d\u00fc\u015fmana kar\u015f\u0131<br \/>yan yana ve omuz omuzay\u0131z.<\/p>\n<p>2<\/p>\n<p>Harbin yorgunlu\u011fu kalkm\u0131\u015f \u00fczerinden<br \/>&#8220;avu\u00e7lar\u0131nda toprak ve kan&#8221;<br \/>sa\u011f aya\u011f\u0131n yar\u0131m metre uzakta<br \/>sol kolun k\u0131r\u0131k<br \/>ve kurtulmu\u015fsun her t\u00fcrl\u00fc endi\u015feden.<\/p>\n<p>Kar ya\u011f\u0131yor senin kadar sakin<br \/>sil\u00e2h arkada\u015flar\u0131n ve bilc\u00fcmle ordu<br \/>kayboldu ufukta.<br \/>Belki de \u015fehir zaptedilecektir.<\/p>\n<p>Yine belki<br \/>ak\u015fam yeme\u011fini yerken<br \/>duvardaki resmine bak\u0131p g\u00fcl\u00fcmseyecektir<br \/>\u00e7ok uzaklarda b\u0131rakt\u0131\u011f\u0131n mavi g\u00f6zl\u00fc \u00e7ocu\u011fun.<\/p>\n<p>3<\/p>\n<p>O \u00f6ylece kalacak :<br \/>ya\u011fmur, \u0131slak toprak ve tel \u00f6rg\u00fc.<\/p>\n<p>Hududa yak\u0131n bir kesimde<br \/>arkada\u015flar h\u00fccuma kalkt\u0131lar,<br \/>ayak sesleri h\u00e2l\u00e2 kula\u011f\u0131ndad\u0131r.<\/p>\n<p>S\u00fcng\u00fclerin karanl\u0131kta par\u0131ldayan so\u011fuk demiri<br \/>bir t\u00fcrl\u00fc \u00e7\u0131kmaz akl\u0131ndan.<\/p>\n<p>Harap olmu\u015f istihk\u00e2mda,<br \/>apans\u0131z fark\u0131na vard\u0131n ki s\u0131cak kan\u0131n<br \/>teninde lezzetle s\u0131z\u0131yordu.<\/p>\n<p>Ah ellerin ne kadar so\u011fuk!..<\/p>\n<p>4<\/p>\n<p>Silah\u0131n d\u00fc\u015ft\u00fc elinden<br \/>bundan sonra bir hayal par\u00e7as\u0131s\u0131n.<\/p>\n<p>Dostlar\u0131n seni garipseyerek anacak,<br \/>vakitsiz \u00f6l\u00fcm\u00fcne \u00fcz\u00fclen bu k\u00fc\u00e7\u00fck \u015fiirde de<br \/>benim g\u00f6nl\u00fcme g\u00f6re olacaks\u0131n.<\/p>\n<p>Halbuki biraz evvel kar ya\u011f\u0131yordu,<br \/>sen a\u011f\u0131r yaral\u0131;<br \/>arkandan d\u00fc\u015fmandan kurtar\u0131lm\u0131\u015f toprak,<br \/>sular\u0131 buz tutmu\u015f Vist\u00fcl,<br \/>a\u011f\u0131r a\u011f\u0131r y\u00fcr\u00fcyordun.<br \/>Ufukta belki,<br \/>karla \u00f6rt\u00fcl\u00fc kuleleri ve damlar\u0131yla<br \/>biraz sonra \u015fehirler g\u00f6z\u00fckecekti.<\/p>\n<p>Ayak izleri \u00f6rt\u00fcl\u00fcrken arkada\u015flar\u0131n\u0131n,<br \/>sen \u00e7am ormanlar\u0131n\u0131 ve sakin g\u00f6lleri<br \/>son ad\u0131m\u0131nda birden bire ge\u00e7erek<br \/>denize vard\u0131n.<\/p>\n<p>Ondan sonra bir hayal par\u00e7as\u0131s\u0131n.<\/p>\n<p>Arif DAMAR<\/p>\n","protected":false},"excerpt":{"rendered":"<p>1 Belli s\u00f6yledi\u011fin t\u00fcrk\u00fcdenyabanc\u0131s\u0131s\u0131n bu topraklar\u0131n.&#8220;Limanlar&#8221; &#8220;kay\u0131klar&#8221; ve &#8220;bal\u0131k\u00e7\u0131lar&#8221;ve &#8220;gece vakti \u0131l\u0131k esen r\u00fczg\u00e2r&#8221;uzak buralara. Sana,istedi\u011fin zamanistedi\u011fin a\u011fac\u0131n alt\u0131na oturupdinlenebilmek kadar uzakve a\u011f\u0131r yumru\u011funu so\u011fana vurupekme\u011fini yiyebilmek kadar uzakuzaklar,uzak buralara. Biraz evvel t\u00fcrk\u00fcs\u00fcn\u00fc bitiripve d\u00fc\u015fman elindekikar\u015f\u0131 da\u011flar\u0131kilometrelerce uza\u011fa itipg\u00f6\u011f\u00fcs ge\u00e7iren arkada\u015fbelki biz de birbirimizden uza\u011f\u0131zfakat seninle \u00e7ok defab\u00fcy\u00fck kitaplar\u0131m\u0131z\u0131 okurkenayn\u0131 sat\u0131rlarda \u00f6fkelenipayn\u0131 sat\u0131rlarda g\u00fcld\u00fc\u011f\u00fcm\u00fcz i\u00e7inve [&hellip;]<\/p>\n","protected":false},"author":1,"featured_media":0,"comment_status":"open","ping_status":"open","sticky":false,"template":"","format":"standard","meta":{"footnotes":""},"categories":[8],"tags":[],"class_list":{"0":"post-214","1":"post","2":"type-post","3":"status-publish","4":"format-standard","6":"category-arif-damar"},"yoast_head":"<!-- This site is optimized with the Yoast SEO Premium plugin v24.9 (Yoast SEO v24.9) - https:\/\/yoast.com\/wordpress\/plugins\/seo\/ -->\n<title>IKINCI D\u00dcNYA HARBINDEN PORTRELER - narteks.net<\/title>\n<meta name=\"robots\" content=\"index, follow, max-snippet:-1, max-image-preview:large, max-video-preview:-1\" \/>\n<link rel=\"canonical\" href=\"https:\/\/narteks.net\/index.php\/2009\/02\/27\/ikinci-dunya-harbinden-portreler\/\" \/>\n<meta property=\"og:locale\" content=\"tr_TR\" \/>\n<meta property=\"og:type\" content=\"article\" \/>\n<meta property=\"og:title\" content=\"IKINCI D\u00dcNYA HARBINDEN PORTRELER\" \/>\n<meta property=\"og:description\" content=\"1 Belli s\u00f6yledi\u011fin t\u00fcrk\u00fcdenyabanc\u0131s\u0131s\u0131n bu topraklar\u0131n.&#8220;Limanlar&#8221; &#8220;kay\u0131klar&#8221; ve &#8220;bal\u0131k\u00e7\u0131lar&#8221;ve &#8220;gece vakti \u0131l\u0131k esen r\u00fczg\u00e2r&#8221;uzak buralara. Sana,istedi\u011fin zamanistedi\u011fin a\u011fac\u0131n alt\u0131na oturupdinlenebilmek kadar uzakve a\u011f\u0131r yumru\u011funu so\u011fana vurupekme\u011fini yiyebilmek kadar uzakuzaklar,uzak buralara. Biraz evvel t\u00fcrk\u00fcs\u00fcn\u00fc bitiripve d\u00fc\u015fman elindekikar\u015f\u0131 da\u011flar\u0131kilometrelerce uza\u011fa itipg\u00f6\u011f\u00fcs ge\u00e7iren arkada\u015fbelki biz de birbirimizden uza\u011f\u0131zfakat seninle \u00e7ok defab\u00fcy\u00fck kitaplar\u0131m\u0131z\u0131 okurkenayn\u0131 sat\u0131rlarda \u00f6fkelenipayn\u0131 sat\u0131rlarda g\u00fcld\u00fc\u011f\u00fcm\u00fcz i\u00e7inve [&hellip;]\" \/>\n<meta property=\"og:url\" content=\"https:\/\/narteks.net\/index.php\/2009\/02\/27\/ikinci-dunya-harbinden-portreler\/\" \/>\n<meta property=\"og:site_name\" content=\"narteks.net\" \/>\n<meta property=\"article:published_time\" content=\"2009-02-27T14:15:06+00:00\" \/>\n<meta property=\"og:image\" content=\"https:\/\/narteks.net\/wp-content\/uploads\/narteks.png\" \/>\n\t<meta property=\"og:image:width\" content=\"300\" \/>\n\t<meta property=\"og:image:height\" content=\"90\" \/>\n\t<meta property=\"og:image:type\" content=\"image\/png\" \/>\n<meta name=\"author\" content=\"Tar\u0131k\" \/>\n<meta name=\"twitter:card\" content=\"summary_large_image\" \/>\n<meta name=\"twitter:creator\" content=\"@narteks\" \/>\n<meta name=\"twitter:site\" content=\"@narteks\" \/>\n<meta name=\"twitter:label1\" content=\"Yazan:\" \/>\n\t<meta name=\"twitter:data1\" content=\"Tar\u0131k\" \/>\n\t<meta name=\"twitter:label2\" content=\"Tahmini okuma s\u00fcresi\" \/>\n\t<meta name=\"twitter:data2\" content=\"2 dakika\" \/>\n<script type=\"application\/ld+json\" class=\"yoast-schema-graph\">{\"@context\":\"https:\/\/schema.org\",\"@graph\":[{\"@type\":\"Article\",\"@id\":\"https:\/\/narteks.net\/index.php\/2009\/02\/27\/ikinci-dunya-harbinden-portreler\/#article\",\"isPartOf\":{\"@id\":\"https:\/\/narteks.net\/index.php\/2009\/02\/27\/ikinci-dunya-harbinden-portreler\/\"},\"author\":{\"name\":\"Tar\u0131k\",\"@id\":\"https:\/\/narteks.net\/#\/schema\/person\/61f37d9834294b72d31d274e7ed79bca\"},\"headline\":\"IKINCI D\u00dcNYA HARBINDEN PORTRELER\",\"datePublished\":\"2009-02-27T14:15:06+00:00\",\"mainEntityOfPage\":{\"@id\":\"https:\/\/narteks.net\/index.php\/2009\/02\/27\/ikinci-dunya-harbinden-portreler\/\"},\"wordCount\":395,\"commentCount\":0,\"publisher\":{\"@id\":\"https:\/\/narteks.net\/#organization\"},\"articleSection\":[\"Arif DAMAR\"],\"inLanguage\":\"tr\",\"potentialAction\":[{\"@type\":\"CommentAction\",\"name\":\"Comment\",\"target\":[\"https:\/\/narteks.net\/index.php\/2009\/02\/27\/ikinci-dunya-harbinden-portreler\/#respond\"]}]},{\"@type\":\"WebPage\",\"@id\":\"https:\/\/narteks.net\/index.php\/2009\/02\/27\/ikinci-dunya-harbinden-portreler\/\",\"url\":\"https:\/\/narteks.net\/index.php\/2009\/02\/27\/ikinci-dunya-harbinden-portreler\/\",\"name\":\"IKINCI D\u00dcNYA HARBINDEN PORTRELER - narteks.net\",\"isPartOf\":{\"@id\":\"https:\/\/narteks.net\/#website\"},\"datePublished\":\"2009-02-27T14:15:06+00:00\",\"breadcrumb\":{\"@id\":\"https:\/\/narteks.net\/index.php\/2009\/02\/27\/ikinci-dunya-harbinden-portreler\/#breadcrumb\"},\"inLanguage\":\"tr\",\"potentialAction\":[{\"@type\":\"ReadAction\",\"target\":[\"https:\/\/narteks.net\/index.php\/2009\/02\/27\/ikinci-dunya-harbinden-portreler\/\"]}]},{\"@type\":\"BreadcrumbList\",\"@id\":\"https:\/\/narteks.net\/index.php\/2009\/02\/27\/ikinci-dunya-harbinden-portreler\/#breadcrumb\",\"itemListElement\":[{\"@type\":\"ListItem\",\"position\":1,\"name\":\"Anasayfa\",\"item\":\"https:\/\/narteks.net\/\"},{\"@type\":\"ListItem\",\"position\":2,\"name\":\"IKINCI D\u00dcNYA HARBINDEN PORTRELER\"}]},{\"@type\":\"WebSite\",\"@id\":\"https:\/\/narteks.net\/#website\",\"url\":\"https:\/\/narteks.net\/\",\"name\":\"narteks.net\",\"description\":\"K\u00fclt\u00fcr Sanat Edebiyat Felsefe\",\"publisher\":{\"@id\":\"https:\/\/narteks.net\/#organization\"},\"alternateName\":\"K\u00fclt\u00fcr Sanat Edebiyat Felsefe\",\"potentialAction\":[{\"@type\":\"SearchAction\",\"target\":{\"@type\":\"EntryPoint\",\"urlTemplate\":\"https:\/\/narteks.net\/?s={search_term_string}\"},\"query-input\":{\"@type\":\"PropertyValueSpecification\",\"valueRequired\":true,\"valueName\":\"search_term_string\"}}],\"inLanguage\":\"tr\"},{\"@type\":\"Organization\",\"@id\":\"https:\/\/narteks.net\/#organization\",\"name\":\"narteks.net\",\"url\":\"https:\/\/narteks.net\/\",\"logo\":{\"@type\":\"ImageObject\",\"inLanguage\":\"tr\",\"@id\":\"https:\/\/narteks.net\/#\/schema\/logo\/image\/\",\"url\":\"https:\/\/narteks.net\/wp-content\/uploads\/narteks.png\",\"contentUrl\":\"https:\/\/narteks.net\/wp-content\/uploads\/narteks.png\",\"width\":300,\"height\":90,\"caption\":\"narteks.net\"},\"image\":{\"@id\":\"https:\/\/narteks.net\/#\/schema\/logo\/image\/\"},\"sameAs\":[\"https:\/\/x.com\/narteks\",\"https:\/\/instagram.com\/narteksnet\"]},{\"@type\":\"Person\",\"@id\":\"https:\/\/narteks.net\/#\/schema\/person\/61f37d9834294b72d31d274e7ed79bca\",\"name\":\"Tar\u0131k\",\"image\":{\"@type\":\"ImageObject\",\"inLanguage\":\"tr\",\"@id\":\"https:\/\/narteks.net\/#\/schema\/person\/image\/\",\"url\":\"https:\/\/secure.gravatar.com\/avatar\/50865afb55632c4ae467e0af0930f6510aa2297d8014be502a55b14f3b7550cf?s=96&d=mm&r=g\",\"contentUrl\":\"https:\/\/secure.gravatar.com\/avatar\/50865afb55632c4ae467e0af0930f6510aa2297d8014be502a55b14f3b7550cf?s=96&d=mm&r=g\",\"caption\":\"Tar\u0131k\"},\"sameAs\":[\"http:\/\/narteks.net\"],\"url\":\"https:\/\/narteks.net\/index.php\/author\/narbak\/\"}]}<\/script>\n<!-- \/ Yoast SEO Premium plugin. -->","yoast_head_json":{"title":"IKINCI D\u00dcNYA HARBINDEN PORTRELER - narteks.net","robots":{"index":"index","follow":"follow","max-snippet":"max-snippet:-1","max-image-preview":"max-image-preview:large","max-video-preview":"max-video-preview:-1"},"canonical":"https:\/\/narteks.net\/index.php\/2009\/02\/27\/ikinci-dunya-harbinden-portreler\/","og_locale":"tr_TR","og_type":"article","og_title":"IKINCI D\u00dcNYA HARBINDEN PORTRELER","og_description":"1 Belli s\u00f6yledi\u011fin t\u00fcrk\u00fcdenyabanc\u0131s\u0131s\u0131n bu topraklar\u0131n.&#8220;Limanlar&#8221; &#8220;kay\u0131klar&#8221; ve &#8220;bal\u0131k\u00e7\u0131lar&#8221;ve &#8220;gece vakti \u0131l\u0131k esen r\u00fczg\u00e2r&#8221;uzak buralara. Sana,istedi\u011fin zamanistedi\u011fin a\u011fac\u0131n alt\u0131na oturupdinlenebilmek kadar uzakve a\u011f\u0131r yumru\u011funu so\u011fana vurupekme\u011fini yiyebilmek kadar uzakuzaklar,uzak buralara. Biraz evvel t\u00fcrk\u00fcs\u00fcn\u00fc bitiripve d\u00fc\u015fman elindekikar\u015f\u0131 da\u011flar\u0131kilometrelerce uza\u011fa itipg\u00f6\u011f\u00fcs ge\u00e7iren arkada\u015fbelki biz de birbirimizden uza\u011f\u0131zfakat seninle \u00e7ok defab\u00fcy\u00fck kitaplar\u0131m\u0131z\u0131 okurkenayn\u0131 sat\u0131rlarda \u00f6fkelenipayn\u0131 sat\u0131rlarda g\u00fcld\u00fc\u011f\u00fcm\u00fcz i\u00e7inve [&hellip;]","og_url":"https:\/\/narteks.net\/index.php\/2009\/02\/27\/ikinci-dunya-harbinden-portreler\/","og_site_name":"narteks.net","article_published_time":"2009-02-27T14:15:06+00:00","og_image":[{"width":300,"height":90,"url":"https:\/\/narteks.net\/wp-content\/uploads\/narteks.png","type":"image\/png"}],"author":"Tar\u0131k","twitter_card":"summary_large_image","twitter_creator":"@narteks","twitter_site":"@narteks","twitter_misc":{"Yazan:":"Tar\u0131k","Tahmini okuma s\u00fcresi":"2 dakika"},"schema":{"@context":"https:\/\/schema.org","@graph":[{"@type":"Article","@id":"https:\/\/narteks.net\/index.php\/2009\/02\/27\/ikinci-dunya-harbinden-portreler\/#article","isPartOf":{"@id":"https:\/\/narteks.net\/index.php\/2009\/02\/27\/ikinci-dunya-harbinden-portreler\/"},"author":{"name":"Tar\u0131k","@id":"https:\/\/narteks.net\/#\/schema\/person\/61f37d9834294b72d31d274e7ed79bca"},"headline":"IKINCI D\u00dcNYA HARBINDEN PORTRELER","datePublished":"2009-02-27T14:15:06+00:00","mainEntityOfPage":{"@id":"https:\/\/narteks.net\/index.php\/2009\/02\/27\/ikinci-dunya-harbinden-portreler\/"},"wordCount":395,"commentCount":0,"publisher":{"@id":"https:\/\/narteks.net\/#organization"},"articleSection":["Arif DAMAR"],"inLanguage":"tr","potentialAction":[{"@type":"CommentAction","name":"Comment","target":["https:\/\/narteks.net\/index.php\/2009\/02\/27\/ikinci-dunya-harbinden-portreler\/#respond"]}]},{"@type":"WebPage","@id":"https:\/\/narteks.net\/index.php\/2009\/02\/27\/ikinci-dunya-harbinden-portreler\/","url":"https:\/\/narteks.net\/index.php\/2009\/02\/27\/ikinci-dunya-harbinden-portreler\/","name":"IKINCI D\u00dcNYA HARBINDEN PORTRELER - narteks.net","isPartOf":{"@id":"https:\/\/narteks.net\/#website"},"datePublished":"2009-02-27T14:15:06+00:00","breadcrumb":{"@id":"https:\/\/narteks.net\/index.php\/2009\/02\/27\/ikinci-dunya-harbinden-portreler\/#breadcrumb"},"inLanguage":"tr","potentialAction":[{"@type":"ReadAction","target":["https:\/\/narteks.net\/index.php\/2009\/02\/27\/ikinci-dunya-harbinden-portreler\/"]}]},{"@type":"BreadcrumbList","@id":"https:\/\/narteks.net\/index.php\/2009\/02\/27\/ikinci-dunya-harbinden-portreler\/#breadcrumb","itemListElement":[{"@type":"ListItem","position":1,"name":"Anasayfa","item":"https:\/\/narteks.net\/"},{"@type":"ListItem","position":2,"name":"IKINCI D\u00dcNYA HARBINDEN PORTRELER"}]},{"@type":"WebSite","@id":"https:\/\/narteks.net\/#website","url":"https:\/\/narteks.net\/","name":"narteks.net","description":"K\u00fclt\u00fcr Sanat Edebiyat Felsefe","publisher":{"@id":"https:\/\/narteks.net\/#organization"},"alternateName":"K\u00fclt\u00fcr Sanat Edebiyat Felsefe","potentialAction":[{"@type":"SearchAction","target":{"@type":"EntryPoint","urlTemplate":"https:\/\/narteks.net\/?s={search_term_string}"},"query-input":{"@type":"PropertyValueSpecification","valueRequired":true,"valueName":"search_term_string"}}],"inLanguage":"tr"},{"@type":"Organization","@id":"https:\/\/narteks.net\/#organization","name":"narteks.net","url":"https:\/\/narteks.net\/","logo":{"@type":"ImageObject","inLanguage":"tr","@id":"https:\/\/narteks.net\/#\/schema\/logo\/image\/","url":"https:\/\/narteks.net\/wp-content\/uploads\/narteks.png","contentUrl":"https:\/\/narteks.net\/wp-content\/uploads\/narteks.png","width":300,"height":90,"caption":"narteks.net"},"image":{"@id":"https:\/\/narteks.net\/#\/schema\/logo\/image\/"},"sameAs":["https:\/\/x.com\/narteks","https:\/\/instagram.com\/narteksnet"]},{"@type":"Person","@id":"https:\/\/narteks.net\/#\/schema\/person\/61f37d9834294b72d31d274e7ed79bca","name":"Tar\u0131k","image":{"@type":"ImageObject","inLanguage":"tr","@id":"https:\/\/narteks.net\/#\/schema\/person\/image\/","url":"https:\/\/secure.gravatar.com\/avatar\/50865afb55632c4ae467e0af0930f6510aa2297d8014be502a55b14f3b7550cf?s=96&d=mm&r=g","contentUrl":"https:\/\/secure.gravatar.com\/avatar\/50865afb55632c4ae467e0af0930f6510aa2297d8014be502a55b14f3b7550cf?s=96&d=mm&r=g","caption":"Tar\u0131k"},"sameAs":["http:\/\/narteks.net"],"url":"https:\/\/narteks.net\/index.php\/author\/narbak\/"}]}},"_links":{"self":[{"href":"https:\/\/narteks.net\/index.php\/wp-json\/wp\/v2\/posts\/214","targetHints":{"allow":["GET"]}}],"collection":[{"href":"https:\/\/narteks.net\/index.php\/wp-json\/wp\/v2\/posts"}],"about":[{"href":"https:\/\/narteks.net\/index.php\/wp-json\/wp\/v2\/types\/post"}],"author":[{"embeddable":true,"href":"https:\/\/narteks.net\/index.php\/wp-json\/wp\/v2\/users\/1"}],"replies":[{"embeddable":true,"href":"https:\/\/narteks.net\/index.php\/wp-json\/wp\/v2\/comments?post=214"}],"version-history":[{"count":0,"href":"https:\/\/narteks.net\/index.php\/wp-json\/wp\/v2\/posts\/214\/revisions"}],"wp:attachment":[{"href":"https:\/\/narteks.net\/index.php\/wp-json\/wp\/v2\/media?parent=214"}],"wp:term":[{"taxonomy":"category","embeddable":true,"href":"https:\/\/narteks.net\/index.php\/wp-json\/wp\/v2\/categories?post=214"},{"taxonomy":"post_tag","embeddable":true,"href":"https:\/\/narteks.net\/index.php\/wp-json\/wp\/v2\/tags?post=214"}],"curies":[{"name":"wp","href":"https:\/\/api.w.org\/{rel}","templated":true}]}}