{"id":215,"date":"2009-02-27T17:16:32","date_gmt":"2009-02-27T14:16:32","guid":{"rendered":"http:\/\/localhost\/wordpress\/2009\/02\/27\/kedi-akli\/"},"modified":"2009-02-27T17:16:32","modified_gmt":"2009-02-27T14:16:32","slug":"kedi-akli","status":"publish","type":"post","link":"https:\/\/narteks.net\/index.php\/2009\/02\/27\/kedi-akli\/","title":{"rendered":"KED\u0130 AKLI"},"content":{"rendered":"<p>\u00a0<\/p>\n<p>Bir diyece\u011fim yoktu h\u00fcz\u00fcnden yana<br \/>Y\u0131pran\u0131yordu k\u00f6t\u00fc kad\u0131nlarda a\u015fk\u0131m pis karanl\u0131klarda<br \/>Yetmiyorum yeni insanlara yeti\u015femiyordum<br \/>\u00d6l\u00fcr kal\u0131rd\u0131m belki de sokak aralar\u0131nda bir kenarda<br \/>Kimin umurunda dedi ama kendimi inand\u0131ramad\u0131m buna da<br \/>Yak\u0131\u015fm\u0131yordum eski pencerelere yosunlu sulara<br \/>\u00d6l\u00fcr kal\u0131rd\u0131m belki de sokak aralar\u0131nda bir kenarda<br \/>Uyand\u0131r\u0131lacak \u00e7ocuklar\u0131m vard\u0131 uyuyorlard\u0131 uykular\u0131nda<\/p>\n<p>\u00c7ok mu ya\u015fam\u0131\u015ft\u0131m az m\u0131 \u00f6lmek hakk\u0131m m\u0131yd\u0131 y\u0131l varken ak\u015famlara<br \/>Bu kedi nerden \u00e7\u0131kt\u0131 demeyin kap\u0131 aral\u0131kt\u0131\u00a0 ben b\u0131rakt\u0131m da<br \/>Ok\u015fayacak bir \u015fey ister ellerimiz kendi s\u0131cakl\u0131\u011f\u0131nda<br \/>Y\u0131pran\u0131yordu k\u00f6t\u00fc kad\u0131nlarda a\u015fk\u0131m pis karanl\u0131klarda<\/p>\n<p>Ne iyi etmi\u015fim ald\u0131m d\u00fc\u015f\u00fcnd\u00fcm kedilerin yar\u0131 ak yar\u0131 kara akl\u0131nda<br \/>Kedi i\u015fte kedi bo\u011fuyordu yavruyu engel g\u00f6r\u00fcnce a\u015fk\u0131nda<br \/>\u00c7ekilmemi\u015fti denizlerim<br \/>D\u00f6nd\u00fcm h\u0131rpalanm\u0131\u015f geceden dayan\u0131kl\u0131 ayd\u0131nl\u0131klara<br \/>A\u011flan\u0131r kedi yavrular\u0131n \u00e7ocuksuz analar\u0131n aras\u0131nda<br \/>Bu kedi nerden \u00e7\u0131kt\u0131 demeyin kap\u0131 aral\u0131kt\u0131\u00a0 ben b\u0131rakt\u0131m da<br \/>Uyand\u0131r\u0131lacak \u00e7ocuklar\u0131m vard\u0131 uyuyorlard\u0131 uykular\u0131nda<br \/>Ne iyi etmi\u015fim uyur uykular\u0131nda<\/p>\n<p>Arif DAMAR<\/p>\n","protected":false},"excerpt":{"rendered":"<p>\u00a0 Bir diyece\u011fim yoktu h\u00fcz\u00fcnden yanaY\u0131pran\u0131yordu k\u00f6t\u00fc kad\u0131nlarda a\u015fk\u0131m pis karanl\u0131klardaYetmiyorum yeni insanlara yeti\u015femiyordum\u00d6l\u00fcr kal\u0131rd\u0131m belki de sokak aralar\u0131nda bir kenardaKimin umurunda dedi ama kendimi inand\u0131ramad\u0131m buna daYak\u0131\u015fm\u0131yordum eski pencerelere yosunlu sulara\u00d6l\u00fcr kal\u0131rd\u0131m belki de sokak aralar\u0131nda bir kenardaUyand\u0131r\u0131lacak \u00e7ocuklar\u0131m vard\u0131 uyuyorlard\u0131 uykular\u0131nda \u00c7ok mu ya\u015fam\u0131\u015ft\u0131m az m\u0131 \u00f6lmek hakk\u0131m m\u0131yd\u0131 y\u0131l varken ak\u015famlaraBu kedi [&hellip;]<\/p>\n","protected":false},"author":1,"featured_media":0,"comment_status":"open","ping_status":"open","sticky":false,"template":"","format":"standard","meta":{"footnotes":""},"categories":[8],"tags":[],"class_list":{"0":"post-215","1":"post","2":"type-post","3":"status-publish","4":"format-standard","6":"category-arif-damar"},"yoast_head":"<!-- This site is optimized with the Yoast SEO Premium plugin v24.9 (Yoast SEO v24.9) - https:\/\/yoast.com\/wordpress\/plugins\/seo\/ -->\n<title>KED\u0130 AKLI - narteks.net<\/title>\n<meta name=\"robots\" content=\"index, follow, max-snippet:-1, max-image-preview:large, max-video-preview:-1\" \/>\n<link rel=\"canonical\" href=\"https:\/\/narteks.net\/index.php\/2009\/02\/27\/kedi-akli\/\" \/>\n<meta property=\"og:locale\" content=\"tr_TR\" \/>\n<meta property=\"og:type\" content=\"article\" \/>\n<meta property=\"og:title\" content=\"KED\u0130 AKLI\" \/>\n<meta property=\"og:description\" content=\"\u00a0 Bir diyece\u011fim yoktu h\u00fcz\u00fcnden yanaY\u0131pran\u0131yordu k\u00f6t\u00fc kad\u0131nlarda a\u015fk\u0131m pis karanl\u0131klardaYetmiyorum yeni insanlara yeti\u015femiyordum\u00d6l\u00fcr kal\u0131rd\u0131m belki de sokak aralar\u0131nda bir kenardaKimin umurunda dedi ama kendimi inand\u0131ramad\u0131m buna daYak\u0131\u015fm\u0131yordum eski pencerelere yosunlu sulara\u00d6l\u00fcr kal\u0131rd\u0131m belki de sokak aralar\u0131nda bir kenardaUyand\u0131r\u0131lacak \u00e7ocuklar\u0131m vard\u0131 uyuyorlard\u0131 uykular\u0131nda \u00c7ok mu ya\u015fam\u0131\u015ft\u0131m az m\u0131 \u00f6lmek hakk\u0131m m\u0131yd\u0131 y\u0131l varken ak\u015famlaraBu kedi [&hellip;]\" \/>\n<meta property=\"og:url\" content=\"https:\/\/narteks.net\/index.php\/2009\/02\/27\/kedi-akli\/\" \/>\n<meta property=\"og:site_name\" content=\"narteks.net\" \/>\n<meta property=\"article:published_time\" content=\"2009-02-27T14:16:32+00:00\" \/>\n<meta property=\"og:image\" content=\"https:\/\/narteks.net\/wp-content\/uploads\/narteks.png\" \/>\n\t<meta property=\"og:image:width\" content=\"300\" \/>\n\t<meta property=\"og:image:height\" content=\"90\" \/>\n\t<meta property=\"og:image:type\" content=\"image\/png\" \/>\n<meta name=\"author\" content=\"Tar\u0131k\" \/>\n<meta name=\"twitter:card\" content=\"summary_large_image\" \/>\n<meta name=\"twitter:creator\" content=\"@narteks\" \/>\n<meta name=\"twitter:site\" content=\"@narteks\" \/>\n<meta name=\"twitter:label1\" content=\"Yazan:\" \/>\n\t<meta name=\"twitter:data1\" content=\"Tar\u0131k\" \/>\n\t<meta name=\"twitter:label2\" content=\"Tahmini okuma s\u00fcresi\" \/>\n\t<meta name=\"twitter:data2\" content=\"1 dakika\" \/>\n<script type=\"application\/ld+json\" class=\"yoast-schema-graph\">{\"@context\":\"https:\/\/schema.org\",\"@graph\":[{\"@type\":\"Article\",\"@id\":\"https:\/\/narteks.net\/index.php\/2009\/02\/27\/kedi-akli\/#article\",\"isPartOf\":{\"@id\":\"https:\/\/narteks.net\/index.php\/2009\/02\/27\/kedi-akli\/\"},\"author\":{\"name\":\"Tar\u0131k\",\"@id\":\"https:\/\/narteks.net\/#\/schema\/person\/61f37d9834294b72d31d274e7ed79bca\"},\"headline\":\"KED\u0130 AKLI\",\"datePublished\":\"2009-02-27T14:16:32+00:00\",\"mainEntityOfPage\":{\"@id\":\"https:\/\/narteks.net\/index.php\/2009\/02\/27\/kedi-akli\/\"},\"wordCount\":204,\"commentCount\":0,\"publisher\":{\"@id\":\"https:\/\/narteks.net\/#organization\"},\"articleSection\":[\"Arif DAMAR\"],\"inLanguage\":\"tr\",\"potentialAction\":[{\"@type\":\"CommentAction\",\"name\":\"Comment\",\"target\":[\"https:\/\/narteks.net\/index.php\/2009\/02\/27\/kedi-akli\/#respond\"]}]},{\"@type\":\"WebPage\",\"@id\":\"https:\/\/narteks.net\/index.php\/2009\/02\/27\/kedi-akli\/\",\"url\":\"https:\/\/narteks.net\/index.php\/2009\/02\/27\/kedi-akli\/\",\"name\":\"KED\u0130 AKLI - narteks.net\",\"isPartOf\":{\"@id\":\"https:\/\/narteks.net\/#website\"},\"datePublished\":\"2009-02-27T14:16:32+00:00\",\"breadcrumb\":{\"@id\":\"https:\/\/narteks.net\/index.php\/2009\/02\/27\/kedi-akli\/#breadcrumb\"},\"inLanguage\":\"tr\",\"potentialAction\":[{\"@type\":\"ReadAction\",\"target\":[\"https:\/\/narteks.net\/index.php\/2009\/02\/27\/kedi-akli\/\"]}]},{\"@type\":\"BreadcrumbList\",\"@id\":\"https:\/\/narteks.net\/index.php\/2009\/02\/27\/kedi-akli\/#breadcrumb\",\"itemListElement\":[{\"@type\":\"ListItem\",\"position\":1,\"name\":\"Anasayfa\",\"item\":\"https:\/\/narteks.net\/\"},{\"@type\":\"ListItem\",\"position\":2,\"name\":\"KED\u0130 AKLI\"}]},{\"@type\":\"WebSite\",\"@id\":\"https:\/\/narteks.net\/#website\",\"url\":\"https:\/\/narteks.net\/\",\"name\":\"narteks.net\",\"description\":\"K\u00fclt\u00fcr Sanat Edebiyat Felsefe\",\"publisher\":{\"@id\":\"https:\/\/narteks.net\/#organization\"},\"alternateName\":\"K\u00fclt\u00fcr Sanat Edebiyat Felsefe\",\"potentialAction\":[{\"@type\":\"SearchAction\",\"target\":{\"@type\":\"EntryPoint\",\"urlTemplate\":\"https:\/\/narteks.net\/?s={search_term_string}\"},\"query-input\":{\"@type\":\"PropertyValueSpecification\",\"valueRequired\":true,\"valueName\":\"search_term_string\"}}],\"inLanguage\":\"tr\"},{\"@type\":\"Organization\",\"@id\":\"https:\/\/narteks.net\/#organization\",\"name\":\"narteks.net\",\"url\":\"https:\/\/narteks.net\/\",\"logo\":{\"@type\":\"ImageObject\",\"inLanguage\":\"tr\",\"@id\":\"https:\/\/narteks.net\/#\/schema\/logo\/image\/\",\"url\":\"https:\/\/narteks.net\/wp-content\/uploads\/narteks.png\",\"contentUrl\":\"https:\/\/narteks.net\/wp-content\/uploads\/narteks.png\",\"width\":300,\"height\":90,\"caption\":\"narteks.net\"},\"image\":{\"@id\":\"https:\/\/narteks.net\/#\/schema\/logo\/image\/\"},\"sameAs\":[\"https:\/\/x.com\/narteks\",\"https:\/\/instagram.com\/narteksnet\"]},{\"@type\":\"Person\",\"@id\":\"https:\/\/narteks.net\/#\/schema\/person\/61f37d9834294b72d31d274e7ed79bca\",\"name\":\"Tar\u0131k\",\"image\":{\"@type\":\"ImageObject\",\"inLanguage\":\"tr\",\"@id\":\"https:\/\/narteks.net\/#\/schema\/person\/image\/\",\"url\":\"https:\/\/secure.gravatar.com\/avatar\/50865afb55632c4ae467e0af0930f6510aa2297d8014be502a55b14f3b7550cf?s=96&d=mm&r=g\",\"contentUrl\":\"https:\/\/secure.gravatar.com\/avatar\/50865afb55632c4ae467e0af0930f6510aa2297d8014be502a55b14f3b7550cf?s=96&d=mm&r=g\",\"caption\":\"Tar\u0131k\"},\"sameAs\":[\"http:\/\/narteks.net\"],\"url\":\"https:\/\/narteks.net\/index.php\/author\/narbak\/\"}]}<\/script>\n<!-- \/ Yoast SEO Premium plugin. -->","yoast_head_json":{"title":"KED\u0130 AKLI - narteks.net","robots":{"index":"index","follow":"follow","max-snippet":"max-snippet:-1","max-image-preview":"max-image-preview:large","max-video-preview":"max-video-preview:-1"},"canonical":"https:\/\/narteks.net\/index.php\/2009\/02\/27\/kedi-akli\/","og_locale":"tr_TR","og_type":"article","og_title":"KED\u0130 AKLI","og_description":"\u00a0 Bir diyece\u011fim yoktu h\u00fcz\u00fcnden yanaY\u0131pran\u0131yordu k\u00f6t\u00fc kad\u0131nlarda a\u015fk\u0131m pis karanl\u0131klardaYetmiyorum yeni insanlara yeti\u015femiyordum\u00d6l\u00fcr kal\u0131rd\u0131m belki de sokak aralar\u0131nda bir kenardaKimin umurunda dedi ama kendimi inand\u0131ramad\u0131m buna daYak\u0131\u015fm\u0131yordum eski pencerelere yosunlu sulara\u00d6l\u00fcr kal\u0131rd\u0131m belki de sokak aralar\u0131nda bir kenardaUyand\u0131r\u0131lacak \u00e7ocuklar\u0131m vard\u0131 uyuyorlard\u0131 uykular\u0131nda \u00c7ok mu ya\u015fam\u0131\u015ft\u0131m az m\u0131 \u00f6lmek hakk\u0131m m\u0131yd\u0131 y\u0131l varken ak\u015famlaraBu kedi [&hellip;]","og_url":"https:\/\/narteks.net\/index.php\/2009\/02\/27\/kedi-akli\/","og_site_name":"narteks.net","article_published_time":"2009-02-27T14:16:32+00:00","og_image":[{"width":300,"height":90,"url":"https:\/\/narteks.net\/wp-content\/uploads\/narteks.png","type":"image\/png"}],"author":"Tar\u0131k","twitter_card":"summary_large_image","twitter_creator":"@narteks","twitter_site":"@narteks","twitter_misc":{"Yazan:":"Tar\u0131k","Tahmini okuma s\u00fcresi":"1 dakika"},"schema":{"@context":"https:\/\/schema.org","@graph":[{"@type":"Article","@id":"https:\/\/narteks.net\/index.php\/2009\/02\/27\/kedi-akli\/#article","isPartOf":{"@id":"https:\/\/narteks.net\/index.php\/2009\/02\/27\/kedi-akli\/"},"author":{"name":"Tar\u0131k","@id":"https:\/\/narteks.net\/#\/schema\/person\/61f37d9834294b72d31d274e7ed79bca"},"headline":"KED\u0130 AKLI","datePublished":"2009-02-27T14:16:32+00:00","mainEntityOfPage":{"@id":"https:\/\/narteks.net\/index.php\/2009\/02\/27\/kedi-akli\/"},"wordCount":204,"commentCount":0,"publisher":{"@id":"https:\/\/narteks.net\/#organization"},"articleSection":["Arif DAMAR"],"inLanguage":"tr","potentialAction":[{"@type":"CommentAction","name":"Comment","target":["https:\/\/narteks.net\/index.php\/2009\/02\/27\/kedi-akli\/#respond"]}]},{"@type":"WebPage","@id":"https:\/\/narteks.net\/index.php\/2009\/02\/27\/kedi-akli\/","url":"https:\/\/narteks.net\/index.php\/2009\/02\/27\/kedi-akli\/","name":"KED\u0130 AKLI - narteks.net","isPartOf":{"@id":"https:\/\/narteks.net\/#website"},"datePublished":"2009-02-27T14:16:32+00:00","breadcrumb":{"@id":"https:\/\/narteks.net\/index.php\/2009\/02\/27\/kedi-akli\/#breadcrumb"},"inLanguage":"tr","potentialAction":[{"@type":"ReadAction","target":["https:\/\/narteks.net\/index.php\/2009\/02\/27\/kedi-akli\/"]}]},{"@type":"BreadcrumbList","@id":"https:\/\/narteks.net\/index.php\/2009\/02\/27\/kedi-akli\/#breadcrumb","itemListElement":[{"@type":"ListItem","position":1,"name":"Anasayfa","item":"https:\/\/narteks.net\/"},{"@type":"ListItem","position":2,"name":"KED\u0130 AKLI"}]},{"@type":"WebSite","@id":"https:\/\/narteks.net\/#website","url":"https:\/\/narteks.net\/","name":"narteks.net","description":"K\u00fclt\u00fcr Sanat Edebiyat Felsefe","publisher":{"@id":"https:\/\/narteks.net\/#organization"},"alternateName":"K\u00fclt\u00fcr Sanat Edebiyat Felsefe","potentialAction":[{"@type":"SearchAction","target":{"@type":"EntryPoint","urlTemplate":"https:\/\/narteks.net\/?s={search_term_string}"},"query-input":{"@type":"PropertyValueSpecification","valueRequired":true,"valueName":"search_term_string"}}],"inLanguage":"tr"},{"@type":"Organization","@id":"https:\/\/narteks.net\/#organization","name":"narteks.net","url":"https:\/\/narteks.net\/","logo":{"@type":"ImageObject","inLanguage":"tr","@id":"https:\/\/narteks.net\/#\/schema\/logo\/image\/","url":"https:\/\/narteks.net\/wp-content\/uploads\/narteks.png","contentUrl":"https:\/\/narteks.net\/wp-content\/uploads\/narteks.png","width":300,"height":90,"caption":"narteks.net"},"image":{"@id":"https:\/\/narteks.net\/#\/schema\/logo\/image\/"},"sameAs":["https:\/\/x.com\/narteks","https:\/\/instagram.com\/narteksnet"]},{"@type":"Person","@id":"https:\/\/narteks.net\/#\/schema\/person\/61f37d9834294b72d31d274e7ed79bca","name":"Tar\u0131k","image":{"@type":"ImageObject","inLanguage":"tr","@id":"https:\/\/narteks.net\/#\/schema\/person\/image\/","url":"https:\/\/secure.gravatar.com\/avatar\/50865afb55632c4ae467e0af0930f6510aa2297d8014be502a55b14f3b7550cf?s=96&d=mm&r=g","contentUrl":"https:\/\/secure.gravatar.com\/avatar\/50865afb55632c4ae467e0af0930f6510aa2297d8014be502a55b14f3b7550cf?s=96&d=mm&r=g","caption":"Tar\u0131k"},"sameAs":["http:\/\/narteks.net"],"url":"https:\/\/narteks.net\/index.php\/author\/narbak\/"}]}},"_links":{"self":[{"href":"https:\/\/narteks.net\/index.php\/wp-json\/wp\/v2\/posts\/215","targetHints":{"allow":["GET"]}}],"collection":[{"href":"https:\/\/narteks.net\/index.php\/wp-json\/wp\/v2\/posts"}],"about":[{"href":"https:\/\/narteks.net\/index.php\/wp-json\/wp\/v2\/types\/post"}],"author":[{"embeddable":true,"href":"https:\/\/narteks.net\/index.php\/wp-json\/wp\/v2\/users\/1"}],"replies":[{"embeddable":true,"href":"https:\/\/narteks.net\/index.php\/wp-json\/wp\/v2\/comments?post=215"}],"version-history":[{"count":0,"href":"https:\/\/narteks.net\/index.php\/wp-json\/wp\/v2\/posts\/215\/revisions"}],"wp:attachment":[{"href":"https:\/\/narteks.net\/index.php\/wp-json\/wp\/v2\/media?parent=215"}],"wp:term":[{"taxonomy":"category","embeddable":true,"href":"https:\/\/narteks.net\/index.php\/wp-json\/wp\/v2\/categories?post=215"},{"taxonomy":"post_tag","embeddable":true,"href":"https:\/\/narteks.net\/index.php\/wp-json\/wp\/v2\/tags?post=215"}],"curies":[{"name":"wp","href":"https:\/\/api.w.org\/{rel}","templated":true}]}}