{"id":2156,"date":"2009-12-05T11:32:29","date_gmt":"2009-12-05T08:32:29","guid":{"rendered":"http:\/\/localhost\/wordpress\/2009\/12\/05\/ikimizin-arasinda\/"},"modified":"2009-12-05T11:32:29","modified_gmt":"2009-12-05T08:32:29","slug":"ikimizin-arasinda","status":"publish","type":"post","link":"https:\/\/narteks.net\/index.php\/2009\/12\/05\/ikimizin-arasinda\/","title":{"rendered":"\u0130K\u0130M\u0130Z\u0130N ARASINDA"},"content":{"rendered":"<p>\u00a0<\/p>\n<p>Bir g\u00fcn \u015fayet cams\u0131z \u00e7er\u00e7evesiz penceresiz<br \/> Bir g\u00fcn ben, \u00e7ad\u0131r bezi bir perdeden<br \/> G\u00fcnlerin toz-toprak \u015fark\u0131s\u0131n\u0131 \u00e7\u0131rparken<br \/> Canevimin \u00f6n\u00fcnden ge\u00e7ersen,<br \/> Bir g\u00fcn \u015fayet boynumda yem torbas\u0131 hayallerim as\u0131l\u0131<br \/> Bir g\u00fcn \u015fayet saman\u00e7\u00f6p\u00fc bir sokak di\u015flerim aras\u0131nda<br \/> Canevinin \u00f6n\u00fcnden ge\u00e7ersem<br \/> Anlat\u0131r\u0131m nas\u0131l nerde<br \/> Bir ulu \u00e7\u0131nara tak\u0131l\u0131 bir kuyrukluy\u0131ld\u0131z<br \/> Bir ye\u015fil tela\u015fta \u00e7\u0131rp\u0131nan \u0131\u015f\u0131\u011f\u0131m\u0131z<br \/> Anlat\u0131r\u0131m nas\u0131l nerde&#8230;<br \/> Sonra e\u011filir kula\u011f\u0131na derim: Bekle<br \/> \u00c7ocukken ka\u00e7\u0131rd\u0131\u011f\u0131m u\u00e7urtma d\u00f6ns\u00fcn gelsin<br \/> Hele \u00e7arps\u0131n bu \u00e7er\u00e7i y\u00fck\u00fc \u015fehirlere,<br \/> Hele \u00fcrks\u00fcn fincanc\u0131 kat\u0131rlar\u0131!<\/p>\n<p>Can Y\u00dcCEL<\/p>\n","protected":false},"excerpt":{"rendered":"<p>\u00a0 Bir g\u00fcn \u015fayet cams\u0131z \u00e7er\u00e7evesiz penceresiz Bir g\u00fcn ben, \u00e7ad\u0131r bezi bir perdeden G\u00fcnlerin toz-toprak \u015fark\u0131s\u0131n\u0131 \u00e7\u0131rparken Canevimin \u00f6n\u00fcnden ge\u00e7ersen, Bir g\u00fcn \u015fayet boynumda yem torbas\u0131 hayallerim as\u0131l\u0131 Bir g\u00fcn \u015fayet saman\u00e7\u00f6p\u00fc bir sokak di\u015flerim aras\u0131nda Canevinin \u00f6n\u00fcnden ge\u00e7ersem Anlat\u0131r\u0131m nas\u0131l nerde Bir ulu \u00e7\u0131nara tak\u0131l\u0131 bir kuyrukluy\u0131ld\u0131z Bir ye\u015fil tela\u015fta \u00e7\u0131rp\u0131nan \u0131\u015f\u0131\u011f\u0131m\u0131z Anlat\u0131r\u0131m [&hellip;]<\/p>\n","protected":false},"author":1,"featured_media":0,"comment_status":"open","ping_status":"open","sticky":false,"template":"","format":"standard","meta":{"footnotes":""},"categories":[16],"tags":[],"class_list":{"0":"post-2156","1":"post","2":"type-post","3":"status-publish","4":"format-standard","6":"category-can-yucel"},"yoast_head":"<!-- This site is optimized with the Yoast SEO Premium plugin v24.9 (Yoast SEO v24.9) - https:\/\/yoast.com\/wordpress\/plugins\/seo\/ -->\n<title>\u0130K\u0130M\u0130Z\u0130N ARASINDA - narteks.net<\/title>\n<meta name=\"robots\" content=\"index, follow, max-snippet:-1, max-image-preview:large, max-video-preview:-1\" \/>\n<link rel=\"canonical\" href=\"https:\/\/narteks.net\/index.php\/2009\/12\/05\/ikimizin-arasinda\/\" \/>\n<meta property=\"og:locale\" content=\"tr_TR\" \/>\n<meta property=\"og:type\" content=\"article\" \/>\n<meta property=\"og:title\" content=\"\u0130K\u0130M\u0130Z\u0130N ARASINDA\" \/>\n<meta property=\"og:description\" content=\"\u00a0 Bir g\u00fcn \u015fayet cams\u0131z \u00e7er\u00e7evesiz penceresiz Bir g\u00fcn ben, \u00e7ad\u0131r bezi bir perdeden G\u00fcnlerin toz-toprak \u015fark\u0131s\u0131n\u0131 \u00e7\u0131rparken Canevimin \u00f6n\u00fcnden ge\u00e7ersen, Bir g\u00fcn \u015fayet boynumda yem torbas\u0131 hayallerim as\u0131l\u0131 Bir g\u00fcn \u015fayet saman\u00e7\u00f6p\u00fc bir sokak di\u015flerim aras\u0131nda Canevinin \u00f6n\u00fcnden ge\u00e7ersem Anlat\u0131r\u0131m nas\u0131l nerde Bir ulu \u00e7\u0131nara tak\u0131l\u0131 bir kuyrukluy\u0131ld\u0131z Bir ye\u015fil tela\u015fta \u00e7\u0131rp\u0131nan \u0131\u015f\u0131\u011f\u0131m\u0131z Anlat\u0131r\u0131m [&hellip;]\" \/>\n<meta property=\"og:url\" content=\"https:\/\/narteks.net\/index.php\/2009\/12\/05\/ikimizin-arasinda\/\" \/>\n<meta property=\"og:site_name\" content=\"narteks.net\" \/>\n<meta property=\"article:published_time\" content=\"2009-12-05T08:32:29+00:00\" \/>\n<meta property=\"og:image\" content=\"https:\/\/narteks.net\/wp-content\/uploads\/narteks.png\" \/>\n\t<meta property=\"og:image:width\" content=\"300\" \/>\n\t<meta property=\"og:image:height\" content=\"90\" \/>\n\t<meta property=\"og:image:type\" content=\"image\/png\" \/>\n<meta name=\"author\" content=\"Tar\u0131k\" \/>\n<meta name=\"twitter:card\" content=\"summary_large_image\" \/>\n<meta name=\"twitter:creator\" content=\"@narteks\" \/>\n<meta name=\"twitter:site\" content=\"@narteks\" \/>\n<meta name=\"twitter:label1\" content=\"Yazan:\" \/>\n\t<meta name=\"twitter:data1\" content=\"Tar\u0131k\" \/>\n\t<meta name=\"twitter:label2\" content=\"Tahmini okuma s\u00fcresi\" \/>\n\t<meta name=\"twitter:data2\" content=\"1 dakika\" \/>\n<script type=\"application\/ld+json\" class=\"yoast-schema-graph\">{\"@context\":\"https:\/\/schema.org\",\"@graph\":[{\"@type\":\"Article\",\"@id\":\"https:\/\/narteks.net\/index.php\/2009\/12\/05\/ikimizin-arasinda\/#article\",\"isPartOf\":{\"@id\":\"https:\/\/narteks.net\/index.php\/2009\/12\/05\/ikimizin-arasinda\/\"},\"author\":{\"name\":\"Tar\u0131k\",\"@id\":\"https:\/\/narteks.net\/#\/schema\/person\/61f37d9834294b72d31d274e7ed79bca\"},\"headline\":\"\u0130K\u0130M\u0130Z\u0130N ARASINDA\",\"datePublished\":\"2009-12-05T08:32:29+00:00\",\"mainEntityOfPage\":{\"@id\":\"https:\/\/narteks.net\/index.php\/2009\/12\/05\/ikimizin-arasinda\/\"},\"wordCount\":127,\"commentCount\":0,\"publisher\":{\"@id\":\"https:\/\/narteks.net\/#organization\"},\"articleSection\":[\"Can Y\u00dcCEL\"],\"inLanguage\":\"tr\",\"potentialAction\":[{\"@type\":\"CommentAction\",\"name\":\"Comment\",\"target\":[\"https:\/\/narteks.net\/index.php\/2009\/12\/05\/ikimizin-arasinda\/#respond\"]}]},{\"@type\":\"WebPage\",\"@id\":\"https:\/\/narteks.net\/index.php\/2009\/12\/05\/ikimizin-arasinda\/\",\"url\":\"https:\/\/narteks.net\/index.php\/2009\/12\/05\/ikimizin-arasinda\/\",\"name\":\"\u0130K\u0130M\u0130Z\u0130N ARASINDA - narteks.net\",\"isPartOf\":{\"@id\":\"https:\/\/narteks.net\/#website\"},\"datePublished\":\"2009-12-05T08:32:29+00:00\",\"breadcrumb\":{\"@id\":\"https:\/\/narteks.net\/index.php\/2009\/12\/05\/ikimizin-arasinda\/#breadcrumb\"},\"inLanguage\":\"tr\",\"potentialAction\":[{\"@type\":\"ReadAction\",\"target\":[\"https:\/\/narteks.net\/index.php\/2009\/12\/05\/ikimizin-arasinda\/\"]}]},{\"@type\":\"BreadcrumbList\",\"@id\":\"https:\/\/narteks.net\/index.php\/2009\/12\/05\/ikimizin-arasinda\/#breadcrumb\",\"itemListElement\":[{\"@type\":\"ListItem\",\"position\":1,\"name\":\"Anasayfa\",\"item\":\"https:\/\/narteks.net\/\"},{\"@type\":\"ListItem\",\"position\":2,\"name\":\"\u0130K\u0130M\u0130Z\u0130N ARASINDA\"}]},{\"@type\":\"WebSite\",\"@id\":\"https:\/\/narteks.net\/#website\",\"url\":\"https:\/\/narteks.net\/\",\"name\":\"narteks.net\",\"description\":\"K\u00fclt\u00fcr Sanat Edebiyat Felsefe\",\"publisher\":{\"@id\":\"https:\/\/narteks.net\/#organization\"},\"alternateName\":\"K\u00fclt\u00fcr Sanat Edebiyat Felsefe\",\"potentialAction\":[{\"@type\":\"SearchAction\",\"target\":{\"@type\":\"EntryPoint\",\"urlTemplate\":\"https:\/\/narteks.net\/?s={search_term_string}\"},\"query-input\":{\"@type\":\"PropertyValueSpecification\",\"valueRequired\":true,\"valueName\":\"search_term_string\"}}],\"inLanguage\":\"tr\"},{\"@type\":\"Organization\",\"@id\":\"https:\/\/narteks.net\/#organization\",\"name\":\"narteks.net\",\"url\":\"https:\/\/narteks.net\/\",\"logo\":{\"@type\":\"ImageObject\",\"inLanguage\":\"tr\",\"@id\":\"https:\/\/narteks.net\/#\/schema\/logo\/image\/\",\"url\":\"https:\/\/narteks.net\/wp-content\/uploads\/narteks.png\",\"contentUrl\":\"https:\/\/narteks.net\/wp-content\/uploads\/narteks.png\",\"width\":300,\"height\":90,\"caption\":\"narteks.net\"},\"image\":{\"@id\":\"https:\/\/narteks.net\/#\/schema\/logo\/image\/\"},\"sameAs\":[\"https:\/\/x.com\/narteks\",\"https:\/\/instagram.com\/narteksnet\"]},{\"@type\":\"Person\",\"@id\":\"https:\/\/narteks.net\/#\/schema\/person\/61f37d9834294b72d31d274e7ed79bca\",\"name\":\"Tar\u0131k\",\"image\":{\"@type\":\"ImageObject\",\"inLanguage\":\"tr\",\"@id\":\"https:\/\/narteks.net\/#\/schema\/person\/image\/\",\"url\":\"https:\/\/secure.gravatar.com\/avatar\/50865afb55632c4ae467e0af0930f6510aa2297d8014be502a55b14f3b7550cf?s=96&d=mm&r=g\",\"contentUrl\":\"https:\/\/secure.gravatar.com\/avatar\/50865afb55632c4ae467e0af0930f6510aa2297d8014be502a55b14f3b7550cf?s=96&d=mm&r=g\",\"caption\":\"Tar\u0131k\"},\"sameAs\":[\"http:\/\/narteks.net\"],\"url\":\"https:\/\/narteks.net\/index.php\/author\/narbak\/\"}]}<\/script>\n<!-- \/ Yoast SEO Premium plugin. -->","yoast_head_json":{"title":"\u0130K\u0130M\u0130Z\u0130N ARASINDA - narteks.net","robots":{"index":"index","follow":"follow","max-snippet":"max-snippet:-1","max-image-preview":"max-image-preview:large","max-video-preview":"max-video-preview:-1"},"canonical":"https:\/\/narteks.net\/index.php\/2009\/12\/05\/ikimizin-arasinda\/","og_locale":"tr_TR","og_type":"article","og_title":"\u0130K\u0130M\u0130Z\u0130N ARASINDA","og_description":"\u00a0 Bir g\u00fcn \u015fayet cams\u0131z \u00e7er\u00e7evesiz penceresiz Bir g\u00fcn ben, \u00e7ad\u0131r bezi bir perdeden G\u00fcnlerin toz-toprak \u015fark\u0131s\u0131n\u0131 \u00e7\u0131rparken Canevimin \u00f6n\u00fcnden ge\u00e7ersen, Bir g\u00fcn \u015fayet boynumda yem torbas\u0131 hayallerim as\u0131l\u0131 Bir g\u00fcn \u015fayet saman\u00e7\u00f6p\u00fc bir sokak di\u015flerim aras\u0131nda Canevinin \u00f6n\u00fcnden ge\u00e7ersem Anlat\u0131r\u0131m nas\u0131l nerde Bir ulu \u00e7\u0131nara tak\u0131l\u0131 bir kuyrukluy\u0131ld\u0131z Bir ye\u015fil tela\u015fta \u00e7\u0131rp\u0131nan \u0131\u015f\u0131\u011f\u0131m\u0131z Anlat\u0131r\u0131m [&hellip;]","og_url":"https:\/\/narteks.net\/index.php\/2009\/12\/05\/ikimizin-arasinda\/","og_site_name":"narteks.net","article_published_time":"2009-12-05T08:32:29+00:00","og_image":[{"width":300,"height":90,"url":"https:\/\/narteks.net\/wp-content\/uploads\/narteks.png","type":"image\/png"}],"author":"Tar\u0131k","twitter_card":"summary_large_image","twitter_creator":"@narteks","twitter_site":"@narteks","twitter_misc":{"Yazan:":"Tar\u0131k","Tahmini okuma s\u00fcresi":"1 dakika"},"schema":{"@context":"https:\/\/schema.org","@graph":[{"@type":"Article","@id":"https:\/\/narteks.net\/index.php\/2009\/12\/05\/ikimizin-arasinda\/#article","isPartOf":{"@id":"https:\/\/narteks.net\/index.php\/2009\/12\/05\/ikimizin-arasinda\/"},"author":{"name":"Tar\u0131k","@id":"https:\/\/narteks.net\/#\/schema\/person\/61f37d9834294b72d31d274e7ed79bca"},"headline":"\u0130K\u0130M\u0130Z\u0130N ARASINDA","datePublished":"2009-12-05T08:32:29+00:00","mainEntityOfPage":{"@id":"https:\/\/narteks.net\/index.php\/2009\/12\/05\/ikimizin-arasinda\/"},"wordCount":127,"commentCount":0,"publisher":{"@id":"https:\/\/narteks.net\/#organization"},"articleSection":["Can Y\u00dcCEL"],"inLanguage":"tr","potentialAction":[{"@type":"CommentAction","name":"Comment","target":["https:\/\/narteks.net\/index.php\/2009\/12\/05\/ikimizin-arasinda\/#respond"]}]},{"@type":"WebPage","@id":"https:\/\/narteks.net\/index.php\/2009\/12\/05\/ikimizin-arasinda\/","url":"https:\/\/narteks.net\/index.php\/2009\/12\/05\/ikimizin-arasinda\/","name":"\u0130K\u0130M\u0130Z\u0130N ARASINDA - narteks.net","isPartOf":{"@id":"https:\/\/narteks.net\/#website"},"datePublished":"2009-12-05T08:32:29+00:00","breadcrumb":{"@id":"https:\/\/narteks.net\/index.php\/2009\/12\/05\/ikimizin-arasinda\/#breadcrumb"},"inLanguage":"tr","potentialAction":[{"@type":"ReadAction","target":["https:\/\/narteks.net\/index.php\/2009\/12\/05\/ikimizin-arasinda\/"]}]},{"@type":"BreadcrumbList","@id":"https:\/\/narteks.net\/index.php\/2009\/12\/05\/ikimizin-arasinda\/#breadcrumb","itemListElement":[{"@type":"ListItem","position":1,"name":"Anasayfa","item":"https:\/\/narteks.net\/"},{"@type":"ListItem","position":2,"name":"\u0130K\u0130M\u0130Z\u0130N ARASINDA"}]},{"@type":"WebSite","@id":"https:\/\/narteks.net\/#website","url":"https:\/\/narteks.net\/","name":"narteks.net","description":"K\u00fclt\u00fcr Sanat Edebiyat Felsefe","publisher":{"@id":"https:\/\/narteks.net\/#organization"},"alternateName":"K\u00fclt\u00fcr Sanat Edebiyat Felsefe","potentialAction":[{"@type":"SearchAction","target":{"@type":"EntryPoint","urlTemplate":"https:\/\/narteks.net\/?s={search_term_string}"},"query-input":{"@type":"PropertyValueSpecification","valueRequired":true,"valueName":"search_term_string"}}],"inLanguage":"tr"},{"@type":"Organization","@id":"https:\/\/narteks.net\/#organization","name":"narteks.net","url":"https:\/\/narteks.net\/","logo":{"@type":"ImageObject","inLanguage":"tr","@id":"https:\/\/narteks.net\/#\/schema\/logo\/image\/","url":"https:\/\/narteks.net\/wp-content\/uploads\/narteks.png","contentUrl":"https:\/\/narteks.net\/wp-content\/uploads\/narteks.png","width":300,"height":90,"caption":"narteks.net"},"image":{"@id":"https:\/\/narteks.net\/#\/schema\/logo\/image\/"},"sameAs":["https:\/\/x.com\/narteks","https:\/\/instagram.com\/narteksnet"]},{"@type":"Person","@id":"https:\/\/narteks.net\/#\/schema\/person\/61f37d9834294b72d31d274e7ed79bca","name":"Tar\u0131k","image":{"@type":"ImageObject","inLanguage":"tr","@id":"https:\/\/narteks.net\/#\/schema\/person\/image\/","url":"https:\/\/secure.gravatar.com\/avatar\/50865afb55632c4ae467e0af0930f6510aa2297d8014be502a55b14f3b7550cf?s=96&d=mm&r=g","contentUrl":"https:\/\/secure.gravatar.com\/avatar\/50865afb55632c4ae467e0af0930f6510aa2297d8014be502a55b14f3b7550cf?s=96&d=mm&r=g","caption":"Tar\u0131k"},"sameAs":["http:\/\/narteks.net"],"url":"https:\/\/narteks.net\/index.php\/author\/narbak\/"}]}},"_links":{"self":[{"href":"https:\/\/narteks.net\/index.php\/wp-json\/wp\/v2\/posts\/2156","targetHints":{"allow":["GET"]}}],"collection":[{"href":"https:\/\/narteks.net\/index.php\/wp-json\/wp\/v2\/posts"}],"about":[{"href":"https:\/\/narteks.net\/index.php\/wp-json\/wp\/v2\/types\/post"}],"author":[{"embeddable":true,"href":"https:\/\/narteks.net\/index.php\/wp-json\/wp\/v2\/users\/1"}],"replies":[{"embeddable":true,"href":"https:\/\/narteks.net\/index.php\/wp-json\/wp\/v2\/comments?post=2156"}],"version-history":[{"count":0,"href":"https:\/\/narteks.net\/index.php\/wp-json\/wp\/v2\/posts\/2156\/revisions"}],"wp:attachment":[{"href":"https:\/\/narteks.net\/index.php\/wp-json\/wp\/v2\/media?parent=2156"}],"wp:term":[{"taxonomy":"category","embeddable":true,"href":"https:\/\/narteks.net\/index.php\/wp-json\/wp\/v2\/categories?post=2156"},{"taxonomy":"post_tag","embeddable":true,"href":"https:\/\/narteks.net\/index.php\/wp-json\/wp\/v2\/tags?post=2156"}],"curies":[{"name":"wp","href":"https:\/\/api.w.org\/{rel}","templated":true}]}}