{"id":217,"date":"2009-02-27T17:18:14","date_gmt":"2009-02-27T14:18:14","guid":{"rendered":"http:\/\/localhost\/wordpress\/2009\/02\/27\/ne-zaman-egilip-baksam-yuregime\/"},"modified":"2009-02-27T17:18:14","modified_gmt":"2009-02-27T14:18:14","slug":"ne-zaman-egilip-baksam-yuregime","status":"publish","type":"post","link":"https:\/\/narteks.net\/index.php\/2009\/02\/27\/ne-zaman-egilip-baksam-yuregime\/","title":{"rendered":"NE ZAMAN EGILIP BAKSAM Y\u00dcREGIME"},"content":{"rendered":"<p>\u00a0<\/p>\n<p><span><span class=\"Siir_metin\">Ne zaman e\u011filip baksam y\u00fcre\u011fime  <br \/>Eski a\u015fklar\u0131m\u0131n k\u0131r\u0131nt\u0131lar\u0131 <br \/>Parlay\u0131p s\u00f6ner <br \/>Ve bir yaz gecesi karanl\u0131\u011f\u0131nda g\u00f6zlerim <br \/>\u0130K\u0130 G\u00d6LGE SE\u00c7ER <br \/>\u0130stasyon Binas\u0131 A\u011fa\u00e7lar ve Merdivenler <br \/>Rumca s\u00f6ylenen bir ezgiyi dinlerken <br \/>DALAR gider  <br \/>Ve bir tren gelip ge\u00e7er aniden  <br \/><\/span><\/span>ne zaman e\u011filip baksam y\u00fcre\u011fime<\/p>\n<p>Arif DAMAR<\/p>\n","protected":false},"excerpt":{"rendered":"<p>\u00a0 Ne zaman e\u011filip baksam y\u00fcre\u011fime Eski a\u015fklar\u0131m\u0131n k\u0131r\u0131nt\u0131lar\u0131 Parlay\u0131p s\u00f6ner Ve bir yaz gecesi karanl\u0131\u011f\u0131nda g\u00f6zlerim \u0130K\u0130 G\u00d6LGE SE\u00c7ER \u0130stasyon Binas\u0131 A\u011fa\u00e7lar ve Merdivenler Rumca s\u00f6ylenen bir ezgiyi dinlerken DALAR gider Ve bir tren gelip ge\u00e7er aniden ne zaman e\u011filip baksam y\u00fcre\u011fime Arif DAMAR<\/p>\n","protected":false},"author":1,"featured_media":0,"comment_status":"open","ping_status":"open","sticky":false,"template":"","format":"standard","meta":{"footnotes":""},"categories":[8],"tags":[],"class_list":{"0":"post-217","1":"post","2":"type-post","3":"status-publish","4":"format-standard","6":"category-arif-damar"},"yoast_head":"<!-- This site is optimized with the Yoast SEO Premium plugin v24.9 (Yoast SEO v24.9) - https:\/\/yoast.com\/wordpress\/plugins\/seo\/ -->\n<title>NE ZAMAN EGILIP BAKSAM Y\u00dcREGIME - narteks.net<\/title>\n<meta name=\"robots\" content=\"index, follow, max-snippet:-1, max-image-preview:large, max-video-preview:-1\" \/>\n<link rel=\"canonical\" href=\"https:\/\/narteks.net\/index.php\/2009\/02\/27\/ne-zaman-egilip-baksam-yuregime\/\" \/>\n<meta property=\"og:locale\" content=\"tr_TR\" \/>\n<meta property=\"og:type\" content=\"article\" \/>\n<meta property=\"og:title\" content=\"NE ZAMAN EGILIP BAKSAM Y\u00dcREGIME\" \/>\n<meta property=\"og:description\" content=\"\u00a0 Ne zaman e\u011filip baksam y\u00fcre\u011fime Eski a\u015fklar\u0131m\u0131n k\u0131r\u0131nt\u0131lar\u0131 Parlay\u0131p s\u00f6ner Ve bir yaz gecesi karanl\u0131\u011f\u0131nda g\u00f6zlerim \u0130K\u0130 G\u00d6LGE SE\u00c7ER \u0130stasyon Binas\u0131 A\u011fa\u00e7lar ve Merdivenler Rumca s\u00f6ylenen bir ezgiyi dinlerken DALAR gider Ve bir tren gelip ge\u00e7er aniden ne zaman e\u011filip baksam y\u00fcre\u011fime Arif DAMAR\" \/>\n<meta property=\"og:url\" content=\"https:\/\/narteks.net\/index.php\/2009\/02\/27\/ne-zaman-egilip-baksam-yuregime\/\" \/>\n<meta property=\"og:site_name\" content=\"narteks.net\" \/>\n<meta property=\"article:published_time\" content=\"2009-02-27T14:18:14+00:00\" \/>\n<meta property=\"og:image\" content=\"https:\/\/narteks.net\/wp-content\/uploads\/narteks.png\" \/>\n\t<meta property=\"og:image:width\" content=\"300\" \/>\n\t<meta property=\"og:image:height\" content=\"90\" \/>\n\t<meta property=\"og:image:type\" content=\"image\/png\" \/>\n<meta name=\"author\" content=\"Tar\u0131k\" \/>\n<meta name=\"twitter:card\" content=\"summary_large_image\" \/>\n<meta name=\"twitter:creator\" content=\"@narteks\" \/>\n<meta name=\"twitter:site\" content=\"@narteks\" \/>\n<meta name=\"twitter:label1\" content=\"Yazan:\" \/>\n\t<meta name=\"twitter:data1\" content=\"Tar\u0131k\" \/>\n<script type=\"application\/ld+json\" class=\"yoast-schema-graph\">{\"@context\":\"https:\/\/schema.org\",\"@graph\":[{\"@type\":\"Article\",\"@id\":\"https:\/\/narteks.net\/index.php\/2009\/02\/27\/ne-zaman-egilip-baksam-yuregime\/#article\",\"isPartOf\":{\"@id\":\"https:\/\/narteks.net\/index.php\/2009\/02\/27\/ne-zaman-egilip-baksam-yuregime\/\"},\"author\":{\"name\":\"Tar\u0131k\",\"@id\":\"https:\/\/narteks.net\/#\/schema\/person\/61f37d9834294b72d31d274e7ed79bca\"},\"headline\":\"NE ZAMAN EGILIP BAKSAM Y\u00dcREGIME\",\"datePublished\":\"2009-02-27T14:18:14+00:00\",\"mainEntityOfPage\":{\"@id\":\"https:\/\/narteks.net\/index.php\/2009\/02\/27\/ne-zaman-egilip-baksam-yuregime\/\"},\"wordCount\":72,\"commentCount\":0,\"publisher\":{\"@id\":\"https:\/\/narteks.net\/#organization\"},\"articleSection\":[\"Arif DAMAR\"],\"inLanguage\":\"tr\",\"potentialAction\":[{\"@type\":\"CommentAction\",\"name\":\"Comment\",\"target\":[\"https:\/\/narteks.net\/index.php\/2009\/02\/27\/ne-zaman-egilip-baksam-yuregime\/#respond\"]}]},{\"@type\":\"WebPage\",\"@id\":\"https:\/\/narteks.net\/index.php\/2009\/02\/27\/ne-zaman-egilip-baksam-yuregime\/\",\"url\":\"https:\/\/narteks.net\/index.php\/2009\/02\/27\/ne-zaman-egilip-baksam-yuregime\/\",\"name\":\"NE ZAMAN EGILIP BAKSAM Y\u00dcREGIME - narteks.net\",\"isPartOf\":{\"@id\":\"https:\/\/narteks.net\/#website\"},\"datePublished\":\"2009-02-27T14:18:14+00:00\",\"breadcrumb\":{\"@id\":\"https:\/\/narteks.net\/index.php\/2009\/02\/27\/ne-zaman-egilip-baksam-yuregime\/#breadcrumb\"},\"inLanguage\":\"tr\",\"potentialAction\":[{\"@type\":\"ReadAction\",\"target\":[\"https:\/\/narteks.net\/index.php\/2009\/02\/27\/ne-zaman-egilip-baksam-yuregime\/\"]}]},{\"@type\":\"BreadcrumbList\",\"@id\":\"https:\/\/narteks.net\/index.php\/2009\/02\/27\/ne-zaman-egilip-baksam-yuregime\/#breadcrumb\",\"itemListElement\":[{\"@type\":\"ListItem\",\"position\":1,\"name\":\"Anasayfa\",\"item\":\"https:\/\/narteks.net\/\"},{\"@type\":\"ListItem\",\"position\":2,\"name\":\"NE ZAMAN EGILIP BAKSAM Y\u00dcREGIME\"}]},{\"@type\":\"WebSite\",\"@id\":\"https:\/\/narteks.net\/#website\",\"url\":\"https:\/\/narteks.net\/\",\"name\":\"narteks.net\",\"description\":\"K\u00fclt\u00fcr Sanat Edebiyat Felsefe\",\"publisher\":{\"@id\":\"https:\/\/narteks.net\/#organization\"},\"alternateName\":\"K\u00fclt\u00fcr Sanat Edebiyat Felsefe\",\"potentialAction\":[{\"@type\":\"SearchAction\",\"target\":{\"@type\":\"EntryPoint\",\"urlTemplate\":\"https:\/\/narteks.net\/?s={search_term_string}\"},\"query-input\":{\"@type\":\"PropertyValueSpecification\",\"valueRequired\":true,\"valueName\":\"search_term_string\"}}],\"inLanguage\":\"tr\"},{\"@type\":\"Organization\",\"@id\":\"https:\/\/narteks.net\/#organization\",\"name\":\"narteks.net\",\"url\":\"https:\/\/narteks.net\/\",\"logo\":{\"@type\":\"ImageObject\",\"inLanguage\":\"tr\",\"@id\":\"https:\/\/narteks.net\/#\/schema\/logo\/image\/\",\"url\":\"https:\/\/narteks.net\/wp-content\/uploads\/narteks.png\",\"contentUrl\":\"https:\/\/narteks.net\/wp-content\/uploads\/narteks.png\",\"width\":300,\"height\":90,\"caption\":\"narteks.net\"},\"image\":{\"@id\":\"https:\/\/narteks.net\/#\/schema\/logo\/image\/\"},\"sameAs\":[\"https:\/\/x.com\/narteks\",\"https:\/\/instagram.com\/narteksnet\"]},{\"@type\":\"Person\",\"@id\":\"https:\/\/narteks.net\/#\/schema\/person\/61f37d9834294b72d31d274e7ed79bca\",\"name\":\"Tar\u0131k\",\"image\":{\"@type\":\"ImageObject\",\"inLanguage\":\"tr\",\"@id\":\"https:\/\/narteks.net\/#\/schema\/person\/image\/\",\"url\":\"https:\/\/secure.gravatar.com\/avatar\/50865afb55632c4ae467e0af0930f6510aa2297d8014be502a55b14f3b7550cf?s=96&d=mm&r=g\",\"contentUrl\":\"https:\/\/secure.gravatar.com\/avatar\/50865afb55632c4ae467e0af0930f6510aa2297d8014be502a55b14f3b7550cf?s=96&d=mm&r=g\",\"caption\":\"Tar\u0131k\"},\"sameAs\":[\"http:\/\/narteks.net\"],\"url\":\"https:\/\/narteks.net\/index.php\/author\/narbak\/\"}]}<\/script>\n<!-- \/ Yoast SEO Premium plugin. -->","yoast_head_json":{"title":"NE ZAMAN EGILIP BAKSAM Y\u00dcREGIME - narteks.net","robots":{"index":"index","follow":"follow","max-snippet":"max-snippet:-1","max-image-preview":"max-image-preview:large","max-video-preview":"max-video-preview:-1"},"canonical":"https:\/\/narteks.net\/index.php\/2009\/02\/27\/ne-zaman-egilip-baksam-yuregime\/","og_locale":"tr_TR","og_type":"article","og_title":"NE ZAMAN EGILIP BAKSAM Y\u00dcREGIME","og_description":"\u00a0 Ne zaman e\u011filip baksam y\u00fcre\u011fime Eski a\u015fklar\u0131m\u0131n k\u0131r\u0131nt\u0131lar\u0131 Parlay\u0131p s\u00f6ner Ve bir yaz gecesi karanl\u0131\u011f\u0131nda g\u00f6zlerim \u0130K\u0130 G\u00d6LGE SE\u00c7ER \u0130stasyon Binas\u0131 A\u011fa\u00e7lar ve Merdivenler Rumca s\u00f6ylenen bir ezgiyi dinlerken DALAR gider Ve bir tren gelip ge\u00e7er aniden ne zaman e\u011filip baksam y\u00fcre\u011fime Arif DAMAR","og_url":"https:\/\/narteks.net\/index.php\/2009\/02\/27\/ne-zaman-egilip-baksam-yuregime\/","og_site_name":"narteks.net","article_published_time":"2009-02-27T14:18:14+00:00","og_image":[{"width":300,"height":90,"url":"https:\/\/narteks.net\/wp-content\/uploads\/narteks.png","type":"image\/png"}],"author":"Tar\u0131k","twitter_card":"summary_large_image","twitter_creator":"@narteks","twitter_site":"@narteks","twitter_misc":{"Yazan:":"Tar\u0131k"},"schema":{"@context":"https:\/\/schema.org","@graph":[{"@type":"Article","@id":"https:\/\/narteks.net\/index.php\/2009\/02\/27\/ne-zaman-egilip-baksam-yuregime\/#article","isPartOf":{"@id":"https:\/\/narteks.net\/index.php\/2009\/02\/27\/ne-zaman-egilip-baksam-yuregime\/"},"author":{"name":"Tar\u0131k","@id":"https:\/\/narteks.net\/#\/schema\/person\/61f37d9834294b72d31d274e7ed79bca"},"headline":"NE ZAMAN EGILIP BAKSAM Y\u00dcREGIME","datePublished":"2009-02-27T14:18:14+00:00","mainEntityOfPage":{"@id":"https:\/\/narteks.net\/index.php\/2009\/02\/27\/ne-zaman-egilip-baksam-yuregime\/"},"wordCount":72,"commentCount":0,"publisher":{"@id":"https:\/\/narteks.net\/#organization"},"articleSection":["Arif DAMAR"],"inLanguage":"tr","potentialAction":[{"@type":"CommentAction","name":"Comment","target":["https:\/\/narteks.net\/index.php\/2009\/02\/27\/ne-zaman-egilip-baksam-yuregime\/#respond"]}]},{"@type":"WebPage","@id":"https:\/\/narteks.net\/index.php\/2009\/02\/27\/ne-zaman-egilip-baksam-yuregime\/","url":"https:\/\/narteks.net\/index.php\/2009\/02\/27\/ne-zaman-egilip-baksam-yuregime\/","name":"NE ZAMAN EGILIP BAKSAM Y\u00dcREGIME - narteks.net","isPartOf":{"@id":"https:\/\/narteks.net\/#website"},"datePublished":"2009-02-27T14:18:14+00:00","breadcrumb":{"@id":"https:\/\/narteks.net\/index.php\/2009\/02\/27\/ne-zaman-egilip-baksam-yuregime\/#breadcrumb"},"inLanguage":"tr","potentialAction":[{"@type":"ReadAction","target":["https:\/\/narteks.net\/index.php\/2009\/02\/27\/ne-zaman-egilip-baksam-yuregime\/"]}]},{"@type":"BreadcrumbList","@id":"https:\/\/narteks.net\/index.php\/2009\/02\/27\/ne-zaman-egilip-baksam-yuregime\/#breadcrumb","itemListElement":[{"@type":"ListItem","position":1,"name":"Anasayfa","item":"https:\/\/narteks.net\/"},{"@type":"ListItem","position":2,"name":"NE ZAMAN EGILIP BAKSAM Y\u00dcREGIME"}]},{"@type":"WebSite","@id":"https:\/\/narteks.net\/#website","url":"https:\/\/narteks.net\/","name":"narteks.net","description":"K\u00fclt\u00fcr Sanat Edebiyat Felsefe","publisher":{"@id":"https:\/\/narteks.net\/#organization"},"alternateName":"K\u00fclt\u00fcr Sanat Edebiyat Felsefe","potentialAction":[{"@type":"SearchAction","target":{"@type":"EntryPoint","urlTemplate":"https:\/\/narteks.net\/?s={search_term_string}"},"query-input":{"@type":"PropertyValueSpecification","valueRequired":true,"valueName":"search_term_string"}}],"inLanguage":"tr"},{"@type":"Organization","@id":"https:\/\/narteks.net\/#organization","name":"narteks.net","url":"https:\/\/narteks.net\/","logo":{"@type":"ImageObject","inLanguage":"tr","@id":"https:\/\/narteks.net\/#\/schema\/logo\/image\/","url":"https:\/\/narteks.net\/wp-content\/uploads\/narteks.png","contentUrl":"https:\/\/narteks.net\/wp-content\/uploads\/narteks.png","width":300,"height":90,"caption":"narteks.net"},"image":{"@id":"https:\/\/narteks.net\/#\/schema\/logo\/image\/"},"sameAs":["https:\/\/x.com\/narteks","https:\/\/instagram.com\/narteksnet"]},{"@type":"Person","@id":"https:\/\/narteks.net\/#\/schema\/person\/61f37d9834294b72d31d274e7ed79bca","name":"Tar\u0131k","image":{"@type":"ImageObject","inLanguage":"tr","@id":"https:\/\/narteks.net\/#\/schema\/person\/image\/","url":"https:\/\/secure.gravatar.com\/avatar\/50865afb55632c4ae467e0af0930f6510aa2297d8014be502a55b14f3b7550cf?s=96&d=mm&r=g","contentUrl":"https:\/\/secure.gravatar.com\/avatar\/50865afb55632c4ae467e0af0930f6510aa2297d8014be502a55b14f3b7550cf?s=96&d=mm&r=g","caption":"Tar\u0131k"},"sameAs":["http:\/\/narteks.net"],"url":"https:\/\/narteks.net\/index.php\/author\/narbak\/"}]}},"_links":{"self":[{"href":"https:\/\/narteks.net\/index.php\/wp-json\/wp\/v2\/posts\/217","targetHints":{"allow":["GET"]}}],"collection":[{"href":"https:\/\/narteks.net\/index.php\/wp-json\/wp\/v2\/posts"}],"about":[{"href":"https:\/\/narteks.net\/index.php\/wp-json\/wp\/v2\/types\/post"}],"author":[{"embeddable":true,"href":"https:\/\/narteks.net\/index.php\/wp-json\/wp\/v2\/users\/1"}],"replies":[{"embeddable":true,"href":"https:\/\/narteks.net\/index.php\/wp-json\/wp\/v2\/comments?post=217"}],"version-history":[{"count":0,"href":"https:\/\/narteks.net\/index.php\/wp-json\/wp\/v2\/posts\/217\/revisions"}],"wp:attachment":[{"href":"https:\/\/narteks.net\/index.php\/wp-json\/wp\/v2\/media?parent=217"}],"wp:term":[{"taxonomy":"category","embeddable":true,"href":"https:\/\/narteks.net\/index.php\/wp-json\/wp\/v2\/categories?post=217"},{"taxonomy":"post_tag","embeddable":true,"href":"https:\/\/narteks.net\/index.php\/wp-json\/wp\/v2\/tags?post=217"}],"curies":[{"name":"wp","href":"https:\/\/api.w.org\/{rel}","templated":true}]}}