{"id":22,"date":"2009-02-27T13:20:10","date_gmt":"2009-02-27T10:20:10","guid":{"rendered":"http:\/\/localhost\/wordpress\/2009\/02\/27\/kutup-yildizi\/"},"modified":"2009-02-27T13:20:10","modified_gmt":"2009-02-27T10:20:10","slug":"kutup-yildizi","status":"publish","type":"post","link":"https:\/\/narteks.net\/index.php\/2009\/02\/27\/kutup-yildizi\/","title":{"rendered":"KUTUP YILDIZI"},"content":{"rendered":"<p>\u00a0<\/p>\n<p><span>O korku vard\u0131 hep \u00e7\u0131k\u0131lan yolda<br \/> O korkusuzluk vard\u0131<br \/> Suyun su oldu\u011fu g\u00fcnden beri akard\u0131<br \/> Biri can verip ayd\u0131nlat\u0131r<br \/> Di\u011feri bo\u011far ve yakard\u0131<br \/> Ya\u015fam\u0131n her d\u00f6n\u00fcm noktas\u0131nda<br \/> Bir ileri bir de geri<br \/> At\u0131lan ad\u0131mlar gibi al\u00e7alma ve y\u00fccelme<br \/> At\u0131lan ad\u0131mlar gibi<br \/> B\u00fcy\u00fcme ve k\u00fc\u00e7\u00fclmeydi ad\u0131<br \/> Biri sevgi olup yapard\u0131<br \/> Di\u011feri \u00f6fke olup y\u0131kard\u0131<br \/> O korku vard\u0131 hep \u00e7\u0131k\u0131lan yolda<br \/> O korkusuzluk vard\u0131<\/p>\n<p> Geceler g\u00fcvensizdi<br \/> G\u00f6ky\u00fcz\u00fcnde soluklar t\u00fckenirken<br \/> Ay sevin\u00e7sizdi<br \/> Bir \u015fey vard\u0131 sanki hep yar\u0131m kalan<br \/> Bir an\u0131 ya da bir d\u00fc\u015f gibi<br \/> Uzak U\u00e7urumlarda sessizce sallanan<br \/> Y\u0131llardan beri canl\u0131 tutulan ate\u015fler<br \/> S\u00f6nd\u00fcr\u00fcl\u00fcrken y\u00fcreklerde birer birer<br \/> Kim yakacakt\u0131<br \/> U\u011frunda \u00f6l\u00fcnen o b\u00fcy\u00fck ate\u015fi kim<br \/> Daha g\u00fcn batmadan<br \/> Karart\u0131lan g\u00fcnlerin rengini<br \/> G\u00fcn do\u011farken<br \/> Kim hayk\u0131racakt\u0131 mor bah\u00e7elere kim<br \/> Kim a\u011flayacak<br \/> Kim g\u00fclecekti t\u00fcm g\u00fczellikler ad\u0131na<br \/> Kim sevecek<br \/> Kim d\u00f6v\u00fc\u015fecekti<br \/> Kim takacakt\u0131 \u00f6l\u00fcrken<br \/> \u00d6l\u00fcms\u00fczl\u00fc\u011f\u00fc g\u00fcl diye yakas\u0131na<br \/> K\u0131\u015f\u0131n kar a\u00e7\u0131p<br \/> \u00c7i\u00e7ek olacakt\u0131 buz sark\u0131tan dallarda<br \/> Yaz\u0131n g\u00fcne\u015f a\u00e7\u0131p<br \/> Gelecek olacakt\u0131 ufuklarda kim<\/p>\n<p> Bir y\u0131ld\u0131z vard\u0131r hani<br \/> B\u00fct\u00fcn y\u0131ld\u0131zlar i\u00e7inde der Homeros<br \/> Ne kopmu\u015ftur hi\u00e7 bir zaman<br \/> K\u00f6k sald\u0131\u011f\u0131 kutsal yerinden<br \/> Ne de boyun e\u011fmi\u015ftir<br \/> \u00d6l\u00fcm ku\u015fan hi\u00e7 bir karanl\u0131k \u00f6n\u00fcnde<br \/> Nas\u0131l susulursa<br \/> Bin y\u0131ll\u0131k zamana kar\u015f\u0131 okyanus dilinde<br \/> Aynen \u00f6yle parlam\u0131\u015ft\u0131r<br \/> T\u00fcm gecelerin g\u00f6ky\u00fcz\u00fcnde<br \/> Aynen \u00f6yle<\/p>\n<p> Notalar\u0131n t\u00f6ren t\u00f6ren canlan\u0131p<br \/> Dile geldi\u011fi g\u00fcnden beri<br \/> Hi\u00e7 bir senfoni bulamad\u0131 bu sesi<br \/> Bulamad\u0131 saraylar\u0131n g\u00f6rkemli s\u00fctunlar\u0131nda<br \/> Hi\u00e7 mi hi\u00e7 bestelenmeden<br \/> Ve seslendirilmeden ya\u015fand\u0131 zindanlarda<br \/> H\u00fccreler senfonisiydi ad\u0131<\/p>\n<p> Yayl\u0131 sazlar: Demir parmakl\u0131klar<br \/> Ve demir kilitli demir kap\u0131lar<br \/> Vurmal\u0131 sazlar: Ta\u015f duvarlar<br \/> Ve ta\u015f kat\u0131l\u0131\u011f\u0131nda k\u00f6r bask\u0131lar<br \/> \u00dcflemeli sazlar: \u015eafakta idaml\u0131klar<br \/> Ve direnen tutuklular<br \/> Erkekler kad\u0131nlar duvarlar ve ufuklar<br \/> Y\u0131ld\u0131zlar i\u00e7indeki o y\u0131ld\u0131z\u0131n<br \/> \u00d6l\u00fcme ve \u00f6l\u00fcms\u00fczl\u00fc\u011fe do\u011fru<br \/> Ak\u0131\u015f\u0131yla ba\u015fl\u0131yordu hep birden u\u00e7u\u015farak<br \/> Ard\u0131ndan di\u011fer b\u00fct\u00fcn notalar<br \/> Ki maviliklerde s\u00fcz\u00fclen ku\u015flar<br \/> Kurtulu\u015f sava\u015f\u0131nda<br \/> Kur\u015funa ve saza vurulan t\u00fcrk\u00fcler<br \/> Frans\u0131z ihtilalinde<br \/> S\u00fcrg\u00fcne ve giyotine gidilen mar\u015flar<br \/> Ve bir nice k\u0131z\u0131l meydanda<br \/> Yank\u0131lanan u\u011fultular &#8211; u\u011fultular<br \/> Sonra g\u00fcne\u015fe g\u00f6nderilen<br \/> \u00d6zg\u00fcrl\u00fck renkleri pe\u015f pe\u015fe<br \/> Ve fethedilerek<br \/> A\u011f\u0131zdan \u00f6p\u00fclen enginler &#8211; enginler<\/p>\n<p> Ey halk\u0131m\u0131n demir kaz\u0131k dedi\u011fi<br \/> Y\u0131ld\u0131zlar i\u00e7indeki soylu y\u0131ld\u0131z<br \/> Vars\u0131n onlar s\u00f6nd\u00fc bilsinler seni<br \/> Bulutlar\u0131 delerek sald\u0131\u011f\u0131n \u0131\u015f\u0131klar<br \/> Ki bin renkli gelenek \u00fczre<br \/> Balk\u0131y\u0131p \u00e7o\u011fal\u0131yor \u015fimdi<br \/> Susmayan bir h\u00fccreler senfonisinde<\/p>\n<p> Kentlerin en yumu\u015fak sessizli\u011finde<br \/> Bildiriler d\u00fc\u015f\u00fcyor art\u0131k<br \/> \u0130nsanlar\u0131n y\u00fcre\u011fine ya\u011fmur taneleriyle<br \/> G\u00f6k g\u00fcrlemeyince yer g\u00fclmez<br \/> G\u00f6k g\u00fcrlemeyince yer g\u00fclmez diye <\/span><\/p>\n<p>ADNAN Y\u00dcCEL<\/p>\n","protected":false},"excerpt":{"rendered":"<p>\u00a0 O korku vard\u0131 hep \u00e7\u0131k\u0131lan yolda O korkusuzluk vard\u0131 Suyun su oldu\u011fu g\u00fcnden beri akard\u0131 Biri can verip ayd\u0131nlat\u0131r Di\u011feri bo\u011far ve yakard\u0131 Ya\u015fam\u0131n her d\u00f6n\u00fcm noktas\u0131nda Bir ileri bir de geri At\u0131lan ad\u0131mlar gibi al\u00e7alma ve y\u00fccelme At\u0131lan ad\u0131mlar gibi B\u00fcy\u00fcme ve k\u00fc\u00e7\u00fclmeydi ad\u0131 Biri sevgi olup yapard\u0131 Di\u011feri \u00f6fke olup y\u0131kard\u0131 O [&hellip;]<\/p>\n","protected":false},"author":1,"featured_media":0,"comment_status":"open","ping_status":"open","sticky":false,"template":"","format":"standard","meta":{"footnotes":""},"categories":[3],"tags":[],"class_list":{"0":"post-22","1":"post","2":"type-post","3":"status-publish","4":"format-standard","6":"category-adnan-yucel"},"yoast_head":"<!-- This site is optimized with the Yoast SEO Premium plugin v24.9 (Yoast SEO v24.9) - https:\/\/yoast.com\/wordpress\/plugins\/seo\/ -->\n<title>KUTUP YILDIZI - narteks.net<\/title>\n<meta name=\"robots\" content=\"index, follow, max-snippet:-1, max-image-preview:large, max-video-preview:-1\" \/>\n<link rel=\"canonical\" href=\"https:\/\/narteks.net\/index.php\/2009\/02\/27\/kutup-yildizi\/\" \/>\n<meta property=\"og:locale\" content=\"tr_TR\" \/>\n<meta property=\"og:type\" content=\"article\" \/>\n<meta property=\"og:title\" content=\"KUTUP YILDIZI\" \/>\n<meta property=\"og:description\" content=\"\u00a0 O korku vard\u0131 hep \u00e7\u0131k\u0131lan yolda O korkusuzluk vard\u0131 Suyun su oldu\u011fu g\u00fcnden beri akard\u0131 Biri can verip ayd\u0131nlat\u0131r Di\u011feri bo\u011far ve yakard\u0131 Ya\u015fam\u0131n her d\u00f6n\u00fcm noktas\u0131nda Bir ileri bir de geri At\u0131lan ad\u0131mlar gibi al\u00e7alma ve y\u00fccelme At\u0131lan ad\u0131mlar gibi B\u00fcy\u00fcme ve k\u00fc\u00e7\u00fclmeydi ad\u0131 Biri sevgi olup yapard\u0131 Di\u011feri \u00f6fke olup y\u0131kard\u0131 O [&hellip;]\" \/>\n<meta property=\"og:url\" content=\"https:\/\/narteks.net\/index.php\/2009\/02\/27\/kutup-yildizi\/\" \/>\n<meta property=\"og:site_name\" content=\"narteks.net\" \/>\n<meta property=\"article:published_time\" content=\"2009-02-27T10:20:10+00:00\" \/>\n<meta property=\"og:image\" content=\"https:\/\/narteks.net\/wp-content\/uploads\/narteks.png\" \/>\n\t<meta property=\"og:image:width\" content=\"300\" \/>\n\t<meta property=\"og:image:height\" content=\"90\" \/>\n\t<meta property=\"og:image:type\" content=\"image\/png\" \/>\n<meta name=\"author\" content=\"Tar\u0131k\" \/>\n<meta name=\"twitter:card\" content=\"summary_large_image\" \/>\n<meta name=\"twitter:creator\" content=\"@narteks\" \/>\n<meta name=\"twitter:site\" content=\"@narteks\" \/>\n<meta name=\"twitter:label1\" content=\"Yazan:\" \/>\n\t<meta name=\"twitter:data1\" content=\"Tar\u0131k\" \/>\n\t<meta name=\"twitter:label2\" content=\"Tahmini okuma s\u00fcresi\" \/>\n\t<meta name=\"twitter:data2\" content=\"3 dakika\" \/>\n<script type=\"application\/ld+json\" class=\"yoast-schema-graph\">{\"@context\":\"https:\/\/schema.org\",\"@graph\":[{\"@type\":\"Article\",\"@id\":\"https:\/\/narteks.net\/index.php\/2009\/02\/27\/kutup-yildizi\/#article\",\"isPartOf\":{\"@id\":\"https:\/\/narteks.net\/index.php\/2009\/02\/27\/kutup-yildizi\/\"},\"author\":{\"name\":\"Tar\u0131k\",\"@id\":\"https:\/\/narteks.net\/#\/schema\/person\/61f37d9834294b72d31d274e7ed79bca\"},\"headline\":\"KUTUP YILDIZI\",\"datePublished\":\"2009-02-27T10:20:10+00:00\",\"mainEntityOfPage\":{\"@id\":\"https:\/\/narteks.net\/index.php\/2009\/02\/27\/kutup-yildizi\/\"},\"wordCount\":556,\"commentCount\":0,\"publisher\":{\"@id\":\"https:\/\/narteks.net\/#organization\"},\"articleSection\":[\"Adnan Y\u00dcCEL\"],\"inLanguage\":\"tr\",\"potentialAction\":[{\"@type\":\"CommentAction\",\"name\":\"Comment\",\"target\":[\"https:\/\/narteks.net\/index.php\/2009\/02\/27\/kutup-yildizi\/#respond\"]}]},{\"@type\":\"WebPage\",\"@id\":\"https:\/\/narteks.net\/index.php\/2009\/02\/27\/kutup-yildizi\/\",\"url\":\"https:\/\/narteks.net\/index.php\/2009\/02\/27\/kutup-yildizi\/\",\"name\":\"KUTUP YILDIZI - narteks.net\",\"isPartOf\":{\"@id\":\"https:\/\/narteks.net\/#website\"},\"datePublished\":\"2009-02-27T10:20:10+00:00\",\"breadcrumb\":{\"@id\":\"https:\/\/narteks.net\/index.php\/2009\/02\/27\/kutup-yildizi\/#breadcrumb\"},\"inLanguage\":\"tr\",\"potentialAction\":[{\"@type\":\"ReadAction\",\"target\":[\"https:\/\/narteks.net\/index.php\/2009\/02\/27\/kutup-yildizi\/\"]}]},{\"@type\":\"BreadcrumbList\",\"@id\":\"https:\/\/narteks.net\/index.php\/2009\/02\/27\/kutup-yildizi\/#breadcrumb\",\"itemListElement\":[{\"@type\":\"ListItem\",\"position\":1,\"name\":\"Anasayfa\",\"item\":\"https:\/\/narteks.net\/\"},{\"@type\":\"ListItem\",\"position\":2,\"name\":\"KUTUP YILDIZI\"}]},{\"@type\":\"WebSite\",\"@id\":\"https:\/\/narteks.net\/#website\",\"url\":\"https:\/\/narteks.net\/\",\"name\":\"narteks.net\",\"description\":\"K\u00fclt\u00fcr Sanat Edebiyat Felsefe\",\"publisher\":{\"@id\":\"https:\/\/narteks.net\/#organization\"},\"alternateName\":\"K\u00fclt\u00fcr Sanat Edebiyat Felsefe\",\"potentialAction\":[{\"@type\":\"SearchAction\",\"target\":{\"@type\":\"EntryPoint\",\"urlTemplate\":\"https:\/\/narteks.net\/?s={search_term_string}\"},\"query-input\":{\"@type\":\"PropertyValueSpecification\",\"valueRequired\":true,\"valueName\":\"search_term_string\"}}],\"inLanguage\":\"tr\"},{\"@type\":\"Organization\",\"@id\":\"https:\/\/narteks.net\/#organization\",\"name\":\"narteks.net\",\"url\":\"https:\/\/narteks.net\/\",\"logo\":{\"@type\":\"ImageObject\",\"inLanguage\":\"tr\",\"@id\":\"https:\/\/narteks.net\/#\/schema\/logo\/image\/\",\"url\":\"https:\/\/narteks.net\/wp-content\/uploads\/narteks.png\",\"contentUrl\":\"https:\/\/narteks.net\/wp-content\/uploads\/narteks.png\",\"width\":300,\"height\":90,\"caption\":\"narteks.net\"},\"image\":{\"@id\":\"https:\/\/narteks.net\/#\/schema\/logo\/image\/\"},\"sameAs\":[\"https:\/\/x.com\/narteks\",\"https:\/\/instagram.com\/narteksnet\"]},{\"@type\":\"Person\",\"@id\":\"https:\/\/narteks.net\/#\/schema\/person\/61f37d9834294b72d31d274e7ed79bca\",\"name\":\"Tar\u0131k\",\"image\":{\"@type\":\"ImageObject\",\"inLanguage\":\"tr\",\"@id\":\"https:\/\/narteks.net\/#\/schema\/person\/image\/\",\"url\":\"https:\/\/secure.gravatar.com\/avatar\/50865afb55632c4ae467e0af0930f6510aa2297d8014be502a55b14f3b7550cf?s=96&d=mm&r=g\",\"contentUrl\":\"https:\/\/secure.gravatar.com\/avatar\/50865afb55632c4ae467e0af0930f6510aa2297d8014be502a55b14f3b7550cf?s=96&d=mm&r=g\",\"caption\":\"Tar\u0131k\"},\"sameAs\":[\"http:\/\/narteks.net\"],\"url\":\"https:\/\/narteks.net\/index.php\/author\/narbak\/\"}]}<\/script>\n<!-- \/ Yoast SEO Premium plugin. -->","yoast_head_json":{"title":"KUTUP YILDIZI - narteks.net","robots":{"index":"index","follow":"follow","max-snippet":"max-snippet:-1","max-image-preview":"max-image-preview:large","max-video-preview":"max-video-preview:-1"},"canonical":"https:\/\/narteks.net\/index.php\/2009\/02\/27\/kutup-yildizi\/","og_locale":"tr_TR","og_type":"article","og_title":"KUTUP YILDIZI","og_description":"\u00a0 O korku vard\u0131 hep \u00e7\u0131k\u0131lan yolda O korkusuzluk vard\u0131 Suyun su oldu\u011fu g\u00fcnden beri akard\u0131 Biri can verip ayd\u0131nlat\u0131r Di\u011feri bo\u011far ve yakard\u0131 Ya\u015fam\u0131n her d\u00f6n\u00fcm noktas\u0131nda Bir ileri bir de geri At\u0131lan ad\u0131mlar gibi al\u00e7alma ve y\u00fccelme At\u0131lan ad\u0131mlar gibi B\u00fcy\u00fcme ve k\u00fc\u00e7\u00fclmeydi ad\u0131 Biri sevgi olup yapard\u0131 Di\u011feri \u00f6fke olup y\u0131kard\u0131 O [&hellip;]","og_url":"https:\/\/narteks.net\/index.php\/2009\/02\/27\/kutup-yildizi\/","og_site_name":"narteks.net","article_published_time":"2009-02-27T10:20:10+00:00","og_image":[{"width":300,"height":90,"url":"https:\/\/narteks.net\/wp-content\/uploads\/narteks.png","type":"image\/png"}],"author":"Tar\u0131k","twitter_card":"summary_large_image","twitter_creator":"@narteks","twitter_site":"@narteks","twitter_misc":{"Yazan:":"Tar\u0131k","Tahmini okuma s\u00fcresi":"3 dakika"},"schema":{"@context":"https:\/\/schema.org","@graph":[{"@type":"Article","@id":"https:\/\/narteks.net\/index.php\/2009\/02\/27\/kutup-yildizi\/#article","isPartOf":{"@id":"https:\/\/narteks.net\/index.php\/2009\/02\/27\/kutup-yildizi\/"},"author":{"name":"Tar\u0131k","@id":"https:\/\/narteks.net\/#\/schema\/person\/61f37d9834294b72d31d274e7ed79bca"},"headline":"KUTUP YILDIZI","datePublished":"2009-02-27T10:20:10+00:00","mainEntityOfPage":{"@id":"https:\/\/narteks.net\/index.php\/2009\/02\/27\/kutup-yildizi\/"},"wordCount":556,"commentCount":0,"publisher":{"@id":"https:\/\/narteks.net\/#organization"},"articleSection":["Adnan Y\u00dcCEL"],"inLanguage":"tr","potentialAction":[{"@type":"CommentAction","name":"Comment","target":["https:\/\/narteks.net\/index.php\/2009\/02\/27\/kutup-yildizi\/#respond"]}]},{"@type":"WebPage","@id":"https:\/\/narteks.net\/index.php\/2009\/02\/27\/kutup-yildizi\/","url":"https:\/\/narteks.net\/index.php\/2009\/02\/27\/kutup-yildizi\/","name":"KUTUP YILDIZI - narteks.net","isPartOf":{"@id":"https:\/\/narteks.net\/#website"},"datePublished":"2009-02-27T10:20:10+00:00","breadcrumb":{"@id":"https:\/\/narteks.net\/index.php\/2009\/02\/27\/kutup-yildizi\/#breadcrumb"},"inLanguage":"tr","potentialAction":[{"@type":"ReadAction","target":["https:\/\/narteks.net\/index.php\/2009\/02\/27\/kutup-yildizi\/"]}]},{"@type":"BreadcrumbList","@id":"https:\/\/narteks.net\/index.php\/2009\/02\/27\/kutup-yildizi\/#breadcrumb","itemListElement":[{"@type":"ListItem","position":1,"name":"Anasayfa","item":"https:\/\/narteks.net\/"},{"@type":"ListItem","position":2,"name":"KUTUP YILDIZI"}]},{"@type":"WebSite","@id":"https:\/\/narteks.net\/#website","url":"https:\/\/narteks.net\/","name":"narteks.net","description":"K\u00fclt\u00fcr Sanat Edebiyat Felsefe","publisher":{"@id":"https:\/\/narteks.net\/#organization"},"alternateName":"K\u00fclt\u00fcr Sanat Edebiyat Felsefe","potentialAction":[{"@type":"SearchAction","target":{"@type":"EntryPoint","urlTemplate":"https:\/\/narteks.net\/?s={search_term_string}"},"query-input":{"@type":"PropertyValueSpecification","valueRequired":true,"valueName":"search_term_string"}}],"inLanguage":"tr"},{"@type":"Organization","@id":"https:\/\/narteks.net\/#organization","name":"narteks.net","url":"https:\/\/narteks.net\/","logo":{"@type":"ImageObject","inLanguage":"tr","@id":"https:\/\/narteks.net\/#\/schema\/logo\/image\/","url":"https:\/\/narteks.net\/wp-content\/uploads\/narteks.png","contentUrl":"https:\/\/narteks.net\/wp-content\/uploads\/narteks.png","width":300,"height":90,"caption":"narteks.net"},"image":{"@id":"https:\/\/narteks.net\/#\/schema\/logo\/image\/"},"sameAs":["https:\/\/x.com\/narteks","https:\/\/instagram.com\/narteksnet"]},{"@type":"Person","@id":"https:\/\/narteks.net\/#\/schema\/person\/61f37d9834294b72d31d274e7ed79bca","name":"Tar\u0131k","image":{"@type":"ImageObject","inLanguage":"tr","@id":"https:\/\/narteks.net\/#\/schema\/person\/image\/","url":"https:\/\/secure.gravatar.com\/avatar\/50865afb55632c4ae467e0af0930f6510aa2297d8014be502a55b14f3b7550cf?s=96&d=mm&r=g","contentUrl":"https:\/\/secure.gravatar.com\/avatar\/50865afb55632c4ae467e0af0930f6510aa2297d8014be502a55b14f3b7550cf?s=96&d=mm&r=g","caption":"Tar\u0131k"},"sameAs":["http:\/\/narteks.net"],"url":"https:\/\/narteks.net\/index.php\/author\/narbak\/"}]}},"_links":{"self":[{"href":"https:\/\/narteks.net\/index.php\/wp-json\/wp\/v2\/posts\/22","targetHints":{"allow":["GET"]}}],"collection":[{"href":"https:\/\/narteks.net\/index.php\/wp-json\/wp\/v2\/posts"}],"about":[{"href":"https:\/\/narteks.net\/index.php\/wp-json\/wp\/v2\/types\/post"}],"author":[{"embeddable":true,"href":"https:\/\/narteks.net\/index.php\/wp-json\/wp\/v2\/users\/1"}],"replies":[{"embeddable":true,"href":"https:\/\/narteks.net\/index.php\/wp-json\/wp\/v2\/comments?post=22"}],"version-history":[{"count":0,"href":"https:\/\/narteks.net\/index.php\/wp-json\/wp\/v2\/posts\/22\/revisions"}],"wp:attachment":[{"href":"https:\/\/narteks.net\/index.php\/wp-json\/wp\/v2\/media?parent=22"}],"wp:term":[{"taxonomy":"category","embeddable":true,"href":"https:\/\/narteks.net\/index.php\/wp-json\/wp\/v2\/categories?post=22"},{"taxonomy":"post_tag","embeddable":true,"href":"https:\/\/narteks.net\/index.php\/wp-json\/wp\/v2\/tags?post=22"}],"curies":[{"name":"wp","href":"https:\/\/api.w.org\/{rel}","templated":true}]}}