{"id":2212,"date":"2009-12-05T12:11:33","date_gmt":"2009-12-05T09:11:33","guid":{"rendered":"http:\/\/localhost\/wordpress\/2009\/12\/05\/belkim-bir-kertenkeleydim\/"},"modified":"2009-12-05T12:11:33","modified_gmt":"2009-12-05T09:11:33","slug":"belkim-bir-kertenkeleydim","status":"publish","type":"post","link":"https:\/\/narteks.net\/index.php\/2009\/12\/05\/belkim-bir-kertenkeleydim\/","title":{"rendered":"BELK\u0130M B\u0130R KERTENKELEYD\u0130M"},"content":{"rendered":"<p>\u00a0<\/p>\n<p>Belkim bir kertenkeleydim<br \/>pi\u00e7 edilmi\u015f bir ya\u011fmurun serini<br \/>bir g\u00fczelin \u00e7irkiniydim<br \/>\u00e7irkinlerin en g\u00fczeli<br \/>ye\u015fil ko\u015fsa g\u00fcne\u015flerin g\u00f6lgesi<br \/>ben en h\u0131zl\u0131 ye\u015filiydim<br \/>kurba\u011fa yar\u0131\u015flar\u0131nda annemin<\/p>\n<p>\u00e7atal matal ka\u00e7 \u00e7atald\u0131m kimbilir<br \/>bin dereden bir kendimi getirdim<br \/>haydan gelip huya giden bir huysuz<br \/>heyheyler i\u00e7inde bir heydim<br \/>belkim yedi belkim sekiz belayd\u0131m<\/p>\n<p>d\u00fcd\u00fck \u00e7alar h\u0131rs\u0131zlanm\u0131\u015f polisler<br \/>ben korkudan \u00fcstlerime i\u015ferdim<br \/>\u00fc\u00e7 y\u0131ld\u0131zl\u0131 bir albayd\u0131 g\u00f6ky\u00fcz\u00fc<br \/>kar\u015f\u0131s\u0131nda \u00f6n\u00fcm a\u00e7\u0131k gezerdim<br \/>a\u011fz\u0131 bozuk meymenetsiz bir ozan<br \/>rus cenginde ca\u011fanozdum bir zaman<\/p>\n<p>iki g\u00f6z\u00fcm iki koltuk-eviydi<br \/>mavilerim bir miyobun koynunda<br \/>kendi d\u00fc\u015fen k\u00f6yler kentler a\u011flamaz<br \/>sur d\u0131s\u0131nda ben oturur a\u011flard\u0131m<br \/>ekmek diye ba\u011fr\u0131\u015f\u0131rd\u0131 bebeler<br \/>elma derler ben ortaya \u00e7\u0131kard\u0131m<br \/>a\u011f\u0131tlarla kutlan\u0131rd\u0131 \u0130sa &#8211; do\u011fdu Gecesi<br \/>fil di\u015finden bir kuleydim y\u0131kt\u0131m kendimi<\/p>\n<p>bilmem hangi kelo\u011flan\u0131n fesiydim<br \/>bir p\u00fcsk\u00fcls\u00fcz s\u00fcmb\u00fclteber tohumu<br \/>fesle\u011fenler yaprak d\u00f6km\u00fc\u015f \u015ferrimden<br \/>bir narayd\u0131m kimse bilmez nereden<br \/>ya yak\u0131ndan ya u\u00e7maktan gelirdim<br \/>belkim ince belkim kal\u0131n bir sestim<br \/>belkilerin kol gezdi\u011fi saatta<br \/>belkim belki bile de\u011fildim<\/p>\n<p>Can Y\u00dcCEL<\/p>\n","protected":false},"excerpt":{"rendered":"<p>\u00a0 Belkim bir kertenkeleydimpi\u00e7 edilmi\u015f bir ya\u011fmurun serinibir g\u00fczelin \u00e7irkiniydim\u00e7irkinlerin en g\u00fczeliye\u015fil ko\u015fsa g\u00fcne\u015flerin g\u00f6lgesiben en h\u0131zl\u0131 ye\u015filiydimkurba\u011fa yar\u0131\u015flar\u0131nda annemin \u00e7atal matal ka\u00e7 \u00e7atald\u0131m kimbilirbin dereden bir kendimi getirdimhaydan gelip huya giden bir huysuzheyheyler i\u00e7inde bir heydimbelkim yedi belkim sekiz belayd\u0131m d\u00fcd\u00fck \u00e7alar h\u0131rs\u0131zlanm\u0131\u015f polislerben korkudan \u00fcstlerime i\u015ferdim\u00fc\u00e7 y\u0131ld\u0131zl\u0131 bir albayd\u0131 g\u00f6ky\u00fcz\u00fckar\u015f\u0131s\u0131nda \u00f6n\u00fcm a\u00e7\u0131k gezerdima\u011fz\u0131 [&hellip;]<\/p>\n","protected":false},"author":1,"featured_media":0,"comment_status":"open","ping_status":"open","sticky":false,"template":"","format":"standard","meta":{"footnotes":""},"categories":[16],"tags":[],"class_list":{"0":"post-2212","1":"post","2":"type-post","3":"status-publish","4":"format-standard","6":"category-can-yucel"},"yoast_head":"<!-- This site is optimized with the Yoast SEO Premium plugin v24.9 (Yoast SEO v24.9) - https:\/\/yoast.com\/wordpress\/plugins\/seo\/ -->\n<title>BELK\u0130M B\u0130R KERTENKELEYD\u0130M - narteks.net<\/title>\n<meta name=\"robots\" content=\"index, follow, max-snippet:-1, max-image-preview:large, max-video-preview:-1\" \/>\n<link rel=\"canonical\" href=\"https:\/\/narteks.net\/index.php\/2009\/12\/05\/belkim-bir-kertenkeleydim\/\" \/>\n<meta property=\"og:locale\" content=\"tr_TR\" \/>\n<meta property=\"og:type\" content=\"article\" \/>\n<meta property=\"og:title\" content=\"BELK\u0130M B\u0130R KERTENKELEYD\u0130M\" \/>\n<meta property=\"og:description\" content=\"\u00a0 Belkim bir kertenkeleydimpi\u00e7 edilmi\u015f bir ya\u011fmurun serinibir g\u00fczelin \u00e7irkiniydim\u00e7irkinlerin en g\u00fczeliye\u015fil ko\u015fsa g\u00fcne\u015flerin g\u00f6lgesiben en h\u0131zl\u0131 ye\u015filiydimkurba\u011fa yar\u0131\u015flar\u0131nda annemin \u00e7atal matal ka\u00e7 \u00e7atald\u0131m kimbilirbin dereden bir kendimi getirdimhaydan gelip huya giden bir huysuzheyheyler i\u00e7inde bir heydimbelkim yedi belkim sekiz belayd\u0131m d\u00fcd\u00fck \u00e7alar h\u0131rs\u0131zlanm\u0131\u015f polislerben korkudan \u00fcstlerime i\u015ferdim\u00fc\u00e7 y\u0131ld\u0131zl\u0131 bir albayd\u0131 g\u00f6ky\u00fcz\u00fckar\u015f\u0131s\u0131nda \u00f6n\u00fcm a\u00e7\u0131k gezerdima\u011fz\u0131 [&hellip;]\" \/>\n<meta property=\"og:url\" content=\"https:\/\/narteks.net\/index.php\/2009\/12\/05\/belkim-bir-kertenkeleydim\/\" \/>\n<meta property=\"og:site_name\" content=\"narteks.net\" \/>\n<meta property=\"article:published_time\" content=\"2009-12-05T09:11:33+00:00\" \/>\n<meta property=\"og:image\" content=\"https:\/\/narteks.net\/wp-content\/uploads\/narteks.png\" \/>\n\t<meta property=\"og:image:width\" content=\"300\" \/>\n\t<meta property=\"og:image:height\" content=\"90\" \/>\n\t<meta property=\"og:image:type\" content=\"image\/png\" \/>\n<meta name=\"author\" content=\"Tar\u0131k\" \/>\n<meta name=\"twitter:card\" content=\"summary_large_image\" \/>\n<meta name=\"twitter:creator\" content=\"@narteks\" \/>\n<meta name=\"twitter:site\" content=\"@narteks\" \/>\n<meta name=\"twitter:label1\" content=\"Yazan:\" \/>\n\t<meta name=\"twitter:data1\" content=\"Tar\u0131k\" \/>\n\t<meta name=\"twitter:label2\" content=\"Tahmini okuma s\u00fcresi\" \/>\n\t<meta name=\"twitter:data2\" content=\"1 dakika\" \/>\n<script type=\"application\/ld+json\" class=\"yoast-schema-graph\">{\"@context\":\"https:\/\/schema.org\",\"@graph\":[{\"@type\":\"Article\",\"@id\":\"https:\/\/narteks.net\/index.php\/2009\/12\/05\/belkim-bir-kertenkeleydim\/#article\",\"isPartOf\":{\"@id\":\"https:\/\/narteks.net\/index.php\/2009\/12\/05\/belkim-bir-kertenkeleydim\/\"},\"author\":{\"name\":\"Tar\u0131k\",\"@id\":\"https:\/\/narteks.net\/#\/schema\/person\/61f37d9834294b72d31d274e7ed79bca\"},\"headline\":\"BELK\u0130M B\u0130R KERTENKELEYD\u0130M\",\"datePublished\":\"2009-12-05T09:11:33+00:00\",\"mainEntityOfPage\":{\"@id\":\"https:\/\/narteks.net\/index.php\/2009\/12\/05\/belkim-bir-kertenkeleydim\/\"},\"wordCount\":198,\"commentCount\":0,\"publisher\":{\"@id\":\"https:\/\/narteks.net\/#organization\"},\"articleSection\":[\"Can Y\u00dcCEL\"],\"inLanguage\":\"tr\",\"potentialAction\":[{\"@type\":\"CommentAction\",\"name\":\"Comment\",\"target\":[\"https:\/\/narteks.net\/index.php\/2009\/12\/05\/belkim-bir-kertenkeleydim\/#respond\"]}]},{\"@type\":\"WebPage\",\"@id\":\"https:\/\/narteks.net\/index.php\/2009\/12\/05\/belkim-bir-kertenkeleydim\/\",\"url\":\"https:\/\/narteks.net\/index.php\/2009\/12\/05\/belkim-bir-kertenkeleydim\/\",\"name\":\"BELK\u0130M B\u0130R KERTENKELEYD\u0130M - narteks.net\",\"isPartOf\":{\"@id\":\"https:\/\/narteks.net\/#website\"},\"datePublished\":\"2009-12-05T09:11:33+00:00\",\"breadcrumb\":{\"@id\":\"https:\/\/narteks.net\/index.php\/2009\/12\/05\/belkim-bir-kertenkeleydim\/#breadcrumb\"},\"inLanguage\":\"tr\",\"potentialAction\":[{\"@type\":\"ReadAction\",\"target\":[\"https:\/\/narteks.net\/index.php\/2009\/12\/05\/belkim-bir-kertenkeleydim\/\"]}]},{\"@type\":\"BreadcrumbList\",\"@id\":\"https:\/\/narteks.net\/index.php\/2009\/12\/05\/belkim-bir-kertenkeleydim\/#breadcrumb\",\"itemListElement\":[{\"@type\":\"ListItem\",\"position\":1,\"name\":\"Anasayfa\",\"item\":\"https:\/\/narteks.net\/\"},{\"@type\":\"ListItem\",\"position\":2,\"name\":\"BELK\u0130M B\u0130R KERTENKELEYD\u0130M\"}]},{\"@type\":\"WebSite\",\"@id\":\"https:\/\/narteks.net\/#website\",\"url\":\"https:\/\/narteks.net\/\",\"name\":\"narteks.net\",\"description\":\"K\u00fclt\u00fcr Sanat Edebiyat Felsefe\",\"publisher\":{\"@id\":\"https:\/\/narteks.net\/#organization\"},\"alternateName\":\"K\u00fclt\u00fcr Sanat Edebiyat Felsefe\",\"potentialAction\":[{\"@type\":\"SearchAction\",\"target\":{\"@type\":\"EntryPoint\",\"urlTemplate\":\"https:\/\/narteks.net\/?s={search_term_string}\"},\"query-input\":{\"@type\":\"PropertyValueSpecification\",\"valueRequired\":true,\"valueName\":\"search_term_string\"}}],\"inLanguage\":\"tr\"},{\"@type\":\"Organization\",\"@id\":\"https:\/\/narteks.net\/#organization\",\"name\":\"narteks.net\",\"url\":\"https:\/\/narteks.net\/\",\"logo\":{\"@type\":\"ImageObject\",\"inLanguage\":\"tr\",\"@id\":\"https:\/\/narteks.net\/#\/schema\/logo\/image\/\",\"url\":\"https:\/\/narteks.net\/wp-content\/uploads\/narteks.png\",\"contentUrl\":\"https:\/\/narteks.net\/wp-content\/uploads\/narteks.png\",\"width\":300,\"height\":90,\"caption\":\"narteks.net\"},\"image\":{\"@id\":\"https:\/\/narteks.net\/#\/schema\/logo\/image\/\"},\"sameAs\":[\"https:\/\/x.com\/narteks\",\"https:\/\/instagram.com\/narteksnet\"]},{\"@type\":\"Person\",\"@id\":\"https:\/\/narteks.net\/#\/schema\/person\/61f37d9834294b72d31d274e7ed79bca\",\"name\":\"Tar\u0131k\",\"image\":{\"@type\":\"ImageObject\",\"inLanguage\":\"tr\",\"@id\":\"https:\/\/narteks.net\/#\/schema\/person\/image\/\",\"url\":\"https:\/\/secure.gravatar.com\/avatar\/50865afb55632c4ae467e0af0930f6510aa2297d8014be502a55b14f3b7550cf?s=96&d=mm&r=g\",\"contentUrl\":\"https:\/\/secure.gravatar.com\/avatar\/50865afb55632c4ae467e0af0930f6510aa2297d8014be502a55b14f3b7550cf?s=96&d=mm&r=g\",\"caption\":\"Tar\u0131k\"},\"sameAs\":[\"http:\/\/narteks.net\"],\"url\":\"https:\/\/narteks.net\/index.php\/author\/narbak\/\"}]}<\/script>\n<!-- \/ Yoast SEO Premium plugin. -->","yoast_head_json":{"title":"BELK\u0130M B\u0130R KERTENKELEYD\u0130M - narteks.net","robots":{"index":"index","follow":"follow","max-snippet":"max-snippet:-1","max-image-preview":"max-image-preview:large","max-video-preview":"max-video-preview:-1"},"canonical":"https:\/\/narteks.net\/index.php\/2009\/12\/05\/belkim-bir-kertenkeleydim\/","og_locale":"tr_TR","og_type":"article","og_title":"BELK\u0130M B\u0130R KERTENKELEYD\u0130M","og_description":"\u00a0 Belkim bir kertenkeleydimpi\u00e7 edilmi\u015f bir ya\u011fmurun serinibir g\u00fczelin \u00e7irkiniydim\u00e7irkinlerin en g\u00fczeliye\u015fil ko\u015fsa g\u00fcne\u015flerin g\u00f6lgesiben en h\u0131zl\u0131 ye\u015filiydimkurba\u011fa yar\u0131\u015flar\u0131nda annemin \u00e7atal matal ka\u00e7 \u00e7atald\u0131m kimbilirbin dereden bir kendimi getirdimhaydan gelip huya giden bir huysuzheyheyler i\u00e7inde bir heydimbelkim yedi belkim sekiz belayd\u0131m d\u00fcd\u00fck \u00e7alar h\u0131rs\u0131zlanm\u0131\u015f polislerben korkudan \u00fcstlerime i\u015ferdim\u00fc\u00e7 y\u0131ld\u0131zl\u0131 bir albayd\u0131 g\u00f6ky\u00fcz\u00fckar\u015f\u0131s\u0131nda \u00f6n\u00fcm a\u00e7\u0131k gezerdima\u011fz\u0131 [&hellip;]","og_url":"https:\/\/narteks.net\/index.php\/2009\/12\/05\/belkim-bir-kertenkeleydim\/","og_site_name":"narteks.net","article_published_time":"2009-12-05T09:11:33+00:00","og_image":[{"width":300,"height":90,"url":"https:\/\/narteks.net\/wp-content\/uploads\/narteks.png","type":"image\/png"}],"author":"Tar\u0131k","twitter_card":"summary_large_image","twitter_creator":"@narteks","twitter_site":"@narteks","twitter_misc":{"Yazan:":"Tar\u0131k","Tahmini okuma s\u00fcresi":"1 dakika"},"schema":{"@context":"https:\/\/schema.org","@graph":[{"@type":"Article","@id":"https:\/\/narteks.net\/index.php\/2009\/12\/05\/belkim-bir-kertenkeleydim\/#article","isPartOf":{"@id":"https:\/\/narteks.net\/index.php\/2009\/12\/05\/belkim-bir-kertenkeleydim\/"},"author":{"name":"Tar\u0131k","@id":"https:\/\/narteks.net\/#\/schema\/person\/61f37d9834294b72d31d274e7ed79bca"},"headline":"BELK\u0130M B\u0130R KERTENKELEYD\u0130M","datePublished":"2009-12-05T09:11:33+00:00","mainEntityOfPage":{"@id":"https:\/\/narteks.net\/index.php\/2009\/12\/05\/belkim-bir-kertenkeleydim\/"},"wordCount":198,"commentCount":0,"publisher":{"@id":"https:\/\/narteks.net\/#organization"},"articleSection":["Can Y\u00dcCEL"],"inLanguage":"tr","potentialAction":[{"@type":"CommentAction","name":"Comment","target":["https:\/\/narteks.net\/index.php\/2009\/12\/05\/belkim-bir-kertenkeleydim\/#respond"]}]},{"@type":"WebPage","@id":"https:\/\/narteks.net\/index.php\/2009\/12\/05\/belkim-bir-kertenkeleydim\/","url":"https:\/\/narteks.net\/index.php\/2009\/12\/05\/belkim-bir-kertenkeleydim\/","name":"BELK\u0130M B\u0130R KERTENKELEYD\u0130M - narteks.net","isPartOf":{"@id":"https:\/\/narteks.net\/#website"},"datePublished":"2009-12-05T09:11:33+00:00","breadcrumb":{"@id":"https:\/\/narteks.net\/index.php\/2009\/12\/05\/belkim-bir-kertenkeleydim\/#breadcrumb"},"inLanguage":"tr","potentialAction":[{"@type":"ReadAction","target":["https:\/\/narteks.net\/index.php\/2009\/12\/05\/belkim-bir-kertenkeleydim\/"]}]},{"@type":"BreadcrumbList","@id":"https:\/\/narteks.net\/index.php\/2009\/12\/05\/belkim-bir-kertenkeleydim\/#breadcrumb","itemListElement":[{"@type":"ListItem","position":1,"name":"Anasayfa","item":"https:\/\/narteks.net\/"},{"@type":"ListItem","position":2,"name":"BELK\u0130M B\u0130R KERTENKELEYD\u0130M"}]},{"@type":"WebSite","@id":"https:\/\/narteks.net\/#website","url":"https:\/\/narteks.net\/","name":"narteks.net","description":"K\u00fclt\u00fcr Sanat Edebiyat Felsefe","publisher":{"@id":"https:\/\/narteks.net\/#organization"},"alternateName":"K\u00fclt\u00fcr Sanat Edebiyat Felsefe","potentialAction":[{"@type":"SearchAction","target":{"@type":"EntryPoint","urlTemplate":"https:\/\/narteks.net\/?s={search_term_string}"},"query-input":{"@type":"PropertyValueSpecification","valueRequired":true,"valueName":"search_term_string"}}],"inLanguage":"tr"},{"@type":"Organization","@id":"https:\/\/narteks.net\/#organization","name":"narteks.net","url":"https:\/\/narteks.net\/","logo":{"@type":"ImageObject","inLanguage":"tr","@id":"https:\/\/narteks.net\/#\/schema\/logo\/image\/","url":"https:\/\/narteks.net\/wp-content\/uploads\/narteks.png","contentUrl":"https:\/\/narteks.net\/wp-content\/uploads\/narteks.png","width":300,"height":90,"caption":"narteks.net"},"image":{"@id":"https:\/\/narteks.net\/#\/schema\/logo\/image\/"},"sameAs":["https:\/\/x.com\/narteks","https:\/\/instagram.com\/narteksnet"]},{"@type":"Person","@id":"https:\/\/narteks.net\/#\/schema\/person\/61f37d9834294b72d31d274e7ed79bca","name":"Tar\u0131k","image":{"@type":"ImageObject","inLanguage":"tr","@id":"https:\/\/narteks.net\/#\/schema\/person\/image\/","url":"https:\/\/secure.gravatar.com\/avatar\/50865afb55632c4ae467e0af0930f6510aa2297d8014be502a55b14f3b7550cf?s=96&d=mm&r=g","contentUrl":"https:\/\/secure.gravatar.com\/avatar\/50865afb55632c4ae467e0af0930f6510aa2297d8014be502a55b14f3b7550cf?s=96&d=mm&r=g","caption":"Tar\u0131k"},"sameAs":["http:\/\/narteks.net"],"url":"https:\/\/narteks.net\/index.php\/author\/narbak\/"}]}},"_links":{"self":[{"href":"https:\/\/narteks.net\/index.php\/wp-json\/wp\/v2\/posts\/2212","targetHints":{"allow":["GET"]}}],"collection":[{"href":"https:\/\/narteks.net\/index.php\/wp-json\/wp\/v2\/posts"}],"about":[{"href":"https:\/\/narteks.net\/index.php\/wp-json\/wp\/v2\/types\/post"}],"author":[{"embeddable":true,"href":"https:\/\/narteks.net\/index.php\/wp-json\/wp\/v2\/users\/1"}],"replies":[{"embeddable":true,"href":"https:\/\/narteks.net\/index.php\/wp-json\/wp\/v2\/comments?post=2212"}],"version-history":[{"count":0,"href":"https:\/\/narteks.net\/index.php\/wp-json\/wp\/v2\/posts\/2212\/revisions"}],"wp:attachment":[{"href":"https:\/\/narteks.net\/index.php\/wp-json\/wp\/v2\/media?parent=2212"}],"wp:term":[{"taxonomy":"category","embeddable":true,"href":"https:\/\/narteks.net\/index.php\/wp-json\/wp\/v2\/categories?post=2212"},{"taxonomy":"post_tag","embeddable":true,"href":"https:\/\/narteks.net\/index.php\/wp-json\/wp\/v2\/tags?post=2212"}],"curies":[{"name":"wp","href":"https:\/\/api.w.org\/{rel}","templated":true}]}}