{"id":2219,"date":"2009-12-05T12:16:33","date_gmt":"2009-12-05T09:16:33","guid":{"rendered":"http:\/\/localhost\/wordpress\/2009\/12\/05\/igneli\/"},"modified":"2009-12-05T12:16:33","modified_gmt":"2009-12-05T09:16:33","slug":"igneli","status":"publish","type":"post","link":"https:\/\/narteks.net\/index.php\/2009\/12\/05\/igneli\/","title":{"rendered":"\u0130\u011eNEL\u0130"},"content":{"rendered":"<p>\u00a0<\/p>\n<p>Anam babama a\u015f\u0131k olmu\u015f, <br \/>Babam da anama.<br \/>Gezelim bu \u00c7ar\u015famba demi\u015f babam.<br \/>S\u00fcr-di\u015fli anam, \u00f6yle \u015f\u0131k bir fistan\u0131 yok, <br \/>Ablas\u0131n\u0131n ni\u015fanl\u0131\u011f\u0131n\u0131 istemi\u015f \u00f6d\u00fcn\u00e7, <br \/>Teyzem daha toplu, oturmam\u0131\u015f \u00fcst\u00fcne entari, <br \/>Teyelle, i\u011fneyle ayarlam\u0131\u015flar \u00fcst\u00fcne anam\u0131n.<br \/>Babam, kavilleri \u00fczre, gelip Topkap\u0131 d\u0131\u015f\u0131ndaki evlerine<br \/>Anam\u0131 al\u0131p, ka\u00e7bir tramvaylan aktarma, <br \/>Bebe\u011fe g\u00f6t\u00fcrm\u00fc\u015f o Afrodit`i.<br \/>Bebek s\u0131rtlar\u0131na \u00e7\u0131km\u0131\u015flar.<br \/>Babam oturtmu\u015f anam\u0131 \u00e7ay\u0131ra, <br \/>Denizi g\u00f6stermi\u015f, <br \/>\u0130yi \u015feylerden s\u00f6z etmi\u015fler, <br \/>Derken \u00f6pecek olmu\u015f anam\u0131, <br \/>Anam \u00e7oktan raz\u0131.<br \/>Babam el at\u0131nca oras\u0131na buras\u0131na, <br \/>Fistandaki i\u011fneler batmaz m\u0131 eline! <br \/>Ay! demi\u015f ba\u011f\u0131rm\u0131\u015f babam&#8230;<br \/>O g\u00fcn, o \u00e7ay\u0131rda, o an<br \/>D\u00fc\u015ft\u00fc\u011f\u00fcm i\u00e7in ben anam\u0131n imgelemine, <br \/>Ya\u015famda da, \u015fiirde de <br \/>B\u00f6yle i\u011fneli konu\u015fmakl\u0131\u011f\u0131m..<\/p>\n<p>Can Y\u00dcCEL<\/p>\n","protected":false},"excerpt":{"rendered":"<p>\u00a0 Anam babama a\u015f\u0131k olmu\u015f, Babam da anama.Gezelim bu \u00c7ar\u015famba demi\u015f babam.S\u00fcr-di\u015fli anam, \u00f6yle \u015f\u0131k bir fistan\u0131 yok, Ablas\u0131n\u0131n ni\u015fanl\u0131\u011f\u0131n\u0131 istemi\u015f \u00f6d\u00fcn\u00e7, Teyzem daha toplu, oturmam\u0131\u015f \u00fcst\u00fcne entari, Teyelle, i\u011fneyle ayarlam\u0131\u015flar \u00fcst\u00fcne anam\u0131n.Babam, kavilleri \u00fczre, gelip Topkap\u0131 d\u0131\u015f\u0131ndaki evlerineAnam\u0131 al\u0131p, ka\u00e7bir tramvaylan aktarma, Bebe\u011fe g\u00f6t\u00fcrm\u00fc\u015f o Afrodit`i.Bebek s\u0131rtlar\u0131na \u00e7\u0131km\u0131\u015flar.Babam oturtmu\u015f anam\u0131 \u00e7ay\u0131ra, Denizi g\u00f6stermi\u015f, \u0130yi [&hellip;]<\/p>\n","protected":false},"author":1,"featured_media":0,"comment_status":"open","ping_status":"open","sticky":false,"template":"","format":"standard","meta":{"footnotes":""},"categories":[16],"tags":[],"class_list":{"0":"post-2219","1":"post","2":"type-post","3":"status-publish","4":"format-standard","6":"category-can-yucel"},"yoast_head":"<!-- This site is optimized with the Yoast SEO Premium plugin v24.9 (Yoast SEO v24.9) - https:\/\/yoast.com\/wordpress\/plugins\/seo\/ -->\n<title>\u0130\u011eNEL\u0130 - narteks.net<\/title>\n<meta name=\"robots\" content=\"index, follow, max-snippet:-1, max-image-preview:large, max-video-preview:-1\" \/>\n<link rel=\"canonical\" href=\"https:\/\/narteks.net\/index.php\/2009\/12\/05\/igneli\/\" \/>\n<meta property=\"og:locale\" content=\"tr_TR\" \/>\n<meta property=\"og:type\" content=\"article\" \/>\n<meta property=\"og:title\" content=\"\u0130\u011eNEL\u0130\" \/>\n<meta property=\"og:description\" content=\"\u00a0 Anam babama a\u015f\u0131k olmu\u015f, Babam da anama.Gezelim bu \u00c7ar\u015famba demi\u015f babam.S\u00fcr-di\u015fli anam, \u00f6yle \u015f\u0131k bir fistan\u0131 yok, Ablas\u0131n\u0131n ni\u015fanl\u0131\u011f\u0131n\u0131 istemi\u015f \u00f6d\u00fcn\u00e7, Teyzem daha toplu, oturmam\u0131\u015f \u00fcst\u00fcne entari, Teyelle, i\u011fneyle ayarlam\u0131\u015flar \u00fcst\u00fcne anam\u0131n.Babam, kavilleri \u00fczre, gelip Topkap\u0131 d\u0131\u015f\u0131ndaki evlerineAnam\u0131 al\u0131p, ka\u00e7bir tramvaylan aktarma, Bebe\u011fe g\u00f6t\u00fcrm\u00fc\u015f o Afrodit`i.Bebek s\u0131rtlar\u0131na \u00e7\u0131km\u0131\u015flar.Babam oturtmu\u015f anam\u0131 \u00e7ay\u0131ra, Denizi g\u00f6stermi\u015f, \u0130yi [&hellip;]\" \/>\n<meta property=\"og:url\" content=\"https:\/\/narteks.net\/index.php\/2009\/12\/05\/igneli\/\" \/>\n<meta property=\"og:site_name\" content=\"narteks.net\" \/>\n<meta property=\"article:published_time\" content=\"2009-12-05T09:16:33+00:00\" \/>\n<meta property=\"og:image\" content=\"https:\/\/narteks.net\/wp-content\/uploads\/narteks.png\" \/>\n\t<meta property=\"og:image:width\" content=\"300\" \/>\n\t<meta property=\"og:image:height\" content=\"90\" \/>\n\t<meta property=\"og:image:type\" content=\"image\/png\" \/>\n<meta name=\"author\" content=\"Tar\u0131k\" \/>\n<meta name=\"twitter:card\" content=\"summary_large_image\" \/>\n<meta name=\"twitter:creator\" content=\"@narteks\" \/>\n<meta name=\"twitter:site\" content=\"@narteks\" \/>\n<meta name=\"twitter:label1\" content=\"Yazan:\" \/>\n\t<meta name=\"twitter:data1\" content=\"Tar\u0131k\" \/>\n\t<meta name=\"twitter:label2\" content=\"Tahmini okuma s\u00fcresi\" \/>\n\t<meta name=\"twitter:data2\" content=\"1 dakika\" \/>\n<script type=\"application\/ld+json\" class=\"yoast-schema-graph\">{\"@context\":\"https:\/\/schema.org\",\"@graph\":[{\"@type\":\"Article\",\"@id\":\"https:\/\/narteks.net\/index.php\/2009\/12\/05\/igneli\/#article\",\"isPartOf\":{\"@id\":\"https:\/\/narteks.net\/index.php\/2009\/12\/05\/igneli\/\"},\"author\":{\"name\":\"Tar\u0131k\",\"@id\":\"https:\/\/narteks.net\/#\/schema\/person\/61f37d9834294b72d31d274e7ed79bca\"},\"headline\":\"\u0130\u011eNEL\u0130\",\"datePublished\":\"2009-12-05T09:16:33+00:00\",\"mainEntityOfPage\":{\"@id\":\"https:\/\/narteks.net\/index.php\/2009\/12\/05\/igneli\/\"},\"wordCount\":148,\"commentCount\":0,\"publisher\":{\"@id\":\"https:\/\/narteks.net\/#organization\"},\"articleSection\":[\"Can Y\u00dcCEL\"],\"inLanguage\":\"tr\",\"potentialAction\":[{\"@type\":\"CommentAction\",\"name\":\"Comment\",\"target\":[\"https:\/\/narteks.net\/index.php\/2009\/12\/05\/igneli\/#respond\"]}]},{\"@type\":\"WebPage\",\"@id\":\"https:\/\/narteks.net\/index.php\/2009\/12\/05\/igneli\/\",\"url\":\"https:\/\/narteks.net\/index.php\/2009\/12\/05\/igneli\/\",\"name\":\"\u0130\u011eNEL\u0130 - narteks.net\",\"isPartOf\":{\"@id\":\"https:\/\/narteks.net\/#website\"},\"datePublished\":\"2009-12-05T09:16:33+00:00\",\"breadcrumb\":{\"@id\":\"https:\/\/narteks.net\/index.php\/2009\/12\/05\/igneli\/#breadcrumb\"},\"inLanguage\":\"tr\",\"potentialAction\":[{\"@type\":\"ReadAction\",\"target\":[\"https:\/\/narteks.net\/index.php\/2009\/12\/05\/igneli\/\"]}]},{\"@type\":\"BreadcrumbList\",\"@id\":\"https:\/\/narteks.net\/index.php\/2009\/12\/05\/igneli\/#breadcrumb\",\"itemListElement\":[{\"@type\":\"ListItem\",\"position\":1,\"name\":\"Anasayfa\",\"item\":\"https:\/\/narteks.net\/\"},{\"@type\":\"ListItem\",\"position\":2,\"name\":\"\u0130\u011eNEL\u0130\"}]},{\"@type\":\"WebSite\",\"@id\":\"https:\/\/narteks.net\/#website\",\"url\":\"https:\/\/narteks.net\/\",\"name\":\"narteks.net\",\"description\":\"K\u00fclt\u00fcr Sanat Edebiyat Felsefe\",\"publisher\":{\"@id\":\"https:\/\/narteks.net\/#organization\"},\"alternateName\":\"K\u00fclt\u00fcr Sanat Edebiyat Felsefe\",\"potentialAction\":[{\"@type\":\"SearchAction\",\"target\":{\"@type\":\"EntryPoint\",\"urlTemplate\":\"https:\/\/narteks.net\/?s={search_term_string}\"},\"query-input\":{\"@type\":\"PropertyValueSpecification\",\"valueRequired\":true,\"valueName\":\"search_term_string\"}}],\"inLanguage\":\"tr\"},{\"@type\":\"Organization\",\"@id\":\"https:\/\/narteks.net\/#organization\",\"name\":\"narteks.net\",\"url\":\"https:\/\/narteks.net\/\",\"logo\":{\"@type\":\"ImageObject\",\"inLanguage\":\"tr\",\"@id\":\"https:\/\/narteks.net\/#\/schema\/logo\/image\/\",\"url\":\"https:\/\/narteks.net\/wp-content\/uploads\/narteks.png\",\"contentUrl\":\"https:\/\/narteks.net\/wp-content\/uploads\/narteks.png\",\"width\":300,\"height\":90,\"caption\":\"narteks.net\"},\"image\":{\"@id\":\"https:\/\/narteks.net\/#\/schema\/logo\/image\/\"},\"sameAs\":[\"https:\/\/x.com\/narteks\",\"https:\/\/instagram.com\/narteksnet\"]},{\"@type\":\"Person\",\"@id\":\"https:\/\/narteks.net\/#\/schema\/person\/61f37d9834294b72d31d274e7ed79bca\",\"name\":\"Tar\u0131k\",\"image\":{\"@type\":\"ImageObject\",\"inLanguage\":\"tr\",\"@id\":\"https:\/\/narteks.net\/#\/schema\/person\/image\/\",\"url\":\"https:\/\/secure.gravatar.com\/avatar\/50865afb55632c4ae467e0af0930f6510aa2297d8014be502a55b14f3b7550cf?s=96&d=mm&r=g\",\"contentUrl\":\"https:\/\/secure.gravatar.com\/avatar\/50865afb55632c4ae467e0af0930f6510aa2297d8014be502a55b14f3b7550cf?s=96&d=mm&r=g\",\"caption\":\"Tar\u0131k\"},\"sameAs\":[\"http:\/\/narteks.net\"],\"url\":\"https:\/\/narteks.net\/index.php\/author\/narbak\/\"}]}<\/script>\n<!-- \/ Yoast SEO Premium plugin. -->","yoast_head_json":{"title":"\u0130\u011eNEL\u0130 - narteks.net","robots":{"index":"index","follow":"follow","max-snippet":"max-snippet:-1","max-image-preview":"max-image-preview:large","max-video-preview":"max-video-preview:-1"},"canonical":"https:\/\/narteks.net\/index.php\/2009\/12\/05\/igneli\/","og_locale":"tr_TR","og_type":"article","og_title":"\u0130\u011eNEL\u0130","og_description":"\u00a0 Anam babama a\u015f\u0131k olmu\u015f, Babam da anama.Gezelim bu \u00c7ar\u015famba demi\u015f babam.S\u00fcr-di\u015fli anam, \u00f6yle \u015f\u0131k bir fistan\u0131 yok, Ablas\u0131n\u0131n ni\u015fanl\u0131\u011f\u0131n\u0131 istemi\u015f \u00f6d\u00fcn\u00e7, Teyzem daha toplu, oturmam\u0131\u015f \u00fcst\u00fcne entari, Teyelle, i\u011fneyle ayarlam\u0131\u015flar \u00fcst\u00fcne anam\u0131n.Babam, kavilleri \u00fczre, gelip Topkap\u0131 d\u0131\u015f\u0131ndaki evlerineAnam\u0131 al\u0131p, ka\u00e7bir tramvaylan aktarma, Bebe\u011fe g\u00f6t\u00fcrm\u00fc\u015f o Afrodit`i.Bebek s\u0131rtlar\u0131na \u00e7\u0131km\u0131\u015flar.Babam oturtmu\u015f anam\u0131 \u00e7ay\u0131ra, Denizi g\u00f6stermi\u015f, \u0130yi [&hellip;]","og_url":"https:\/\/narteks.net\/index.php\/2009\/12\/05\/igneli\/","og_site_name":"narteks.net","article_published_time":"2009-12-05T09:16:33+00:00","og_image":[{"width":300,"height":90,"url":"https:\/\/narteks.net\/wp-content\/uploads\/narteks.png","type":"image\/png"}],"author":"Tar\u0131k","twitter_card":"summary_large_image","twitter_creator":"@narteks","twitter_site":"@narteks","twitter_misc":{"Yazan:":"Tar\u0131k","Tahmini okuma s\u00fcresi":"1 dakika"},"schema":{"@context":"https:\/\/schema.org","@graph":[{"@type":"Article","@id":"https:\/\/narteks.net\/index.php\/2009\/12\/05\/igneli\/#article","isPartOf":{"@id":"https:\/\/narteks.net\/index.php\/2009\/12\/05\/igneli\/"},"author":{"name":"Tar\u0131k","@id":"https:\/\/narteks.net\/#\/schema\/person\/61f37d9834294b72d31d274e7ed79bca"},"headline":"\u0130\u011eNEL\u0130","datePublished":"2009-12-05T09:16:33+00:00","mainEntityOfPage":{"@id":"https:\/\/narteks.net\/index.php\/2009\/12\/05\/igneli\/"},"wordCount":148,"commentCount":0,"publisher":{"@id":"https:\/\/narteks.net\/#organization"},"articleSection":["Can Y\u00dcCEL"],"inLanguage":"tr","potentialAction":[{"@type":"CommentAction","name":"Comment","target":["https:\/\/narteks.net\/index.php\/2009\/12\/05\/igneli\/#respond"]}]},{"@type":"WebPage","@id":"https:\/\/narteks.net\/index.php\/2009\/12\/05\/igneli\/","url":"https:\/\/narteks.net\/index.php\/2009\/12\/05\/igneli\/","name":"\u0130\u011eNEL\u0130 - narteks.net","isPartOf":{"@id":"https:\/\/narteks.net\/#website"},"datePublished":"2009-12-05T09:16:33+00:00","breadcrumb":{"@id":"https:\/\/narteks.net\/index.php\/2009\/12\/05\/igneli\/#breadcrumb"},"inLanguage":"tr","potentialAction":[{"@type":"ReadAction","target":["https:\/\/narteks.net\/index.php\/2009\/12\/05\/igneli\/"]}]},{"@type":"BreadcrumbList","@id":"https:\/\/narteks.net\/index.php\/2009\/12\/05\/igneli\/#breadcrumb","itemListElement":[{"@type":"ListItem","position":1,"name":"Anasayfa","item":"https:\/\/narteks.net\/"},{"@type":"ListItem","position":2,"name":"\u0130\u011eNEL\u0130"}]},{"@type":"WebSite","@id":"https:\/\/narteks.net\/#website","url":"https:\/\/narteks.net\/","name":"narteks.net","description":"K\u00fclt\u00fcr Sanat Edebiyat Felsefe","publisher":{"@id":"https:\/\/narteks.net\/#organization"},"alternateName":"K\u00fclt\u00fcr Sanat Edebiyat Felsefe","potentialAction":[{"@type":"SearchAction","target":{"@type":"EntryPoint","urlTemplate":"https:\/\/narteks.net\/?s={search_term_string}"},"query-input":{"@type":"PropertyValueSpecification","valueRequired":true,"valueName":"search_term_string"}}],"inLanguage":"tr"},{"@type":"Organization","@id":"https:\/\/narteks.net\/#organization","name":"narteks.net","url":"https:\/\/narteks.net\/","logo":{"@type":"ImageObject","inLanguage":"tr","@id":"https:\/\/narteks.net\/#\/schema\/logo\/image\/","url":"https:\/\/narteks.net\/wp-content\/uploads\/narteks.png","contentUrl":"https:\/\/narteks.net\/wp-content\/uploads\/narteks.png","width":300,"height":90,"caption":"narteks.net"},"image":{"@id":"https:\/\/narteks.net\/#\/schema\/logo\/image\/"},"sameAs":["https:\/\/x.com\/narteks","https:\/\/instagram.com\/narteksnet"]},{"@type":"Person","@id":"https:\/\/narteks.net\/#\/schema\/person\/61f37d9834294b72d31d274e7ed79bca","name":"Tar\u0131k","image":{"@type":"ImageObject","inLanguage":"tr","@id":"https:\/\/narteks.net\/#\/schema\/person\/image\/","url":"https:\/\/secure.gravatar.com\/avatar\/50865afb55632c4ae467e0af0930f6510aa2297d8014be502a55b14f3b7550cf?s=96&d=mm&r=g","contentUrl":"https:\/\/secure.gravatar.com\/avatar\/50865afb55632c4ae467e0af0930f6510aa2297d8014be502a55b14f3b7550cf?s=96&d=mm&r=g","caption":"Tar\u0131k"},"sameAs":["http:\/\/narteks.net"],"url":"https:\/\/narteks.net\/index.php\/author\/narbak\/"}]}},"_links":{"self":[{"href":"https:\/\/narteks.net\/index.php\/wp-json\/wp\/v2\/posts\/2219","targetHints":{"allow":["GET"]}}],"collection":[{"href":"https:\/\/narteks.net\/index.php\/wp-json\/wp\/v2\/posts"}],"about":[{"href":"https:\/\/narteks.net\/index.php\/wp-json\/wp\/v2\/types\/post"}],"author":[{"embeddable":true,"href":"https:\/\/narteks.net\/index.php\/wp-json\/wp\/v2\/users\/1"}],"replies":[{"embeddable":true,"href":"https:\/\/narteks.net\/index.php\/wp-json\/wp\/v2\/comments?post=2219"}],"version-history":[{"count":0,"href":"https:\/\/narteks.net\/index.php\/wp-json\/wp\/v2\/posts\/2219\/revisions"}],"wp:attachment":[{"href":"https:\/\/narteks.net\/index.php\/wp-json\/wp\/v2\/media?parent=2219"}],"wp:term":[{"taxonomy":"category","embeddable":true,"href":"https:\/\/narteks.net\/index.php\/wp-json\/wp\/v2\/categories?post=2219"},{"taxonomy":"post_tag","embeddable":true,"href":"https:\/\/narteks.net\/index.php\/wp-json\/wp\/v2\/tags?post=2219"}],"curies":[{"name":"wp","href":"https:\/\/api.w.org\/{rel}","templated":true}]}}